{"id":73390,"date":"2015-10-28T10:37:54","date_gmt":"2015-10-28T12:37:54","guid":{"rendered":"http:\/\/www.notibras.com\/site\/?p=73390"},"modified":"2015-10-28T10:38:31","modified_gmt":"2015-10-28T12:38:31","slug":"crise-hidrica-que-se-alastra-por-todo-o-sudeste-exige-criatividade-para-economizar-agua","status":"publish","type":"post","link":"https:\/\/www.notibras.com\/site\/crise-hidrica-que-se-alastra-por-todo-o-sudeste-exige-criatividade-para-economizar-agua\/","title":{"rendered":"Crise h\u00eddrica que se alastra por todo o Sudeste exige criatividade para economizar"},"content":{"rendered":"<p>O Sudeste brasileiro vive hoje a pior crise h\u00eddrica da nossa hist\u00f3ria. A falta d&#8217;\u00e1gua, que come\u00e7ou em S\u00e3o Paulo e se tornou conhecida pelas consequ\u00eancias que trouxe para o Estado, est\u00e1 se alastrando e j\u00e1 afeta o Rio de Janeiro, Minas Gerais e Esp\u00edrito Santo.<\/p>\n<p>Por outro lado, \u00e9 interessante notar que esse quadro cr\u00edtico da falta d&#8217;\u00e1gua serviu como trampolim criativo para a busca por medidas inovadoras para reaproveitar \u00e1gua e atribuir-lhe novos usos.<\/p>\n<p>Para contornar o problema foram desenvolvidas\u00a0mini cisternas verticais para armazenamento e reaproveitamento de \u00e1gua da chuva, pot\u00e1vel ou de reuso em espa\u00e7os reduzidos. Confira abaixo algumas dicas de como driblar a crise h\u00eddrica e reaproveitar \u00e1gua:<\/p>\n<p>1. ENXAGUE DA M\u00c1QUINA DE LAVAR &#8211;\u00a0Se instalada na sua lavanderia, pr\u00f3ximo \u00e0 m\u00e1quina de lavar, a Waterbox pode estocar a \u00e1gua do primeiro enxague para dar descarga e lavar o quintal, enquanto a do segundo (que \u00e9 super limpinha, s\u00f3 cont\u00e9m um pouco de amaciante) pode ser destinada \u00e0 lavagem de outra leva de roupas ou higieniza\u00e7\u00e3o dos pisos frios, banheiros, cozinha, paredes, garagem, quintal, cal\u00e7ada&#8230; as possibilidades s\u00e3o m\u00faltiplas, dependem somente da sua necessidade e criatividade!<\/p>\n<p>2. AR CONDICIONADO DESPERDI\u00c7A &#8211;\u00a0Hoje em dia, muitas casas e quase que a totalidade das grandes empresas e escrit\u00f3rios possuem sistema de ar-condicionado. \u00c0 primeira vista, o desperd\u00edcio gerado pelo gotejamento desses aparelhos parece \u00ednfimo, mas locais que possuem mais de um sistema podem desperdi\u00e7ar at\u00e9 50 litros de \u00e1gua por dia. Caso essa \u00e1gua seja armazenada, al\u00e9m de acabar com o inc\u00f4modo do gotejamento e de ter o solo constantemente \u00famido, a \u00e1gua dos ares condicionados tamb\u00e9m pode ser utilizada para outras fun\u00e7\u00f5es.<\/p>\n<p>3. N\u00c3O JOGUE FORA A \u00c1GUA FRIA! &#8211;\u00a0\u00c9 de cortar o cora\u00e7\u00e3o pensar que, em casas cujo aquecimento d&#8221;\u00e1gua do banho \u00e9 \u00e0 g\u00e1s, as pessoas demoram pelo menos 3 minutos at\u00e9 entrarem debaixo do chuveiro, o que significa que pelo menos 25 litros de \u00e1gua LIMPA foram embora pelo ralo. Imagine numa casa de 4 pessoas, ent\u00e3o: s\u00e3o 100 litros desperdi\u00e7ados por dia, 3.000 por m\u00eas e 36.000 em um ano! \u00c9 muita coisa. Essa \u00e1gua \u00e9 totalmente limpa, pode ser armazenada e utilizada para lavar o rosto, escovar os dentes, lavar os p\u00e9s ou dar descarga no vaso sanit\u00e1rio.<\/p>\n<p>4. LAVE FRUTAS NA\u00a0BACIA &#8211;\u00a0Calcula-se que, para a lavagem de um p\u00e9 de alface, uma pessoa utilize entre 10 a 15 litros d&#8217;\u00e1gua. Caso isso seja feito sobre uma bacia, a \u00e1gua de lavagem de frutas e legumes tamb\u00e9m pode ser armazenada, para em seguida ser (re)utilizada na lavagem da pia, na higieniza\u00e7\u00e3o dos azulejos da cozinha ou para passar um pano na mesa onde sua fam\u00edlia se alimenta e ch\u00e3o de toda casa, por exemplo.<\/p>\n<p>5. \u00c1GUA DA CHUVA &#8211;\u00a0Embora estejamos passando por um per\u00edodo de poucas chuvas, a \u00e1gua pluvial \u00e9 um recurso limpo e gratuito que pode &#8211; e deve! &#8211; ser reaproveitado. Sua capta\u00e7\u00e3o \u00e9 bastante simples (basta conectar um ou mais reservat\u00f3rios \u00e0 calha do seu telhado) e a \u00e1gua reaproveitada, em vez de ser inutilizada, pode servir para a lavagem do carro, do quintal ou at\u00e9 mesmo rega de plantas. \u00c9 uma excelente maneira de aproveitar o que a natureza nos d\u00e1!<\/p>\n<p>E voc\u00ea, conhece e utiliza mais alguma medida para reaproveitamento de \u00e1gua? Se sim, n\u00e3o esque\u00e7a de propagar para seus amigos e conhecidos&#8230; pequenas mudan\u00e7as de h\u00e1bito, se feitas em grande escala, podem ajudar muito!<\/p>\n<p><img loading=\"lazy\" decoding=\"async\" class=\"alignnone size-full wp-image-70065\" src=\"http:\/\/www.notibras.com\/site\/wp-content\/uploads\/2015\/10\/estadao.png\" alt=\"estadao\" width=\"99\" height=\"16\" \/><\/p>\n","protected":false},"excerpt":{"rendered":"<p>O Sudeste brasileiro vive hoje a pior crise h\u00eddrica da nossa hist\u00f3ria. A falta d&#8217;\u00e1gua, que come\u00e7ou em S\u00e3o Paulo e se tornou conhecida pelas consequ\u00eancias que trouxe para o Estado, est\u00e1 se alastrando e j\u00e1 afeta o Rio de Janeiro, Minas Gerais e Esp\u00edrito Santo. Por outro lado, \u00e9 interessante notar que esse quadro [&hellip;]<\/p>\n","protected":false},"author":2,"featured_media":0,"comment_status":"open","ping_status":"closed","sticky":false,"template":"","format":"standard","meta":{"_acf_changed":false,"footnotes":""},"categories":[16],"tags":[],"class_list":["post-73390","post","type-post","status-publish","format-standard","hentry","category-brasil"],"acf":[],"yoast_head":"<!-- This site is optimized with the Yoast SEO plugin v27.2 - https:\/\/yoast.com\/product\/yoast-seo-wordpress\/ -->\n<title>Crise h\u00eddrica que se alastra por todo o Sudeste exige criatividade para economizar - Notibras<\/title>\n<meta name=\"robots\" content=\"index, follow, max-snippet:-1, max-image-preview:large, max-video-preview:-1\" \/>\n<link rel=\"canonical\" href=\"https:\/\/www.notibras.com\/site\/crise-hidrica-que-se-alastra-por-todo-o-sudeste-exige-criatividade-para-economizar-agua\/\" \/>\n<meta property=\"og:locale\" content=\"pt_BR\" \/>\n<meta property=\"og:type\" content=\"article\" \/>\n<meta property=\"og:title\" content=\"Crise h\u00eddrica que se alastra por todo o Sudeste exige criatividade para economizar - Notibras\" \/>\n<meta property=\"og:description\" content=\"O Sudeste brasileiro vive hoje a pior crise h\u00eddrica da nossa hist\u00f3ria. A falta d&#8217;\u00e1gua, que come\u00e7ou em S\u00e3o Paulo e se tornou conhecida pelas consequ\u00eancias que trouxe para o Estado, est\u00e1 se alastrando e j\u00e1 afeta o Rio de Janeiro, Minas Gerais e Esp\u00edrito Santo. Por outro lado, \u00e9 interessante notar que esse quadro [&hellip;]\" \/>\n<meta property=\"og:url\" content=\"https:\/\/www.notibras.com\/site\/crise-hidrica-que-se-alastra-por-todo-o-sudeste-exige-criatividade-para-economizar-agua\/\" \/>\n<meta property=\"og:site_name\" content=\"Notibras\" \/>\n<meta property=\"article:publisher\" content=\"https:\/\/www.facebook.com\/notibras\/\" \/>\n<meta property=\"article:published_time\" content=\"2015-10-28T12:37:54+00:00\" \/>\n<meta property=\"article:modified_time\" content=\"2015-10-28T12:38:31+00:00\" \/>\n<meta property=\"og:image\" content=\"https:\/\/www.notibras.com\/site\/wp-content\/uploads\/2015\/10\/torneiraSeca.jpg\" \/>\n\t<meta property=\"og:image:width\" content=\"620\" \/>\n\t<meta property=\"og:image:height\" content=\"414\" \/>\n\t<meta property=\"og:image:type\" content=\"image\/jpeg\" \/>\n<meta name=\"author\" content=\"Reda\u00e7\u00e3o\" \/>\n<meta name=\"twitter:card\" content=\"summary_large_image\" \/>\n<meta name=\"twitter:creator\" content=\"@Notibras\" \/>\n<meta name=\"twitter:site\" content=\"@Notibras\" \/>\n<meta name=\"twitter:label1\" content=\"Escrito por\" \/>\n\t<meta name=\"twitter:data1\" content=\"Reda\u00e7\u00e3o\" \/>\n\t<meta name=\"twitter:label2\" content=\"Est. tempo de leitura\" \/>\n\t<meta name=\"twitter:data2\" content=\"3 minutos\" \/>\n<script type=\"application\/ld+json\" class=\"yoast-schema-graph\">{\"@context\":\"https:\/\/schema.org\",\"@graph\":[{\"@type\":\"Article\",\"@id\":\"https:\/\/www.notibras.com\/site\/crise-hidrica-que-se-alastra-por-todo-o-sudeste-exige-criatividade-para-economizar-agua\/#article\",\"isPartOf\":{\"@id\":\"https:\/\/www.notibras.com\/site\/crise-hidrica-que-se-alastra-por-todo-o-sudeste-exige-criatividade-para-economizar-agua\/\"},\"author\":{\"name\":\"Reda\u00e7\u00e3o\",\"@id\":\"https:\/\/www.notibras.com\/site\/#\/schema\/person\/36ab0979449956132d3e5b517ea76ac8\"},\"headline\":\"Crise h\u00eddrica que se alastra por todo o Sudeste exige criatividade para economizar\",\"datePublished\":\"2015-10-28T12:37:54+00:00\",\"dateModified\":\"2015-10-28T12:38:31+00:00\",\"mainEntityOfPage\":{\"@id\":\"https:\/\/www.notibras.com\/site\/crise-hidrica-que-se-alastra-por-todo-o-sudeste-exige-criatividade-para-economizar-agua\/\"},\"wordCount\":612,\"commentCount\":0,\"publisher\":{\"@id\":\"https:\/\/www.notibras.com\/site\/#organization\"},\"image\":{\"@id\":\"https:\/\/www.notibras.com\/site\/crise-hidrica-que-se-alastra-por-todo-o-sudeste-exige-criatividade-para-economizar-agua\/#primaryimage\"},\"thumbnailUrl\":\"http:\/\/www.notibras.com\/site\/wp-content\/uploads\/2015\/10\/estadao.png\",\"articleSection\":[\"Brasil\"],\"inLanguage\":\"pt-BR\",\"potentialAction\":[{\"@type\":\"CommentAction\",\"name\":\"Comment\",\"target\":[\"https:\/\/www.notibras.com\/site\/crise-hidrica-que-se-alastra-por-todo-o-sudeste-exige-criatividade-para-economizar-agua\/#respond\"]}]},{\"@type\":\"WebPage\",\"@id\":\"https:\/\/www.notibras.com\/site\/crise-hidrica-que-se-alastra-por-todo-o-sudeste-exige-criatividade-para-economizar-agua\/\",\"url\":\"https:\/\/www.notibras.com\/site\/crise-hidrica-que-se-alastra-por-todo-o-sudeste-exige-criatividade-para-economizar-agua\/\",\"name\":\"Crise h\u00eddrica que se alastra por todo o Sudeste exige criatividade para economizar - Notibras\",\"isPartOf\":{\"@id\":\"https:\/\/www.notibras.com\/site\/#website\"},\"primaryImageOfPage\":{\"@id\":\"https:\/\/www.notibras.com\/site\/crise-hidrica-que-se-alastra-por-todo-o-sudeste-exige-criatividade-para-economizar-agua\/#primaryimage\"},\"image\":{\"@id\":\"https:\/\/www.notibras.com\/site\/crise-hidrica-que-se-alastra-por-todo-o-sudeste-exige-criatividade-para-economizar-agua\/#primaryimage\"},\"thumbnailUrl\":\"http:\/\/www.notibras.com\/site\/wp-content\/uploads\/2015\/10\/estadao.png\",\"datePublished\":\"2015-10-28T12:37:54+00:00\",\"dateModified\":\"2015-10-28T12:38:31+00:00\",\"breadcrumb\":{\"@id\":\"https:\/\/www.notibras.com\/site\/crise-hidrica-que-se-alastra-por-todo-o-sudeste-exige-criatividade-para-economizar-agua\/#breadcrumb\"},\"inLanguage\":\"pt-BR\",\"potentialAction\":[{\"@type\":\"ReadAction\",\"target\":[\"https:\/\/www.notibras.com\/site\/crise-hidrica-que-se-alastra-por-todo-o-sudeste-exige-criatividade-para-economizar-agua\/\"]}]},{\"@type\":\"ImageObject\",\"inLanguage\":\"pt-BR\",\"@id\":\"https:\/\/www.notibras.com\/site\/crise-hidrica-que-se-alastra-por-todo-o-sudeste-exige-criatividade-para-economizar-agua\/#primaryimage\",\"url\":\"http:\/\/www.notibras.com\/site\/wp-content\/uploads\/2015\/10\/estadao.png\",\"contentUrl\":\"http:\/\/www.notibras.com\/site\/wp-content\/uploads\/2015\/10\/estadao.png\"},{\"@type\":\"BreadcrumbList\",\"@id\":\"https:\/\/www.notibras.com\/site\/crise-hidrica-que-se-alastra-por-todo-o-sudeste-exige-criatividade-para-economizar-agua\/#breadcrumb\",\"itemListElement\":[{\"@type\":\"ListItem\",\"position\":1,\"name\":\"In\u00edcio\",\"item\":\"https:\/\/www.notibras.com\/site\/\"},{\"@type\":\"ListItem\",\"position\":2,\"name\":\"Crise h\u00eddrica que se alastra por todo o Sudeste exige criatividade para economizar\"}]},{\"@type\":\"WebSite\",\"@id\":\"https:\/\/www.notibras.com\/site\/#website\",\"url\":\"https:\/\/www.notibras.com\/site\/\",\"name\":\"Notibras\",\"description\":\"Not\u00edcias de Bras\u00edlia, do Brasil e do Mundo\",\"publisher\":{\"@id\":\"https:\/\/www.notibras.com\/site\/#organization\"},\"potentialAction\":[{\"@type\":\"SearchAction\",\"target\":{\"@type\":\"EntryPoint\",\"urlTemplate\":\"https:\/\/www.notibras.com\/site\/?s={search_term_string}\"},\"query-input\":{\"@type\":\"PropertyValueSpecification\",\"valueRequired\":true,\"valueName\":\"search_term_string\"}}],\"inLanguage\":\"pt-BR\"},{\"@type\":\"Organization\",\"@id\":\"https:\/\/www.notibras.com\/site\/#organization\",\"name\":\"Grupo Notibras de Comunica\u00e7\u00e3o\",\"url\":\"https:\/\/www.notibras.com\/site\/\",\"logo\":{\"@type\":\"ImageObject\",\"inLanguage\":\"pt-BR\",\"@id\":\"https:\/\/www.notibras.com\/site\/#\/schema\/logo\/image\/\",\"url\":\"https:\/\/www.notibras.com\/site\/wp-content\/uploads\/2023\/01\/notibras23.png\",\"contentUrl\":\"https:\/\/www.notibras.com\/site\/wp-content\/uploads\/2023\/01\/notibras23.png\",\"width\":350,\"height\":87,\"caption\":\"Grupo Notibras de Comunica\u00e7\u00e3o\"},\"image\":{\"@id\":\"https:\/\/www.notibras.com\/site\/#\/schema\/logo\/image\/\"},\"sameAs\":[\"https:\/\/www.facebook.com\/notibras\/\",\"https:\/\/x.com\/Notibras\",\"https:\/\/www.instagram.com\/notibras\/\"]},{\"@type\":\"Person\",\"@id\":\"https:\/\/www.notibras.com\/site\/#\/schema\/person\/36ab0979449956132d3e5b517ea76ac8\",\"name\":\"Reda\u00e7\u00e3o\",\"image\":{\"@type\":\"ImageObject\",\"inLanguage\":\"pt-BR\",\"@id\":\"https:\/\/secure.gravatar.com\/avatar\/e0a867bdedb85fd243eadf09663511f96fc81e0720a4a42581f334ad4303aa6b?s=96&d=mm&r=g\",\"url\":\"https:\/\/secure.gravatar.com\/avatar\/e0a867bdedb85fd243eadf09663511f96fc81e0720a4a42581f334ad4303aa6b?s=96&d=mm&r=g\",\"contentUrl\":\"https:\/\/secure.gravatar.com\/avatar\/e0a867bdedb85fd243eadf09663511f96fc81e0720a4a42581f334ad4303aa6b?s=96&d=mm&r=g\",\"caption\":\"Reda\u00e7\u00e3o\"}}]}<\/script>\n<!-- \/ Yoast SEO plugin. -->","yoast_head_json":{"title":"Crise h\u00eddrica que se alastra por todo o Sudeste exige criatividade para economizar - Notibras","robots":{"index":"index","follow":"follow","max-snippet":"max-snippet:-1","max-image-preview":"max-image-preview:large","max-video-preview":"max-video-preview:-1"},"canonical":"https:\/\/www.notibras.com\/site\/crise-hidrica-que-se-alastra-por-todo-o-sudeste-exige-criatividade-para-economizar-agua\/","og_locale":"pt_BR","og_type":"article","og_title":"Crise h\u00eddrica que se alastra por todo o Sudeste exige criatividade para economizar - Notibras","og_description":"O Sudeste brasileiro vive hoje a pior crise h\u00eddrica da nossa hist\u00f3ria. A falta d&#8217;\u00e1gua, que come\u00e7ou em S\u00e3o Paulo e se tornou conhecida pelas consequ\u00eancias que trouxe para o Estado, est\u00e1 se alastrando e j\u00e1 afeta o Rio de Janeiro, Minas Gerais e Esp\u00edrito Santo. Por outro lado, \u00e9 interessante notar que esse quadro [&hellip;]","og_url":"https:\/\/www.notibras.com\/site\/crise-hidrica-que-se-alastra-por-todo-o-sudeste-exige-criatividade-para-economizar-agua\/","og_site_name":"Notibras","article_publisher":"https:\/\/www.facebook.com\/notibras\/","article_published_time":"2015-10-28T12:37:54+00:00","article_modified_time":"2015-10-28T12:38:31+00:00","og_image":[{"width":620,"height":414,"url":"https:\/\/www.notibras.com\/site\/wp-content\/uploads\/2015\/10\/torneiraSeca.jpg","type":"image\/jpeg"}],"author":"Reda\u00e7\u00e3o","twitter_card":"summary_large_image","twitter_creator":"@Notibras","twitter_site":"@Notibras","twitter_misc":{"Escrito por":"Reda\u00e7\u00e3o","Est. tempo de leitura":"3 minutos"},"schema":{"@context":"https:\/\/schema.org","@graph":[{"@type":"Article","@id":"https:\/\/www.notibras.com\/site\/crise-hidrica-que-se-alastra-por-todo-o-sudeste-exige-criatividade-para-economizar-agua\/#article","isPartOf":{"@id":"https:\/\/www.notibras.com\/site\/crise-hidrica-que-se-alastra-por-todo-o-sudeste-exige-criatividade-para-economizar-agua\/"},"author":{"name":"Reda\u00e7\u00e3o","@id":"https:\/\/www.notibras.com\/site\/#\/schema\/person\/36ab0979449956132d3e5b517ea76ac8"},"headline":"Crise h\u00eddrica que se alastra por todo o Sudeste exige criatividade para economizar","datePublished":"2015-10-28T12:37:54+00:00","dateModified":"2015-10-28T12:38:31+00:00","mainEntityOfPage":{"@id":"https:\/\/www.notibras.com\/site\/crise-hidrica-que-se-alastra-por-todo-o-sudeste-exige-criatividade-para-economizar-agua\/"},"wordCount":612,"commentCount":0,"publisher":{"@id":"https:\/\/www.notibras.com\/site\/#organization"},"image":{"@id":"https:\/\/www.notibras.com\/site\/crise-hidrica-que-se-alastra-por-todo-o-sudeste-exige-criatividade-para-economizar-agua\/#primaryimage"},"thumbnailUrl":"http:\/\/www.notibras.com\/site\/wp-content\/uploads\/2015\/10\/estadao.png","articleSection":["Brasil"],"inLanguage":"pt-BR","potentialAction":[{"@type":"CommentAction","name":"Comment","target":["https:\/\/www.notibras.com\/site\/crise-hidrica-que-se-alastra-por-todo-o-sudeste-exige-criatividade-para-economizar-agua\/#respond"]}]},{"@type":"WebPage","@id":"https:\/\/www.notibras.com\/site\/crise-hidrica-que-se-alastra-por-todo-o-sudeste-exige-criatividade-para-economizar-agua\/","url":"https:\/\/www.notibras.com\/site\/crise-hidrica-que-se-alastra-por-todo-o-sudeste-exige-criatividade-para-economizar-agua\/","name":"Crise h\u00eddrica que se alastra por todo o Sudeste exige criatividade para economizar - Notibras","isPartOf":{"@id":"https:\/\/www.notibras.com\/site\/#website"},"primaryImageOfPage":{"@id":"https:\/\/www.notibras.com\/site\/crise-hidrica-que-se-alastra-por-todo-o-sudeste-exige-criatividade-para-economizar-agua\/#primaryimage"},"image":{"@id":"https:\/\/www.notibras.com\/site\/crise-hidrica-que-se-alastra-por-todo-o-sudeste-exige-criatividade-para-economizar-agua\/#primaryimage"},"thumbnailUrl":"http:\/\/www.notibras.com\/site\/wp-content\/uploads\/2015\/10\/estadao.png","datePublished":"2015-10-28T12:37:54+00:00","dateModified":"2015-10-28T12:38:31+00:00","breadcrumb":{"@id":"https:\/\/www.notibras.com\/site\/crise-hidrica-que-se-alastra-por-todo-o-sudeste-exige-criatividade-para-economizar-agua\/#breadcrumb"},"inLanguage":"pt-BR","potentialAction":[{"@type":"ReadAction","target":["https:\/\/www.notibras.com\/site\/crise-hidrica-que-se-alastra-por-todo-o-sudeste-exige-criatividade-para-economizar-agua\/"]}]},{"@type":"ImageObject","inLanguage":"pt-BR","@id":"https:\/\/www.notibras.com\/site\/crise-hidrica-que-se-alastra-por-todo-o-sudeste-exige-criatividade-para-economizar-agua\/#primaryimage","url":"http:\/\/www.notibras.com\/site\/wp-content\/uploads\/2015\/10\/estadao.png","contentUrl":"http:\/\/www.notibras.com\/site\/wp-content\/uploads\/2015\/10\/estadao.png"},{"@type":"BreadcrumbList","@id":"https:\/\/www.notibras.com\/site\/crise-hidrica-que-se-alastra-por-todo-o-sudeste-exige-criatividade-para-economizar-agua\/#breadcrumb","itemListElement":[{"@type":"ListItem","position":1,"name":"In\u00edcio","item":"https:\/\/www.notibras.com\/site\/"},{"@type":"ListItem","position":2,"name":"Crise h\u00eddrica que se alastra por todo o Sudeste exige criatividade para economizar"}]},{"@type":"WebSite","@id":"https:\/\/www.notibras.com\/site\/#website","url":"https:\/\/www.notibras.com\/site\/","name":"Notibras","description":"Not\u00edcias de Bras\u00edlia, do Brasil e do Mundo","publisher":{"@id":"https:\/\/www.notibras.com\/site\/#organization"},"potentialAction":[{"@type":"SearchAction","target":{"@type":"EntryPoint","urlTemplate":"https:\/\/www.notibras.com\/site\/?s={search_term_string}"},"query-input":{"@type":"PropertyValueSpecification","valueRequired":true,"valueName":"search_term_string"}}],"inLanguage":"pt-BR"},{"@type":"Organization","@id":"https:\/\/www.notibras.com\/site\/#organization","name":"Grupo Notibras de Comunica\u00e7\u00e3o","url":"https:\/\/www.notibras.com\/site\/","logo":{"@type":"ImageObject","inLanguage":"pt-BR","@id":"https:\/\/www.notibras.com\/site\/#\/schema\/logo\/image\/","url":"https:\/\/www.notibras.com\/site\/wp-content\/uploads\/2023\/01\/notibras23.png","contentUrl":"https:\/\/www.notibras.com\/site\/wp-content\/uploads\/2023\/01\/notibras23.png","width":350,"height":87,"caption":"Grupo Notibras de Comunica\u00e7\u00e3o"},"image":{"@id":"https:\/\/www.notibras.com\/site\/#\/schema\/logo\/image\/"},"sameAs":["https:\/\/www.facebook.com\/notibras\/","https:\/\/x.com\/Notibras","https:\/\/www.instagram.com\/notibras\/"]},{"@type":"Person","@id":"https:\/\/www.notibras.com\/site\/#\/schema\/person\/36ab0979449956132d3e5b517ea76ac8","name":"Reda\u00e7\u00e3o","image":{"@type":"ImageObject","inLanguage":"pt-BR","@id":"https:\/\/secure.gravatar.com\/avatar\/e0a867bdedb85fd243eadf09663511f96fc81e0720a4a42581f334ad4303aa6b?s=96&d=mm&r=g","url":"https:\/\/secure.gravatar.com\/avatar\/e0a867bdedb85fd243eadf09663511f96fc81e0720a4a42581f334ad4303aa6b?s=96&d=mm&r=g","contentUrl":"https:\/\/secure.gravatar.com\/avatar\/e0a867bdedb85fd243eadf09663511f96fc81e0720a4a42581f334ad4303aa6b?s=96&d=mm&r=g","caption":"Reda\u00e7\u00e3o"}}]}},"amp_enabled":true,"_links":{"self":[{"href":"https:\/\/www.notibras.com\/site\/wp-json\/wp\/v2\/posts\/73390","targetHints":{"allow":["GET"]}}],"collection":[{"href":"https:\/\/www.notibras.com\/site\/wp-json\/wp\/v2\/posts"}],"about":[{"href":"https:\/\/www.notibras.com\/site\/wp-json\/wp\/v2\/types\/post"}],"author":[{"embeddable":true,"href":"https:\/\/www.notibras.com\/site\/wp-json\/wp\/v2\/users\/2"}],"replies":[{"embeddable":true,"href":"https:\/\/www.notibras.com\/site\/wp-json\/wp\/v2\/comments?post=73390"}],"version-history":[{"count":2,"href":"https:\/\/www.notibras.com\/site\/wp-json\/wp\/v2\/posts\/73390\/revisions"}],"predecessor-version":[{"id":73393,"href":"https:\/\/www.notibras.com\/site\/wp-json\/wp\/v2\/posts\/73390\/revisions\/73393"}],"wp:attachment":[{"href":"https:\/\/www.notibras.com\/site\/wp-json\/wp\/v2\/media?parent=73390"}],"wp:term":[{"taxonomy":"category","embeddable":true,"href":"https:\/\/www.notibras.com\/site\/wp-json\/wp\/v2\/categories?post=73390"},{"taxonomy":"post_tag","embeddable":true,"href":"https:\/\/www.notibras.com\/site\/wp-json\/wp\/v2\/tags?post=73390"}],"curies":[{"name":"wp","href":"https:\/\/api.w.org\/{rel}","templated":true}]}}