{"id":73414,"date":"2015-10-28T12:33:19","date_gmt":"2015-10-28T14:33:19","guid":{"rendered":"http:\/\/www.notibras.com\/site\/?p=73414"},"modified":"2015-10-28T14:28:30","modified_gmt":"2015-10-28T16:28:30","slug":"reeleicao-de-lula-60-milhoes-seria-elo-do-mensalao-com-lava-jato","status":"publish","type":"post","link":"https:\/\/www.notibras.com\/site\/reeleicao-de-lula-60-milhoes-seria-elo-do-mensalao-com-lava-jato\/","title":{"rendered":"Dinheiro que pagou reelei\u00e7\u00e3o de Lula (60 milh\u00f5es) pode ligar Mensal\u00e3o \u00e0 Lava Jato"},"content":{"rendered":"<div id=\"Corpo\">\n<p>A for\u00e7a-tarefa da Opera\u00e7\u00e3o Lava Jato apura se existe rela\u00e7\u00e3o entre a suposta d\u00edvida de R$ 60 milh\u00f5es da campanha de reelei\u00e7\u00e3o do ex-presidente Luiz In\u00e1cio Lula da Silva, em 2006, com o Grupo Schahin e o empr\u00e9stimo de R$ 12 milh\u00f5es feito pelo banco do grupo, em 2004, para o pecuarista Jos\u00e9 Carlos Bumlai &#8211; novo alvo das investiga\u00e7\u00f5es, em Curitiba.<\/p>\n<p>As apura\u00e7\u00f5es partem da revela\u00e7\u00e3o dos novos delatores da Lava Jato, o ex-gerente de Internacional da Petrobras Eduardo Musa e o lobista Fernando Baiano Soares. Segundo eles, contrato de US$ 1,6 bilh\u00e3o da estatal foi dirigido em 2011 para a Schahin, com intermedia\u00e7\u00e3o de Bumlai e Baiano, como forma de compensar o grupo pela d\u00edvida eleitoral.<\/p>\n<p>A liga\u00e7\u00e3o de Bumlai nesses dois epis\u00f3dios obscuros envolvendo as finan\u00e7as do PT e empresas do cartel acusado de corrup\u00e7\u00e3o na Petrobras pode unificar dois dos maiores esc\u00e2ndalos das administra\u00e7\u00f5es petistas, a Lava Jato e o mensal\u00e3o, avaliam investigadores do caso.<\/p>\n<p>Um dos caminhos desse apura\u00e7\u00e3o \u00e9 um documento apreendido pela Pol\u00edcia Federal, em mar\u00e7o do ano passado &#8211; quando foi deflagrada a Opera\u00e7\u00e3o Lava Jato &#8211; no escrit\u00f3rio da contadora do doleiro Alberto Youssef, Meire Pozza.<\/p>\n<p>\u00c9 um contrato no valor de R$ 6 milh\u00f5es, assinado em 2004 entre a empresa 2S Participa\u00e7\u00f5es Ltda., do publicit\u00e1rio Marcos Val\u00e9rio, e a Expresso Nova Santo Andr\u00e9, do empres\u00e1rio Ronan Maria Pinto, de Santo Andr\u00e9, investigado na morte do prefeito petista de Santo Andr\u00e9, em 2002, e a Remar Agenciamento e Assessoria.<\/p>\n<p>No mesmo ano, 2004, o Banco Schahin concedeu um empr\u00e9stimo para Bumlai de R$ 12 milh\u00f5es. O pecuarista diz que o dinheiro seria usado para neg\u00f3cios na \u00e1rea rural. &#8220;Fiz um empr\u00e9stimo para meus neg\u00f3cios, meus agroneg\u00f3cios que envolvia R$ 12 milh\u00f5es. Isso a\u00ed j\u00e1 serviu para tudo, para pagar aquele caso de Santo Andr\u00e9, para pagar n\u00e3o sei quem.&#8221; O valor foi quitado.<\/p>\n<p><b>Chantagem &#8211;\u00a0<\/b>O Minist\u00e9rio P\u00fablico Federal sabia, desde 2012, da exist\u00eancia de um neg\u00f3cio que envolveria R$ 6 milh\u00f5es e os investigados do mensal\u00e3o. O publicit\u00e1rio mineiro Marcos Val\u00e9rio, operador de propinas no mensal\u00e3o, afirmou em tentativa de dela\u00e7\u00e3o premiada naquele ano &#8211; quando seria condenado &#8211; que dirigentes do PT pediram a ele R$ 6 milh\u00f5es. O dinheiro seria destinados ao empres\u00e1rio Ronan.<\/p>\n<p>Segundo Val\u00e9rio, isso serviria para que o empres\u00e1rio de Santo Andr\u00e9 parasse de &#8220;chantagear&#8221; o ex-presidente Lula, o ent\u00e3o secret\u00e1rio da Presid\u00eancia, Gilberto Carvalho, e o ent\u00e3o ministro da Casa Civil, Jos\u00e9 Dirceu &#8211; preso desde mar\u00e7o, pela Lava Jato, em Curitiba.<\/p>\n<p>Ronan tentava relacionar Lula, Carvalho e Dirceu a suspeitas de corrup\u00e7\u00e3o na cidade que teriam motivado o assassinato do prefeito Celso Daniel, em 2002 &#8211; a conclus\u00e3o da pol\u00edcia paulista \u00e9 de que ele foi v\u00edtima de um crime comum, n\u00e3o pol\u00edtico. Bumlai teria sido uma das pessoas que atuara nesse epis\u00f3dio de suposta compra do sil\u00eancio do empres\u00e1rio de Santo Andr\u00e9.<\/p>\n<p>O empres\u00e1rio negou qualquer rela\u00e7\u00e3o com o caso, e disse n\u00e3o conhecer nem Bumlai nem Marcos Val\u00e9rio.<\/p>\n<p><b>Contrato confidencial &#8211;\u00a0<\/b>Dois anos depois das afirma\u00e7\u00f5es de Val\u00e9rio, em dela\u00e7\u00e3o que acabou n\u00e3o sendo fechada, o contrato dos R$ 6 milh\u00f5es da empresa do publicit\u00e1rio envolvendo empresa de Ronan foi apreendido no escrit\u00f3rio da contadora de Youssef durante as buscas da Lava Jato.<\/p>\n<p>O material intitulado &#8220;Enivaldo confidencial&#8221; seria um contrato &#8220;referente a um propriet\u00e1rio de uma empresa de \u00f4nibus de Santo Andr\u00e9\/SP&#8221; que era guardado a &#8220;sete chaves&#8221;, contou Youssef em seu termo de dela\u00e7\u00e3o 25, prestado em 26 de outubro de 2014.<\/p>\n<p>&#8220;Enivaldo Quadrado disse que preparou a triangula\u00e7\u00e3o de pessoas que figurariam em tal contrato&#8221;, explicou Youssef. &#8220;O contrato foi feito entre a empresa de Marcos Val\u00e9rio, isto \u00e9, a 2S Participa\u00e7\u00f5es Ltda, e uma outra empresa que Enivaldo indicou.&#8221; A empresa, para os investigadores, \u00e9 a Remar. Para isso, o ex-dono da B\u00f4nus-Banval &#8220;receberia dinheiro ou algum outro favor&#8221;, contou.<\/p>\n<p>Segundo o doleiro, quem pediu para que Enivaldo Quadrado fizesse o documento &#8220;era uma pessoa ligada ao Partido dos Trabalhadores &#8211; PT, chamada Breno Altiman&#8221;.<\/p>\n<p>Breno Altman \u00e9 jornalista e consultor internacional, com rela\u00e7\u00e3o pr\u00f3xima com o ex-ministro Jos\u00e9 Dirceu. Ele nega qualquer envolvimento no caso e diz nunca ter visto Bumlai.<\/p>\n<p>O doleiro disse que n\u00e3o poder especificar o tipo de chantagem estaria envolvida no esquema, mas que ela objetivava o sil\u00eancio em rela\u00e7\u00e3o ao Caso Celso Daniel.<\/p>\n<p><b>Contrato da Petrobras &#8211;\u00a0<\/b>As novas revela\u00e7\u00f5es dos delatores Fernando Baiano e Eduardo Musa, feitas entre setembro e outubro, levaram os investigadores do MPF e da Pol\u00edcia Federal a buscarem uma conex\u00e3o entre esses dois epis\u00f3dios suspeitos que tem como personagens Bumlai, o PT e os esquemas de corrup\u00e7\u00e3o alvos da Lava Jato e do mensal\u00e3o.<\/p>\n<p>Bumlai foi citado em depoimentos colhidos entre agosto e setembro pela for\u00e7a-tarefa da Lava Jato como intermedi\u00e1rio da Schahin, junto com o lobista Fernando Baiano, da contrata\u00e7\u00e3o da empresa pela Petrobras em 2011, para opera\u00e7\u00e3o do navio-sonda Vit\u00f3ria 10000. A contrata\u00e7\u00e3o seria uma compensa\u00e7\u00e3o pela d\u00edvida do PT, por gastos na campanha de reelei\u00e7\u00e3o de Lula.<\/p>\n<p>Em 2012, quando tentou um acordo com a Procurador, dois anos antes da Lava Jato, Marcos Val\u00e9rio mencionou que, pelo empr\u00e9stimo dado ao pecuarista no epis\u00f3dio da chantagem contra o PT, a Schahin seria recompensada com contratos da Petrobras.<\/p>\n<p><b>Defesas &#8211;\u00a0<\/b>Em entrevista ao jornal O Estado de S. Paulo, o pecuarista Jos\u00e9 Carlos Bumlai negou qualquer envolvimento com pagamentos envolvendo chantagem e disse que sua rela\u00e7\u00e3o com a Schahin foi legal.<\/p>\n<p>Consultado, Ronan Maria Pinto disse aguardar &#8220;com tranquilidade as investiga\u00e7\u00f5es que v\u00eam sendo feitas no \u00e2mbito da Opera\u00e7\u00e3o Lava Jato, e que devem encerrar de vez esse assunto em que toda hora tentam me envolver&#8221;. O empres\u00e1rio disse que n\u00e3o conhece Jos\u00e9 Carlos Bumlai, Marcos Val\u00e9rio e que &#8220;n\u00e3o tenho qualquer rela\u00e7\u00e3o com esses fatos&#8221;.<\/p>\n<p>Breno Altman afirmou que n\u00e3o tem rela\u00e7\u00e3o algum com os fatos e disse n\u00e3o conhecer o pecuarista Bumlai. Filiado ao PT desde a d\u00e9cada de 1980, Altman explicou que nunca foi da estrutura partid\u00e1ria.<\/p>\n<p>O presidente nacional do PT, Rui Falc\u00e3o, disse que a hist\u00f3ria \u00e9 &#8220;totalmente falsa, pois a suposta d\u00edvida mencionada na dela\u00e7\u00e3o nunca existiu. \u00c9 mais uma mentira divulgada de maneira irrespons\u00e1vel, sem base em provas, na tentativa de comprometer o PT&#8221;, afirmou. &#8220;A arrecada\u00e7\u00e3o do partido sempre foi feita em obedi\u00eancia \u00e0 lei, atrav\u00e9s de transa\u00e7\u00f5es bancarias, todas elas declaradas \u00e0 justi\u00e7a eleitoral&#8221;, completou.<\/p>\n<p><img loading=\"lazy\" decoding=\"async\" class=\"alignnone size-full wp-image-70065\" src=\"http:\/\/www.notibras.com\/site\/wp-content\/uploads\/2015\/10\/estadao.png\" alt=\"estadao\" width=\"99\" height=\"16\" \/><\/p>\n<\/div>\n<p>&nbsp;<\/p>\n","protected":false},"excerpt":{"rendered":"<p>A for\u00e7a-tarefa da Opera\u00e7\u00e3o Lava Jato apura se existe rela\u00e7\u00e3o entre a suposta d\u00edvida de R$ 60 milh\u00f5es da campanha de reelei\u00e7\u00e3o do ex-presidente Luiz In\u00e1cio Lula da Silva, em 2006, com o Grupo Schahin e o empr\u00e9stimo de R$ 12 milh\u00f5es feito pelo banco do grupo, em 2004, para o pecuarista Jos\u00e9 Carlos Bumlai [&hellip;]<\/p>\n","protected":false},"author":2,"featured_media":73415,"comment_status":"open","ping_status":"closed","sticky":false,"template":"","format":"standard","meta":{"_acf_changed":false,"footnotes":""},"categories":[16],"tags":[],"class_list":["post-73414","post","type-post","status-publish","format-standard","has-post-thumbnail","hentry","category-brasil"],"acf":[],"yoast_head":"<!-- This site is optimized with the Yoast SEO plugin v27.2 - https:\/\/yoast.com\/product\/yoast-seo-wordpress\/ -->\n<title>Dinheiro que pagou reelei\u00e7\u00e3o de Lula (60 milh\u00f5es) pode ligar Mensal\u00e3o \u00e0 Lava Jato - Notibras<\/title>\n<meta name=\"robots\" content=\"index, follow, max-snippet:-1, max-image-preview:large, max-video-preview:-1\" \/>\n<link rel=\"canonical\" href=\"https:\/\/www.notibras.com\/site\/reeleicao-de-lula-60-milhoes-seria-elo-do-mensalao-com-lava-jato\/\" \/>\n<meta property=\"og:locale\" content=\"pt_BR\" \/>\n<meta property=\"og:type\" content=\"article\" \/>\n<meta property=\"og:title\" content=\"Dinheiro que pagou reelei\u00e7\u00e3o de Lula (60 milh\u00f5es) pode ligar Mensal\u00e3o \u00e0 Lava Jato - Notibras\" \/>\n<meta property=\"og:description\" content=\"A for\u00e7a-tarefa da Opera\u00e7\u00e3o Lava Jato apura se existe rela\u00e7\u00e3o entre a suposta d\u00edvida de R$ 60 milh\u00f5es da campanha de reelei\u00e7\u00e3o do ex-presidente Luiz In\u00e1cio Lula da Silva, em 2006, com o Grupo Schahin e o empr\u00e9stimo de R$ 12 milh\u00f5es feito pelo banco do grupo, em 2004, para o pecuarista Jos\u00e9 Carlos Bumlai [&hellip;]\" \/>\n<meta property=\"og:url\" content=\"https:\/\/www.notibras.com\/site\/reeleicao-de-lula-60-milhoes-seria-elo-do-mensalao-com-lava-jato\/\" \/>\n<meta property=\"og:site_name\" content=\"Notibras\" \/>\n<meta property=\"article:publisher\" content=\"https:\/\/www.facebook.com\/notibras\/\" \/>\n<meta property=\"article:published_time\" content=\"2015-10-28T14:33:19+00:00\" \/>\n<meta property=\"article:modified_time\" content=\"2015-10-28T16:28:30+00:00\" \/>\n<meta property=\"og:image\" content=\"https:\/\/www.notibras.com\/site\/wp-content\/uploads\/2015\/10\/lu28.jpg\" \/>\n\t<meta property=\"og:image:width\" content=\"750\" \/>\n\t<meta property=\"og:image:height\" content=\"472\" \/>\n\t<meta property=\"og:image:type\" content=\"image\/jpeg\" \/>\n<meta name=\"author\" content=\"Reda\u00e7\u00e3o\" \/>\n<meta name=\"twitter:card\" content=\"summary_large_image\" \/>\n<meta name=\"twitter:creator\" content=\"@Notibras\" \/>\n<meta name=\"twitter:site\" content=\"@Notibras\" \/>\n<meta name=\"twitter:label1\" content=\"Escrito por\" \/>\n\t<meta name=\"twitter:data1\" content=\"Reda\u00e7\u00e3o\" \/>\n\t<meta name=\"twitter:label2\" content=\"Est. tempo de leitura\" \/>\n\t<meta name=\"twitter:data2\" content=\"6 minutos\" \/>\n<script type=\"application\/ld+json\" class=\"yoast-schema-graph\">{\"@context\":\"https:\/\/schema.org\",\"@graph\":[{\"@type\":\"Article\",\"@id\":\"https:\/\/www.notibras.com\/site\/reeleicao-de-lula-60-milhoes-seria-elo-do-mensalao-com-lava-jato\/#article\",\"isPartOf\":{\"@id\":\"https:\/\/www.notibras.com\/site\/reeleicao-de-lula-60-milhoes-seria-elo-do-mensalao-com-lava-jato\/\"},\"author\":{\"name\":\"Reda\u00e7\u00e3o\",\"@id\":\"https:\/\/www.notibras.com\/site\/#\/schema\/person\/36ab0979449956132d3e5b517ea76ac8\"},\"headline\":\"Dinheiro que pagou reelei\u00e7\u00e3o de Lula (60 milh\u00f5es) pode ligar Mensal\u00e3o \u00e0 Lava Jato\",\"datePublished\":\"2015-10-28T14:33:19+00:00\",\"dateModified\":\"2015-10-28T16:28:30+00:00\",\"mainEntityOfPage\":{\"@id\":\"https:\/\/www.notibras.com\/site\/reeleicao-de-lula-60-milhoes-seria-elo-do-mensalao-com-lava-jato\/\"},\"wordCount\":1174,\"commentCount\":0,\"publisher\":{\"@id\":\"https:\/\/www.notibras.com\/site\/#organization\"},\"image\":{\"@id\":\"https:\/\/www.notibras.com\/site\/reeleicao-de-lula-60-milhoes-seria-elo-do-mensalao-com-lava-jato\/#primaryimage\"},\"thumbnailUrl\":\"https:\/\/www.notibras.com\/site\/wp-content\/uploads\/2015\/10\/lu28.jpg\",\"articleSection\":[\"Brasil\"],\"inLanguage\":\"pt-BR\",\"potentialAction\":[{\"@type\":\"CommentAction\",\"name\":\"Comment\",\"target\":[\"https:\/\/www.notibras.com\/site\/reeleicao-de-lula-60-milhoes-seria-elo-do-mensalao-com-lava-jato\/#respond\"]}]},{\"@type\":\"WebPage\",\"@id\":\"https:\/\/www.notibras.com\/site\/reeleicao-de-lula-60-milhoes-seria-elo-do-mensalao-com-lava-jato\/\",\"url\":\"https:\/\/www.notibras.com\/site\/reeleicao-de-lula-60-milhoes-seria-elo-do-mensalao-com-lava-jato\/\",\"name\":\"Dinheiro que pagou reelei\u00e7\u00e3o de Lula (60 milh\u00f5es) pode ligar Mensal\u00e3o \u00e0 Lava Jato - Notibras\",\"isPartOf\":{\"@id\":\"https:\/\/www.notibras.com\/site\/#website\"},\"primaryImageOfPage\":{\"@id\":\"https:\/\/www.notibras.com\/site\/reeleicao-de-lula-60-milhoes-seria-elo-do-mensalao-com-lava-jato\/#primaryimage\"},\"image\":{\"@id\":\"https:\/\/www.notibras.com\/site\/reeleicao-de-lula-60-milhoes-seria-elo-do-mensalao-com-lava-jato\/#primaryimage\"},\"thumbnailUrl\":\"https:\/\/www.notibras.com\/site\/wp-content\/uploads\/2015\/10\/lu28.jpg\",\"datePublished\":\"2015-10-28T14:33:19+00:00\",\"dateModified\":\"2015-10-28T16:28:30+00:00\",\"breadcrumb\":{\"@id\":\"https:\/\/www.notibras.com\/site\/reeleicao-de-lula-60-milhoes-seria-elo-do-mensalao-com-lava-jato\/#breadcrumb\"},\"inLanguage\":\"pt-BR\",\"potentialAction\":[{\"@type\":\"ReadAction\",\"target\":[\"https:\/\/www.notibras.com\/site\/reeleicao-de-lula-60-milhoes-seria-elo-do-mensalao-com-lava-jato\/\"]}]},{\"@type\":\"ImageObject\",\"inLanguage\":\"pt-BR\",\"@id\":\"https:\/\/www.notibras.com\/site\/reeleicao-de-lula-60-milhoes-seria-elo-do-mensalao-com-lava-jato\/#primaryimage\",\"url\":\"https:\/\/www.notibras.com\/site\/wp-content\/uploads\/2015\/10\/lu28.jpg\",\"contentUrl\":\"https:\/\/www.notibras.com\/site\/wp-content\/uploads\/2015\/10\/lu28.jpg\",\"width\":750,\"height\":472},{\"@type\":\"BreadcrumbList\",\"@id\":\"https:\/\/www.notibras.com\/site\/reeleicao-de-lula-60-milhoes-seria-elo-do-mensalao-com-lava-jato\/#breadcrumb\",\"itemListElement\":[{\"@type\":\"ListItem\",\"position\":1,\"name\":\"In\u00edcio\",\"item\":\"https:\/\/www.notibras.com\/site\/\"},{\"@type\":\"ListItem\",\"position\":2,\"name\":\"Dinheiro que pagou reelei\u00e7\u00e3o de Lula (60 milh\u00f5es) pode ligar Mensal\u00e3o \u00e0 Lava Jato\"}]},{\"@type\":\"WebSite\",\"@id\":\"https:\/\/www.notibras.com\/site\/#website\",\"url\":\"https:\/\/www.notibras.com\/site\/\",\"name\":\"Notibras\",\"description\":\"Not\u00edcias de Bras\u00edlia, do Brasil e do Mundo\",\"publisher\":{\"@id\":\"https:\/\/www.notibras.com\/site\/#organization\"},\"potentialAction\":[{\"@type\":\"SearchAction\",\"target\":{\"@type\":\"EntryPoint\",\"urlTemplate\":\"https:\/\/www.notibras.com\/site\/?s={search_term_string}\"},\"query-input\":{\"@type\":\"PropertyValueSpecification\",\"valueRequired\":true,\"valueName\":\"search_term_string\"}}],\"inLanguage\":\"pt-BR\"},{\"@type\":\"Organization\",\"@id\":\"https:\/\/www.notibras.com\/site\/#organization\",\"name\":\"Grupo Notibras de Comunica\u00e7\u00e3o\",\"url\":\"https:\/\/www.notibras.com\/site\/\",\"logo\":{\"@type\":\"ImageObject\",\"inLanguage\":\"pt-BR\",\"@id\":\"https:\/\/www.notibras.com\/site\/#\/schema\/logo\/image\/\",\"url\":\"https:\/\/www.notibras.com\/site\/wp-content\/uploads\/2023\/01\/notibras23.png\",\"contentUrl\":\"https:\/\/www.notibras.com\/site\/wp-content\/uploads\/2023\/01\/notibras23.png\",\"width\":350,\"height\":87,\"caption\":\"Grupo Notibras de Comunica\u00e7\u00e3o\"},\"image\":{\"@id\":\"https:\/\/www.notibras.com\/site\/#\/schema\/logo\/image\/\"},\"sameAs\":[\"https:\/\/www.facebook.com\/notibras\/\",\"https:\/\/x.com\/Notibras\",\"https:\/\/www.instagram.com\/notibras\/\"]},{\"@type\":\"Person\",\"@id\":\"https:\/\/www.notibras.com\/site\/#\/schema\/person\/36ab0979449956132d3e5b517ea76ac8\",\"name\":\"Reda\u00e7\u00e3o\",\"image\":{\"@type\":\"ImageObject\",\"inLanguage\":\"pt-BR\",\"@id\":\"https:\/\/secure.gravatar.com\/avatar\/e0a867bdedb85fd243eadf09663511f96fc81e0720a4a42581f334ad4303aa6b?s=96&d=mm&r=g\",\"url\":\"https:\/\/secure.gravatar.com\/avatar\/e0a867bdedb85fd243eadf09663511f96fc81e0720a4a42581f334ad4303aa6b?s=96&d=mm&r=g\",\"contentUrl\":\"https:\/\/secure.gravatar.com\/avatar\/e0a867bdedb85fd243eadf09663511f96fc81e0720a4a42581f334ad4303aa6b?s=96&d=mm&r=g\",\"caption\":\"Reda\u00e7\u00e3o\"}}]}<\/script>\n<!-- \/ Yoast SEO plugin. -->","yoast_head_json":{"title":"Dinheiro que pagou reelei\u00e7\u00e3o de Lula (60 milh\u00f5es) pode ligar Mensal\u00e3o \u00e0 Lava Jato - Notibras","robots":{"index":"index","follow":"follow","max-snippet":"max-snippet:-1","max-image-preview":"max-image-preview:large","max-video-preview":"max-video-preview:-1"},"canonical":"https:\/\/www.notibras.com\/site\/reeleicao-de-lula-60-milhoes-seria-elo-do-mensalao-com-lava-jato\/","og_locale":"pt_BR","og_type":"article","og_title":"Dinheiro que pagou reelei\u00e7\u00e3o de Lula (60 milh\u00f5es) pode ligar Mensal\u00e3o \u00e0 Lava Jato - Notibras","og_description":"A for\u00e7a-tarefa da Opera\u00e7\u00e3o Lava Jato apura se existe rela\u00e7\u00e3o entre a suposta d\u00edvida de R$ 60 milh\u00f5es da campanha de reelei\u00e7\u00e3o do ex-presidente Luiz In\u00e1cio Lula da Silva, em 2006, com o Grupo Schahin e o empr\u00e9stimo de R$ 12 milh\u00f5es feito pelo banco do grupo, em 2004, para o pecuarista Jos\u00e9 Carlos Bumlai [&hellip;]","og_url":"https:\/\/www.notibras.com\/site\/reeleicao-de-lula-60-milhoes-seria-elo-do-mensalao-com-lava-jato\/","og_site_name":"Notibras","article_publisher":"https:\/\/www.facebook.com\/notibras\/","article_published_time":"2015-10-28T14:33:19+00:00","article_modified_time":"2015-10-28T16:28:30+00:00","og_image":[{"width":750,"height":472,"url":"https:\/\/www.notibras.com\/site\/wp-content\/uploads\/2015\/10\/lu28.jpg","type":"image\/jpeg"}],"author":"Reda\u00e7\u00e3o","twitter_card":"summary_large_image","twitter_creator":"@Notibras","twitter_site":"@Notibras","twitter_misc":{"Escrito por":"Reda\u00e7\u00e3o","Est. tempo de leitura":"6 minutos"},"schema":{"@context":"https:\/\/schema.org","@graph":[{"@type":"Article","@id":"https:\/\/www.notibras.com\/site\/reeleicao-de-lula-60-milhoes-seria-elo-do-mensalao-com-lava-jato\/#article","isPartOf":{"@id":"https:\/\/www.notibras.com\/site\/reeleicao-de-lula-60-milhoes-seria-elo-do-mensalao-com-lava-jato\/"},"author":{"name":"Reda\u00e7\u00e3o","@id":"https:\/\/www.notibras.com\/site\/#\/schema\/person\/36ab0979449956132d3e5b517ea76ac8"},"headline":"Dinheiro que pagou reelei\u00e7\u00e3o de Lula (60 milh\u00f5es) pode ligar Mensal\u00e3o \u00e0 Lava Jato","datePublished":"2015-10-28T14:33:19+00:00","dateModified":"2015-10-28T16:28:30+00:00","mainEntityOfPage":{"@id":"https:\/\/www.notibras.com\/site\/reeleicao-de-lula-60-milhoes-seria-elo-do-mensalao-com-lava-jato\/"},"wordCount":1174,"commentCount":0,"publisher":{"@id":"https:\/\/www.notibras.com\/site\/#organization"},"image":{"@id":"https:\/\/www.notibras.com\/site\/reeleicao-de-lula-60-milhoes-seria-elo-do-mensalao-com-lava-jato\/#primaryimage"},"thumbnailUrl":"https:\/\/www.notibras.com\/site\/wp-content\/uploads\/2015\/10\/lu28.jpg","articleSection":["Brasil"],"inLanguage":"pt-BR","potentialAction":[{"@type":"CommentAction","name":"Comment","target":["https:\/\/www.notibras.com\/site\/reeleicao-de-lula-60-milhoes-seria-elo-do-mensalao-com-lava-jato\/#respond"]}]},{"@type":"WebPage","@id":"https:\/\/www.notibras.com\/site\/reeleicao-de-lula-60-milhoes-seria-elo-do-mensalao-com-lava-jato\/","url":"https:\/\/www.notibras.com\/site\/reeleicao-de-lula-60-milhoes-seria-elo-do-mensalao-com-lava-jato\/","name":"Dinheiro que pagou reelei\u00e7\u00e3o de Lula (60 milh\u00f5es) pode ligar Mensal\u00e3o \u00e0 Lava Jato - Notibras","isPartOf":{"@id":"https:\/\/www.notibras.com\/site\/#website"},"primaryImageOfPage":{"@id":"https:\/\/www.notibras.com\/site\/reeleicao-de-lula-60-milhoes-seria-elo-do-mensalao-com-lava-jato\/#primaryimage"},"image":{"@id":"https:\/\/www.notibras.com\/site\/reeleicao-de-lula-60-milhoes-seria-elo-do-mensalao-com-lava-jato\/#primaryimage"},"thumbnailUrl":"https:\/\/www.notibras.com\/site\/wp-content\/uploads\/2015\/10\/lu28.jpg","datePublished":"2015-10-28T14:33:19+00:00","dateModified":"2015-10-28T16:28:30+00:00","breadcrumb":{"@id":"https:\/\/www.notibras.com\/site\/reeleicao-de-lula-60-milhoes-seria-elo-do-mensalao-com-lava-jato\/#breadcrumb"},"inLanguage":"pt-BR","potentialAction":[{"@type":"ReadAction","target":["https:\/\/www.notibras.com\/site\/reeleicao-de-lula-60-milhoes-seria-elo-do-mensalao-com-lava-jato\/"]}]},{"@type":"ImageObject","inLanguage":"pt-BR","@id":"https:\/\/www.notibras.com\/site\/reeleicao-de-lula-60-milhoes-seria-elo-do-mensalao-com-lava-jato\/#primaryimage","url":"https:\/\/www.notibras.com\/site\/wp-content\/uploads\/2015\/10\/lu28.jpg","contentUrl":"https:\/\/www.notibras.com\/site\/wp-content\/uploads\/2015\/10\/lu28.jpg","width":750,"height":472},{"@type":"BreadcrumbList","@id":"https:\/\/www.notibras.com\/site\/reeleicao-de-lula-60-milhoes-seria-elo-do-mensalao-com-lava-jato\/#breadcrumb","itemListElement":[{"@type":"ListItem","position":1,"name":"In\u00edcio","item":"https:\/\/www.notibras.com\/site\/"},{"@type":"ListItem","position":2,"name":"Dinheiro que pagou reelei\u00e7\u00e3o de Lula (60 milh\u00f5es) pode ligar Mensal\u00e3o \u00e0 Lava Jato"}]},{"@type":"WebSite","@id":"https:\/\/www.notibras.com\/site\/#website","url":"https:\/\/www.notibras.com\/site\/","name":"Notibras","description":"Not\u00edcias de Bras\u00edlia, do Brasil e do Mundo","publisher":{"@id":"https:\/\/www.notibras.com\/site\/#organization"},"potentialAction":[{"@type":"SearchAction","target":{"@type":"EntryPoint","urlTemplate":"https:\/\/www.notibras.com\/site\/?s={search_term_string}"},"query-input":{"@type":"PropertyValueSpecification","valueRequired":true,"valueName":"search_term_string"}}],"inLanguage":"pt-BR"},{"@type":"Organization","@id":"https:\/\/www.notibras.com\/site\/#organization","name":"Grupo Notibras de Comunica\u00e7\u00e3o","url":"https:\/\/www.notibras.com\/site\/","logo":{"@type":"ImageObject","inLanguage":"pt-BR","@id":"https:\/\/www.notibras.com\/site\/#\/schema\/logo\/image\/","url":"https:\/\/www.notibras.com\/site\/wp-content\/uploads\/2023\/01\/notibras23.png","contentUrl":"https:\/\/www.notibras.com\/site\/wp-content\/uploads\/2023\/01\/notibras23.png","width":350,"height":87,"caption":"Grupo Notibras de Comunica\u00e7\u00e3o"},"image":{"@id":"https:\/\/www.notibras.com\/site\/#\/schema\/logo\/image\/"},"sameAs":["https:\/\/www.facebook.com\/notibras\/","https:\/\/x.com\/Notibras","https:\/\/www.instagram.com\/notibras\/"]},{"@type":"Person","@id":"https:\/\/www.notibras.com\/site\/#\/schema\/person\/36ab0979449956132d3e5b517ea76ac8","name":"Reda\u00e7\u00e3o","image":{"@type":"ImageObject","inLanguage":"pt-BR","@id":"https:\/\/secure.gravatar.com\/avatar\/e0a867bdedb85fd243eadf09663511f96fc81e0720a4a42581f334ad4303aa6b?s=96&d=mm&r=g","url":"https:\/\/secure.gravatar.com\/avatar\/e0a867bdedb85fd243eadf09663511f96fc81e0720a4a42581f334ad4303aa6b?s=96&d=mm&r=g","contentUrl":"https:\/\/secure.gravatar.com\/avatar\/e0a867bdedb85fd243eadf09663511f96fc81e0720a4a42581f334ad4303aa6b?s=96&d=mm&r=g","caption":"Reda\u00e7\u00e3o"}}]}},"amp_enabled":true,"_links":{"self":[{"href":"https:\/\/www.notibras.com\/site\/wp-json\/wp\/v2\/posts\/73414","targetHints":{"allow":["GET"]}}],"collection":[{"href":"https:\/\/www.notibras.com\/site\/wp-json\/wp\/v2\/posts"}],"about":[{"href":"https:\/\/www.notibras.com\/site\/wp-json\/wp\/v2\/types\/post"}],"author":[{"embeddable":true,"href":"https:\/\/www.notibras.com\/site\/wp-json\/wp\/v2\/users\/2"}],"replies":[{"embeddable":true,"href":"https:\/\/www.notibras.com\/site\/wp-json\/wp\/v2\/comments?post=73414"}],"version-history":[{"count":4,"href":"https:\/\/www.notibras.com\/site\/wp-json\/wp\/v2\/posts\/73414\/revisions"}],"predecessor-version":[{"id":73429,"href":"https:\/\/www.notibras.com\/site\/wp-json\/wp\/v2\/posts\/73414\/revisions\/73429"}],"wp:featuredmedia":[{"embeddable":true,"href":"https:\/\/www.notibras.com\/site\/wp-json\/wp\/v2\/media\/73415"}],"wp:attachment":[{"href":"https:\/\/www.notibras.com\/site\/wp-json\/wp\/v2\/media?parent=73414"}],"wp:term":[{"taxonomy":"category","embeddable":true,"href":"https:\/\/www.notibras.com\/site\/wp-json\/wp\/v2\/categories?post=73414"},{"taxonomy":"post_tag","embeddable":true,"href":"https:\/\/www.notibras.com\/site\/wp-json\/wp\/v2\/tags?post=73414"}],"curies":[{"name":"wp","href":"https:\/\/api.w.org\/{rel}","templated":true}]}}