{"id":73440,"date":"2015-10-28T13:42:14","date_gmt":"2015-10-28T15:42:14","guid":{"rendered":"http:\/\/www.notibras.com\/site\/?p=73440"},"modified":"2015-10-28T15:17:36","modified_gmt":"2015-10-28T17:17:36","slug":"conselho-de-etica-cita-eduardo-cunha-e-prazo-para-a-defesa-comeca-a-correr","status":"publish","type":"post","link":"https:\/\/www.notibras.com\/site\/conselho-de-etica-cita-eduardo-cunha-e-prazo-para-a-defesa-comeca-a-correr\/","title":{"rendered":"Conselho de \u00c9tica cita Eduardo Cunha e prazo para defesa come\u00e7a a correr"},"content":{"rendered":"<div id=\"Corpo\">\n<p>A Mesa Diretora da C\u00e2mara dos Deputados devolveu ao Conselho de \u00c9tica da Casa, no in\u00edcio da tarde desta quarta-feira, 28, representa\u00e7\u00e3o protocolada pelo PSOL e Rede contra o presidente da Casa, Eduardo Cunha (PMDB-RJ), por quebra de decoro parlamentar. Segundo o colegiado, o pedido foi devolvido \u00e0s 13h13 &#8211; o prazo final para a devolu\u00e7\u00e3o se encerrava \u00e0s 19 horas de hoje. Com isso, o Conselho poder\u00e1 come\u00e7ar os trabalhos em torno do processo que pede a cassa\u00e7\u00e3o de Cunha.<\/p>\n<p>A previs\u00e3o do presidente do Conselho, Jos\u00e9 Carlos Ara\u00fajo (PSD-BA), \u00e9 de que a primeira reuni\u00e3o do colegiado ocorra na pr\u00f3xima ter\u00e7a-feira, 3, \u00e0s 14h30. Na ocasi\u00e3o, haver\u00e1 sorteio de tr\u00eas deputados, dos quais um ser\u00e1 escolhido por Ara\u00fajo como relator do processo. Dos 21 membros do Conselho, pelo menos quatro n\u00e3o dever\u00e3o participar do sorteio dos tr\u00eas poss\u00edveis relatores.<\/p>\n<p>Al\u00e9m do presidente do colegiado, os deputados Mauro Lopes (PMDB-MG) e Washington Reis (PMDB-RJ) n\u00e3o poder\u00e3o se inscrever no sorteio, por serem do mesmo partido ou Estado de Cunha. O deputado J\u00falio Delgado (PSB-MG) tamb\u00e9m dever\u00e1 ser exclu\u00eddo do processo, por ter disputado a Presid\u00eancia da C\u00e2mara com Cunha. &#8220;Depois do sorteio, vou conversar com os tr\u00eas e at\u00e9 quarta-feira anuncio o escolhido&#8221;, disse Ara\u00fajo.<\/p>\n<p>Escolhido o relator, o Conselho de \u00c9tica dever\u00e1 concluir os trabalhos em at\u00e9 90 dias. Durante esse per\u00edodo, o colegiado n\u00e3o tem o poder de pedir o afastamento do presidente da C\u00e2mara. At\u00e9 ent\u00e3o defendendo que o colegiado poderia terminar a an\u00e1lise do processo contra Cunha at\u00e9 o fim deste ano, Ara\u00fajo mudou o tom do discurso. Em entrevista hoje, afirmou que &#8220;tudo depender\u00e1 da celeridade do relator&#8221;.<\/p>\n<\/div>\n<p><img loading=\"lazy\" decoding=\"async\" class=\"alignnone size-full wp-image-70065\" src=\"http:\/\/www.notibras.com\/site\/wp-content\/uploads\/2015\/10\/estadao.png\" alt=\"estadao\" width=\"99\" height=\"16\" \/><\/p>\n","protected":false},"excerpt":{"rendered":"<p>A Mesa Diretora da C\u00e2mara dos Deputados devolveu ao Conselho de \u00c9tica da Casa, no in\u00edcio da tarde desta quarta-feira, 28, representa\u00e7\u00e3o protocolada pelo PSOL e Rede contra o presidente da Casa, Eduardo Cunha (PMDB-RJ), por quebra de decoro parlamentar. Segundo o colegiado, o pedido foi devolvido \u00e0s 13h13 &#8211; o prazo final para a [&hellip;]<\/p>\n","protected":false},"author":2,"featured_media":73441,"comment_status":"open","ping_status":"closed","sticky":false,"template":"","format":"standard","meta":{"_acf_changed":false,"footnotes":""},"categories":[16],"tags":[],"class_list":["post-73440","post","type-post","status-publish","format-standard","has-post-thumbnail","hentry","category-brasil"],"acf":[],"yoast_head":"<!-- This site is optimized with the Yoast SEO plugin v27.2 - https:\/\/yoast.com\/product\/yoast-seo-wordpress\/ -->\n<title>Conselho de \u00c9tica cita Eduardo Cunha e prazo para defesa come\u00e7a a correr - Notibras<\/title>\n<meta name=\"robots\" content=\"index, follow, max-snippet:-1, max-image-preview:large, max-video-preview:-1\" \/>\n<link rel=\"canonical\" href=\"https:\/\/www.notibras.com\/site\/conselho-de-etica-cita-eduardo-cunha-e-prazo-para-a-defesa-comeca-a-correr\/\" \/>\n<meta property=\"og:locale\" content=\"pt_BR\" \/>\n<meta property=\"og:type\" content=\"article\" \/>\n<meta property=\"og:title\" content=\"Conselho de \u00c9tica cita Eduardo Cunha e prazo para defesa come\u00e7a a correr - Notibras\" \/>\n<meta property=\"og:description\" content=\"A Mesa Diretora da C\u00e2mara dos Deputados devolveu ao Conselho de \u00c9tica da Casa, no in\u00edcio da tarde desta quarta-feira, 28, representa\u00e7\u00e3o protocolada pelo PSOL e Rede contra o presidente da Casa, Eduardo Cunha (PMDB-RJ), por quebra de decoro parlamentar. Segundo o colegiado, o pedido foi devolvido \u00e0s 13h13 &#8211; o prazo final para a [&hellip;]\" \/>\n<meta property=\"og:url\" content=\"https:\/\/www.notibras.com\/site\/conselho-de-etica-cita-eduardo-cunha-e-prazo-para-a-defesa-comeca-a-correr\/\" \/>\n<meta property=\"og:site_name\" content=\"Notibras\" \/>\n<meta property=\"article:publisher\" content=\"https:\/\/www.facebook.com\/notibras\/\" \/>\n<meta property=\"article:published_time\" content=\"2015-10-28T15:42:14+00:00\" \/>\n<meta property=\"article:modified_time\" content=\"2015-10-28T17:17:36+00:00\" \/>\n<meta property=\"og:image\" content=\"https:\/\/www.notibras.com\/site\/wp-content\/uploads\/2015\/10\/ecce.jpg\" \/>\n\t<meta property=\"og:image:width\" content=\"615\" \/>\n\t<meta property=\"og:image:height\" content=\"470\" \/>\n\t<meta property=\"og:image:type\" content=\"image\/jpeg\" \/>\n<meta name=\"author\" content=\"Reda\u00e7\u00e3o\" \/>\n<meta name=\"twitter:card\" content=\"summary_large_image\" \/>\n<meta name=\"twitter:creator\" content=\"@Notibras\" \/>\n<meta name=\"twitter:site\" content=\"@Notibras\" \/>\n<meta name=\"twitter:label1\" content=\"Escrito por\" \/>\n\t<meta name=\"twitter:data1\" content=\"Reda\u00e7\u00e3o\" \/>\n\t<meta name=\"twitter:label2\" content=\"Est. tempo de leitura\" \/>\n\t<meta name=\"twitter:data2\" content=\"2 minutos\" \/>\n<script type=\"application\/ld+json\" class=\"yoast-schema-graph\">{\"@context\":\"https:\/\/schema.org\",\"@graph\":[{\"@type\":\"Article\",\"@id\":\"https:\/\/www.notibras.com\/site\/conselho-de-etica-cita-eduardo-cunha-e-prazo-para-a-defesa-comeca-a-correr\/#article\",\"isPartOf\":{\"@id\":\"https:\/\/www.notibras.com\/site\/conselho-de-etica-cita-eduardo-cunha-e-prazo-para-a-defesa-comeca-a-correr\/\"},\"author\":{\"name\":\"Reda\u00e7\u00e3o\",\"@id\":\"https:\/\/www.notibras.com\/site\/#\/schema\/person\/36ab0979449956132d3e5b517ea76ac8\"},\"headline\":\"Conselho de \u00c9tica cita Eduardo Cunha e prazo para defesa come\u00e7a a correr\",\"datePublished\":\"2015-10-28T15:42:14+00:00\",\"dateModified\":\"2015-10-28T17:17:36+00:00\",\"mainEntityOfPage\":{\"@id\":\"https:\/\/www.notibras.com\/site\/conselho-de-etica-cita-eduardo-cunha-e-prazo-para-a-defesa-comeca-a-correr\/\"},\"wordCount\":316,\"commentCount\":0,\"publisher\":{\"@id\":\"https:\/\/www.notibras.com\/site\/#organization\"},\"image\":{\"@id\":\"https:\/\/www.notibras.com\/site\/conselho-de-etica-cita-eduardo-cunha-e-prazo-para-a-defesa-comeca-a-correr\/#primaryimage\"},\"thumbnailUrl\":\"https:\/\/www.notibras.com\/site\/wp-content\/uploads\/2015\/10\/ecce.jpg\",\"articleSection\":[\"Brasil\"],\"inLanguage\":\"pt-BR\",\"potentialAction\":[{\"@type\":\"CommentAction\",\"name\":\"Comment\",\"target\":[\"https:\/\/www.notibras.com\/site\/conselho-de-etica-cita-eduardo-cunha-e-prazo-para-a-defesa-comeca-a-correr\/#respond\"]}]},{\"@type\":\"WebPage\",\"@id\":\"https:\/\/www.notibras.com\/site\/conselho-de-etica-cita-eduardo-cunha-e-prazo-para-a-defesa-comeca-a-correr\/\",\"url\":\"https:\/\/www.notibras.com\/site\/conselho-de-etica-cita-eduardo-cunha-e-prazo-para-a-defesa-comeca-a-correr\/\",\"name\":\"Conselho de \u00c9tica cita Eduardo Cunha e prazo para defesa come\u00e7a a correr - Notibras\",\"isPartOf\":{\"@id\":\"https:\/\/www.notibras.com\/site\/#website\"},\"primaryImageOfPage\":{\"@id\":\"https:\/\/www.notibras.com\/site\/conselho-de-etica-cita-eduardo-cunha-e-prazo-para-a-defesa-comeca-a-correr\/#primaryimage\"},\"image\":{\"@id\":\"https:\/\/www.notibras.com\/site\/conselho-de-etica-cita-eduardo-cunha-e-prazo-para-a-defesa-comeca-a-correr\/#primaryimage\"},\"thumbnailUrl\":\"https:\/\/www.notibras.com\/site\/wp-content\/uploads\/2015\/10\/ecce.jpg\",\"datePublished\":\"2015-10-28T15:42:14+00:00\",\"dateModified\":\"2015-10-28T17:17:36+00:00\",\"breadcrumb\":{\"@id\":\"https:\/\/www.notibras.com\/site\/conselho-de-etica-cita-eduardo-cunha-e-prazo-para-a-defesa-comeca-a-correr\/#breadcrumb\"},\"inLanguage\":\"pt-BR\",\"potentialAction\":[{\"@type\":\"ReadAction\",\"target\":[\"https:\/\/www.notibras.com\/site\/conselho-de-etica-cita-eduardo-cunha-e-prazo-para-a-defesa-comeca-a-correr\/\"]}]},{\"@type\":\"ImageObject\",\"inLanguage\":\"pt-BR\",\"@id\":\"https:\/\/www.notibras.com\/site\/conselho-de-etica-cita-eduardo-cunha-e-prazo-para-a-defesa-comeca-a-correr\/#primaryimage\",\"url\":\"https:\/\/www.notibras.com\/site\/wp-content\/uploads\/2015\/10\/ecce.jpg\",\"contentUrl\":\"https:\/\/www.notibras.com\/site\/wp-content\/uploads\/2015\/10\/ecce.jpg\",\"width\":615,\"height\":470},{\"@type\":\"BreadcrumbList\",\"@id\":\"https:\/\/www.notibras.com\/site\/conselho-de-etica-cita-eduardo-cunha-e-prazo-para-a-defesa-comeca-a-correr\/#breadcrumb\",\"itemListElement\":[{\"@type\":\"ListItem\",\"position\":1,\"name\":\"In\u00edcio\",\"item\":\"https:\/\/www.notibras.com\/site\/\"},{\"@type\":\"ListItem\",\"position\":2,\"name\":\"Conselho de \u00c9tica cita Eduardo Cunha e prazo para defesa come\u00e7a a correr\"}]},{\"@type\":\"WebSite\",\"@id\":\"https:\/\/www.notibras.com\/site\/#website\",\"url\":\"https:\/\/www.notibras.com\/site\/\",\"name\":\"Notibras\",\"description\":\"Not\u00edcias de Bras\u00edlia, do Brasil e do Mundo\",\"publisher\":{\"@id\":\"https:\/\/www.notibras.com\/site\/#organization\"},\"potentialAction\":[{\"@type\":\"SearchAction\",\"target\":{\"@type\":\"EntryPoint\",\"urlTemplate\":\"https:\/\/www.notibras.com\/site\/?s={search_term_string}\"},\"query-input\":{\"@type\":\"PropertyValueSpecification\",\"valueRequired\":true,\"valueName\":\"search_term_string\"}}],\"inLanguage\":\"pt-BR\"},{\"@type\":\"Organization\",\"@id\":\"https:\/\/www.notibras.com\/site\/#organization\",\"name\":\"Grupo Notibras de Comunica\u00e7\u00e3o\",\"url\":\"https:\/\/www.notibras.com\/site\/\",\"logo\":{\"@type\":\"ImageObject\",\"inLanguage\":\"pt-BR\",\"@id\":\"https:\/\/www.notibras.com\/site\/#\/schema\/logo\/image\/\",\"url\":\"https:\/\/www.notibras.com\/site\/wp-content\/uploads\/2023\/01\/notibras23.png\",\"contentUrl\":\"https:\/\/www.notibras.com\/site\/wp-content\/uploads\/2023\/01\/notibras23.png\",\"width\":350,\"height\":87,\"caption\":\"Grupo Notibras de Comunica\u00e7\u00e3o\"},\"image\":{\"@id\":\"https:\/\/www.notibras.com\/site\/#\/schema\/logo\/image\/\"},\"sameAs\":[\"https:\/\/www.facebook.com\/notibras\/\",\"https:\/\/x.com\/Notibras\",\"https:\/\/www.instagram.com\/notibras\/\"]},{\"@type\":\"Person\",\"@id\":\"https:\/\/www.notibras.com\/site\/#\/schema\/person\/36ab0979449956132d3e5b517ea76ac8\",\"name\":\"Reda\u00e7\u00e3o\",\"image\":{\"@type\":\"ImageObject\",\"inLanguage\":\"pt-BR\",\"@id\":\"https:\/\/secure.gravatar.com\/avatar\/e0a867bdedb85fd243eadf09663511f96fc81e0720a4a42581f334ad4303aa6b?s=96&d=mm&r=g\",\"url\":\"https:\/\/secure.gravatar.com\/avatar\/e0a867bdedb85fd243eadf09663511f96fc81e0720a4a42581f334ad4303aa6b?s=96&d=mm&r=g\",\"contentUrl\":\"https:\/\/secure.gravatar.com\/avatar\/e0a867bdedb85fd243eadf09663511f96fc81e0720a4a42581f334ad4303aa6b?s=96&d=mm&r=g\",\"caption\":\"Reda\u00e7\u00e3o\"}}]}<\/script>\n<!-- \/ Yoast SEO plugin. -->","yoast_head_json":{"title":"Conselho de \u00c9tica cita Eduardo Cunha e prazo para defesa come\u00e7a a correr - Notibras","robots":{"index":"index","follow":"follow","max-snippet":"max-snippet:-1","max-image-preview":"max-image-preview:large","max-video-preview":"max-video-preview:-1"},"canonical":"https:\/\/www.notibras.com\/site\/conselho-de-etica-cita-eduardo-cunha-e-prazo-para-a-defesa-comeca-a-correr\/","og_locale":"pt_BR","og_type":"article","og_title":"Conselho de \u00c9tica cita Eduardo Cunha e prazo para defesa come\u00e7a a correr - Notibras","og_description":"A Mesa Diretora da C\u00e2mara dos Deputados devolveu ao Conselho de \u00c9tica da Casa, no in\u00edcio da tarde desta quarta-feira, 28, representa\u00e7\u00e3o protocolada pelo PSOL e Rede contra o presidente da Casa, Eduardo Cunha (PMDB-RJ), por quebra de decoro parlamentar. Segundo o colegiado, o pedido foi devolvido \u00e0s 13h13 &#8211; o prazo final para a [&hellip;]","og_url":"https:\/\/www.notibras.com\/site\/conselho-de-etica-cita-eduardo-cunha-e-prazo-para-a-defesa-comeca-a-correr\/","og_site_name":"Notibras","article_publisher":"https:\/\/www.facebook.com\/notibras\/","article_published_time":"2015-10-28T15:42:14+00:00","article_modified_time":"2015-10-28T17:17:36+00:00","og_image":[{"width":615,"height":470,"url":"https:\/\/www.notibras.com\/site\/wp-content\/uploads\/2015\/10\/ecce.jpg","type":"image\/jpeg"}],"author":"Reda\u00e7\u00e3o","twitter_card":"summary_large_image","twitter_creator":"@Notibras","twitter_site":"@Notibras","twitter_misc":{"Escrito por":"Reda\u00e7\u00e3o","Est. tempo de leitura":"2 minutos"},"schema":{"@context":"https:\/\/schema.org","@graph":[{"@type":"Article","@id":"https:\/\/www.notibras.com\/site\/conselho-de-etica-cita-eduardo-cunha-e-prazo-para-a-defesa-comeca-a-correr\/#article","isPartOf":{"@id":"https:\/\/www.notibras.com\/site\/conselho-de-etica-cita-eduardo-cunha-e-prazo-para-a-defesa-comeca-a-correr\/"},"author":{"name":"Reda\u00e7\u00e3o","@id":"https:\/\/www.notibras.com\/site\/#\/schema\/person\/36ab0979449956132d3e5b517ea76ac8"},"headline":"Conselho de \u00c9tica cita Eduardo Cunha e prazo para defesa come\u00e7a a correr","datePublished":"2015-10-28T15:42:14+00:00","dateModified":"2015-10-28T17:17:36+00:00","mainEntityOfPage":{"@id":"https:\/\/www.notibras.com\/site\/conselho-de-etica-cita-eduardo-cunha-e-prazo-para-a-defesa-comeca-a-correr\/"},"wordCount":316,"commentCount":0,"publisher":{"@id":"https:\/\/www.notibras.com\/site\/#organization"},"image":{"@id":"https:\/\/www.notibras.com\/site\/conselho-de-etica-cita-eduardo-cunha-e-prazo-para-a-defesa-comeca-a-correr\/#primaryimage"},"thumbnailUrl":"https:\/\/www.notibras.com\/site\/wp-content\/uploads\/2015\/10\/ecce.jpg","articleSection":["Brasil"],"inLanguage":"pt-BR","potentialAction":[{"@type":"CommentAction","name":"Comment","target":["https:\/\/www.notibras.com\/site\/conselho-de-etica-cita-eduardo-cunha-e-prazo-para-a-defesa-comeca-a-correr\/#respond"]}]},{"@type":"WebPage","@id":"https:\/\/www.notibras.com\/site\/conselho-de-etica-cita-eduardo-cunha-e-prazo-para-a-defesa-comeca-a-correr\/","url":"https:\/\/www.notibras.com\/site\/conselho-de-etica-cita-eduardo-cunha-e-prazo-para-a-defesa-comeca-a-correr\/","name":"Conselho de \u00c9tica cita Eduardo Cunha e prazo para defesa come\u00e7a a correr - Notibras","isPartOf":{"@id":"https:\/\/www.notibras.com\/site\/#website"},"primaryImageOfPage":{"@id":"https:\/\/www.notibras.com\/site\/conselho-de-etica-cita-eduardo-cunha-e-prazo-para-a-defesa-comeca-a-correr\/#primaryimage"},"image":{"@id":"https:\/\/www.notibras.com\/site\/conselho-de-etica-cita-eduardo-cunha-e-prazo-para-a-defesa-comeca-a-correr\/#primaryimage"},"thumbnailUrl":"https:\/\/www.notibras.com\/site\/wp-content\/uploads\/2015\/10\/ecce.jpg","datePublished":"2015-10-28T15:42:14+00:00","dateModified":"2015-10-28T17:17:36+00:00","breadcrumb":{"@id":"https:\/\/www.notibras.com\/site\/conselho-de-etica-cita-eduardo-cunha-e-prazo-para-a-defesa-comeca-a-correr\/#breadcrumb"},"inLanguage":"pt-BR","potentialAction":[{"@type":"ReadAction","target":["https:\/\/www.notibras.com\/site\/conselho-de-etica-cita-eduardo-cunha-e-prazo-para-a-defesa-comeca-a-correr\/"]}]},{"@type":"ImageObject","inLanguage":"pt-BR","@id":"https:\/\/www.notibras.com\/site\/conselho-de-etica-cita-eduardo-cunha-e-prazo-para-a-defesa-comeca-a-correr\/#primaryimage","url":"https:\/\/www.notibras.com\/site\/wp-content\/uploads\/2015\/10\/ecce.jpg","contentUrl":"https:\/\/www.notibras.com\/site\/wp-content\/uploads\/2015\/10\/ecce.jpg","width":615,"height":470},{"@type":"BreadcrumbList","@id":"https:\/\/www.notibras.com\/site\/conselho-de-etica-cita-eduardo-cunha-e-prazo-para-a-defesa-comeca-a-correr\/#breadcrumb","itemListElement":[{"@type":"ListItem","position":1,"name":"In\u00edcio","item":"https:\/\/www.notibras.com\/site\/"},{"@type":"ListItem","position":2,"name":"Conselho de \u00c9tica cita Eduardo Cunha e prazo para defesa come\u00e7a a correr"}]},{"@type":"WebSite","@id":"https:\/\/www.notibras.com\/site\/#website","url":"https:\/\/www.notibras.com\/site\/","name":"Notibras","description":"Not\u00edcias de Bras\u00edlia, do Brasil e do Mundo","publisher":{"@id":"https:\/\/www.notibras.com\/site\/#organization"},"potentialAction":[{"@type":"SearchAction","target":{"@type":"EntryPoint","urlTemplate":"https:\/\/www.notibras.com\/site\/?s={search_term_string}"},"query-input":{"@type":"PropertyValueSpecification","valueRequired":true,"valueName":"search_term_string"}}],"inLanguage":"pt-BR"},{"@type":"Organization","@id":"https:\/\/www.notibras.com\/site\/#organization","name":"Grupo Notibras de Comunica\u00e7\u00e3o","url":"https:\/\/www.notibras.com\/site\/","logo":{"@type":"ImageObject","inLanguage":"pt-BR","@id":"https:\/\/www.notibras.com\/site\/#\/schema\/logo\/image\/","url":"https:\/\/www.notibras.com\/site\/wp-content\/uploads\/2023\/01\/notibras23.png","contentUrl":"https:\/\/www.notibras.com\/site\/wp-content\/uploads\/2023\/01\/notibras23.png","width":350,"height":87,"caption":"Grupo Notibras de Comunica\u00e7\u00e3o"},"image":{"@id":"https:\/\/www.notibras.com\/site\/#\/schema\/logo\/image\/"},"sameAs":["https:\/\/www.facebook.com\/notibras\/","https:\/\/x.com\/Notibras","https:\/\/www.instagram.com\/notibras\/"]},{"@type":"Person","@id":"https:\/\/www.notibras.com\/site\/#\/schema\/person\/36ab0979449956132d3e5b517ea76ac8","name":"Reda\u00e7\u00e3o","image":{"@type":"ImageObject","inLanguage":"pt-BR","@id":"https:\/\/secure.gravatar.com\/avatar\/e0a867bdedb85fd243eadf09663511f96fc81e0720a4a42581f334ad4303aa6b?s=96&d=mm&r=g","url":"https:\/\/secure.gravatar.com\/avatar\/e0a867bdedb85fd243eadf09663511f96fc81e0720a4a42581f334ad4303aa6b?s=96&d=mm&r=g","contentUrl":"https:\/\/secure.gravatar.com\/avatar\/e0a867bdedb85fd243eadf09663511f96fc81e0720a4a42581f334ad4303aa6b?s=96&d=mm&r=g","caption":"Reda\u00e7\u00e3o"}}]}},"amp_enabled":true,"_links":{"self":[{"href":"https:\/\/www.notibras.com\/site\/wp-json\/wp\/v2\/posts\/73440","targetHints":{"allow":["GET"]}}],"collection":[{"href":"https:\/\/www.notibras.com\/site\/wp-json\/wp\/v2\/posts"}],"about":[{"href":"https:\/\/www.notibras.com\/site\/wp-json\/wp\/v2\/types\/post"}],"author":[{"embeddable":true,"href":"https:\/\/www.notibras.com\/site\/wp-json\/wp\/v2\/users\/2"}],"replies":[{"embeddable":true,"href":"https:\/\/www.notibras.com\/site\/wp-json\/wp\/v2\/comments?post=73440"}],"version-history":[{"count":2,"href":"https:\/\/www.notibras.com\/site\/wp-json\/wp\/v2\/posts\/73440\/revisions"}],"predecessor-version":[{"id":73443,"href":"https:\/\/www.notibras.com\/site\/wp-json\/wp\/v2\/posts\/73440\/revisions\/73443"}],"wp:featuredmedia":[{"embeddable":true,"href":"https:\/\/www.notibras.com\/site\/wp-json\/wp\/v2\/media\/73441"}],"wp:attachment":[{"href":"https:\/\/www.notibras.com\/site\/wp-json\/wp\/v2\/media?parent=73440"}],"wp:term":[{"taxonomy":"category","embeddable":true,"href":"https:\/\/www.notibras.com\/site\/wp-json\/wp\/v2\/categories?post=73440"},{"taxonomy":"post_tag","embeddable":true,"href":"https:\/\/www.notibras.com\/site\/wp-json\/wp\/v2\/tags?post=73440"}],"curies":[{"name":"wp","href":"https:\/\/api.w.org\/{rel}","templated":true}]}}