{"id":7346,"date":"2014-04-22T21:59:10","date_gmt":"2014-04-23T00:59:10","guid":{"rendered":"http:\/\/www.notibras.com\/site\/?p=7346"},"modified":"2014-04-23T11:07:23","modified_gmt":"2014-04-23T14:07:23","slug":"senado-aprova-marco-civil-da-internet-e-projeto-segue-para-a-sancao-de-dilma","status":"publish","type":"post","link":"https:\/\/www.notibras.com\/site\/senado-aprova-marco-civil-da-internet-e-projeto-segue-para-a-sancao-de-dilma\/","title":{"rendered":"Senado aprova Marco da web; agora falta a san\u00e7\u00e3o de Dilma"},"content":{"rendered":"<p>O plen\u00e1rio do Senado aprovou nesta ter\u00e7a-feira 22, por vota\u00e7\u00e3o simb\u00f3lica, o Projeto de Lei do Marco Civil da Internet. Ap\u00f3s momentos de embate entre governistas e oposicionistas, a reda\u00e7\u00e3o final da mat\u00e9ria foi aprovada sem altera\u00e7\u00f5es pela unanimidade dos senadores presentes. O texto segue agora para san\u00e7\u00e3o da presidenta Dilma Rousseff.<\/p>\n<p>Um dos principais pontos do projeto a prote\u00e7\u00e3o da\u00a0 neutralidade de rede est\u00e1 no Artigo 9\u00ba, que garante tratamento ison\u00f4mico para qualquer pacote de dados, sem que o acesso ao conte\u00fado dependa do valor pago. A regra determina tratamento igual para todos os conte\u00fados que trafegam na internet. Assim, os provedores ficam proibidos de discriminar usu\u00e1rios conforme os servi\u00e7os ou conte\u00fados que eles acessam \u2013- cobrando mais, por exemplo, de quem acessa v\u00eddeos ou aplica\u00e7\u00f5es de compartilhamento de arquivos.<\/p>\n<p>Outro ponto da proposta garante o direito dos usu\u00e1rios \u00e0 privacidade, especialmente \u00e0 inviolabilidade e ao sigilo das comunica\u00e7\u00f5es pela internet. O texto determina que as empresas desenvolvam mecanismos para garantir, por exemplo, que os <em>e-mails<\/em> s\u00f3 ser\u00e3o lidos pelos emissores e pelos destinat\u00e1rios da mensagem, nos moldes do que j\u00e1 \u00e9 previsto para as tradicionais cartas de papel.<\/p>\n<p>O projeto tamb\u00e9m assegura prote\u00e7\u00e3o a dados pessoais e registros de conex\u00e3o e coloca na ilegalidade a coopera\u00e7\u00e3o das empresas de internet com \u00f3rg\u00e3os de informa\u00e7\u00e3o estrangeiros. O objetivo \u00e9 evitar casos de espionagem como o esc\u00e2ndalo que envolveu a NSA, ag\u00eancia norte-americana de informa\u00e7\u00f5es.<\/p>\n<p>O Artigo 19, que limita \u00e0 Justi\u00e7a a decis\u00e3o sobre a retirada de conte\u00fados, tamb\u00e9m est\u00e1 entre os principais pontos do projeto. Atualmente, v\u00e1rios provedores tiram do ar textos, imagens e v\u00eddeos de p\u00e1ginas que hospedam, a partir de simples notifica\u00e7\u00f5es.<\/p>\n<p>Os senadores oposicionistas reclamaram da vota\u00e7\u00e3o antecipada da mat\u00e9ria. Eles queriam discutir mais o assunto e chegaram a apresentar emendas que foram rejeitadas em plen\u00e1rio. No fim, entretanto, votaram a favor do texto final e comemoraram a aprova\u00e7\u00e3o do novo marco regulat\u00f3rio. \u201cInfelizmente, o rolo compressor [do governo] prevaleceu. Mas o novo marco da internet \u00e9, sem d\u00favida, um avan\u00e7o porque mant\u00e9m a neutralidade da rede, que \u00e9 uma vit\u00f3ria de toda a sociedade\u201d, disse o senador e presidente nacional do PSDB, A\u00e9cio Neves (MG).<\/p>\n<p>O l\u00edder do governo no Senado, Eduardo Braga (PMDB-AM), disse que o Brasil dar\u00e1 exemplo ao mundo no que se refere \u00e0 regula\u00e7\u00e3o das rela\u00e7\u00f5es na internet e ressaltou que a maioria dos pa\u00edses ainda n\u00e3o t\u00eam leis t\u00e3o \u201cmaduras\u201d quanto a que foi aprovada no Congresso brasileiro. Ele confirmou que a presidenta Dilma Rousseff dever\u00e1 apresentar a nova legisla\u00e7\u00e3o no evento internacional sobre o assunto, NetMundial, que come\u00e7a amanh\u00e3 (23), em S\u00e3o Paulo. \u201cO encontro internacional ser\u00e1 premiado com a grande legisla\u00e7\u00e3o que o Brasil oferecer\u00e1 para o mundo amanh\u00e3\u201d, disse o senador.<\/p>\n<p>Braga admitiu que o texto ainda dever\u00e1 passar por ajustes, que ser\u00e3o tratados em uma medida provis\u00f3ria no futuro. Ela dever\u00e1 abordar os artigos 10\u00ba e 13, especialmente no que se refere a quais autoridades ter\u00e3o permiss\u00e3o de acesso a dados pessoais dos usu\u00e1rios de internet.<\/p>\n<div class=\"node-info\"><strong>Mariana Jungmann, ABr<\/strong><\/div>\n","protected":false},"excerpt":{"rendered":"<p>O plen\u00e1rio do Senado aprovou nesta ter\u00e7a-feira 22, por vota\u00e7\u00e3o simb\u00f3lica, o Projeto de Lei do Marco Civil da Internet. Ap\u00f3s momentos de embate entre governistas e oposicionistas, a reda\u00e7\u00e3o final da mat\u00e9ria foi aprovada sem altera\u00e7\u00f5es pela unanimidade dos senadores presentes. O texto segue agora para san\u00e7\u00e3o da presidenta Dilma Rousseff. Um dos principais [&hellip;]<\/p>\n","protected":false},"author":2,"featured_media":7347,"comment_status":"open","ping_status":"closed","sticky":false,"template":"","format":"standard","meta":{"_acf_changed":false,"footnotes":""},"categories":[16],"tags":[],"class_list":["post-7346","post","type-post","status-publish","format-standard","has-post-thumbnail","hentry","category-brasil"],"acf":[],"yoast_head":"<!-- This site is optimized with the Yoast SEO plugin v27.2 - https:\/\/yoast.com\/product\/yoast-seo-wordpress\/ -->\n<title>Senado aprova Marco da web; agora falta a san\u00e7\u00e3o de Dilma - Notibras<\/title>\n<meta name=\"robots\" content=\"index, follow, max-snippet:-1, max-image-preview:large, max-video-preview:-1\" \/>\n<link rel=\"canonical\" href=\"https:\/\/www.notibras.com\/site\/senado-aprova-marco-civil-da-internet-e-projeto-segue-para-a-sancao-de-dilma\/\" \/>\n<meta property=\"og:locale\" content=\"pt_BR\" \/>\n<meta property=\"og:type\" content=\"article\" \/>\n<meta property=\"og:title\" content=\"Senado aprova Marco da web; agora falta a san\u00e7\u00e3o de Dilma - Notibras\" \/>\n<meta property=\"og:description\" content=\"O plen\u00e1rio do Senado aprovou nesta ter\u00e7a-feira 22, por vota\u00e7\u00e3o simb\u00f3lica, o Projeto de Lei do Marco Civil da Internet. Ap\u00f3s momentos de embate entre governistas e oposicionistas, a reda\u00e7\u00e3o final da mat\u00e9ria foi aprovada sem altera\u00e7\u00f5es pela unanimidade dos senadores presentes. O texto segue agora para san\u00e7\u00e3o da presidenta Dilma Rousseff. Um dos principais [&hellip;]\" \/>\n<meta property=\"og:url\" content=\"https:\/\/www.notibras.com\/site\/senado-aprova-marco-civil-da-internet-e-projeto-segue-para-a-sancao-de-dilma\/\" \/>\n<meta property=\"og:site_name\" content=\"Notibras\" \/>\n<meta property=\"article:publisher\" content=\"https:\/\/www.facebook.com\/notibras\/\" \/>\n<meta property=\"article:published_time\" content=\"2014-04-23T00:59:10+00:00\" \/>\n<meta property=\"article:modified_time\" content=\"2014-04-23T14:07:23+00:00\" \/>\n<meta property=\"og:image\" content=\"https:\/\/www.notibras.com\/site\/wp-content\/uploads\/2014\/04\/marco-civil-da-internet.jpg\" \/>\n\t<meta property=\"og:image:width\" content=\"660\" \/>\n\t<meta property=\"og:image:height\" content=\"440\" \/>\n\t<meta property=\"og:image:type\" content=\"image\/jpeg\" \/>\n<meta name=\"author\" content=\"Reda\u00e7\u00e3o\" \/>\n<meta name=\"twitter:card\" content=\"summary_large_image\" \/>\n<meta name=\"twitter:creator\" content=\"@Notibras\" \/>\n<meta name=\"twitter:site\" content=\"@Notibras\" \/>\n<meta name=\"twitter:label1\" content=\"Escrito por\" \/>\n\t<meta name=\"twitter:data1\" content=\"Reda\u00e7\u00e3o\" \/>\n\t<meta name=\"twitter:label2\" content=\"Est. tempo de leitura\" \/>\n\t<meta name=\"twitter:data2\" content=\"3 minutos\" \/>\n<script type=\"application\/ld+json\" class=\"yoast-schema-graph\">{\"@context\":\"https:\/\/schema.org\",\"@graph\":[{\"@type\":\"Article\",\"@id\":\"https:\/\/www.notibras.com\/site\/senado-aprova-marco-civil-da-internet-e-projeto-segue-para-a-sancao-de-dilma\/#article\",\"isPartOf\":{\"@id\":\"https:\/\/www.notibras.com\/site\/senado-aprova-marco-civil-da-internet-e-projeto-segue-para-a-sancao-de-dilma\/\"},\"author\":{\"name\":\"Reda\u00e7\u00e3o\",\"@id\":\"https:\/\/www.notibras.com\/site\/#\/schema\/person\/36ab0979449956132d3e5b517ea76ac8\"},\"headline\":\"Senado aprova Marco da web; agora falta a san\u00e7\u00e3o de Dilma\",\"datePublished\":\"2014-04-23T00:59:10+00:00\",\"dateModified\":\"2014-04-23T14:07:23+00:00\",\"mainEntityOfPage\":{\"@id\":\"https:\/\/www.notibras.com\/site\/senado-aprova-marco-civil-da-internet-e-projeto-segue-para-a-sancao-de-dilma\/\"},\"wordCount\":567,\"commentCount\":0,\"publisher\":{\"@id\":\"https:\/\/www.notibras.com\/site\/#organization\"},\"image\":{\"@id\":\"https:\/\/www.notibras.com\/site\/senado-aprova-marco-civil-da-internet-e-projeto-segue-para-a-sancao-de-dilma\/#primaryimage\"},\"thumbnailUrl\":\"https:\/\/www.notibras.com\/site\/wp-content\/uploads\/2014\/04\/marco-civil-da-internet.jpg\",\"articleSection\":[\"Brasil\"],\"inLanguage\":\"pt-BR\",\"potentialAction\":[{\"@type\":\"CommentAction\",\"name\":\"Comment\",\"target\":[\"https:\/\/www.notibras.com\/site\/senado-aprova-marco-civil-da-internet-e-projeto-segue-para-a-sancao-de-dilma\/#respond\"]}]},{\"@type\":\"WebPage\",\"@id\":\"https:\/\/www.notibras.com\/site\/senado-aprova-marco-civil-da-internet-e-projeto-segue-para-a-sancao-de-dilma\/\",\"url\":\"https:\/\/www.notibras.com\/site\/senado-aprova-marco-civil-da-internet-e-projeto-segue-para-a-sancao-de-dilma\/\",\"name\":\"Senado aprova Marco da web; agora falta a san\u00e7\u00e3o de Dilma - Notibras\",\"isPartOf\":{\"@id\":\"https:\/\/www.notibras.com\/site\/#website\"},\"primaryImageOfPage\":{\"@id\":\"https:\/\/www.notibras.com\/site\/senado-aprova-marco-civil-da-internet-e-projeto-segue-para-a-sancao-de-dilma\/#primaryimage\"},\"image\":{\"@id\":\"https:\/\/www.notibras.com\/site\/senado-aprova-marco-civil-da-internet-e-projeto-segue-para-a-sancao-de-dilma\/#primaryimage\"},\"thumbnailUrl\":\"https:\/\/www.notibras.com\/site\/wp-content\/uploads\/2014\/04\/marco-civil-da-internet.jpg\",\"datePublished\":\"2014-04-23T00:59:10+00:00\",\"dateModified\":\"2014-04-23T14:07:23+00:00\",\"breadcrumb\":{\"@id\":\"https:\/\/www.notibras.com\/site\/senado-aprova-marco-civil-da-internet-e-projeto-segue-para-a-sancao-de-dilma\/#breadcrumb\"},\"inLanguage\":\"pt-BR\",\"potentialAction\":[{\"@type\":\"ReadAction\",\"target\":[\"https:\/\/www.notibras.com\/site\/senado-aprova-marco-civil-da-internet-e-projeto-segue-para-a-sancao-de-dilma\/\"]}]},{\"@type\":\"ImageObject\",\"inLanguage\":\"pt-BR\",\"@id\":\"https:\/\/www.notibras.com\/site\/senado-aprova-marco-civil-da-internet-e-projeto-segue-para-a-sancao-de-dilma\/#primaryimage\",\"url\":\"https:\/\/www.notibras.com\/site\/wp-content\/uploads\/2014\/04\/marco-civil-da-internet.jpg\",\"contentUrl\":\"https:\/\/www.notibras.com\/site\/wp-content\/uploads\/2014\/04\/marco-civil-da-internet.jpg\",\"width\":660,\"height\":440},{\"@type\":\"BreadcrumbList\",\"@id\":\"https:\/\/www.notibras.com\/site\/senado-aprova-marco-civil-da-internet-e-projeto-segue-para-a-sancao-de-dilma\/#breadcrumb\",\"itemListElement\":[{\"@type\":\"ListItem\",\"position\":1,\"name\":\"In\u00edcio\",\"item\":\"https:\/\/www.notibras.com\/site\/\"},{\"@type\":\"ListItem\",\"position\":2,\"name\":\"Senado aprova Marco da web; agora falta a san\u00e7\u00e3o de Dilma\"}]},{\"@type\":\"WebSite\",\"@id\":\"https:\/\/www.notibras.com\/site\/#website\",\"url\":\"https:\/\/www.notibras.com\/site\/\",\"name\":\"Notibras\",\"description\":\"Not\u00edcias de Bras\u00edlia, do Brasil e do Mundo\",\"publisher\":{\"@id\":\"https:\/\/www.notibras.com\/site\/#organization\"},\"potentialAction\":[{\"@type\":\"SearchAction\",\"target\":{\"@type\":\"EntryPoint\",\"urlTemplate\":\"https:\/\/www.notibras.com\/site\/?s={search_term_string}\"},\"query-input\":{\"@type\":\"PropertyValueSpecification\",\"valueRequired\":true,\"valueName\":\"search_term_string\"}}],\"inLanguage\":\"pt-BR\"},{\"@type\":\"Organization\",\"@id\":\"https:\/\/www.notibras.com\/site\/#organization\",\"name\":\"Grupo Notibras de Comunica\u00e7\u00e3o\",\"url\":\"https:\/\/www.notibras.com\/site\/\",\"logo\":{\"@type\":\"ImageObject\",\"inLanguage\":\"pt-BR\",\"@id\":\"https:\/\/www.notibras.com\/site\/#\/schema\/logo\/image\/\",\"url\":\"https:\/\/www.notibras.com\/site\/wp-content\/uploads\/2023\/01\/notibras23.png\",\"contentUrl\":\"https:\/\/www.notibras.com\/site\/wp-content\/uploads\/2023\/01\/notibras23.png\",\"width\":350,\"height\":87,\"caption\":\"Grupo Notibras de Comunica\u00e7\u00e3o\"},\"image\":{\"@id\":\"https:\/\/www.notibras.com\/site\/#\/schema\/logo\/image\/\"},\"sameAs\":[\"https:\/\/www.facebook.com\/notibras\/\",\"https:\/\/x.com\/Notibras\",\"https:\/\/www.instagram.com\/notibras\/\"]},{\"@type\":\"Person\",\"@id\":\"https:\/\/www.notibras.com\/site\/#\/schema\/person\/36ab0979449956132d3e5b517ea76ac8\",\"name\":\"Reda\u00e7\u00e3o\",\"image\":{\"@type\":\"ImageObject\",\"inLanguage\":\"pt-BR\",\"@id\":\"https:\/\/secure.gravatar.com\/avatar\/e0a867bdedb85fd243eadf09663511f96fc81e0720a4a42581f334ad4303aa6b?s=96&d=mm&r=g\",\"url\":\"https:\/\/secure.gravatar.com\/avatar\/e0a867bdedb85fd243eadf09663511f96fc81e0720a4a42581f334ad4303aa6b?s=96&d=mm&r=g\",\"contentUrl\":\"https:\/\/secure.gravatar.com\/avatar\/e0a867bdedb85fd243eadf09663511f96fc81e0720a4a42581f334ad4303aa6b?s=96&d=mm&r=g\",\"caption\":\"Reda\u00e7\u00e3o\"}}]}<\/script>\n<!-- \/ Yoast SEO plugin. -->","yoast_head_json":{"title":"Senado aprova Marco da web; agora falta a san\u00e7\u00e3o de Dilma - Notibras","robots":{"index":"index","follow":"follow","max-snippet":"max-snippet:-1","max-image-preview":"max-image-preview:large","max-video-preview":"max-video-preview:-1"},"canonical":"https:\/\/www.notibras.com\/site\/senado-aprova-marco-civil-da-internet-e-projeto-segue-para-a-sancao-de-dilma\/","og_locale":"pt_BR","og_type":"article","og_title":"Senado aprova Marco da web; agora falta a san\u00e7\u00e3o de Dilma - Notibras","og_description":"O plen\u00e1rio do Senado aprovou nesta ter\u00e7a-feira 22, por vota\u00e7\u00e3o simb\u00f3lica, o Projeto de Lei do Marco Civil da Internet. Ap\u00f3s momentos de embate entre governistas e oposicionistas, a reda\u00e7\u00e3o final da mat\u00e9ria foi aprovada sem altera\u00e7\u00f5es pela unanimidade dos senadores presentes. O texto segue agora para san\u00e7\u00e3o da presidenta Dilma Rousseff. Um dos principais [&hellip;]","og_url":"https:\/\/www.notibras.com\/site\/senado-aprova-marco-civil-da-internet-e-projeto-segue-para-a-sancao-de-dilma\/","og_site_name":"Notibras","article_publisher":"https:\/\/www.facebook.com\/notibras\/","article_published_time":"2014-04-23T00:59:10+00:00","article_modified_time":"2014-04-23T14:07:23+00:00","og_image":[{"width":660,"height":440,"url":"https:\/\/www.notibras.com\/site\/wp-content\/uploads\/2014\/04\/marco-civil-da-internet.jpg","type":"image\/jpeg"}],"author":"Reda\u00e7\u00e3o","twitter_card":"summary_large_image","twitter_creator":"@Notibras","twitter_site":"@Notibras","twitter_misc":{"Escrito por":"Reda\u00e7\u00e3o","Est. tempo de leitura":"3 minutos"},"schema":{"@context":"https:\/\/schema.org","@graph":[{"@type":"Article","@id":"https:\/\/www.notibras.com\/site\/senado-aprova-marco-civil-da-internet-e-projeto-segue-para-a-sancao-de-dilma\/#article","isPartOf":{"@id":"https:\/\/www.notibras.com\/site\/senado-aprova-marco-civil-da-internet-e-projeto-segue-para-a-sancao-de-dilma\/"},"author":{"name":"Reda\u00e7\u00e3o","@id":"https:\/\/www.notibras.com\/site\/#\/schema\/person\/36ab0979449956132d3e5b517ea76ac8"},"headline":"Senado aprova Marco da web; agora falta a san\u00e7\u00e3o de Dilma","datePublished":"2014-04-23T00:59:10+00:00","dateModified":"2014-04-23T14:07:23+00:00","mainEntityOfPage":{"@id":"https:\/\/www.notibras.com\/site\/senado-aprova-marco-civil-da-internet-e-projeto-segue-para-a-sancao-de-dilma\/"},"wordCount":567,"commentCount":0,"publisher":{"@id":"https:\/\/www.notibras.com\/site\/#organization"},"image":{"@id":"https:\/\/www.notibras.com\/site\/senado-aprova-marco-civil-da-internet-e-projeto-segue-para-a-sancao-de-dilma\/#primaryimage"},"thumbnailUrl":"https:\/\/www.notibras.com\/site\/wp-content\/uploads\/2014\/04\/marco-civil-da-internet.jpg","articleSection":["Brasil"],"inLanguage":"pt-BR","potentialAction":[{"@type":"CommentAction","name":"Comment","target":["https:\/\/www.notibras.com\/site\/senado-aprova-marco-civil-da-internet-e-projeto-segue-para-a-sancao-de-dilma\/#respond"]}]},{"@type":"WebPage","@id":"https:\/\/www.notibras.com\/site\/senado-aprova-marco-civil-da-internet-e-projeto-segue-para-a-sancao-de-dilma\/","url":"https:\/\/www.notibras.com\/site\/senado-aprova-marco-civil-da-internet-e-projeto-segue-para-a-sancao-de-dilma\/","name":"Senado aprova Marco da web; agora falta a san\u00e7\u00e3o de Dilma - Notibras","isPartOf":{"@id":"https:\/\/www.notibras.com\/site\/#website"},"primaryImageOfPage":{"@id":"https:\/\/www.notibras.com\/site\/senado-aprova-marco-civil-da-internet-e-projeto-segue-para-a-sancao-de-dilma\/#primaryimage"},"image":{"@id":"https:\/\/www.notibras.com\/site\/senado-aprova-marco-civil-da-internet-e-projeto-segue-para-a-sancao-de-dilma\/#primaryimage"},"thumbnailUrl":"https:\/\/www.notibras.com\/site\/wp-content\/uploads\/2014\/04\/marco-civil-da-internet.jpg","datePublished":"2014-04-23T00:59:10+00:00","dateModified":"2014-04-23T14:07:23+00:00","breadcrumb":{"@id":"https:\/\/www.notibras.com\/site\/senado-aprova-marco-civil-da-internet-e-projeto-segue-para-a-sancao-de-dilma\/#breadcrumb"},"inLanguage":"pt-BR","potentialAction":[{"@type":"ReadAction","target":["https:\/\/www.notibras.com\/site\/senado-aprova-marco-civil-da-internet-e-projeto-segue-para-a-sancao-de-dilma\/"]}]},{"@type":"ImageObject","inLanguage":"pt-BR","@id":"https:\/\/www.notibras.com\/site\/senado-aprova-marco-civil-da-internet-e-projeto-segue-para-a-sancao-de-dilma\/#primaryimage","url":"https:\/\/www.notibras.com\/site\/wp-content\/uploads\/2014\/04\/marco-civil-da-internet.jpg","contentUrl":"https:\/\/www.notibras.com\/site\/wp-content\/uploads\/2014\/04\/marco-civil-da-internet.jpg","width":660,"height":440},{"@type":"BreadcrumbList","@id":"https:\/\/www.notibras.com\/site\/senado-aprova-marco-civil-da-internet-e-projeto-segue-para-a-sancao-de-dilma\/#breadcrumb","itemListElement":[{"@type":"ListItem","position":1,"name":"In\u00edcio","item":"https:\/\/www.notibras.com\/site\/"},{"@type":"ListItem","position":2,"name":"Senado aprova Marco da web; agora falta a san\u00e7\u00e3o de Dilma"}]},{"@type":"WebSite","@id":"https:\/\/www.notibras.com\/site\/#website","url":"https:\/\/www.notibras.com\/site\/","name":"Notibras","description":"Not\u00edcias de Bras\u00edlia, do Brasil e do Mundo","publisher":{"@id":"https:\/\/www.notibras.com\/site\/#organization"},"potentialAction":[{"@type":"SearchAction","target":{"@type":"EntryPoint","urlTemplate":"https:\/\/www.notibras.com\/site\/?s={search_term_string}"},"query-input":{"@type":"PropertyValueSpecification","valueRequired":true,"valueName":"search_term_string"}}],"inLanguage":"pt-BR"},{"@type":"Organization","@id":"https:\/\/www.notibras.com\/site\/#organization","name":"Grupo Notibras de Comunica\u00e7\u00e3o","url":"https:\/\/www.notibras.com\/site\/","logo":{"@type":"ImageObject","inLanguage":"pt-BR","@id":"https:\/\/www.notibras.com\/site\/#\/schema\/logo\/image\/","url":"https:\/\/www.notibras.com\/site\/wp-content\/uploads\/2023\/01\/notibras23.png","contentUrl":"https:\/\/www.notibras.com\/site\/wp-content\/uploads\/2023\/01\/notibras23.png","width":350,"height":87,"caption":"Grupo Notibras de Comunica\u00e7\u00e3o"},"image":{"@id":"https:\/\/www.notibras.com\/site\/#\/schema\/logo\/image\/"},"sameAs":["https:\/\/www.facebook.com\/notibras\/","https:\/\/x.com\/Notibras","https:\/\/www.instagram.com\/notibras\/"]},{"@type":"Person","@id":"https:\/\/www.notibras.com\/site\/#\/schema\/person\/36ab0979449956132d3e5b517ea76ac8","name":"Reda\u00e7\u00e3o","image":{"@type":"ImageObject","inLanguage":"pt-BR","@id":"https:\/\/secure.gravatar.com\/avatar\/e0a867bdedb85fd243eadf09663511f96fc81e0720a4a42581f334ad4303aa6b?s=96&d=mm&r=g","url":"https:\/\/secure.gravatar.com\/avatar\/e0a867bdedb85fd243eadf09663511f96fc81e0720a4a42581f334ad4303aa6b?s=96&d=mm&r=g","contentUrl":"https:\/\/secure.gravatar.com\/avatar\/e0a867bdedb85fd243eadf09663511f96fc81e0720a4a42581f334ad4303aa6b?s=96&d=mm&r=g","caption":"Reda\u00e7\u00e3o"}}]}},"amp_enabled":true,"_links":{"self":[{"href":"https:\/\/www.notibras.com\/site\/wp-json\/wp\/v2\/posts\/7346","targetHints":{"allow":["GET"]}}],"collection":[{"href":"https:\/\/www.notibras.com\/site\/wp-json\/wp\/v2\/posts"}],"about":[{"href":"https:\/\/www.notibras.com\/site\/wp-json\/wp\/v2\/types\/post"}],"author":[{"embeddable":true,"href":"https:\/\/www.notibras.com\/site\/wp-json\/wp\/v2\/users\/2"}],"replies":[{"embeddable":true,"href":"https:\/\/www.notibras.com\/site\/wp-json\/wp\/v2\/comments?post=7346"}],"version-history":[{"count":0,"href":"https:\/\/www.notibras.com\/site\/wp-json\/wp\/v2\/posts\/7346\/revisions"}],"wp:featuredmedia":[{"embeddable":true,"href":"https:\/\/www.notibras.com\/site\/wp-json\/wp\/v2\/media\/7347"}],"wp:attachment":[{"href":"https:\/\/www.notibras.com\/site\/wp-json\/wp\/v2\/media?parent=7346"}],"wp:term":[{"taxonomy":"category","embeddable":true,"href":"https:\/\/www.notibras.com\/site\/wp-json\/wp\/v2\/categories?post=7346"},{"taxonomy":"post_tag","embeddable":true,"href":"https:\/\/www.notibras.com\/site\/wp-json\/wp\/v2\/tags?post=7346"}],"curies":[{"name":"wp","href":"https:\/\/api.w.org\/{rel}","templated":true}]}}