{"id":73465,"date":"2015-10-28T19:06:32","date_gmt":"2015-10-28T21:06:32","guid":{"rendered":"http:\/\/www.notibras.com\/site\/?p=73465"},"modified":"2015-10-28T19:26:52","modified_gmt":"2015-10-28T21:26:52","slug":"irmaos-evangelicos-pedem-a-imediata-saida-de-cunha-do-comando-da-camara","status":"publish","type":"post","link":"https:\/\/www.notibras.com\/site\/irmaos-evangelicos-pedem-a-imediata-saida-de-cunha-do-comando-da-camara\/","title":{"rendered":"Irm\u00e3os evang\u00e9licos tamb\u00e9m pedem a &#8220;imediata&#8221; sa\u00edda de Cunha da dire\u00e7\u00e3o da C\u00e2mara"},"content":{"rendered":"<p>Representantes e integrantes de movimentos evang\u00e9licos protocolarem na tarde desta quarta-feira, 28, na Secretaria Geral da Mesa Diretora da C\u00e2mara dos Deputados, manifesto pedindo a sa\u00edda &#8220;imediata&#8221; do presidente da Casa, Eduardo Cunha (PMDB-RJ). No documento, eles repudiam as a\u00e7\u00f5es de corrup\u00e7\u00e3o das quais \u00e9 acusado o peemedebista, que se identifica como evang\u00e9lico, e avaliam que elas tornam a perman\u00eancia de Cunha no cargo insustent\u00e1vel.<\/p>\n<p>No documento, evang\u00e9licos afirmam que a crise pol\u00edtica pela qual o Brasil passa vem se traduzindo em conflitos institucionais, que precisam ser revistos com uma &#8220;profunda reforma pol\u00edtica.<\/p>\n<p>&#8220;Nesse contexto, as a\u00e7\u00f5es do deputado Eduardo Cunha, atual presidente da C\u00e2mara dos Deputados e que se identifica como evang\u00e9lico, merecem &#8220;rep\u00fadio&#8221;, dizem no documento, assinado por 117 pessoas. Eles avaliam que, diante das den\u00fancias de corrup\u00e7\u00e3o, &#8220;n\u00e3o h\u00e1 coer\u00eancia e base \u00e9tica necess\u00e1ria&#8221; para Cunha continuar no cargo.<\/p>\n<p>Um dos assinantes, o pastor Welinton Pereira afirmou ao Broadcast, servi\u00e7o de not\u00edcias em tempo real da Ag\u00eancia Estado, que o manifesto \u00e9 uma iniciativa &#8220;apartid\u00e1ria&#8221;. De acordo com ele, entre os apoiamentos, h\u00e1, inclusive, pelo menos 35 assinaturas de evang\u00e9licos da Assembleia de Deus, mesma igreja de Cunha.<\/p>\n<p>O pastor destacou que, ap\u00f3s o protocolo, foi aberta na internet uma lista online para colher assinaturas, que j\u00e1 conta com quase mil apoios. Na lista, pessoas de outras religi\u00f5es tamb\u00e9m podem assinar o pedido de afastamento de Cunha.<\/p>\n<p><img loading=\"lazy\" decoding=\"async\" class=\"alignnone size-full wp-image-70065\" src=\"http:\/\/www.notibras.com\/site\/wp-content\/uploads\/2015\/10\/estadao.png\" alt=\"estadao\" width=\"99\" height=\"16\" \/><\/p>\n","protected":false},"excerpt":{"rendered":"<p>Representantes e integrantes de movimentos evang\u00e9licos protocolarem na tarde desta quarta-feira, 28, na Secretaria Geral da Mesa Diretora da C\u00e2mara dos Deputados, manifesto pedindo a sa\u00edda &#8220;imediata&#8221; do presidente da Casa, Eduardo Cunha (PMDB-RJ). No documento, eles repudiam as a\u00e7\u00f5es de corrup\u00e7\u00e3o das quais \u00e9 acusado o peemedebista, que se identifica como evang\u00e9lico, e avaliam [&hellip;]<\/p>\n","protected":false},"author":2,"featured_media":73466,"comment_status":"open","ping_status":"closed","sticky":false,"template":"","format":"standard","meta":{"_acf_changed":false,"footnotes":""},"categories":[16],"tags":[],"class_list":["post-73465","post","type-post","status-publish","format-standard","has-post-thumbnail","hentry","category-brasil"],"acf":[],"yoast_head":"<!-- This site is optimized with the Yoast SEO plugin v27.2 - https:\/\/yoast.com\/product\/yoast-seo-wordpress\/ -->\n<title>Irm\u00e3os evang\u00e9licos tamb\u00e9m pedem a &quot;imediata&quot; sa\u00edda de Cunha da dire\u00e7\u00e3o da C\u00e2mara - Notibras<\/title>\n<meta name=\"robots\" content=\"index, follow, max-snippet:-1, max-image-preview:large, max-video-preview:-1\" \/>\n<link rel=\"canonical\" href=\"https:\/\/www.notibras.com\/site\/irmaos-evangelicos-pedem-a-imediata-saida-de-cunha-do-comando-da-camara\/\" \/>\n<meta property=\"og:locale\" content=\"pt_BR\" \/>\n<meta property=\"og:type\" content=\"article\" \/>\n<meta property=\"og:title\" content=\"Irm\u00e3os evang\u00e9licos tamb\u00e9m pedem a &quot;imediata&quot; sa\u00edda de Cunha da dire\u00e7\u00e3o da C\u00e2mara - Notibras\" \/>\n<meta property=\"og:description\" content=\"Representantes e integrantes de movimentos evang\u00e9licos protocolarem na tarde desta quarta-feira, 28, na Secretaria Geral da Mesa Diretora da C\u00e2mara dos Deputados, manifesto pedindo a sa\u00edda &#8220;imediata&#8221; do presidente da Casa, Eduardo Cunha (PMDB-RJ). No documento, eles repudiam as a\u00e7\u00f5es de corrup\u00e7\u00e3o das quais \u00e9 acusado o peemedebista, que se identifica como evang\u00e9lico, e avaliam [&hellip;]\" \/>\n<meta property=\"og:url\" content=\"https:\/\/www.notibras.com\/site\/irmaos-evangelicos-pedem-a-imediata-saida-de-cunha-do-comando-da-camara\/\" \/>\n<meta property=\"og:site_name\" content=\"Notibras\" \/>\n<meta property=\"article:publisher\" content=\"https:\/\/www.facebook.com\/notibras\/\" \/>\n<meta property=\"article:published_time\" content=\"2015-10-28T21:06:32+00:00\" \/>\n<meta property=\"article:modified_time\" content=\"2015-10-28T21:26:52+00:00\" \/>\n<meta property=\"og:image\" content=\"https:\/\/www.notibras.com\/site\/wp-content\/uploads\/2015\/10\/edc.jpg\" \/>\n\t<meta property=\"og:image:width\" content=\"850\" \/>\n\t<meta property=\"og:image:height\" content=\"638\" \/>\n\t<meta property=\"og:image:type\" content=\"image\/jpeg\" \/>\n<meta name=\"author\" content=\"Reda\u00e7\u00e3o\" \/>\n<meta name=\"twitter:card\" content=\"summary_large_image\" \/>\n<meta name=\"twitter:creator\" content=\"@Notibras\" \/>\n<meta name=\"twitter:site\" content=\"@Notibras\" \/>\n<meta name=\"twitter:label1\" content=\"Escrito por\" \/>\n\t<meta name=\"twitter:data1\" content=\"Reda\u00e7\u00e3o\" \/>\n\t<meta name=\"twitter:label2\" content=\"Est. tempo de leitura\" \/>\n\t<meta name=\"twitter:data2\" content=\"1 minuto\" \/>\n<script type=\"application\/ld+json\" class=\"yoast-schema-graph\">{\"@context\":\"https:\/\/schema.org\",\"@graph\":[{\"@type\":\"Article\",\"@id\":\"https:\/\/www.notibras.com\/site\/irmaos-evangelicos-pedem-a-imediata-saida-de-cunha-do-comando-da-camara\/#article\",\"isPartOf\":{\"@id\":\"https:\/\/www.notibras.com\/site\/irmaos-evangelicos-pedem-a-imediata-saida-de-cunha-do-comando-da-camara\/\"},\"author\":{\"name\":\"Reda\u00e7\u00e3o\",\"@id\":\"https:\/\/www.notibras.com\/site\/#\/schema\/person\/36ab0979449956132d3e5b517ea76ac8\"},\"headline\":\"Irm\u00e3os evang\u00e9licos tamb\u00e9m pedem a &#8220;imediata&#8221; sa\u00edda de Cunha da dire\u00e7\u00e3o da C\u00e2mara\",\"datePublished\":\"2015-10-28T21:06:32+00:00\",\"dateModified\":\"2015-10-28T21:26:52+00:00\",\"mainEntityOfPage\":{\"@id\":\"https:\/\/www.notibras.com\/site\/irmaos-evangelicos-pedem-a-imediata-saida-de-cunha-do-comando-da-camara\/\"},\"wordCount\":272,\"commentCount\":0,\"publisher\":{\"@id\":\"https:\/\/www.notibras.com\/site\/#organization\"},\"image\":{\"@id\":\"https:\/\/www.notibras.com\/site\/irmaos-evangelicos-pedem-a-imediata-saida-de-cunha-do-comando-da-camara\/#primaryimage\"},\"thumbnailUrl\":\"https:\/\/www.notibras.com\/site\/wp-content\/uploads\/2015\/10\/edc.jpg\",\"articleSection\":[\"Brasil\"],\"inLanguage\":\"pt-BR\",\"potentialAction\":[{\"@type\":\"CommentAction\",\"name\":\"Comment\",\"target\":[\"https:\/\/www.notibras.com\/site\/irmaos-evangelicos-pedem-a-imediata-saida-de-cunha-do-comando-da-camara\/#respond\"]}]},{\"@type\":\"WebPage\",\"@id\":\"https:\/\/www.notibras.com\/site\/irmaos-evangelicos-pedem-a-imediata-saida-de-cunha-do-comando-da-camara\/\",\"url\":\"https:\/\/www.notibras.com\/site\/irmaos-evangelicos-pedem-a-imediata-saida-de-cunha-do-comando-da-camara\/\",\"name\":\"Irm\u00e3os evang\u00e9licos tamb\u00e9m pedem a \\\"imediata\\\" sa\u00edda de Cunha da dire\u00e7\u00e3o da C\u00e2mara - Notibras\",\"isPartOf\":{\"@id\":\"https:\/\/www.notibras.com\/site\/#website\"},\"primaryImageOfPage\":{\"@id\":\"https:\/\/www.notibras.com\/site\/irmaos-evangelicos-pedem-a-imediata-saida-de-cunha-do-comando-da-camara\/#primaryimage\"},\"image\":{\"@id\":\"https:\/\/www.notibras.com\/site\/irmaos-evangelicos-pedem-a-imediata-saida-de-cunha-do-comando-da-camara\/#primaryimage\"},\"thumbnailUrl\":\"https:\/\/www.notibras.com\/site\/wp-content\/uploads\/2015\/10\/edc.jpg\",\"datePublished\":\"2015-10-28T21:06:32+00:00\",\"dateModified\":\"2015-10-28T21:26:52+00:00\",\"breadcrumb\":{\"@id\":\"https:\/\/www.notibras.com\/site\/irmaos-evangelicos-pedem-a-imediata-saida-de-cunha-do-comando-da-camara\/#breadcrumb\"},\"inLanguage\":\"pt-BR\",\"potentialAction\":[{\"@type\":\"ReadAction\",\"target\":[\"https:\/\/www.notibras.com\/site\/irmaos-evangelicos-pedem-a-imediata-saida-de-cunha-do-comando-da-camara\/\"]}]},{\"@type\":\"ImageObject\",\"inLanguage\":\"pt-BR\",\"@id\":\"https:\/\/www.notibras.com\/site\/irmaos-evangelicos-pedem-a-imediata-saida-de-cunha-do-comando-da-camara\/#primaryimage\",\"url\":\"https:\/\/www.notibras.com\/site\/wp-content\/uploads\/2015\/10\/edc.jpg\",\"contentUrl\":\"https:\/\/www.notibras.com\/site\/wp-content\/uploads\/2015\/10\/edc.jpg\",\"width\":850,\"height\":638},{\"@type\":\"BreadcrumbList\",\"@id\":\"https:\/\/www.notibras.com\/site\/irmaos-evangelicos-pedem-a-imediata-saida-de-cunha-do-comando-da-camara\/#breadcrumb\",\"itemListElement\":[{\"@type\":\"ListItem\",\"position\":1,\"name\":\"In\u00edcio\",\"item\":\"https:\/\/www.notibras.com\/site\/\"},{\"@type\":\"ListItem\",\"position\":2,\"name\":\"Irm\u00e3os evang\u00e9licos tamb\u00e9m pedem a &#8220;imediata&#8221; sa\u00edda de Cunha da dire\u00e7\u00e3o da C\u00e2mara\"}]},{\"@type\":\"WebSite\",\"@id\":\"https:\/\/www.notibras.com\/site\/#website\",\"url\":\"https:\/\/www.notibras.com\/site\/\",\"name\":\"Notibras\",\"description\":\"Not\u00edcias de Bras\u00edlia, do Brasil e do Mundo\",\"publisher\":{\"@id\":\"https:\/\/www.notibras.com\/site\/#organization\"},\"potentialAction\":[{\"@type\":\"SearchAction\",\"target\":{\"@type\":\"EntryPoint\",\"urlTemplate\":\"https:\/\/www.notibras.com\/site\/?s={search_term_string}\"},\"query-input\":{\"@type\":\"PropertyValueSpecification\",\"valueRequired\":true,\"valueName\":\"search_term_string\"}}],\"inLanguage\":\"pt-BR\"},{\"@type\":\"Organization\",\"@id\":\"https:\/\/www.notibras.com\/site\/#organization\",\"name\":\"Grupo Notibras de Comunica\u00e7\u00e3o\",\"url\":\"https:\/\/www.notibras.com\/site\/\",\"logo\":{\"@type\":\"ImageObject\",\"inLanguage\":\"pt-BR\",\"@id\":\"https:\/\/www.notibras.com\/site\/#\/schema\/logo\/image\/\",\"url\":\"https:\/\/www.notibras.com\/site\/wp-content\/uploads\/2023\/01\/notibras23.png\",\"contentUrl\":\"https:\/\/www.notibras.com\/site\/wp-content\/uploads\/2023\/01\/notibras23.png\",\"width\":350,\"height\":87,\"caption\":\"Grupo Notibras de Comunica\u00e7\u00e3o\"},\"image\":{\"@id\":\"https:\/\/www.notibras.com\/site\/#\/schema\/logo\/image\/\"},\"sameAs\":[\"https:\/\/www.facebook.com\/notibras\/\",\"https:\/\/x.com\/Notibras\",\"https:\/\/www.instagram.com\/notibras\/\"]},{\"@type\":\"Person\",\"@id\":\"https:\/\/www.notibras.com\/site\/#\/schema\/person\/36ab0979449956132d3e5b517ea76ac8\",\"name\":\"Reda\u00e7\u00e3o\",\"image\":{\"@type\":\"ImageObject\",\"inLanguage\":\"pt-BR\",\"@id\":\"https:\/\/secure.gravatar.com\/avatar\/e0a867bdedb85fd243eadf09663511f96fc81e0720a4a42581f334ad4303aa6b?s=96&d=mm&r=g\",\"url\":\"https:\/\/secure.gravatar.com\/avatar\/e0a867bdedb85fd243eadf09663511f96fc81e0720a4a42581f334ad4303aa6b?s=96&d=mm&r=g\",\"contentUrl\":\"https:\/\/secure.gravatar.com\/avatar\/e0a867bdedb85fd243eadf09663511f96fc81e0720a4a42581f334ad4303aa6b?s=96&d=mm&r=g\",\"caption\":\"Reda\u00e7\u00e3o\"}}]}<\/script>\n<!-- \/ Yoast SEO plugin. -->","yoast_head_json":{"title":"Irm\u00e3os evang\u00e9licos tamb\u00e9m pedem a \"imediata\" sa\u00edda de Cunha da dire\u00e7\u00e3o da C\u00e2mara - Notibras","robots":{"index":"index","follow":"follow","max-snippet":"max-snippet:-1","max-image-preview":"max-image-preview:large","max-video-preview":"max-video-preview:-1"},"canonical":"https:\/\/www.notibras.com\/site\/irmaos-evangelicos-pedem-a-imediata-saida-de-cunha-do-comando-da-camara\/","og_locale":"pt_BR","og_type":"article","og_title":"Irm\u00e3os evang\u00e9licos tamb\u00e9m pedem a \"imediata\" sa\u00edda de Cunha da dire\u00e7\u00e3o da C\u00e2mara - Notibras","og_description":"Representantes e integrantes de movimentos evang\u00e9licos protocolarem na tarde desta quarta-feira, 28, na Secretaria Geral da Mesa Diretora da C\u00e2mara dos Deputados, manifesto pedindo a sa\u00edda &#8220;imediata&#8221; do presidente da Casa, Eduardo Cunha (PMDB-RJ). No documento, eles repudiam as a\u00e7\u00f5es de corrup\u00e7\u00e3o das quais \u00e9 acusado o peemedebista, que se identifica como evang\u00e9lico, e avaliam [&hellip;]","og_url":"https:\/\/www.notibras.com\/site\/irmaos-evangelicos-pedem-a-imediata-saida-de-cunha-do-comando-da-camara\/","og_site_name":"Notibras","article_publisher":"https:\/\/www.facebook.com\/notibras\/","article_published_time":"2015-10-28T21:06:32+00:00","article_modified_time":"2015-10-28T21:26:52+00:00","og_image":[{"width":850,"height":638,"url":"https:\/\/www.notibras.com\/site\/wp-content\/uploads\/2015\/10\/edc.jpg","type":"image\/jpeg"}],"author":"Reda\u00e7\u00e3o","twitter_card":"summary_large_image","twitter_creator":"@Notibras","twitter_site":"@Notibras","twitter_misc":{"Escrito por":"Reda\u00e7\u00e3o","Est. tempo de leitura":"1 minuto"},"schema":{"@context":"https:\/\/schema.org","@graph":[{"@type":"Article","@id":"https:\/\/www.notibras.com\/site\/irmaos-evangelicos-pedem-a-imediata-saida-de-cunha-do-comando-da-camara\/#article","isPartOf":{"@id":"https:\/\/www.notibras.com\/site\/irmaos-evangelicos-pedem-a-imediata-saida-de-cunha-do-comando-da-camara\/"},"author":{"name":"Reda\u00e7\u00e3o","@id":"https:\/\/www.notibras.com\/site\/#\/schema\/person\/36ab0979449956132d3e5b517ea76ac8"},"headline":"Irm\u00e3os evang\u00e9licos tamb\u00e9m pedem a &#8220;imediata&#8221; sa\u00edda de Cunha da dire\u00e7\u00e3o da C\u00e2mara","datePublished":"2015-10-28T21:06:32+00:00","dateModified":"2015-10-28T21:26:52+00:00","mainEntityOfPage":{"@id":"https:\/\/www.notibras.com\/site\/irmaos-evangelicos-pedem-a-imediata-saida-de-cunha-do-comando-da-camara\/"},"wordCount":272,"commentCount":0,"publisher":{"@id":"https:\/\/www.notibras.com\/site\/#organization"},"image":{"@id":"https:\/\/www.notibras.com\/site\/irmaos-evangelicos-pedem-a-imediata-saida-de-cunha-do-comando-da-camara\/#primaryimage"},"thumbnailUrl":"https:\/\/www.notibras.com\/site\/wp-content\/uploads\/2015\/10\/edc.jpg","articleSection":["Brasil"],"inLanguage":"pt-BR","potentialAction":[{"@type":"CommentAction","name":"Comment","target":["https:\/\/www.notibras.com\/site\/irmaos-evangelicos-pedem-a-imediata-saida-de-cunha-do-comando-da-camara\/#respond"]}]},{"@type":"WebPage","@id":"https:\/\/www.notibras.com\/site\/irmaos-evangelicos-pedem-a-imediata-saida-de-cunha-do-comando-da-camara\/","url":"https:\/\/www.notibras.com\/site\/irmaos-evangelicos-pedem-a-imediata-saida-de-cunha-do-comando-da-camara\/","name":"Irm\u00e3os evang\u00e9licos tamb\u00e9m pedem a \"imediata\" sa\u00edda de Cunha da dire\u00e7\u00e3o da C\u00e2mara - Notibras","isPartOf":{"@id":"https:\/\/www.notibras.com\/site\/#website"},"primaryImageOfPage":{"@id":"https:\/\/www.notibras.com\/site\/irmaos-evangelicos-pedem-a-imediata-saida-de-cunha-do-comando-da-camara\/#primaryimage"},"image":{"@id":"https:\/\/www.notibras.com\/site\/irmaos-evangelicos-pedem-a-imediata-saida-de-cunha-do-comando-da-camara\/#primaryimage"},"thumbnailUrl":"https:\/\/www.notibras.com\/site\/wp-content\/uploads\/2015\/10\/edc.jpg","datePublished":"2015-10-28T21:06:32+00:00","dateModified":"2015-10-28T21:26:52+00:00","breadcrumb":{"@id":"https:\/\/www.notibras.com\/site\/irmaos-evangelicos-pedem-a-imediata-saida-de-cunha-do-comando-da-camara\/#breadcrumb"},"inLanguage":"pt-BR","potentialAction":[{"@type":"ReadAction","target":["https:\/\/www.notibras.com\/site\/irmaos-evangelicos-pedem-a-imediata-saida-de-cunha-do-comando-da-camara\/"]}]},{"@type":"ImageObject","inLanguage":"pt-BR","@id":"https:\/\/www.notibras.com\/site\/irmaos-evangelicos-pedem-a-imediata-saida-de-cunha-do-comando-da-camara\/#primaryimage","url":"https:\/\/www.notibras.com\/site\/wp-content\/uploads\/2015\/10\/edc.jpg","contentUrl":"https:\/\/www.notibras.com\/site\/wp-content\/uploads\/2015\/10\/edc.jpg","width":850,"height":638},{"@type":"BreadcrumbList","@id":"https:\/\/www.notibras.com\/site\/irmaos-evangelicos-pedem-a-imediata-saida-de-cunha-do-comando-da-camara\/#breadcrumb","itemListElement":[{"@type":"ListItem","position":1,"name":"In\u00edcio","item":"https:\/\/www.notibras.com\/site\/"},{"@type":"ListItem","position":2,"name":"Irm\u00e3os evang\u00e9licos tamb\u00e9m pedem a &#8220;imediata&#8221; sa\u00edda de Cunha da dire\u00e7\u00e3o da C\u00e2mara"}]},{"@type":"WebSite","@id":"https:\/\/www.notibras.com\/site\/#website","url":"https:\/\/www.notibras.com\/site\/","name":"Notibras","description":"Not\u00edcias de Bras\u00edlia, do Brasil e do Mundo","publisher":{"@id":"https:\/\/www.notibras.com\/site\/#organization"},"potentialAction":[{"@type":"SearchAction","target":{"@type":"EntryPoint","urlTemplate":"https:\/\/www.notibras.com\/site\/?s={search_term_string}"},"query-input":{"@type":"PropertyValueSpecification","valueRequired":true,"valueName":"search_term_string"}}],"inLanguage":"pt-BR"},{"@type":"Organization","@id":"https:\/\/www.notibras.com\/site\/#organization","name":"Grupo Notibras de Comunica\u00e7\u00e3o","url":"https:\/\/www.notibras.com\/site\/","logo":{"@type":"ImageObject","inLanguage":"pt-BR","@id":"https:\/\/www.notibras.com\/site\/#\/schema\/logo\/image\/","url":"https:\/\/www.notibras.com\/site\/wp-content\/uploads\/2023\/01\/notibras23.png","contentUrl":"https:\/\/www.notibras.com\/site\/wp-content\/uploads\/2023\/01\/notibras23.png","width":350,"height":87,"caption":"Grupo Notibras de Comunica\u00e7\u00e3o"},"image":{"@id":"https:\/\/www.notibras.com\/site\/#\/schema\/logo\/image\/"},"sameAs":["https:\/\/www.facebook.com\/notibras\/","https:\/\/x.com\/Notibras","https:\/\/www.instagram.com\/notibras\/"]},{"@type":"Person","@id":"https:\/\/www.notibras.com\/site\/#\/schema\/person\/36ab0979449956132d3e5b517ea76ac8","name":"Reda\u00e7\u00e3o","image":{"@type":"ImageObject","inLanguage":"pt-BR","@id":"https:\/\/secure.gravatar.com\/avatar\/e0a867bdedb85fd243eadf09663511f96fc81e0720a4a42581f334ad4303aa6b?s=96&d=mm&r=g","url":"https:\/\/secure.gravatar.com\/avatar\/e0a867bdedb85fd243eadf09663511f96fc81e0720a4a42581f334ad4303aa6b?s=96&d=mm&r=g","contentUrl":"https:\/\/secure.gravatar.com\/avatar\/e0a867bdedb85fd243eadf09663511f96fc81e0720a4a42581f334ad4303aa6b?s=96&d=mm&r=g","caption":"Reda\u00e7\u00e3o"}}]}},"amp_enabled":true,"_links":{"self":[{"href":"https:\/\/www.notibras.com\/site\/wp-json\/wp\/v2\/posts\/73465","targetHints":{"allow":["GET"]}}],"collection":[{"href":"https:\/\/www.notibras.com\/site\/wp-json\/wp\/v2\/posts"}],"about":[{"href":"https:\/\/www.notibras.com\/site\/wp-json\/wp\/v2\/types\/post"}],"author":[{"embeddable":true,"href":"https:\/\/www.notibras.com\/site\/wp-json\/wp\/v2\/users\/2"}],"replies":[{"embeddable":true,"href":"https:\/\/www.notibras.com\/site\/wp-json\/wp\/v2\/comments?post=73465"}],"version-history":[{"count":3,"href":"https:\/\/www.notibras.com\/site\/wp-json\/wp\/v2\/posts\/73465\/revisions"}],"predecessor-version":[{"id":73469,"href":"https:\/\/www.notibras.com\/site\/wp-json\/wp\/v2\/posts\/73465\/revisions\/73469"}],"wp:featuredmedia":[{"embeddable":true,"href":"https:\/\/www.notibras.com\/site\/wp-json\/wp\/v2\/media\/73466"}],"wp:attachment":[{"href":"https:\/\/www.notibras.com\/site\/wp-json\/wp\/v2\/media?parent=73465"}],"wp:term":[{"taxonomy":"category","embeddable":true,"href":"https:\/\/www.notibras.com\/site\/wp-json\/wp\/v2\/categories?post=73465"},{"taxonomy":"post_tag","embeddable":true,"href":"https:\/\/www.notibras.com\/site\/wp-json\/wp\/v2\/tags?post=73465"}],"curies":[{"name":"wp","href":"https:\/\/api.w.org\/{rel}","templated":true}]}}