{"id":73475,"date":"2015-10-28T20:14:41","date_gmt":"2015-10-28T22:14:41","guid":{"rendered":"http:\/\/www.notibras.com\/site\/?p=73475"},"modified":"2015-10-29T14:41:51","modified_gmt":"2015-10-29T16:41:51","slug":"ministros-do-stf-decidem-que-pedofilia-virtual-agora-e-crime-federal","status":"publish","type":"post","link":"https:\/\/www.notibras.com\/site\/ministros-do-stf-decidem-que-pedofilia-virtual-agora-e-crime-federal\/","title":{"rendered":"Ministros do STF decidem que pedofilia virtual \u00e9 crime federal e assim ser\u00e1 julgado"},"content":{"rendered":"<p>O Supremo Tribunal Federal (STF) decidiu que divulgar imagens de pedofilia na internet \u00e9 crime federal. Por 8 votos a 2, a Corte negou um recurso da Defensoria P\u00fablica Federal de Minas Gerais que solicitava a devolu\u00e7\u00e3o \u00e0 Justi\u00e7a Estadual de um processo contra um homem acusado por divulgar imagens de jovens praticando sexo expl\u00edcito. Como a decis\u00e3o tem repercuss\u00e3o geral, ela servir\u00e1 de jurisprud\u00eancia para a\u00e7\u00f5es com o mesmo teor.<\/p>\n<p>No recurso apresentado ao STF, a defensoria p\u00fablica mineira argumentou que n\u00e3o ficou provado que as imagens, postadas em um blog na internet, tiveram divulga\u00e7\u00e3o internacional. &#8220;O que se verifica \u00e9 que, para que a compet\u00eancia seja efetivamente da Justi\u00e7a Federal, seria necess\u00e1rio que o crime tivesse repercuss\u00e3o no exterior. Compulsando os autos, verifica-se que n\u00e3o h\u00e1 qualquer prova de que o fato tenha de alguma maneira efetivamente repercutido na seara internacional&#8221;.<\/p>\n<p>O ministro relator do caso, Marco Aur\u00e9lio Mello, acatou o pedido e foi acompanhado por Dias Toffoli. Os demais ministros seguiram o voto divergente do ministro Luis Edson Fachin.<\/p>\n<p>Para Fachin, a postagem de imagens na internet cria a possibilidade de acesso em qualquer lugar do mundo. &#8220;Considerando a amplitude do acesso a internacionalidade do dano produzido ou o potencial dano, h\u00e1 que se concluir que \u00e9 um feito para a Justi\u00e7a Federal&#8221;, defendeu Fachin.<\/p>\n<p><img loading=\"lazy\" decoding=\"async\" class=\"alignnone size-full wp-image-70065\" src=\"http:\/\/www.notibras.com\/site\/wp-content\/uploads\/2015\/10\/estadao.png\" alt=\"estadao\" width=\"99\" height=\"16\" \/><\/p>\n","protected":false},"excerpt":{"rendered":"<p>O Supremo Tribunal Federal (STF) decidiu que divulgar imagens de pedofilia na internet \u00e9 crime federal. Por 8 votos a 2, a Corte negou um recurso da Defensoria P\u00fablica Federal de Minas Gerais que solicitava a devolu\u00e7\u00e3o \u00e0 Justi\u00e7a Estadual de um processo contra um homem acusado por divulgar imagens de jovens praticando sexo expl\u00edcito. [&hellip;]<\/p>\n","protected":false},"author":2,"featured_media":0,"comment_status":"open","ping_status":"closed","sticky":false,"template":"","format":"standard","meta":{"_acf_changed":false,"footnotes":""},"categories":[16],"tags":[],"class_list":["post-73475","post","type-post","status-publish","format-standard","hentry","category-brasil"],"acf":[],"yoast_head":"<!-- This site is optimized with the Yoast SEO plugin v27.2 - https:\/\/yoast.com\/product\/yoast-seo-wordpress\/ -->\n<title>Ministros do STF decidem que pedofilia virtual \u00e9 crime federal e assim ser\u00e1 julgado - Notibras<\/title>\n<meta name=\"robots\" content=\"index, follow, max-snippet:-1, max-image-preview:large, max-video-preview:-1\" \/>\n<link rel=\"canonical\" href=\"https:\/\/www.notibras.com\/site\/ministros-do-stf-decidem-que-pedofilia-virtual-agora-e-crime-federal\/\" \/>\n<meta property=\"og:locale\" content=\"pt_BR\" \/>\n<meta property=\"og:type\" content=\"article\" \/>\n<meta property=\"og:title\" content=\"Ministros do STF decidem que pedofilia virtual \u00e9 crime federal e assim ser\u00e1 julgado - Notibras\" \/>\n<meta property=\"og:description\" content=\"O Supremo Tribunal Federal (STF) decidiu que divulgar imagens de pedofilia na internet \u00e9 crime federal. Por 8 votos a 2, a Corte negou um recurso da Defensoria P\u00fablica Federal de Minas Gerais que solicitava a devolu\u00e7\u00e3o \u00e0 Justi\u00e7a Estadual de um processo contra um homem acusado por divulgar imagens de jovens praticando sexo expl\u00edcito. [&hellip;]\" \/>\n<meta property=\"og:url\" content=\"https:\/\/www.notibras.com\/site\/ministros-do-stf-decidem-que-pedofilia-virtual-agora-e-crime-federal\/\" \/>\n<meta property=\"og:site_name\" content=\"Notibras\" \/>\n<meta property=\"article:publisher\" content=\"https:\/\/www.facebook.com\/notibras\/\" \/>\n<meta property=\"article:published_time\" content=\"2015-10-28T22:14:41+00:00\" \/>\n<meta property=\"article:modified_time\" content=\"2015-10-29T16:41:51+00:00\" \/>\n<meta property=\"og:image\" content=\"https:\/\/www.notibras.com\/site\/wp-content\/uploads\/2015\/10\/pedofilo_na_internet-500x331.jpg\" \/>\n\t<meta property=\"og:image:width\" content=\"500\" \/>\n\t<meta property=\"og:image:height\" content=\"331\" \/>\n\t<meta property=\"og:image:type\" content=\"image\/jpeg\" \/>\n<meta name=\"author\" content=\"Reda\u00e7\u00e3o\" \/>\n<meta name=\"twitter:card\" content=\"summary_large_image\" \/>\n<meta name=\"twitter:creator\" content=\"@Notibras\" \/>\n<meta name=\"twitter:site\" content=\"@Notibras\" \/>\n<meta name=\"twitter:label1\" content=\"Escrito por\" \/>\n\t<meta name=\"twitter:data1\" content=\"Reda\u00e7\u00e3o\" \/>\n\t<meta name=\"twitter:label2\" content=\"Est. tempo de leitura\" \/>\n\t<meta name=\"twitter:data2\" content=\"1 minuto\" \/>\n<script type=\"application\/ld+json\" class=\"yoast-schema-graph\">{\"@context\":\"https:\/\/schema.org\",\"@graph\":[{\"@type\":\"Article\",\"@id\":\"https:\/\/www.notibras.com\/site\/ministros-do-stf-decidem-que-pedofilia-virtual-agora-e-crime-federal\/#article\",\"isPartOf\":{\"@id\":\"https:\/\/www.notibras.com\/site\/ministros-do-stf-decidem-que-pedofilia-virtual-agora-e-crime-federal\/\"},\"author\":{\"name\":\"Reda\u00e7\u00e3o\",\"@id\":\"https:\/\/www.notibras.com\/site\/#\/schema\/person\/36ab0979449956132d3e5b517ea76ac8\"},\"headline\":\"Ministros do STF decidem que pedofilia virtual \u00e9 crime federal e assim ser\u00e1 julgado\",\"datePublished\":\"2015-10-28T22:14:41+00:00\",\"dateModified\":\"2015-10-29T16:41:51+00:00\",\"mainEntityOfPage\":{\"@id\":\"https:\/\/www.notibras.com\/site\/ministros-do-stf-decidem-que-pedofilia-virtual-agora-e-crime-federal\/\"},\"wordCount\":243,\"commentCount\":0,\"publisher\":{\"@id\":\"https:\/\/www.notibras.com\/site\/#organization\"},\"image\":{\"@id\":\"https:\/\/www.notibras.com\/site\/ministros-do-stf-decidem-que-pedofilia-virtual-agora-e-crime-federal\/#primaryimage\"},\"thumbnailUrl\":\"http:\/\/www.notibras.com\/site\/wp-content\/uploads\/2015\/10\/estadao.png\",\"articleSection\":[\"Brasil\"],\"inLanguage\":\"pt-BR\",\"potentialAction\":[{\"@type\":\"CommentAction\",\"name\":\"Comment\",\"target\":[\"https:\/\/www.notibras.com\/site\/ministros-do-stf-decidem-que-pedofilia-virtual-agora-e-crime-federal\/#respond\"]}]},{\"@type\":\"WebPage\",\"@id\":\"https:\/\/www.notibras.com\/site\/ministros-do-stf-decidem-que-pedofilia-virtual-agora-e-crime-federal\/\",\"url\":\"https:\/\/www.notibras.com\/site\/ministros-do-stf-decidem-que-pedofilia-virtual-agora-e-crime-federal\/\",\"name\":\"Ministros do STF decidem que pedofilia virtual \u00e9 crime federal e assim ser\u00e1 julgado - Notibras\",\"isPartOf\":{\"@id\":\"https:\/\/www.notibras.com\/site\/#website\"},\"primaryImageOfPage\":{\"@id\":\"https:\/\/www.notibras.com\/site\/ministros-do-stf-decidem-que-pedofilia-virtual-agora-e-crime-federal\/#primaryimage\"},\"image\":{\"@id\":\"https:\/\/www.notibras.com\/site\/ministros-do-stf-decidem-que-pedofilia-virtual-agora-e-crime-federal\/#primaryimage\"},\"thumbnailUrl\":\"http:\/\/www.notibras.com\/site\/wp-content\/uploads\/2015\/10\/estadao.png\",\"datePublished\":\"2015-10-28T22:14:41+00:00\",\"dateModified\":\"2015-10-29T16:41:51+00:00\",\"breadcrumb\":{\"@id\":\"https:\/\/www.notibras.com\/site\/ministros-do-stf-decidem-que-pedofilia-virtual-agora-e-crime-federal\/#breadcrumb\"},\"inLanguage\":\"pt-BR\",\"potentialAction\":[{\"@type\":\"ReadAction\",\"target\":[\"https:\/\/www.notibras.com\/site\/ministros-do-stf-decidem-que-pedofilia-virtual-agora-e-crime-federal\/\"]}]},{\"@type\":\"ImageObject\",\"inLanguage\":\"pt-BR\",\"@id\":\"https:\/\/www.notibras.com\/site\/ministros-do-stf-decidem-que-pedofilia-virtual-agora-e-crime-federal\/#primaryimage\",\"url\":\"http:\/\/www.notibras.com\/site\/wp-content\/uploads\/2015\/10\/estadao.png\",\"contentUrl\":\"http:\/\/www.notibras.com\/site\/wp-content\/uploads\/2015\/10\/estadao.png\"},{\"@type\":\"BreadcrumbList\",\"@id\":\"https:\/\/www.notibras.com\/site\/ministros-do-stf-decidem-que-pedofilia-virtual-agora-e-crime-federal\/#breadcrumb\",\"itemListElement\":[{\"@type\":\"ListItem\",\"position\":1,\"name\":\"In\u00edcio\",\"item\":\"https:\/\/www.notibras.com\/site\/\"},{\"@type\":\"ListItem\",\"position\":2,\"name\":\"Ministros do STF decidem que pedofilia virtual \u00e9 crime federal e assim ser\u00e1 julgado\"}]},{\"@type\":\"WebSite\",\"@id\":\"https:\/\/www.notibras.com\/site\/#website\",\"url\":\"https:\/\/www.notibras.com\/site\/\",\"name\":\"Notibras\",\"description\":\"Not\u00edcias de Bras\u00edlia, do Brasil e do Mundo\",\"publisher\":{\"@id\":\"https:\/\/www.notibras.com\/site\/#organization\"},\"potentialAction\":[{\"@type\":\"SearchAction\",\"target\":{\"@type\":\"EntryPoint\",\"urlTemplate\":\"https:\/\/www.notibras.com\/site\/?s={search_term_string}\"},\"query-input\":{\"@type\":\"PropertyValueSpecification\",\"valueRequired\":true,\"valueName\":\"search_term_string\"}}],\"inLanguage\":\"pt-BR\"},{\"@type\":\"Organization\",\"@id\":\"https:\/\/www.notibras.com\/site\/#organization\",\"name\":\"Grupo Notibras de Comunica\u00e7\u00e3o\",\"url\":\"https:\/\/www.notibras.com\/site\/\",\"logo\":{\"@type\":\"ImageObject\",\"inLanguage\":\"pt-BR\",\"@id\":\"https:\/\/www.notibras.com\/site\/#\/schema\/logo\/image\/\",\"url\":\"https:\/\/www.notibras.com\/site\/wp-content\/uploads\/2023\/01\/notibras23.png\",\"contentUrl\":\"https:\/\/www.notibras.com\/site\/wp-content\/uploads\/2023\/01\/notibras23.png\",\"width\":350,\"height\":87,\"caption\":\"Grupo Notibras de Comunica\u00e7\u00e3o\"},\"image\":{\"@id\":\"https:\/\/www.notibras.com\/site\/#\/schema\/logo\/image\/\"},\"sameAs\":[\"https:\/\/www.facebook.com\/notibras\/\",\"https:\/\/x.com\/Notibras\",\"https:\/\/www.instagram.com\/notibras\/\"]},{\"@type\":\"Person\",\"@id\":\"https:\/\/www.notibras.com\/site\/#\/schema\/person\/36ab0979449956132d3e5b517ea76ac8\",\"name\":\"Reda\u00e7\u00e3o\",\"image\":{\"@type\":\"ImageObject\",\"inLanguage\":\"pt-BR\",\"@id\":\"https:\/\/secure.gravatar.com\/avatar\/e0a867bdedb85fd243eadf09663511f96fc81e0720a4a42581f334ad4303aa6b?s=96&d=mm&r=g\",\"url\":\"https:\/\/secure.gravatar.com\/avatar\/e0a867bdedb85fd243eadf09663511f96fc81e0720a4a42581f334ad4303aa6b?s=96&d=mm&r=g\",\"contentUrl\":\"https:\/\/secure.gravatar.com\/avatar\/e0a867bdedb85fd243eadf09663511f96fc81e0720a4a42581f334ad4303aa6b?s=96&d=mm&r=g\",\"caption\":\"Reda\u00e7\u00e3o\"}}]}<\/script>\n<!-- \/ Yoast SEO plugin. -->","yoast_head_json":{"title":"Ministros do STF decidem que pedofilia virtual \u00e9 crime federal e assim ser\u00e1 julgado - Notibras","robots":{"index":"index","follow":"follow","max-snippet":"max-snippet:-1","max-image-preview":"max-image-preview:large","max-video-preview":"max-video-preview:-1"},"canonical":"https:\/\/www.notibras.com\/site\/ministros-do-stf-decidem-que-pedofilia-virtual-agora-e-crime-federal\/","og_locale":"pt_BR","og_type":"article","og_title":"Ministros do STF decidem que pedofilia virtual \u00e9 crime federal e assim ser\u00e1 julgado - Notibras","og_description":"O Supremo Tribunal Federal (STF) decidiu que divulgar imagens de pedofilia na internet \u00e9 crime federal. Por 8 votos a 2, a Corte negou um recurso da Defensoria P\u00fablica Federal de Minas Gerais que solicitava a devolu\u00e7\u00e3o \u00e0 Justi\u00e7a Estadual de um processo contra um homem acusado por divulgar imagens de jovens praticando sexo expl\u00edcito. [&hellip;]","og_url":"https:\/\/www.notibras.com\/site\/ministros-do-stf-decidem-que-pedofilia-virtual-agora-e-crime-federal\/","og_site_name":"Notibras","article_publisher":"https:\/\/www.facebook.com\/notibras\/","article_published_time":"2015-10-28T22:14:41+00:00","article_modified_time":"2015-10-29T16:41:51+00:00","og_image":[{"width":500,"height":331,"url":"https:\/\/www.notibras.com\/site\/wp-content\/uploads\/2015\/10\/pedofilo_na_internet-500x331.jpg","type":"image\/jpeg"}],"author":"Reda\u00e7\u00e3o","twitter_card":"summary_large_image","twitter_creator":"@Notibras","twitter_site":"@Notibras","twitter_misc":{"Escrito por":"Reda\u00e7\u00e3o","Est. tempo de leitura":"1 minuto"},"schema":{"@context":"https:\/\/schema.org","@graph":[{"@type":"Article","@id":"https:\/\/www.notibras.com\/site\/ministros-do-stf-decidem-que-pedofilia-virtual-agora-e-crime-federal\/#article","isPartOf":{"@id":"https:\/\/www.notibras.com\/site\/ministros-do-stf-decidem-que-pedofilia-virtual-agora-e-crime-federal\/"},"author":{"name":"Reda\u00e7\u00e3o","@id":"https:\/\/www.notibras.com\/site\/#\/schema\/person\/36ab0979449956132d3e5b517ea76ac8"},"headline":"Ministros do STF decidem que pedofilia virtual \u00e9 crime federal e assim ser\u00e1 julgado","datePublished":"2015-10-28T22:14:41+00:00","dateModified":"2015-10-29T16:41:51+00:00","mainEntityOfPage":{"@id":"https:\/\/www.notibras.com\/site\/ministros-do-stf-decidem-que-pedofilia-virtual-agora-e-crime-federal\/"},"wordCount":243,"commentCount":0,"publisher":{"@id":"https:\/\/www.notibras.com\/site\/#organization"},"image":{"@id":"https:\/\/www.notibras.com\/site\/ministros-do-stf-decidem-que-pedofilia-virtual-agora-e-crime-federal\/#primaryimage"},"thumbnailUrl":"http:\/\/www.notibras.com\/site\/wp-content\/uploads\/2015\/10\/estadao.png","articleSection":["Brasil"],"inLanguage":"pt-BR","potentialAction":[{"@type":"CommentAction","name":"Comment","target":["https:\/\/www.notibras.com\/site\/ministros-do-stf-decidem-que-pedofilia-virtual-agora-e-crime-federal\/#respond"]}]},{"@type":"WebPage","@id":"https:\/\/www.notibras.com\/site\/ministros-do-stf-decidem-que-pedofilia-virtual-agora-e-crime-federal\/","url":"https:\/\/www.notibras.com\/site\/ministros-do-stf-decidem-que-pedofilia-virtual-agora-e-crime-federal\/","name":"Ministros do STF decidem que pedofilia virtual \u00e9 crime federal e assim ser\u00e1 julgado - Notibras","isPartOf":{"@id":"https:\/\/www.notibras.com\/site\/#website"},"primaryImageOfPage":{"@id":"https:\/\/www.notibras.com\/site\/ministros-do-stf-decidem-que-pedofilia-virtual-agora-e-crime-federal\/#primaryimage"},"image":{"@id":"https:\/\/www.notibras.com\/site\/ministros-do-stf-decidem-que-pedofilia-virtual-agora-e-crime-federal\/#primaryimage"},"thumbnailUrl":"http:\/\/www.notibras.com\/site\/wp-content\/uploads\/2015\/10\/estadao.png","datePublished":"2015-10-28T22:14:41+00:00","dateModified":"2015-10-29T16:41:51+00:00","breadcrumb":{"@id":"https:\/\/www.notibras.com\/site\/ministros-do-stf-decidem-que-pedofilia-virtual-agora-e-crime-federal\/#breadcrumb"},"inLanguage":"pt-BR","potentialAction":[{"@type":"ReadAction","target":["https:\/\/www.notibras.com\/site\/ministros-do-stf-decidem-que-pedofilia-virtual-agora-e-crime-federal\/"]}]},{"@type":"ImageObject","inLanguage":"pt-BR","@id":"https:\/\/www.notibras.com\/site\/ministros-do-stf-decidem-que-pedofilia-virtual-agora-e-crime-federal\/#primaryimage","url":"http:\/\/www.notibras.com\/site\/wp-content\/uploads\/2015\/10\/estadao.png","contentUrl":"http:\/\/www.notibras.com\/site\/wp-content\/uploads\/2015\/10\/estadao.png"},{"@type":"BreadcrumbList","@id":"https:\/\/www.notibras.com\/site\/ministros-do-stf-decidem-que-pedofilia-virtual-agora-e-crime-federal\/#breadcrumb","itemListElement":[{"@type":"ListItem","position":1,"name":"In\u00edcio","item":"https:\/\/www.notibras.com\/site\/"},{"@type":"ListItem","position":2,"name":"Ministros do STF decidem que pedofilia virtual \u00e9 crime federal e assim ser\u00e1 julgado"}]},{"@type":"WebSite","@id":"https:\/\/www.notibras.com\/site\/#website","url":"https:\/\/www.notibras.com\/site\/","name":"Notibras","description":"Not\u00edcias de Bras\u00edlia, do Brasil e do Mundo","publisher":{"@id":"https:\/\/www.notibras.com\/site\/#organization"},"potentialAction":[{"@type":"SearchAction","target":{"@type":"EntryPoint","urlTemplate":"https:\/\/www.notibras.com\/site\/?s={search_term_string}"},"query-input":{"@type":"PropertyValueSpecification","valueRequired":true,"valueName":"search_term_string"}}],"inLanguage":"pt-BR"},{"@type":"Organization","@id":"https:\/\/www.notibras.com\/site\/#organization","name":"Grupo Notibras de Comunica\u00e7\u00e3o","url":"https:\/\/www.notibras.com\/site\/","logo":{"@type":"ImageObject","inLanguage":"pt-BR","@id":"https:\/\/www.notibras.com\/site\/#\/schema\/logo\/image\/","url":"https:\/\/www.notibras.com\/site\/wp-content\/uploads\/2023\/01\/notibras23.png","contentUrl":"https:\/\/www.notibras.com\/site\/wp-content\/uploads\/2023\/01\/notibras23.png","width":350,"height":87,"caption":"Grupo Notibras de Comunica\u00e7\u00e3o"},"image":{"@id":"https:\/\/www.notibras.com\/site\/#\/schema\/logo\/image\/"},"sameAs":["https:\/\/www.facebook.com\/notibras\/","https:\/\/x.com\/Notibras","https:\/\/www.instagram.com\/notibras\/"]},{"@type":"Person","@id":"https:\/\/www.notibras.com\/site\/#\/schema\/person\/36ab0979449956132d3e5b517ea76ac8","name":"Reda\u00e7\u00e3o","image":{"@type":"ImageObject","inLanguage":"pt-BR","@id":"https:\/\/secure.gravatar.com\/avatar\/e0a867bdedb85fd243eadf09663511f96fc81e0720a4a42581f334ad4303aa6b?s=96&d=mm&r=g","url":"https:\/\/secure.gravatar.com\/avatar\/e0a867bdedb85fd243eadf09663511f96fc81e0720a4a42581f334ad4303aa6b?s=96&d=mm&r=g","contentUrl":"https:\/\/secure.gravatar.com\/avatar\/e0a867bdedb85fd243eadf09663511f96fc81e0720a4a42581f334ad4303aa6b?s=96&d=mm&r=g","caption":"Reda\u00e7\u00e3o"}}]}},"amp_enabled":true,"_links":{"self":[{"href":"https:\/\/www.notibras.com\/site\/wp-json\/wp\/v2\/posts\/73475","targetHints":{"allow":["GET"]}}],"collection":[{"href":"https:\/\/www.notibras.com\/site\/wp-json\/wp\/v2\/posts"}],"about":[{"href":"https:\/\/www.notibras.com\/site\/wp-json\/wp\/v2\/types\/post"}],"author":[{"embeddable":true,"href":"https:\/\/www.notibras.com\/site\/wp-json\/wp\/v2\/users\/2"}],"replies":[{"embeddable":true,"href":"https:\/\/www.notibras.com\/site\/wp-json\/wp\/v2\/comments?post=73475"}],"version-history":[{"count":4,"href":"https:\/\/www.notibras.com\/site\/wp-json\/wp\/v2\/posts\/73475\/revisions"}],"predecessor-version":[{"id":73596,"href":"https:\/\/www.notibras.com\/site\/wp-json\/wp\/v2\/posts\/73475\/revisions\/73596"}],"wp:attachment":[{"href":"https:\/\/www.notibras.com\/site\/wp-json\/wp\/v2\/media?parent=73475"}],"wp:term":[{"taxonomy":"category","embeddable":true,"href":"https:\/\/www.notibras.com\/site\/wp-json\/wp\/v2\/categories?post=73475"},{"taxonomy":"post_tag","embeddable":true,"href":"https:\/\/www.notibras.com\/site\/wp-json\/wp\/v2\/tags?post=73475"}],"curies":[{"name":"wp","href":"https:\/\/api.w.org\/{rel}","templated":true}]}}