{"id":73517,"date":"2015-10-28T23:44:45","date_gmt":"2015-10-29T01:44:45","guid":{"rendered":"http:\/\/www.notibras.com\/site\/?p=73517"},"modified":"2015-10-29T14:14:21","modified_gmt":"2015-10-29T16:14:21","slug":"lava-jato-e-zelotes-podem-pegar-todo-mundo-mas-a-familia-nao","status":"publish","type":"post","link":"https:\/\/www.notibras.com\/site\/lava-jato-e-zelotes-podem-pegar-todo-mundo-mas-a-familia-nao\/","title":{"rendered":"Lava Jato e Zelotes podem pegar todo mundo, mas a fam\u00edlia, n\u00e3o"},"content":{"rendered":"<p>Eu tenho um amigo que, quando come\u00e7ou a opera\u00e7\u00e3o Zelotes, vibrou:<\/p>\n<p>&#8211; Agora vamos pegar a burguesia, garantiu com um furor revolucion\u00e1rio.<\/p>\n<p>O &#8220;vamos&#8221; a\u00ed \u00e9 um conjunto. Engloba o governo, a Pol\u00edcia Federal, o Minist\u00e9rio P\u00fablico e a Justi\u00e7a.<\/p>\n<p>\u00c9 assim que eles, os governistas, incorporam as institui\u00e7\u00f5es republicanas quando acreditam que o projeto pode ser beneficiado. Quando n\u00e3o, s\u00e3o golpistas.<\/p>\n<p>Mas vamos l\u00e1, como dizem os baianos, segue o baba.<\/p>\n<p>Pedi calma, lembrei que o projeto estava no poder h\u00e1 doze anos e podia respingar na companheirada. N\u00e3o houve hip\u00f3tese de cessar ou diminuir o furor revolucion\u00e1rio.<\/p>\n<p>O amigo em quest\u00e3o \u00e9 amigo mesmo. Acompanhamos e apoiamos a funda\u00e7\u00e3o do PT. Participamos de in\u00fameros embates sindicais. T\u00e1 certo que era o sindicato dos jornalistas, que tinha uma import\u00e2ncia simb\u00f3lica, mas distante do conjunto dos trabalhadores (eu tinha que falar isso de novo).<\/p>\n<p>Aos poucos, quanto mais conhecia as entranhas do projeto, mais me afastava.<\/p>\n<p>Cr\u00e9dulo, o amigo continuava firme e forte. E nada abalava a nossa amizade, nascida numa \u00e9poca de muita dureza, com os filhos chegando e as tormentas comuns ao in\u00edcio das profiss\u00f5es. Amigos de dinheiro emprestado.<\/p>\n<p>Evolu\u00ed, ele n\u00e3o. Mas o bem querer supera a diverg\u00eancia, sempre com educa\u00e7\u00e3o e civilidade.<\/p>\n<p>Voltando ao in\u00edcio, lembrei o que disse l\u00e1 atr\u00e1s e falei:<\/p>\n<p>&#8211; Respingou.<\/p>\n<p>Quase possesso, saiu vociferando:<\/p>\n<p>&#8211; N\u00e3o mexe com a fam\u00edlia, n\u00e3o mexe.<\/p>\n","protected":false},"excerpt":{"rendered":"<p>Eu tenho um amigo que, quando come\u00e7ou a opera\u00e7\u00e3o Zelotes, vibrou: &#8211; Agora vamos pegar a burguesia, garantiu com um furor revolucion\u00e1rio. O &#8220;vamos&#8221; a\u00ed \u00e9 um conjunto. Engloba o governo, a Pol\u00edcia Federal, o Minist\u00e9rio P\u00fablico e a Justi\u00e7a. \u00c9 assim que eles, os governistas, incorporam as institui\u00e7\u00f5es republicanas quando acreditam que o projeto [&hellip;]<\/p>\n","protected":false},"author":2,"featured_media":73518,"comment_status":"open","ping_status":"closed","sticky":false,"template":"","format":"standard","meta":{"_acf_changed":false,"footnotes":""},"categories":[61],"tags":[],"class_list":["post-73517","post","type-post","status-publish","format-standard","has-post-thumbnail","hentry","category-natal"],"acf":[],"yoast_head":"<!-- This site is optimized with the Yoast SEO plugin v27.2 - https:\/\/yoast.com\/product\/yoast-seo-wordpress\/ -->\n<title>Lava Jato e Zelotes podem pegar todo mundo, mas a fam\u00edlia, n\u00e3o - Notibras<\/title>\n<meta name=\"robots\" content=\"index, follow, max-snippet:-1, max-image-preview:large, max-video-preview:-1\" \/>\n<link rel=\"canonical\" href=\"https:\/\/www.notibras.com\/site\/lava-jato-e-zelotes-podem-pegar-todo-mundo-mas-a-familia-nao\/\" \/>\n<meta property=\"og:locale\" content=\"pt_BR\" \/>\n<meta property=\"og:type\" content=\"article\" \/>\n<meta property=\"og:title\" content=\"Lava Jato e Zelotes podem pegar todo mundo, mas a fam\u00edlia, n\u00e3o - Notibras\" \/>\n<meta property=\"og:description\" content=\"Eu tenho um amigo que, quando come\u00e7ou a opera\u00e7\u00e3o Zelotes, vibrou: &#8211; Agora vamos pegar a burguesia, garantiu com um furor revolucion\u00e1rio. O &#8220;vamos&#8221; a\u00ed \u00e9 um conjunto. Engloba o governo, a Pol\u00edcia Federal, o Minist\u00e9rio P\u00fablico e a Justi\u00e7a. \u00c9 assim que eles, os governistas, incorporam as institui\u00e7\u00f5es republicanas quando acreditam que o projeto [&hellip;]\" \/>\n<meta property=\"og:url\" content=\"https:\/\/www.notibras.com\/site\/lava-jato-e-zelotes-podem-pegar-todo-mundo-mas-a-familia-nao\/\" \/>\n<meta property=\"og:site_name\" content=\"Notibras\" \/>\n<meta property=\"article:publisher\" content=\"https:\/\/www.facebook.com\/notibras\/\" \/>\n<meta property=\"article:published_time\" content=\"2015-10-29T01:44:45+00:00\" \/>\n<meta property=\"article:modified_time\" content=\"2015-10-29T16:14:21+00:00\" \/>\n<meta property=\"og:image\" content=\"https:\/\/www.notibras.com\/site\/wp-content\/uploads\/2015\/10\/1422388409248.jpg\" \/>\n\t<meta property=\"og:image:width\" content=\"550\" \/>\n\t<meta property=\"og:image:height\" content=\"405\" \/>\n\t<meta property=\"og:image:type\" content=\"image\/jpeg\" \/>\n<meta name=\"author\" content=\"Reda\u00e7\u00e3o\" \/>\n<meta name=\"twitter:card\" content=\"summary_large_image\" \/>\n<meta name=\"twitter:creator\" content=\"@Notibras\" \/>\n<meta name=\"twitter:site\" content=\"@Notibras\" \/>\n<meta name=\"twitter:label1\" content=\"Escrito por\" \/>\n\t<meta name=\"twitter:data1\" content=\"Reda\u00e7\u00e3o\" \/>\n\t<meta name=\"twitter:label2\" content=\"Est. tempo de leitura\" \/>\n\t<meta name=\"twitter:data2\" content=\"1 minuto\" \/>\n<script type=\"application\/ld+json\" class=\"yoast-schema-graph\">{\"@context\":\"https:\/\/schema.org\",\"@graph\":[{\"@type\":\"Article\",\"@id\":\"https:\/\/www.notibras.com\/site\/lava-jato-e-zelotes-podem-pegar-todo-mundo-mas-a-familia-nao\/#article\",\"isPartOf\":{\"@id\":\"https:\/\/www.notibras.com\/site\/lava-jato-e-zelotes-podem-pegar-todo-mundo-mas-a-familia-nao\/\"},\"author\":{\"name\":\"Reda\u00e7\u00e3o\",\"@id\":\"https:\/\/www.notibras.com\/site\/#\/schema\/person\/36ab0979449956132d3e5b517ea76ac8\"},\"headline\":\"Lava Jato e Zelotes podem pegar todo mundo, mas a fam\u00edlia, n\u00e3o\",\"datePublished\":\"2015-10-29T01:44:45+00:00\",\"dateModified\":\"2015-10-29T16:14:21+00:00\",\"mainEntityOfPage\":{\"@id\":\"https:\/\/www.notibras.com\/site\/lava-jato-e-zelotes-podem-pegar-todo-mundo-mas-a-familia-nao\/\"},\"wordCount\":271,\"commentCount\":0,\"publisher\":{\"@id\":\"https:\/\/www.notibras.com\/site\/#organization\"},\"image\":{\"@id\":\"https:\/\/www.notibras.com\/site\/lava-jato-e-zelotes-podem-pegar-todo-mundo-mas-a-familia-nao\/#primaryimage\"},\"thumbnailUrl\":\"https:\/\/www.notibras.com\/site\/wp-content\/uploads\/2015\/10\/1422388409248.jpg\",\"articleSection\":[\"Luis Jorge Natal\"],\"inLanguage\":\"pt-BR\",\"potentialAction\":[{\"@type\":\"CommentAction\",\"name\":\"Comment\",\"target\":[\"https:\/\/www.notibras.com\/site\/lava-jato-e-zelotes-podem-pegar-todo-mundo-mas-a-familia-nao\/#respond\"]}]},{\"@type\":\"WebPage\",\"@id\":\"https:\/\/www.notibras.com\/site\/lava-jato-e-zelotes-podem-pegar-todo-mundo-mas-a-familia-nao\/\",\"url\":\"https:\/\/www.notibras.com\/site\/lava-jato-e-zelotes-podem-pegar-todo-mundo-mas-a-familia-nao\/\",\"name\":\"Lava Jato e Zelotes podem pegar todo mundo, mas a fam\u00edlia, n\u00e3o - Notibras\",\"isPartOf\":{\"@id\":\"https:\/\/www.notibras.com\/site\/#website\"},\"primaryImageOfPage\":{\"@id\":\"https:\/\/www.notibras.com\/site\/lava-jato-e-zelotes-podem-pegar-todo-mundo-mas-a-familia-nao\/#primaryimage\"},\"image\":{\"@id\":\"https:\/\/www.notibras.com\/site\/lava-jato-e-zelotes-podem-pegar-todo-mundo-mas-a-familia-nao\/#primaryimage\"},\"thumbnailUrl\":\"https:\/\/www.notibras.com\/site\/wp-content\/uploads\/2015\/10\/1422388409248.jpg\",\"datePublished\":\"2015-10-29T01:44:45+00:00\",\"dateModified\":\"2015-10-29T16:14:21+00:00\",\"breadcrumb\":{\"@id\":\"https:\/\/www.notibras.com\/site\/lava-jato-e-zelotes-podem-pegar-todo-mundo-mas-a-familia-nao\/#breadcrumb\"},\"inLanguage\":\"pt-BR\",\"potentialAction\":[{\"@type\":\"ReadAction\",\"target\":[\"https:\/\/www.notibras.com\/site\/lava-jato-e-zelotes-podem-pegar-todo-mundo-mas-a-familia-nao\/\"]}]},{\"@type\":\"ImageObject\",\"inLanguage\":\"pt-BR\",\"@id\":\"https:\/\/www.notibras.com\/site\/lava-jato-e-zelotes-podem-pegar-todo-mundo-mas-a-familia-nao\/#primaryimage\",\"url\":\"https:\/\/www.notibras.com\/site\/wp-content\/uploads\/2015\/10\/1422388409248.jpg\",\"contentUrl\":\"https:\/\/www.notibras.com\/site\/wp-content\/uploads\/2015\/10\/1422388409248.jpg\",\"width\":550,\"height\":405},{\"@type\":\"BreadcrumbList\",\"@id\":\"https:\/\/www.notibras.com\/site\/lava-jato-e-zelotes-podem-pegar-todo-mundo-mas-a-familia-nao\/#breadcrumb\",\"itemListElement\":[{\"@type\":\"ListItem\",\"position\":1,\"name\":\"In\u00edcio\",\"item\":\"https:\/\/www.notibras.com\/site\/\"},{\"@type\":\"ListItem\",\"position\":2,\"name\":\"Lava Jato e Zelotes podem pegar todo mundo, mas a fam\u00edlia, n\u00e3o\"}]},{\"@type\":\"WebSite\",\"@id\":\"https:\/\/www.notibras.com\/site\/#website\",\"url\":\"https:\/\/www.notibras.com\/site\/\",\"name\":\"Notibras\",\"description\":\"Not\u00edcias de Bras\u00edlia, do Brasil e do Mundo\",\"publisher\":{\"@id\":\"https:\/\/www.notibras.com\/site\/#organization\"},\"potentialAction\":[{\"@type\":\"SearchAction\",\"target\":{\"@type\":\"EntryPoint\",\"urlTemplate\":\"https:\/\/www.notibras.com\/site\/?s={search_term_string}\"},\"query-input\":{\"@type\":\"PropertyValueSpecification\",\"valueRequired\":true,\"valueName\":\"search_term_string\"}}],\"inLanguage\":\"pt-BR\"},{\"@type\":\"Organization\",\"@id\":\"https:\/\/www.notibras.com\/site\/#organization\",\"name\":\"Grupo Notibras de Comunica\u00e7\u00e3o\",\"url\":\"https:\/\/www.notibras.com\/site\/\",\"logo\":{\"@type\":\"ImageObject\",\"inLanguage\":\"pt-BR\",\"@id\":\"https:\/\/www.notibras.com\/site\/#\/schema\/logo\/image\/\",\"url\":\"https:\/\/www.notibras.com\/site\/wp-content\/uploads\/2023\/01\/notibras23.png\",\"contentUrl\":\"https:\/\/www.notibras.com\/site\/wp-content\/uploads\/2023\/01\/notibras23.png\",\"width\":350,\"height\":87,\"caption\":\"Grupo Notibras de Comunica\u00e7\u00e3o\"},\"image\":{\"@id\":\"https:\/\/www.notibras.com\/site\/#\/schema\/logo\/image\/\"},\"sameAs\":[\"https:\/\/www.facebook.com\/notibras\/\",\"https:\/\/x.com\/Notibras\",\"https:\/\/www.instagram.com\/notibras\/\"]},{\"@type\":\"Person\",\"@id\":\"https:\/\/www.notibras.com\/site\/#\/schema\/person\/36ab0979449956132d3e5b517ea76ac8\",\"name\":\"Reda\u00e7\u00e3o\",\"image\":{\"@type\":\"ImageObject\",\"inLanguage\":\"pt-BR\",\"@id\":\"https:\/\/secure.gravatar.com\/avatar\/e0a867bdedb85fd243eadf09663511f96fc81e0720a4a42581f334ad4303aa6b?s=96&d=mm&r=g\",\"url\":\"https:\/\/secure.gravatar.com\/avatar\/e0a867bdedb85fd243eadf09663511f96fc81e0720a4a42581f334ad4303aa6b?s=96&d=mm&r=g\",\"contentUrl\":\"https:\/\/secure.gravatar.com\/avatar\/e0a867bdedb85fd243eadf09663511f96fc81e0720a4a42581f334ad4303aa6b?s=96&d=mm&r=g\",\"caption\":\"Reda\u00e7\u00e3o\"}}]}<\/script>\n<!-- \/ Yoast SEO plugin. -->","yoast_head_json":{"title":"Lava Jato e Zelotes podem pegar todo mundo, mas a fam\u00edlia, n\u00e3o - Notibras","robots":{"index":"index","follow":"follow","max-snippet":"max-snippet:-1","max-image-preview":"max-image-preview:large","max-video-preview":"max-video-preview:-1"},"canonical":"https:\/\/www.notibras.com\/site\/lava-jato-e-zelotes-podem-pegar-todo-mundo-mas-a-familia-nao\/","og_locale":"pt_BR","og_type":"article","og_title":"Lava Jato e Zelotes podem pegar todo mundo, mas a fam\u00edlia, n\u00e3o - Notibras","og_description":"Eu tenho um amigo que, quando come\u00e7ou a opera\u00e7\u00e3o Zelotes, vibrou: &#8211; Agora vamos pegar a burguesia, garantiu com um furor revolucion\u00e1rio. O &#8220;vamos&#8221; a\u00ed \u00e9 um conjunto. Engloba o governo, a Pol\u00edcia Federal, o Minist\u00e9rio P\u00fablico e a Justi\u00e7a. \u00c9 assim que eles, os governistas, incorporam as institui\u00e7\u00f5es republicanas quando acreditam que o projeto [&hellip;]","og_url":"https:\/\/www.notibras.com\/site\/lava-jato-e-zelotes-podem-pegar-todo-mundo-mas-a-familia-nao\/","og_site_name":"Notibras","article_publisher":"https:\/\/www.facebook.com\/notibras\/","article_published_time":"2015-10-29T01:44:45+00:00","article_modified_time":"2015-10-29T16:14:21+00:00","og_image":[{"width":550,"height":405,"url":"https:\/\/www.notibras.com\/site\/wp-content\/uploads\/2015\/10\/1422388409248.jpg","type":"image\/jpeg"}],"author":"Reda\u00e7\u00e3o","twitter_card":"summary_large_image","twitter_creator":"@Notibras","twitter_site":"@Notibras","twitter_misc":{"Escrito por":"Reda\u00e7\u00e3o","Est. tempo de leitura":"1 minuto"},"schema":{"@context":"https:\/\/schema.org","@graph":[{"@type":"Article","@id":"https:\/\/www.notibras.com\/site\/lava-jato-e-zelotes-podem-pegar-todo-mundo-mas-a-familia-nao\/#article","isPartOf":{"@id":"https:\/\/www.notibras.com\/site\/lava-jato-e-zelotes-podem-pegar-todo-mundo-mas-a-familia-nao\/"},"author":{"name":"Reda\u00e7\u00e3o","@id":"https:\/\/www.notibras.com\/site\/#\/schema\/person\/36ab0979449956132d3e5b517ea76ac8"},"headline":"Lava Jato e Zelotes podem pegar todo mundo, mas a fam\u00edlia, n\u00e3o","datePublished":"2015-10-29T01:44:45+00:00","dateModified":"2015-10-29T16:14:21+00:00","mainEntityOfPage":{"@id":"https:\/\/www.notibras.com\/site\/lava-jato-e-zelotes-podem-pegar-todo-mundo-mas-a-familia-nao\/"},"wordCount":271,"commentCount":0,"publisher":{"@id":"https:\/\/www.notibras.com\/site\/#organization"},"image":{"@id":"https:\/\/www.notibras.com\/site\/lava-jato-e-zelotes-podem-pegar-todo-mundo-mas-a-familia-nao\/#primaryimage"},"thumbnailUrl":"https:\/\/www.notibras.com\/site\/wp-content\/uploads\/2015\/10\/1422388409248.jpg","articleSection":["Luis Jorge Natal"],"inLanguage":"pt-BR","potentialAction":[{"@type":"CommentAction","name":"Comment","target":["https:\/\/www.notibras.com\/site\/lava-jato-e-zelotes-podem-pegar-todo-mundo-mas-a-familia-nao\/#respond"]}]},{"@type":"WebPage","@id":"https:\/\/www.notibras.com\/site\/lava-jato-e-zelotes-podem-pegar-todo-mundo-mas-a-familia-nao\/","url":"https:\/\/www.notibras.com\/site\/lava-jato-e-zelotes-podem-pegar-todo-mundo-mas-a-familia-nao\/","name":"Lava Jato e Zelotes podem pegar todo mundo, mas a fam\u00edlia, n\u00e3o - Notibras","isPartOf":{"@id":"https:\/\/www.notibras.com\/site\/#website"},"primaryImageOfPage":{"@id":"https:\/\/www.notibras.com\/site\/lava-jato-e-zelotes-podem-pegar-todo-mundo-mas-a-familia-nao\/#primaryimage"},"image":{"@id":"https:\/\/www.notibras.com\/site\/lava-jato-e-zelotes-podem-pegar-todo-mundo-mas-a-familia-nao\/#primaryimage"},"thumbnailUrl":"https:\/\/www.notibras.com\/site\/wp-content\/uploads\/2015\/10\/1422388409248.jpg","datePublished":"2015-10-29T01:44:45+00:00","dateModified":"2015-10-29T16:14:21+00:00","breadcrumb":{"@id":"https:\/\/www.notibras.com\/site\/lava-jato-e-zelotes-podem-pegar-todo-mundo-mas-a-familia-nao\/#breadcrumb"},"inLanguage":"pt-BR","potentialAction":[{"@type":"ReadAction","target":["https:\/\/www.notibras.com\/site\/lava-jato-e-zelotes-podem-pegar-todo-mundo-mas-a-familia-nao\/"]}]},{"@type":"ImageObject","inLanguage":"pt-BR","@id":"https:\/\/www.notibras.com\/site\/lava-jato-e-zelotes-podem-pegar-todo-mundo-mas-a-familia-nao\/#primaryimage","url":"https:\/\/www.notibras.com\/site\/wp-content\/uploads\/2015\/10\/1422388409248.jpg","contentUrl":"https:\/\/www.notibras.com\/site\/wp-content\/uploads\/2015\/10\/1422388409248.jpg","width":550,"height":405},{"@type":"BreadcrumbList","@id":"https:\/\/www.notibras.com\/site\/lava-jato-e-zelotes-podem-pegar-todo-mundo-mas-a-familia-nao\/#breadcrumb","itemListElement":[{"@type":"ListItem","position":1,"name":"In\u00edcio","item":"https:\/\/www.notibras.com\/site\/"},{"@type":"ListItem","position":2,"name":"Lava Jato e Zelotes podem pegar todo mundo, mas a fam\u00edlia, n\u00e3o"}]},{"@type":"WebSite","@id":"https:\/\/www.notibras.com\/site\/#website","url":"https:\/\/www.notibras.com\/site\/","name":"Notibras","description":"Not\u00edcias de Bras\u00edlia, do Brasil e do Mundo","publisher":{"@id":"https:\/\/www.notibras.com\/site\/#organization"},"potentialAction":[{"@type":"SearchAction","target":{"@type":"EntryPoint","urlTemplate":"https:\/\/www.notibras.com\/site\/?s={search_term_string}"},"query-input":{"@type":"PropertyValueSpecification","valueRequired":true,"valueName":"search_term_string"}}],"inLanguage":"pt-BR"},{"@type":"Organization","@id":"https:\/\/www.notibras.com\/site\/#organization","name":"Grupo Notibras de Comunica\u00e7\u00e3o","url":"https:\/\/www.notibras.com\/site\/","logo":{"@type":"ImageObject","inLanguage":"pt-BR","@id":"https:\/\/www.notibras.com\/site\/#\/schema\/logo\/image\/","url":"https:\/\/www.notibras.com\/site\/wp-content\/uploads\/2023\/01\/notibras23.png","contentUrl":"https:\/\/www.notibras.com\/site\/wp-content\/uploads\/2023\/01\/notibras23.png","width":350,"height":87,"caption":"Grupo Notibras de Comunica\u00e7\u00e3o"},"image":{"@id":"https:\/\/www.notibras.com\/site\/#\/schema\/logo\/image\/"},"sameAs":["https:\/\/www.facebook.com\/notibras\/","https:\/\/x.com\/Notibras","https:\/\/www.instagram.com\/notibras\/"]},{"@type":"Person","@id":"https:\/\/www.notibras.com\/site\/#\/schema\/person\/36ab0979449956132d3e5b517ea76ac8","name":"Reda\u00e7\u00e3o","image":{"@type":"ImageObject","inLanguage":"pt-BR","@id":"https:\/\/secure.gravatar.com\/avatar\/e0a867bdedb85fd243eadf09663511f96fc81e0720a4a42581f334ad4303aa6b?s=96&d=mm&r=g","url":"https:\/\/secure.gravatar.com\/avatar\/e0a867bdedb85fd243eadf09663511f96fc81e0720a4a42581f334ad4303aa6b?s=96&d=mm&r=g","contentUrl":"https:\/\/secure.gravatar.com\/avatar\/e0a867bdedb85fd243eadf09663511f96fc81e0720a4a42581f334ad4303aa6b?s=96&d=mm&r=g","caption":"Reda\u00e7\u00e3o"}}]}},"amp_enabled":true,"_links":{"self":[{"href":"https:\/\/www.notibras.com\/site\/wp-json\/wp\/v2\/posts\/73517","targetHints":{"allow":["GET"]}}],"collection":[{"href":"https:\/\/www.notibras.com\/site\/wp-json\/wp\/v2\/posts"}],"about":[{"href":"https:\/\/www.notibras.com\/site\/wp-json\/wp\/v2\/types\/post"}],"author":[{"embeddable":true,"href":"https:\/\/www.notibras.com\/site\/wp-json\/wp\/v2\/users\/2"}],"replies":[{"embeddable":true,"href":"https:\/\/www.notibras.com\/site\/wp-json\/wp\/v2\/comments?post=73517"}],"version-history":[{"count":1,"href":"https:\/\/www.notibras.com\/site\/wp-json\/wp\/v2\/posts\/73517\/revisions"}],"predecessor-version":[{"id":73519,"href":"https:\/\/www.notibras.com\/site\/wp-json\/wp\/v2\/posts\/73517\/revisions\/73519"}],"wp:featuredmedia":[{"embeddable":true,"href":"https:\/\/www.notibras.com\/site\/wp-json\/wp\/v2\/media\/73518"}],"wp:attachment":[{"href":"https:\/\/www.notibras.com\/site\/wp-json\/wp\/v2\/media?parent=73517"}],"wp:term":[{"taxonomy":"category","embeddable":true,"href":"https:\/\/www.notibras.com\/site\/wp-json\/wp\/v2\/categories?post=73517"},{"taxonomy":"post_tag","embeddable":true,"href":"https:\/\/www.notibras.com\/site\/wp-json\/wp\/v2\/tags?post=73517"}],"curies":[{"name":"wp","href":"https:\/\/api.w.org\/{rel}","templated":true}]}}