{"id":73735,"date":"2015-10-30T07:06:54","date_gmt":"2015-10-30T09:06:54","guid":{"rendered":"http:\/\/www.notibras.com\/site\/?p=73735"},"modified":"2015-10-31T11:06:42","modified_gmt":"2015-10-31T13:06:42","slug":"corra-ou-pare-trabalhe-mais-7-anos-e-salve-as-contas-do-governo","status":"publish","type":"post","link":"https:\/\/www.notibras.com\/site\/corra-ou-pare-trabalhe-mais-7-anos-e-salve-as-contas-do-governo\/","title":{"rendered":"Corra ou pare, trabalhe mais 11 anos e salve as contas do governo sempre no vermelho"},"content":{"rendered":"<p>De todos os problemas que atormentam o governo Dilma Rousseff, o mais perturbador \u00e9 o da Previd\u00eancia Social. \u00c9 um verdadeiro sumidouro de recursos p\u00fablicos. O d\u00e9ficit previdenci\u00e1rio neste ano chegar\u00e1 a R$ 82 bilh\u00f5es. O rombo em 2016 est\u00e1 previsto em R$ 125 bilh\u00f5es, o dobro do registrado em 2014- 56 bilh\u00f5es.<\/p>\n<p>Para reduzir estes gastos bilion\u00e1rios, a equipe econ\u00f4mica estuda uma reforma ampla, radical e imediata do sistema previdenci\u00e1rio. J\u00e1 est\u00e1 definido que os homens ter\u00e3o direito \u00e0 aposentadoria aos 65 anos, e as mulheres aos 60 anos. Hoje, a idade m\u00e9dia de aposentadoria \u00e9 de 54 anos, enquanto a expectativa de vida \u00e9 de 74,9.<\/p>\n<p>A equipe econ\u00f4mica est\u00e1 propensa a restringir o acesso a benef\u00edcios assistenciais pagos para quem n\u00e3o contribuiu ao INSS. Analisa tamb\u00e9m mudan\u00e7as nas regras para concess\u00e3o de aposentadoria por invalidez. Outra alternativa \u00e9 melhorar o sistema de reabilita\u00e7\u00e3o profissional de trabalhadores que se acidentarem.<\/p>\n<p>O governo estuda ainda a possibilidade de alterar normas para concess\u00e3o de aux\u00edlios doen\u00e7as, a fim de que os patr\u00f5es arquem com os primeiros 30 dias de afastamento. Atualmente, s\u00f3 os 15 primeiros dias de licen\u00e7a s\u00e3o custeados pelos patr\u00f5es.<\/p>\n<p>Ao propor estas mudan\u00e7as, o governo certamente provocar\u00e1 outra guerra dentro do Congresso Nacional e com as lideran\u00e7as sindicais cada vez mais no vermelho. \u00c9 um tema suscet\u00edvel de muita press\u00e3o.<\/p>\n","protected":false},"excerpt":{"rendered":"<p>De todos os problemas que atormentam o governo Dilma Rousseff, o mais perturbador \u00e9 o da Previd\u00eancia Social. \u00c9 um verdadeiro sumidouro de recursos p\u00fablicos. O d\u00e9ficit previdenci\u00e1rio neste ano chegar\u00e1 a R$ 82 bilh\u00f5es. O rombo em 2016 est\u00e1 previsto em R$ 125 bilh\u00f5es, o dobro do registrado em 2014- 56 bilh\u00f5es. Para reduzir [&hellip;]<\/p>\n","protected":false},"author":2,"featured_media":73736,"comment_status":"open","ping_status":"closed","sticky":false,"template":"","format":"standard","meta":{"_acf_changed":false,"footnotes":""},"categories":[42],"tags":[],"class_list":["post-73735","post","type-post","status-publish","format-standard","has-post-thumbnail","hentry","category-coletti"],"acf":[],"yoast_head":"<!-- This site is optimized with the Yoast SEO plugin v27.2 - https:\/\/yoast.com\/product\/yoast-seo-wordpress\/ -->\n<title>Corra ou pare, trabalhe mais 11 anos e salve as contas do governo sempre no vermelho - Notibras<\/title>\n<meta name=\"robots\" content=\"index, follow, max-snippet:-1, max-image-preview:large, max-video-preview:-1\" \/>\n<link rel=\"canonical\" href=\"https:\/\/www.notibras.com\/site\/corra-ou-pare-trabalhe-mais-7-anos-e-salve-as-contas-do-governo\/\" \/>\n<meta property=\"og:locale\" content=\"pt_BR\" \/>\n<meta property=\"og:type\" content=\"article\" \/>\n<meta property=\"og:title\" content=\"Corra ou pare, trabalhe mais 11 anos e salve as contas do governo sempre no vermelho - Notibras\" \/>\n<meta property=\"og:description\" content=\"De todos os problemas que atormentam o governo Dilma Rousseff, o mais perturbador \u00e9 o da Previd\u00eancia Social. \u00c9 um verdadeiro sumidouro de recursos p\u00fablicos. O d\u00e9ficit previdenci\u00e1rio neste ano chegar\u00e1 a R$ 82 bilh\u00f5es. O rombo em 2016 est\u00e1 previsto em R$ 125 bilh\u00f5es, o dobro do registrado em 2014- 56 bilh\u00f5es. Para reduzir [&hellip;]\" \/>\n<meta property=\"og:url\" content=\"https:\/\/www.notibras.com\/site\/corra-ou-pare-trabalhe-mais-7-anos-e-salve-as-contas-do-governo\/\" \/>\n<meta property=\"og:site_name\" content=\"Notibras\" \/>\n<meta property=\"article:publisher\" content=\"https:\/\/www.facebook.com\/notibras\/\" \/>\n<meta property=\"article:published_time\" content=\"2015-10-30T09:06:54+00:00\" \/>\n<meta property=\"article:modified_time\" content=\"2015-10-31T13:06:42+00:00\" \/>\n<meta property=\"og:image\" content=\"https:\/\/www.notibras.com\/site\/wp-content\/uploads\/2015\/10\/aposentadoria-feliz.jpg\" \/>\n\t<meta property=\"og:image:width\" content=\"608\" \/>\n\t<meta property=\"og:image:height\" content=\"393\" \/>\n\t<meta property=\"og:image:type\" content=\"image\/jpeg\" \/>\n<meta name=\"author\" content=\"Reda\u00e7\u00e3o\" \/>\n<meta name=\"twitter:card\" content=\"summary_large_image\" \/>\n<meta name=\"twitter:creator\" content=\"@Notibras\" \/>\n<meta name=\"twitter:site\" content=\"@Notibras\" \/>\n<meta name=\"twitter:label1\" content=\"Escrito por\" \/>\n\t<meta name=\"twitter:data1\" content=\"Reda\u00e7\u00e3o\" \/>\n\t<meta name=\"twitter:label2\" content=\"Est. tempo de leitura\" \/>\n\t<meta name=\"twitter:data2\" content=\"1 minuto\" \/>\n<script type=\"application\/ld+json\" class=\"yoast-schema-graph\">{\"@context\":\"https:\/\/schema.org\",\"@graph\":[{\"@type\":\"Article\",\"@id\":\"https:\/\/www.notibras.com\/site\/corra-ou-pare-trabalhe-mais-7-anos-e-salve-as-contas-do-governo\/#article\",\"isPartOf\":{\"@id\":\"https:\/\/www.notibras.com\/site\/corra-ou-pare-trabalhe-mais-7-anos-e-salve-as-contas-do-governo\/\"},\"author\":{\"name\":\"Reda\u00e7\u00e3o\",\"@id\":\"https:\/\/www.notibras.com\/site\/#\/schema\/person\/36ab0979449956132d3e5b517ea76ac8\"},\"headline\":\"Corra ou pare, trabalhe mais 11 anos e salve as contas do governo sempre no vermelho\",\"datePublished\":\"2015-10-30T09:06:54+00:00\",\"dateModified\":\"2015-10-31T13:06:42+00:00\",\"mainEntityOfPage\":{\"@id\":\"https:\/\/www.notibras.com\/site\/corra-ou-pare-trabalhe-mais-7-anos-e-salve-as-contas-do-governo\/\"},\"wordCount\":251,\"commentCount\":0,\"publisher\":{\"@id\":\"https:\/\/www.notibras.com\/site\/#organization\"},\"image\":{\"@id\":\"https:\/\/www.notibras.com\/site\/corra-ou-pare-trabalhe-mais-7-anos-e-salve-as-contas-do-governo\/#primaryimage\"},\"thumbnailUrl\":\"https:\/\/www.notibras.com\/site\/wp-content\/uploads\/2015\/10\/aposentadoria-feliz.jpg\",\"articleSection\":[\"Cl\u00e1udio Coletti\"],\"inLanguage\":\"pt-BR\",\"potentialAction\":[{\"@type\":\"CommentAction\",\"name\":\"Comment\",\"target\":[\"https:\/\/www.notibras.com\/site\/corra-ou-pare-trabalhe-mais-7-anos-e-salve-as-contas-do-governo\/#respond\"]}]},{\"@type\":\"WebPage\",\"@id\":\"https:\/\/www.notibras.com\/site\/corra-ou-pare-trabalhe-mais-7-anos-e-salve-as-contas-do-governo\/\",\"url\":\"https:\/\/www.notibras.com\/site\/corra-ou-pare-trabalhe-mais-7-anos-e-salve-as-contas-do-governo\/\",\"name\":\"Corra ou pare, trabalhe mais 11 anos e salve as contas do governo sempre no vermelho - Notibras\",\"isPartOf\":{\"@id\":\"https:\/\/www.notibras.com\/site\/#website\"},\"primaryImageOfPage\":{\"@id\":\"https:\/\/www.notibras.com\/site\/corra-ou-pare-trabalhe-mais-7-anos-e-salve-as-contas-do-governo\/#primaryimage\"},\"image\":{\"@id\":\"https:\/\/www.notibras.com\/site\/corra-ou-pare-trabalhe-mais-7-anos-e-salve-as-contas-do-governo\/#primaryimage\"},\"thumbnailUrl\":\"https:\/\/www.notibras.com\/site\/wp-content\/uploads\/2015\/10\/aposentadoria-feliz.jpg\",\"datePublished\":\"2015-10-30T09:06:54+00:00\",\"dateModified\":\"2015-10-31T13:06:42+00:00\",\"breadcrumb\":{\"@id\":\"https:\/\/www.notibras.com\/site\/corra-ou-pare-trabalhe-mais-7-anos-e-salve-as-contas-do-governo\/#breadcrumb\"},\"inLanguage\":\"pt-BR\",\"potentialAction\":[{\"@type\":\"ReadAction\",\"target\":[\"https:\/\/www.notibras.com\/site\/corra-ou-pare-trabalhe-mais-7-anos-e-salve-as-contas-do-governo\/\"]}]},{\"@type\":\"ImageObject\",\"inLanguage\":\"pt-BR\",\"@id\":\"https:\/\/www.notibras.com\/site\/corra-ou-pare-trabalhe-mais-7-anos-e-salve-as-contas-do-governo\/#primaryimage\",\"url\":\"https:\/\/www.notibras.com\/site\/wp-content\/uploads\/2015\/10\/aposentadoria-feliz.jpg\",\"contentUrl\":\"https:\/\/www.notibras.com\/site\/wp-content\/uploads\/2015\/10\/aposentadoria-feliz.jpg\",\"width\":608,\"height\":393},{\"@type\":\"BreadcrumbList\",\"@id\":\"https:\/\/www.notibras.com\/site\/corra-ou-pare-trabalhe-mais-7-anos-e-salve-as-contas-do-governo\/#breadcrumb\",\"itemListElement\":[{\"@type\":\"ListItem\",\"position\":1,\"name\":\"In\u00edcio\",\"item\":\"https:\/\/www.notibras.com\/site\/\"},{\"@type\":\"ListItem\",\"position\":2,\"name\":\"Corra ou pare, trabalhe mais 11 anos e salve as contas do governo sempre no vermelho\"}]},{\"@type\":\"WebSite\",\"@id\":\"https:\/\/www.notibras.com\/site\/#website\",\"url\":\"https:\/\/www.notibras.com\/site\/\",\"name\":\"Notibras\",\"description\":\"Not\u00edcias de Bras\u00edlia, do Brasil e do Mundo\",\"publisher\":{\"@id\":\"https:\/\/www.notibras.com\/site\/#organization\"},\"potentialAction\":[{\"@type\":\"SearchAction\",\"target\":{\"@type\":\"EntryPoint\",\"urlTemplate\":\"https:\/\/www.notibras.com\/site\/?s={search_term_string}\"},\"query-input\":{\"@type\":\"PropertyValueSpecification\",\"valueRequired\":true,\"valueName\":\"search_term_string\"}}],\"inLanguage\":\"pt-BR\"},{\"@type\":\"Organization\",\"@id\":\"https:\/\/www.notibras.com\/site\/#organization\",\"name\":\"Grupo Notibras de Comunica\u00e7\u00e3o\",\"url\":\"https:\/\/www.notibras.com\/site\/\",\"logo\":{\"@type\":\"ImageObject\",\"inLanguage\":\"pt-BR\",\"@id\":\"https:\/\/www.notibras.com\/site\/#\/schema\/logo\/image\/\",\"url\":\"https:\/\/www.notibras.com\/site\/wp-content\/uploads\/2023\/01\/notibras23.png\",\"contentUrl\":\"https:\/\/www.notibras.com\/site\/wp-content\/uploads\/2023\/01\/notibras23.png\",\"width\":350,\"height\":87,\"caption\":\"Grupo Notibras de Comunica\u00e7\u00e3o\"},\"image\":{\"@id\":\"https:\/\/www.notibras.com\/site\/#\/schema\/logo\/image\/\"},\"sameAs\":[\"https:\/\/www.facebook.com\/notibras\/\",\"https:\/\/x.com\/Notibras\",\"https:\/\/www.instagram.com\/notibras\/\"]},{\"@type\":\"Person\",\"@id\":\"https:\/\/www.notibras.com\/site\/#\/schema\/person\/36ab0979449956132d3e5b517ea76ac8\",\"name\":\"Reda\u00e7\u00e3o\",\"image\":{\"@type\":\"ImageObject\",\"inLanguage\":\"pt-BR\",\"@id\":\"https:\/\/secure.gravatar.com\/avatar\/e0a867bdedb85fd243eadf09663511f96fc81e0720a4a42581f334ad4303aa6b?s=96&d=mm&r=g\",\"url\":\"https:\/\/secure.gravatar.com\/avatar\/e0a867bdedb85fd243eadf09663511f96fc81e0720a4a42581f334ad4303aa6b?s=96&d=mm&r=g\",\"contentUrl\":\"https:\/\/secure.gravatar.com\/avatar\/e0a867bdedb85fd243eadf09663511f96fc81e0720a4a42581f334ad4303aa6b?s=96&d=mm&r=g\",\"caption\":\"Reda\u00e7\u00e3o\"}}]}<\/script>\n<!-- \/ Yoast SEO plugin. -->","yoast_head_json":{"title":"Corra ou pare, trabalhe mais 11 anos e salve as contas do governo sempre no vermelho - Notibras","robots":{"index":"index","follow":"follow","max-snippet":"max-snippet:-1","max-image-preview":"max-image-preview:large","max-video-preview":"max-video-preview:-1"},"canonical":"https:\/\/www.notibras.com\/site\/corra-ou-pare-trabalhe-mais-7-anos-e-salve-as-contas-do-governo\/","og_locale":"pt_BR","og_type":"article","og_title":"Corra ou pare, trabalhe mais 11 anos e salve as contas do governo sempre no vermelho - Notibras","og_description":"De todos os problemas que atormentam o governo Dilma Rousseff, o mais perturbador \u00e9 o da Previd\u00eancia Social. \u00c9 um verdadeiro sumidouro de recursos p\u00fablicos. O d\u00e9ficit previdenci\u00e1rio neste ano chegar\u00e1 a R$ 82 bilh\u00f5es. O rombo em 2016 est\u00e1 previsto em R$ 125 bilh\u00f5es, o dobro do registrado em 2014- 56 bilh\u00f5es. Para reduzir [&hellip;]","og_url":"https:\/\/www.notibras.com\/site\/corra-ou-pare-trabalhe-mais-7-anos-e-salve-as-contas-do-governo\/","og_site_name":"Notibras","article_publisher":"https:\/\/www.facebook.com\/notibras\/","article_published_time":"2015-10-30T09:06:54+00:00","article_modified_time":"2015-10-31T13:06:42+00:00","og_image":[{"width":608,"height":393,"url":"https:\/\/www.notibras.com\/site\/wp-content\/uploads\/2015\/10\/aposentadoria-feliz.jpg","type":"image\/jpeg"}],"author":"Reda\u00e7\u00e3o","twitter_card":"summary_large_image","twitter_creator":"@Notibras","twitter_site":"@Notibras","twitter_misc":{"Escrito por":"Reda\u00e7\u00e3o","Est. tempo de leitura":"1 minuto"},"schema":{"@context":"https:\/\/schema.org","@graph":[{"@type":"Article","@id":"https:\/\/www.notibras.com\/site\/corra-ou-pare-trabalhe-mais-7-anos-e-salve-as-contas-do-governo\/#article","isPartOf":{"@id":"https:\/\/www.notibras.com\/site\/corra-ou-pare-trabalhe-mais-7-anos-e-salve-as-contas-do-governo\/"},"author":{"name":"Reda\u00e7\u00e3o","@id":"https:\/\/www.notibras.com\/site\/#\/schema\/person\/36ab0979449956132d3e5b517ea76ac8"},"headline":"Corra ou pare, trabalhe mais 11 anos e salve as contas do governo sempre no vermelho","datePublished":"2015-10-30T09:06:54+00:00","dateModified":"2015-10-31T13:06:42+00:00","mainEntityOfPage":{"@id":"https:\/\/www.notibras.com\/site\/corra-ou-pare-trabalhe-mais-7-anos-e-salve-as-contas-do-governo\/"},"wordCount":251,"commentCount":0,"publisher":{"@id":"https:\/\/www.notibras.com\/site\/#organization"},"image":{"@id":"https:\/\/www.notibras.com\/site\/corra-ou-pare-trabalhe-mais-7-anos-e-salve-as-contas-do-governo\/#primaryimage"},"thumbnailUrl":"https:\/\/www.notibras.com\/site\/wp-content\/uploads\/2015\/10\/aposentadoria-feliz.jpg","articleSection":["Cl\u00e1udio Coletti"],"inLanguage":"pt-BR","potentialAction":[{"@type":"CommentAction","name":"Comment","target":["https:\/\/www.notibras.com\/site\/corra-ou-pare-trabalhe-mais-7-anos-e-salve-as-contas-do-governo\/#respond"]}]},{"@type":"WebPage","@id":"https:\/\/www.notibras.com\/site\/corra-ou-pare-trabalhe-mais-7-anos-e-salve-as-contas-do-governo\/","url":"https:\/\/www.notibras.com\/site\/corra-ou-pare-trabalhe-mais-7-anos-e-salve-as-contas-do-governo\/","name":"Corra ou pare, trabalhe mais 11 anos e salve as contas do governo sempre no vermelho - Notibras","isPartOf":{"@id":"https:\/\/www.notibras.com\/site\/#website"},"primaryImageOfPage":{"@id":"https:\/\/www.notibras.com\/site\/corra-ou-pare-trabalhe-mais-7-anos-e-salve-as-contas-do-governo\/#primaryimage"},"image":{"@id":"https:\/\/www.notibras.com\/site\/corra-ou-pare-trabalhe-mais-7-anos-e-salve-as-contas-do-governo\/#primaryimage"},"thumbnailUrl":"https:\/\/www.notibras.com\/site\/wp-content\/uploads\/2015\/10\/aposentadoria-feliz.jpg","datePublished":"2015-10-30T09:06:54+00:00","dateModified":"2015-10-31T13:06:42+00:00","breadcrumb":{"@id":"https:\/\/www.notibras.com\/site\/corra-ou-pare-trabalhe-mais-7-anos-e-salve-as-contas-do-governo\/#breadcrumb"},"inLanguage":"pt-BR","potentialAction":[{"@type":"ReadAction","target":["https:\/\/www.notibras.com\/site\/corra-ou-pare-trabalhe-mais-7-anos-e-salve-as-contas-do-governo\/"]}]},{"@type":"ImageObject","inLanguage":"pt-BR","@id":"https:\/\/www.notibras.com\/site\/corra-ou-pare-trabalhe-mais-7-anos-e-salve-as-contas-do-governo\/#primaryimage","url":"https:\/\/www.notibras.com\/site\/wp-content\/uploads\/2015\/10\/aposentadoria-feliz.jpg","contentUrl":"https:\/\/www.notibras.com\/site\/wp-content\/uploads\/2015\/10\/aposentadoria-feliz.jpg","width":608,"height":393},{"@type":"BreadcrumbList","@id":"https:\/\/www.notibras.com\/site\/corra-ou-pare-trabalhe-mais-7-anos-e-salve-as-contas-do-governo\/#breadcrumb","itemListElement":[{"@type":"ListItem","position":1,"name":"In\u00edcio","item":"https:\/\/www.notibras.com\/site\/"},{"@type":"ListItem","position":2,"name":"Corra ou pare, trabalhe mais 11 anos e salve as contas do governo sempre no vermelho"}]},{"@type":"WebSite","@id":"https:\/\/www.notibras.com\/site\/#website","url":"https:\/\/www.notibras.com\/site\/","name":"Notibras","description":"Not\u00edcias de Bras\u00edlia, do Brasil e do Mundo","publisher":{"@id":"https:\/\/www.notibras.com\/site\/#organization"},"potentialAction":[{"@type":"SearchAction","target":{"@type":"EntryPoint","urlTemplate":"https:\/\/www.notibras.com\/site\/?s={search_term_string}"},"query-input":{"@type":"PropertyValueSpecification","valueRequired":true,"valueName":"search_term_string"}}],"inLanguage":"pt-BR"},{"@type":"Organization","@id":"https:\/\/www.notibras.com\/site\/#organization","name":"Grupo Notibras de Comunica\u00e7\u00e3o","url":"https:\/\/www.notibras.com\/site\/","logo":{"@type":"ImageObject","inLanguage":"pt-BR","@id":"https:\/\/www.notibras.com\/site\/#\/schema\/logo\/image\/","url":"https:\/\/www.notibras.com\/site\/wp-content\/uploads\/2023\/01\/notibras23.png","contentUrl":"https:\/\/www.notibras.com\/site\/wp-content\/uploads\/2023\/01\/notibras23.png","width":350,"height":87,"caption":"Grupo Notibras de Comunica\u00e7\u00e3o"},"image":{"@id":"https:\/\/www.notibras.com\/site\/#\/schema\/logo\/image\/"},"sameAs":["https:\/\/www.facebook.com\/notibras\/","https:\/\/x.com\/Notibras","https:\/\/www.instagram.com\/notibras\/"]},{"@type":"Person","@id":"https:\/\/www.notibras.com\/site\/#\/schema\/person\/36ab0979449956132d3e5b517ea76ac8","name":"Reda\u00e7\u00e3o","image":{"@type":"ImageObject","inLanguage":"pt-BR","@id":"https:\/\/secure.gravatar.com\/avatar\/e0a867bdedb85fd243eadf09663511f96fc81e0720a4a42581f334ad4303aa6b?s=96&d=mm&r=g","url":"https:\/\/secure.gravatar.com\/avatar\/e0a867bdedb85fd243eadf09663511f96fc81e0720a4a42581f334ad4303aa6b?s=96&d=mm&r=g","contentUrl":"https:\/\/secure.gravatar.com\/avatar\/e0a867bdedb85fd243eadf09663511f96fc81e0720a4a42581f334ad4303aa6b?s=96&d=mm&r=g","caption":"Reda\u00e7\u00e3o"}}]}},"amp_enabled":true,"_links":{"self":[{"href":"https:\/\/www.notibras.com\/site\/wp-json\/wp\/v2\/posts\/73735","targetHints":{"allow":["GET"]}}],"collection":[{"href":"https:\/\/www.notibras.com\/site\/wp-json\/wp\/v2\/posts"}],"about":[{"href":"https:\/\/www.notibras.com\/site\/wp-json\/wp\/v2\/types\/post"}],"author":[{"embeddable":true,"href":"https:\/\/www.notibras.com\/site\/wp-json\/wp\/v2\/users\/2"}],"replies":[{"embeddable":true,"href":"https:\/\/www.notibras.com\/site\/wp-json\/wp\/v2\/comments?post=73735"}],"version-history":[{"count":5,"href":"https:\/\/www.notibras.com\/site\/wp-json\/wp\/v2\/posts\/73735\/revisions"}],"predecessor-version":[{"id":73813,"href":"https:\/\/www.notibras.com\/site\/wp-json\/wp\/v2\/posts\/73735\/revisions\/73813"}],"wp:featuredmedia":[{"embeddable":true,"href":"https:\/\/www.notibras.com\/site\/wp-json\/wp\/v2\/media\/73736"}],"wp:attachment":[{"href":"https:\/\/www.notibras.com\/site\/wp-json\/wp\/v2\/media?parent=73735"}],"wp:term":[{"taxonomy":"category","embeddable":true,"href":"https:\/\/www.notibras.com\/site\/wp-json\/wp\/v2\/categories?post=73735"},{"taxonomy":"post_tag","embeddable":true,"href":"https:\/\/www.notibras.com\/site\/wp-json\/wp\/v2\/tags?post=73735"}],"curies":[{"name":"wp","href":"https:\/\/api.w.org\/{rel}","templated":true}]}}