{"id":7380,"date":"2014-04-23T06:49:15","date_gmt":"2014-04-23T09:49:15","guid":{"rendered":"http:\/\/www.notibras.com\/site\/?p=7380"},"modified":"2014-04-23T08:50:50","modified_gmt":"2014-04-23T11:50:50","slug":"bragantino-se-recupera-da-estreia-e-bate-avai-de-virada","status":"publish","type":"post","link":"https:\/\/www.notibras.com\/site\/bragantino-se-recupera-da-estreia-e-bate-avai-de-virada\/","title":{"rendered":"Bragantino se recupera de empate na estreia e bate Ava\u00ed de virada"},"content":{"rendered":"<p>Ap\u00f3s empatar com o N\u00e1utico por 2 a 2 em casa na estreia, o Bragantino conquistou sua primeira vit\u00f3ria na S\u00e9rie B do Campeonato Brasileiro nesta ter\u00e7a-feira. Pela segunda rodada da competi\u00e7\u00e3o, a equipe foi \u00e0 Ressacada e bateu o Ava\u00ed por 2 a 1.<\/p>\n<p>Com o triunfo, o time paulista chega a quatro pontos na tabela. J\u00e1 a equipe catarinense, que havia come\u00e7ado no Nacional com um rev\u00e9s por 3 a 1 para o Am\u00e9rica-RN, continua zerado na tabela.<\/p>\n<p>Os mandantes at\u00e9 sa\u00edram na frente com um gol de Ant\u00f4nio Carlos aos 24 minutos do primeiro tempo. Ainda antes do intervalo, Fabiano deixou tudo igual aos 38. A virada seria alcan\u00e7ada s\u00f3 aos 39 minutos da etapa final, com um gol de Guilherme Mattis.<\/p>\n<p>Pela pr\u00f3xima rodada da S\u00e9rie B do Campeonato Brasileiro, o Ava\u00ed visitar\u00e1 o Vila Nova no dia 3 de maio (s\u00e1bado), \u00e0s 21h (de Bras\u00edlia). Antes, na pr\u00f3xima ter\u00e7a-feira, o Bragantino receber\u00e1 a Portuguesa, \u00e0s 21h50.<\/p>\n<p>Esbarrando na forte marca\u00e7\u00e3o implementada pelo Bragantino, que atuou com tr\u00eas zagueiros (Alex Moraes, Guilherme Mattis e Yago), o Ava\u00ed criou sua primeira chance por meio de uma bola parada. Em cobran\u00e7a de falta na intermedi\u00e1ria, o meia Diego Jardel buscou o \u00e2ngulo de Leandro Santos, mas viu o arqueiro advers\u00e1rio praticar a defesa. Com 18 minutos, foi a vez de Marquinhos assustar com uma cobran\u00e7a rente ao travess\u00e3o.<\/p>\n<p>Atuando com mais desenvoltura no campo de ataque, o time mandante superou a defesa paulista e inaugurou o marcador aos 24 minutos. Marquinhos al\u00e7ou a bola na \u00e1rea e viu o zagueiro Ant\u00f4nio Carlos testar firme. Leandro Santos tocou na bola, mas n\u00e3o evitou o gol catarinense.<\/p>\n<p>Por\u00e9m, no final da primeira etapa, os visitantes conseguiram o empate. Em cobran\u00e7a de falta, o lateral esquerdo Par\u00e1 finalizou rasteiro e carimbou a barreira. Oportunista, o jovem volante Fabiano, cria da base do Corinthians, recuperou a bola e teve calma para concluir na sa\u00edda do experiente Diego.<\/p>\n<p>Logo aos dez minutos da segunda etapa, o Ava\u00ed criou uma boa chance de voltar \u00e0 frente do marcador. Em cobran\u00e7a de falta de Marquinhos, Guilherme Mattis tentou afastar e por pouco n\u00e3o marcou contra. A resposta do Bragantino veio tr\u00eas minutos mais tarde, em cabe\u00e7ada \u00e0 queima-roupa do centroavante T\u00e1ssio, que exigiu uma interven\u00e7\u00e3o providencial do arqueiro mandante.<\/p>\n<p>Com 37 minutos, o t\u00e9cnico alvinegro Marcelo Veiga refor\u00e7ou ainda mais o sistema defensivo, com a entrada do zagueiro Gustavo Carbonieri no lugar do volante Fabiano, autor do primeiro gol.<\/p>\n<p>Por\u00e9m, em vez de segurar o resultado, o Bragantino conseguiu o tento da virada. Dois minutos ap\u00f3s a altera\u00e7\u00e3o, o zagueiro Guilherme Mattis aproveitou cruzamento de Par\u00e1 na \u00e1rea e testou firme, no canto esquerdo, sem dar chances para o arqueiro oponente.<\/p>\n","protected":false},"excerpt":{"rendered":"<p>Ap\u00f3s empatar com o N\u00e1utico por 2 a 2 em casa na estreia, o Bragantino conquistou sua primeira vit\u00f3ria na S\u00e9rie B do Campeonato Brasileiro nesta ter\u00e7a-feira. Pela segunda rodada da competi\u00e7\u00e3o, a equipe foi \u00e0 Ressacada e bateu o Ava\u00ed por 2 a 1. Com o triunfo, o time paulista chega a quatro pontos [&hellip;]<\/p>\n","protected":false},"author":2,"featured_media":7381,"comment_status":"open","ping_status":"closed","sticky":false,"template":"","format":"standard","meta":{"_acf_changed":false,"footnotes":""},"categories":[19],"tags":[],"class_list":["post-7380","post","type-post","status-publish","format-standard","has-post-thumbnail","hentry","category-esportes"],"acf":[],"yoast_head":"<!-- This site is optimized with the Yoast SEO plugin v27.2 - https:\/\/yoast.com\/product\/yoast-seo-wordpress\/ -->\n<title>Bragantino se recupera de empate na estreia e bate Ava\u00ed de virada - Notibras<\/title>\n<meta name=\"robots\" content=\"index, follow, max-snippet:-1, max-image-preview:large, max-video-preview:-1\" \/>\n<link rel=\"canonical\" href=\"https:\/\/www.notibras.com\/site\/bragantino-se-recupera-da-estreia-e-bate-avai-de-virada\/\" \/>\n<meta property=\"og:locale\" content=\"pt_BR\" \/>\n<meta property=\"og:type\" content=\"article\" \/>\n<meta property=\"og:title\" content=\"Bragantino se recupera de empate na estreia e bate Ava\u00ed de virada - Notibras\" \/>\n<meta property=\"og:description\" content=\"Ap\u00f3s empatar com o N\u00e1utico por 2 a 2 em casa na estreia, o Bragantino conquistou sua primeira vit\u00f3ria na S\u00e9rie B do Campeonato Brasileiro nesta ter\u00e7a-feira. Pela segunda rodada da competi\u00e7\u00e3o, a equipe foi \u00e0 Ressacada e bateu o Ava\u00ed por 2 a 1. Com o triunfo, o time paulista chega a quatro pontos [&hellip;]\" \/>\n<meta property=\"og:url\" content=\"https:\/\/www.notibras.com\/site\/bragantino-se-recupera-da-estreia-e-bate-avai-de-virada\/\" \/>\n<meta property=\"og:site_name\" content=\"Notibras\" \/>\n<meta property=\"article:publisher\" content=\"https:\/\/www.facebook.com\/notibras\/\" \/>\n<meta property=\"article:published_time\" content=\"2014-04-23T09:49:15+00:00\" \/>\n<meta property=\"article:modified_time\" content=\"2014-04-23T11:50:50+00:00\" \/>\n<meta property=\"og:image\" content=\"https:\/\/www.notibras.com\/site\/wp-content\/uploads\/2014\/04\/622_e9007f76-01de-331f-9cee-dbc5fc359b82.jpg\" \/>\n\t<meta property=\"og:image:width\" content=\"622\" \/>\n\t<meta property=\"og:image:height\" content=\"350\" \/>\n\t<meta property=\"og:image:type\" content=\"image\/jpeg\" \/>\n<meta name=\"author\" content=\"Reda\u00e7\u00e3o\" \/>\n<meta name=\"twitter:card\" content=\"summary_large_image\" \/>\n<meta name=\"twitter:creator\" content=\"@Notibras\" \/>\n<meta name=\"twitter:site\" content=\"@Notibras\" \/>\n<meta name=\"twitter:label1\" content=\"Escrito por\" \/>\n\t<meta name=\"twitter:data1\" content=\"Reda\u00e7\u00e3o\" \/>\n\t<meta name=\"twitter:label2\" content=\"Est. tempo de leitura\" \/>\n\t<meta name=\"twitter:data2\" content=\"2 minutos\" \/>\n<script type=\"application\/ld+json\" class=\"yoast-schema-graph\">{\"@context\":\"https:\/\/schema.org\",\"@graph\":[{\"@type\":\"Article\",\"@id\":\"https:\/\/www.notibras.com\/site\/bragantino-se-recupera-da-estreia-e-bate-avai-de-virada\/#article\",\"isPartOf\":{\"@id\":\"https:\/\/www.notibras.com\/site\/bragantino-se-recupera-da-estreia-e-bate-avai-de-virada\/\"},\"author\":{\"name\":\"Reda\u00e7\u00e3o\",\"@id\":\"https:\/\/www.notibras.com\/site\/#\/schema\/person\/36ab0979449956132d3e5b517ea76ac8\"},\"headline\":\"Bragantino se recupera de empate na estreia e bate Ava\u00ed de virada\",\"datePublished\":\"2014-04-23T09:49:15+00:00\",\"dateModified\":\"2014-04-23T11:50:50+00:00\",\"mainEntityOfPage\":{\"@id\":\"https:\/\/www.notibras.com\/site\/bragantino-se-recupera-da-estreia-e-bate-avai-de-virada\/\"},\"wordCount\":494,\"commentCount\":0,\"publisher\":{\"@id\":\"https:\/\/www.notibras.com\/site\/#organization\"},\"image\":{\"@id\":\"https:\/\/www.notibras.com\/site\/bragantino-se-recupera-da-estreia-e-bate-avai-de-virada\/#primaryimage\"},\"thumbnailUrl\":\"https:\/\/www.notibras.com\/site\/wp-content\/uploads\/2014\/04\/622_e9007f76-01de-331f-9cee-dbc5fc359b82.jpg\",\"articleSection\":[\"Esportes\"],\"inLanguage\":\"pt-BR\",\"potentialAction\":[{\"@type\":\"CommentAction\",\"name\":\"Comment\",\"target\":[\"https:\/\/www.notibras.com\/site\/bragantino-se-recupera-da-estreia-e-bate-avai-de-virada\/#respond\"]}]},{\"@type\":\"WebPage\",\"@id\":\"https:\/\/www.notibras.com\/site\/bragantino-se-recupera-da-estreia-e-bate-avai-de-virada\/\",\"url\":\"https:\/\/www.notibras.com\/site\/bragantino-se-recupera-da-estreia-e-bate-avai-de-virada\/\",\"name\":\"Bragantino se recupera de empate na estreia e bate Ava\u00ed de virada - Notibras\",\"isPartOf\":{\"@id\":\"https:\/\/www.notibras.com\/site\/#website\"},\"primaryImageOfPage\":{\"@id\":\"https:\/\/www.notibras.com\/site\/bragantino-se-recupera-da-estreia-e-bate-avai-de-virada\/#primaryimage\"},\"image\":{\"@id\":\"https:\/\/www.notibras.com\/site\/bragantino-se-recupera-da-estreia-e-bate-avai-de-virada\/#primaryimage\"},\"thumbnailUrl\":\"https:\/\/www.notibras.com\/site\/wp-content\/uploads\/2014\/04\/622_e9007f76-01de-331f-9cee-dbc5fc359b82.jpg\",\"datePublished\":\"2014-04-23T09:49:15+00:00\",\"dateModified\":\"2014-04-23T11:50:50+00:00\",\"breadcrumb\":{\"@id\":\"https:\/\/www.notibras.com\/site\/bragantino-se-recupera-da-estreia-e-bate-avai-de-virada\/#breadcrumb\"},\"inLanguage\":\"pt-BR\",\"potentialAction\":[{\"@type\":\"ReadAction\",\"target\":[\"https:\/\/www.notibras.com\/site\/bragantino-se-recupera-da-estreia-e-bate-avai-de-virada\/\"]}]},{\"@type\":\"ImageObject\",\"inLanguage\":\"pt-BR\",\"@id\":\"https:\/\/www.notibras.com\/site\/bragantino-se-recupera-da-estreia-e-bate-avai-de-virada\/#primaryimage\",\"url\":\"https:\/\/www.notibras.com\/site\/wp-content\/uploads\/2014\/04\/622_e9007f76-01de-331f-9cee-dbc5fc359b82.jpg\",\"contentUrl\":\"https:\/\/www.notibras.com\/site\/wp-content\/uploads\/2014\/04\/622_e9007f76-01de-331f-9cee-dbc5fc359b82.jpg\",\"width\":622,\"height\":350},{\"@type\":\"BreadcrumbList\",\"@id\":\"https:\/\/www.notibras.com\/site\/bragantino-se-recupera-da-estreia-e-bate-avai-de-virada\/#breadcrumb\",\"itemListElement\":[{\"@type\":\"ListItem\",\"position\":1,\"name\":\"In\u00edcio\",\"item\":\"https:\/\/www.notibras.com\/site\/\"},{\"@type\":\"ListItem\",\"position\":2,\"name\":\"Bragantino se recupera de empate na estreia e bate Ava\u00ed de virada\"}]},{\"@type\":\"WebSite\",\"@id\":\"https:\/\/www.notibras.com\/site\/#website\",\"url\":\"https:\/\/www.notibras.com\/site\/\",\"name\":\"Notibras\",\"description\":\"Not\u00edcias de Bras\u00edlia, do Brasil e do Mundo\",\"publisher\":{\"@id\":\"https:\/\/www.notibras.com\/site\/#organization\"},\"potentialAction\":[{\"@type\":\"SearchAction\",\"target\":{\"@type\":\"EntryPoint\",\"urlTemplate\":\"https:\/\/www.notibras.com\/site\/?s={search_term_string}\"},\"query-input\":{\"@type\":\"PropertyValueSpecification\",\"valueRequired\":true,\"valueName\":\"search_term_string\"}}],\"inLanguage\":\"pt-BR\"},{\"@type\":\"Organization\",\"@id\":\"https:\/\/www.notibras.com\/site\/#organization\",\"name\":\"Grupo Notibras de Comunica\u00e7\u00e3o\",\"url\":\"https:\/\/www.notibras.com\/site\/\",\"logo\":{\"@type\":\"ImageObject\",\"inLanguage\":\"pt-BR\",\"@id\":\"https:\/\/www.notibras.com\/site\/#\/schema\/logo\/image\/\",\"url\":\"https:\/\/www.notibras.com\/site\/wp-content\/uploads\/2023\/01\/notibras23.png\",\"contentUrl\":\"https:\/\/www.notibras.com\/site\/wp-content\/uploads\/2023\/01\/notibras23.png\",\"width\":350,\"height\":87,\"caption\":\"Grupo Notibras de Comunica\u00e7\u00e3o\"},\"image\":{\"@id\":\"https:\/\/www.notibras.com\/site\/#\/schema\/logo\/image\/\"},\"sameAs\":[\"https:\/\/www.facebook.com\/notibras\/\",\"https:\/\/x.com\/Notibras\",\"https:\/\/www.instagram.com\/notibras\/\"]},{\"@type\":\"Person\",\"@id\":\"https:\/\/www.notibras.com\/site\/#\/schema\/person\/36ab0979449956132d3e5b517ea76ac8\",\"name\":\"Reda\u00e7\u00e3o\",\"image\":{\"@type\":\"ImageObject\",\"inLanguage\":\"pt-BR\",\"@id\":\"https:\/\/secure.gravatar.com\/avatar\/e0a867bdedb85fd243eadf09663511f96fc81e0720a4a42581f334ad4303aa6b?s=96&d=mm&r=g\",\"url\":\"https:\/\/secure.gravatar.com\/avatar\/e0a867bdedb85fd243eadf09663511f96fc81e0720a4a42581f334ad4303aa6b?s=96&d=mm&r=g\",\"contentUrl\":\"https:\/\/secure.gravatar.com\/avatar\/e0a867bdedb85fd243eadf09663511f96fc81e0720a4a42581f334ad4303aa6b?s=96&d=mm&r=g\",\"caption\":\"Reda\u00e7\u00e3o\"}}]}<\/script>\n<!-- \/ Yoast SEO plugin. -->","yoast_head_json":{"title":"Bragantino se recupera de empate na estreia e bate Ava\u00ed de virada - Notibras","robots":{"index":"index","follow":"follow","max-snippet":"max-snippet:-1","max-image-preview":"max-image-preview:large","max-video-preview":"max-video-preview:-1"},"canonical":"https:\/\/www.notibras.com\/site\/bragantino-se-recupera-da-estreia-e-bate-avai-de-virada\/","og_locale":"pt_BR","og_type":"article","og_title":"Bragantino se recupera de empate na estreia e bate Ava\u00ed de virada - Notibras","og_description":"Ap\u00f3s empatar com o N\u00e1utico por 2 a 2 em casa na estreia, o Bragantino conquistou sua primeira vit\u00f3ria na S\u00e9rie B do Campeonato Brasileiro nesta ter\u00e7a-feira. Pela segunda rodada da competi\u00e7\u00e3o, a equipe foi \u00e0 Ressacada e bateu o Ava\u00ed por 2 a 1. Com o triunfo, o time paulista chega a quatro pontos [&hellip;]","og_url":"https:\/\/www.notibras.com\/site\/bragantino-se-recupera-da-estreia-e-bate-avai-de-virada\/","og_site_name":"Notibras","article_publisher":"https:\/\/www.facebook.com\/notibras\/","article_published_time":"2014-04-23T09:49:15+00:00","article_modified_time":"2014-04-23T11:50:50+00:00","og_image":[{"width":622,"height":350,"url":"https:\/\/www.notibras.com\/site\/wp-content\/uploads\/2014\/04\/622_e9007f76-01de-331f-9cee-dbc5fc359b82.jpg","type":"image\/jpeg"}],"author":"Reda\u00e7\u00e3o","twitter_card":"summary_large_image","twitter_creator":"@Notibras","twitter_site":"@Notibras","twitter_misc":{"Escrito por":"Reda\u00e7\u00e3o","Est. tempo de leitura":"2 minutos"},"schema":{"@context":"https:\/\/schema.org","@graph":[{"@type":"Article","@id":"https:\/\/www.notibras.com\/site\/bragantino-se-recupera-da-estreia-e-bate-avai-de-virada\/#article","isPartOf":{"@id":"https:\/\/www.notibras.com\/site\/bragantino-se-recupera-da-estreia-e-bate-avai-de-virada\/"},"author":{"name":"Reda\u00e7\u00e3o","@id":"https:\/\/www.notibras.com\/site\/#\/schema\/person\/36ab0979449956132d3e5b517ea76ac8"},"headline":"Bragantino se recupera de empate na estreia e bate Ava\u00ed de virada","datePublished":"2014-04-23T09:49:15+00:00","dateModified":"2014-04-23T11:50:50+00:00","mainEntityOfPage":{"@id":"https:\/\/www.notibras.com\/site\/bragantino-se-recupera-da-estreia-e-bate-avai-de-virada\/"},"wordCount":494,"commentCount":0,"publisher":{"@id":"https:\/\/www.notibras.com\/site\/#organization"},"image":{"@id":"https:\/\/www.notibras.com\/site\/bragantino-se-recupera-da-estreia-e-bate-avai-de-virada\/#primaryimage"},"thumbnailUrl":"https:\/\/www.notibras.com\/site\/wp-content\/uploads\/2014\/04\/622_e9007f76-01de-331f-9cee-dbc5fc359b82.jpg","articleSection":["Esportes"],"inLanguage":"pt-BR","potentialAction":[{"@type":"CommentAction","name":"Comment","target":["https:\/\/www.notibras.com\/site\/bragantino-se-recupera-da-estreia-e-bate-avai-de-virada\/#respond"]}]},{"@type":"WebPage","@id":"https:\/\/www.notibras.com\/site\/bragantino-se-recupera-da-estreia-e-bate-avai-de-virada\/","url":"https:\/\/www.notibras.com\/site\/bragantino-se-recupera-da-estreia-e-bate-avai-de-virada\/","name":"Bragantino se recupera de empate na estreia e bate Ava\u00ed de virada - Notibras","isPartOf":{"@id":"https:\/\/www.notibras.com\/site\/#website"},"primaryImageOfPage":{"@id":"https:\/\/www.notibras.com\/site\/bragantino-se-recupera-da-estreia-e-bate-avai-de-virada\/#primaryimage"},"image":{"@id":"https:\/\/www.notibras.com\/site\/bragantino-se-recupera-da-estreia-e-bate-avai-de-virada\/#primaryimage"},"thumbnailUrl":"https:\/\/www.notibras.com\/site\/wp-content\/uploads\/2014\/04\/622_e9007f76-01de-331f-9cee-dbc5fc359b82.jpg","datePublished":"2014-04-23T09:49:15+00:00","dateModified":"2014-04-23T11:50:50+00:00","breadcrumb":{"@id":"https:\/\/www.notibras.com\/site\/bragantino-se-recupera-da-estreia-e-bate-avai-de-virada\/#breadcrumb"},"inLanguage":"pt-BR","potentialAction":[{"@type":"ReadAction","target":["https:\/\/www.notibras.com\/site\/bragantino-se-recupera-da-estreia-e-bate-avai-de-virada\/"]}]},{"@type":"ImageObject","inLanguage":"pt-BR","@id":"https:\/\/www.notibras.com\/site\/bragantino-se-recupera-da-estreia-e-bate-avai-de-virada\/#primaryimage","url":"https:\/\/www.notibras.com\/site\/wp-content\/uploads\/2014\/04\/622_e9007f76-01de-331f-9cee-dbc5fc359b82.jpg","contentUrl":"https:\/\/www.notibras.com\/site\/wp-content\/uploads\/2014\/04\/622_e9007f76-01de-331f-9cee-dbc5fc359b82.jpg","width":622,"height":350},{"@type":"BreadcrumbList","@id":"https:\/\/www.notibras.com\/site\/bragantino-se-recupera-da-estreia-e-bate-avai-de-virada\/#breadcrumb","itemListElement":[{"@type":"ListItem","position":1,"name":"In\u00edcio","item":"https:\/\/www.notibras.com\/site\/"},{"@type":"ListItem","position":2,"name":"Bragantino se recupera de empate na estreia e bate Ava\u00ed de virada"}]},{"@type":"WebSite","@id":"https:\/\/www.notibras.com\/site\/#website","url":"https:\/\/www.notibras.com\/site\/","name":"Notibras","description":"Not\u00edcias de Bras\u00edlia, do Brasil e do Mundo","publisher":{"@id":"https:\/\/www.notibras.com\/site\/#organization"},"potentialAction":[{"@type":"SearchAction","target":{"@type":"EntryPoint","urlTemplate":"https:\/\/www.notibras.com\/site\/?s={search_term_string}"},"query-input":{"@type":"PropertyValueSpecification","valueRequired":true,"valueName":"search_term_string"}}],"inLanguage":"pt-BR"},{"@type":"Organization","@id":"https:\/\/www.notibras.com\/site\/#organization","name":"Grupo Notibras de Comunica\u00e7\u00e3o","url":"https:\/\/www.notibras.com\/site\/","logo":{"@type":"ImageObject","inLanguage":"pt-BR","@id":"https:\/\/www.notibras.com\/site\/#\/schema\/logo\/image\/","url":"https:\/\/www.notibras.com\/site\/wp-content\/uploads\/2023\/01\/notibras23.png","contentUrl":"https:\/\/www.notibras.com\/site\/wp-content\/uploads\/2023\/01\/notibras23.png","width":350,"height":87,"caption":"Grupo Notibras de Comunica\u00e7\u00e3o"},"image":{"@id":"https:\/\/www.notibras.com\/site\/#\/schema\/logo\/image\/"},"sameAs":["https:\/\/www.facebook.com\/notibras\/","https:\/\/x.com\/Notibras","https:\/\/www.instagram.com\/notibras\/"]},{"@type":"Person","@id":"https:\/\/www.notibras.com\/site\/#\/schema\/person\/36ab0979449956132d3e5b517ea76ac8","name":"Reda\u00e7\u00e3o","image":{"@type":"ImageObject","inLanguage":"pt-BR","@id":"https:\/\/secure.gravatar.com\/avatar\/e0a867bdedb85fd243eadf09663511f96fc81e0720a4a42581f334ad4303aa6b?s=96&d=mm&r=g","url":"https:\/\/secure.gravatar.com\/avatar\/e0a867bdedb85fd243eadf09663511f96fc81e0720a4a42581f334ad4303aa6b?s=96&d=mm&r=g","contentUrl":"https:\/\/secure.gravatar.com\/avatar\/e0a867bdedb85fd243eadf09663511f96fc81e0720a4a42581f334ad4303aa6b?s=96&d=mm&r=g","caption":"Reda\u00e7\u00e3o"}}]}},"amp_enabled":true,"_links":{"self":[{"href":"https:\/\/www.notibras.com\/site\/wp-json\/wp\/v2\/posts\/7380","targetHints":{"allow":["GET"]}}],"collection":[{"href":"https:\/\/www.notibras.com\/site\/wp-json\/wp\/v2\/posts"}],"about":[{"href":"https:\/\/www.notibras.com\/site\/wp-json\/wp\/v2\/types\/post"}],"author":[{"embeddable":true,"href":"https:\/\/www.notibras.com\/site\/wp-json\/wp\/v2\/users\/2"}],"replies":[{"embeddable":true,"href":"https:\/\/www.notibras.com\/site\/wp-json\/wp\/v2\/comments?post=7380"}],"version-history":[{"count":0,"href":"https:\/\/www.notibras.com\/site\/wp-json\/wp\/v2\/posts\/7380\/revisions"}],"wp:featuredmedia":[{"embeddable":true,"href":"https:\/\/www.notibras.com\/site\/wp-json\/wp\/v2\/media\/7381"}],"wp:attachment":[{"href":"https:\/\/www.notibras.com\/site\/wp-json\/wp\/v2\/media?parent=7380"}],"wp:term":[{"taxonomy":"category","embeddable":true,"href":"https:\/\/www.notibras.com\/site\/wp-json\/wp\/v2\/categories?post=7380"},{"taxonomy":"post_tag","embeddable":true,"href":"https:\/\/www.notibras.com\/site\/wp-json\/wp\/v2\/tags?post=7380"}],"curies":[{"name":"wp","href":"https:\/\/api.w.org\/{rel}","templated":true}]}}