{"id":74148,"date":"2015-11-01T16:37:56","date_gmt":"2015-11-01T18:37:56","guid":{"rendered":"http:\/\/www.notibras.com\/site\/?p=74148"},"modified":"2015-11-01T19:27:02","modified_gmt":"2015-11-01T21:27:02","slug":"racismo-virtual-para-na-policia-federal-somostodostaisaraujo","status":"publish","type":"post","link":"https:\/\/www.notibras.com\/site\/racismo-virtual-para-na-policia-federal-somostodostaisaraujo\/","title":{"rendered":"Racismo virtual vai parar na Pol\u00edcia Federal e vem hashtag #SomosTodosTaisAraujo"},"content":{"rendered":"<p>Ta\u00eds Ara\u00fajo usou seu Facebook, na tarde deste domingo, dia 1\u00ba, para se manifestar contra os coment\u00e1rios racistas que recebeu na foto, que voc\u00ea confere acima, publicada na rede.<\/p>\n<p>&#8211; \u00c9 muito chato, em 2015, ainda ter que falar sobre isso, mas n\u00e3o podemos nos calar: na \u00faltima noite, recebi uma s\u00e9rie de ataques racistas na minha p\u00e1gina. Absolutamente tudo est\u00e1 registrado e ser\u00e1 enviado \u00e0 pol\u00edcia federal. E eu n\u00e3o vou apagar nenhum desses coment\u00e1rios. Fa\u00e7o quest\u00e3o que todos sintam o mesmo que senti: a vergonha de ainda ter gente covarde e pequena nesse pa\u00eds, al\u00e9m do sentimento de pena dessa gente t\u00e3o pobre de esp\u00edrito. N\u00e3o vou me intimidar, tampouco abaixar a cabe\u00e7a. Sigo o que sei fazer de melhor: trabalhar. Se a minha imagem ou a imagem da minha fam\u00edlia te incomoda, o problema \u00e9 exclusivamente seu.<\/p>\n<p>A atriz, que chegou a ser comparada \u00e0 Beyonc\u00e9 por seu papel no seriado Mr. Brau ao lado do marido, L\u00e1zaro Ramos, que tamb\u00e9m aborda a quest\u00e3o racial, continuou o texto ao falar sobre seu novo trabalho, a pe\u00e7a O Topo da Montanha, onde tamb\u00e9m atua ao lado do amado e aborda as mesmas quest\u00f5es de igualdade:<\/p>\n<p>&#8211; Por ironia do destino ou n\u00e3o, isso ocorreu no momento em que eu estava no palco do Teatro Faap com O Topo da Montanha, um texto sobre ningu\u00e9m menos que Martin Luther King e que fala justamente sobre afeto, toler\u00e2ncia e igualdade. Aproveito pra convidar voc\u00ea, pequeno covarde, a ver e ouvir o que temos a dizer. Acho que voc\u00ea est\u00e1 mesmo precisando ouvir algumas coisinhas sobre amor.<\/p>\n<p>E por fim, agradeceu a todos que apoiaram, denunciaram e a defenderam na publica\u00e7\u00e3o, incentivando sempre a tomar uma atitude contra o crime:<\/p>\n<p>&#8211; Agrade\u00e7o aos milhares que vieram dar apoio, denunciaram comigo esses perfis e mostraram ao mundo que qualquer forma de preconceito \u00e9 cafona e criminosa. E quero que esse epis\u00f3dio sirva de exemplo: sempre que voc\u00ea encontrar qualquer forma de discrimina\u00e7\u00e3o, denuncie. N\u00e3o se cale, mostre que voc\u00ea n\u00e3o tem vergonha de ser o que \u00e9 e continue incomodando os covardes. S\u00f3 assim vamos construir um Brasil mais civilizado. A minha \u00fanica resposta pra isso \u00e9 o amor!<\/p>\n<p>Neste ano, a jornalista Maria J\u00falia Coutinho tamb\u00e9m sofreu com a mesma situa\u00e7\u00e3o e celebridades criaram a hashtag #SomosTodosMaju em apoio a ela. Da mesma forma, a hashtag entrou mais uma vez para os assuntos mais comentados da rede social, como #SomosTodosTa\u00edsAra\u00fajo e alguns famosos como Giovanna Ewbank tamb\u00e9m se manifestaram:<\/p>\n<p>&#8211; Ta\u00eds Ara\u00fajo, linda, talentosa, inteligente&#8230;sempre fui f\u00e3!! \u00c9 inacredit\u00e1vel em pleno 2015, termos que vivenciar uma situa\u00e7\u00e3o rid\u00edcula como essa, de desrespeito e falta de amor ao pr\u00f3ximo!! Racismo \u00e9 crime, \u00e9 feio, \u00e9 uma grande ignorancia!! @taisdeverdade n\u00f3s tamb\u00e9m lutamos contra o racismo, e estamos junto com vc sua linda!!<\/p>\n<p>Luana Piovani tamb\u00e9m n\u00e3o deixou se de pronunciar sobre o ocorrido: &#8211; Estamos em 2015 mas infelizmente com pessoas de pensamento primitivo e racista, isso me assusta!!&#8221; (&#8230;) &#8220;Gente isso \u00e9 PREOCUPANTE, pleno s\u00e9culo XXI e a cor ou jeito do cabelo ainda s\u00e3o motivos de preconceitos!&#8221; #SomosTodosTaisAraujo<\/p>\n<p><img loading=\"lazy\" decoding=\"async\" class=\"alignnone size-full wp-image-70065\" src=\"http:\/\/www.notibras.com\/site\/wp-content\/uploads\/2015\/10\/estadao.png\" alt=\"estadao\" width=\"99\" height=\"16\" \/><\/p>\n","protected":false},"excerpt":{"rendered":"<p>Ta\u00eds Ara\u00fajo usou seu Facebook, na tarde deste domingo, dia 1\u00ba, para se manifestar contra os coment\u00e1rios racistas que recebeu na foto, que voc\u00ea confere acima, publicada na rede. &#8211; \u00c9 muito chato, em 2015, ainda ter que falar sobre isso, mas n\u00e3o podemos nos calar: na \u00faltima noite, recebi uma s\u00e9rie de ataques racistas [&hellip;]<\/p>\n","protected":false},"author":2,"featured_media":74149,"comment_status":"open","ping_status":"closed","sticky":false,"template":"","format":"standard","meta":{"_acf_changed":false,"footnotes":""},"categories":[16],"tags":[],"class_list":["post-74148","post","type-post","status-publish","format-standard","has-post-thumbnail","hentry","category-brasil"],"acf":[],"yoast_head":"<!-- This site is optimized with the Yoast SEO plugin v27.2 - https:\/\/yoast.com\/product\/yoast-seo-wordpress\/ -->\n<title>Racismo virtual vai parar na Pol\u00edcia Federal e vem hashtag #SomosTodosTaisAraujo - Notibras<\/title>\n<meta name=\"robots\" content=\"index, follow, max-snippet:-1, max-image-preview:large, max-video-preview:-1\" \/>\n<link rel=\"canonical\" href=\"https:\/\/www.notibras.com\/site\/racismo-virtual-para-na-policia-federal-somostodostaisaraujo\/\" \/>\n<meta property=\"og:locale\" content=\"pt_BR\" \/>\n<meta property=\"og:type\" content=\"article\" \/>\n<meta property=\"og:title\" content=\"Racismo virtual vai parar na Pol\u00edcia Federal e vem hashtag #SomosTodosTaisAraujo - Notibras\" \/>\n<meta property=\"og:description\" content=\"Ta\u00eds Ara\u00fajo usou seu Facebook, na tarde deste domingo, dia 1\u00ba, para se manifestar contra os coment\u00e1rios racistas que recebeu na foto, que voc\u00ea confere acima, publicada na rede. &#8211; \u00c9 muito chato, em 2015, ainda ter que falar sobre isso, mas n\u00e3o podemos nos calar: na \u00faltima noite, recebi uma s\u00e9rie de ataques racistas [&hellip;]\" \/>\n<meta property=\"og:url\" content=\"https:\/\/www.notibras.com\/site\/racismo-virtual-para-na-policia-federal-somostodostaisaraujo\/\" \/>\n<meta property=\"og:site_name\" content=\"Notibras\" \/>\n<meta property=\"article:publisher\" content=\"https:\/\/www.facebook.com\/notibras\/\" \/>\n<meta property=\"article:published_time\" content=\"2015-11-01T18:37:56+00:00\" \/>\n<meta property=\"article:modified_time\" content=\"2015-11-01T21:27:02+00:00\" \/>\n<meta property=\"og:image\" content=\"https:\/\/www.notibras.com\/site\/wp-content\/uploads\/2015\/11\/PERFIL_RACISTA3.11-2.jpg\" \/>\n\t<meta property=\"og:image:width\" content=\"699\" \/>\n\t<meta property=\"og:image:height\" content=\"420\" \/>\n\t<meta property=\"og:image:type\" content=\"image\/jpeg\" \/>\n<meta name=\"author\" content=\"Reda\u00e7\u00e3o\" \/>\n<meta name=\"twitter:card\" content=\"summary_large_image\" \/>\n<meta name=\"twitter:creator\" content=\"@Notibras\" \/>\n<meta name=\"twitter:site\" content=\"@Notibras\" \/>\n<meta name=\"twitter:label1\" content=\"Escrito por\" \/>\n\t<meta name=\"twitter:data1\" content=\"Reda\u00e7\u00e3o\" \/>\n\t<meta name=\"twitter:label2\" content=\"Est. tempo de leitura\" \/>\n\t<meta name=\"twitter:data2\" content=\"3 minutos\" \/>\n<script type=\"application\/ld+json\" class=\"yoast-schema-graph\">{\"@context\":\"https:\/\/schema.org\",\"@graph\":[{\"@type\":\"Article\",\"@id\":\"https:\/\/www.notibras.com\/site\/racismo-virtual-para-na-policia-federal-somostodostaisaraujo\/#article\",\"isPartOf\":{\"@id\":\"https:\/\/www.notibras.com\/site\/racismo-virtual-para-na-policia-federal-somostodostaisaraujo\/\"},\"author\":{\"name\":\"Reda\u00e7\u00e3o\",\"@id\":\"https:\/\/www.notibras.com\/site\/#\/schema\/person\/36ab0979449956132d3e5b517ea76ac8\"},\"headline\":\"Racismo virtual vai parar na Pol\u00edcia Federal e vem hashtag #SomosTodosTaisAraujo\",\"datePublished\":\"2015-11-01T18:37:56+00:00\",\"dateModified\":\"2015-11-01T21:27:02+00:00\",\"mainEntityOfPage\":{\"@id\":\"https:\/\/www.notibras.com\/site\/racismo-virtual-para-na-policia-federal-somostodostaisaraujo\/\"},\"wordCount\":565,\"commentCount\":0,\"publisher\":{\"@id\":\"https:\/\/www.notibras.com\/site\/#organization\"},\"image\":{\"@id\":\"https:\/\/www.notibras.com\/site\/racismo-virtual-para-na-policia-federal-somostodostaisaraujo\/#primaryimage\"},\"thumbnailUrl\":\"https:\/\/www.notibras.com\/site\/wp-content\/uploads\/2015\/11\/PERFIL_RACISTA3.11-2.jpg\",\"articleSection\":[\"Brasil\"],\"inLanguage\":\"pt-BR\",\"potentialAction\":[{\"@type\":\"CommentAction\",\"name\":\"Comment\",\"target\":[\"https:\/\/www.notibras.com\/site\/racismo-virtual-para-na-policia-federal-somostodostaisaraujo\/#respond\"]}]},{\"@type\":\"WebPage\",\"@id\":\"https:\/\/www.notibras.com\/site\/racismo-virtual-para-na-policia-federal-somostodostaisaraujo\/\",\"url\":\"https:\/\/www.notibras.com\/site\/racismo-virtual-para-na-policia-federal-somostodostaisaraujo\/\",\"name\":\"Racismo virtual vai parar na Pol\u00edcia Federal e vem hashtag #SomosTodosTaisAraujo - Notibras\",\"isPartOf\":{\"@id\":\"https:\/\/www.notibras.com\/site\/#website\"},\"primaryImageOfPage\":{\"@id\":\"https:\/\/www.notibras.com\/site\/racismo-virtual-para-na-policia-federal-somostodostaisaraujo\/#primaryimage\"},\"image\":{\"@id\":\"https:\/\/www.notibras.com\/site\/racismo-virtual-para-na-policia-federal-somostodostaisaraujo\/#primaryimage\"},\"thumbnailUrl\":\"https:\/\/www.notibras.com\/site\/wp-content\/uploads\/2015\/11\/PERFIL_RACISTA3.11-2.jpg\",\"datePublished\":\"2015-11-01T18:37:56+00:00\",\"dateModified\":\"2015-11-01T21:27:02+00:00\",\"breadcrumb\":{\"@id\":\"https:\/\/www.notibras.com\/site\/racismo-virtual-para-na-policia-federal-somostodostaisaraujo\/#breadcrumb\"},\"inLanguage\":\"pt-BR\",\"potentialAction\":[{\"@type\":\"ReadAction\",\"target\":[\"https:\/\/www.notibras.com\/site\/racismo-virtual-para-na-policia-federal-somostodostaisaraujo\/\"]}]},{\"@type\":\"ImageObject\",\"inLanguage\":\"pt-BR\",\"@id\":\"https:\/\/www.notibras.com\/site\/racismo-virtual-para-na-policia-federal-somostodostaisaraujo\/#primaryimage\",\"url\":\"https:\/\/www.notibras.com\/site\/wp-content\/uploads\/2015\/11\/PERFIL_RACISTA3.11-2.jpg\",\"contentUrl\":\"https:\/\/www.notibras.com\/site\/wp-content\/uploads\/2015\/11\/PERFIL_RACISTA3.11-2.jpg\",\"width\":699,\"height\":420},{\"@type\":\"BreadcrumbList\",\"@id\":\"https:\/\/www.notibras.com\/site\/racismo-virtual-para-na-policia-federal-somostodostaisaraujo\/#breadcrumb\",\"itemListElement\":[{\"@type\":\"ListItem\",\"position\":1,\"name\":\"In\u00edcio\",\"item\":\"https:\/\/www.notibras.com\/site\/\"},{\"@type\":\"ListItem\",\"position\":2,\"name\":\"Racismo virtual vai parar na Pol\u00edcia Federal e vem hashtag #SomosTodosTaisAraujo\"}]},{\"@type\":\"WebSite\",\"@id\":\"https:\/\/www.notibras.com\/site\/#website\",\"url\":\"https:\/\/www.notibras.com\/site\/\",\"name\":\"Notibras\",\"description\":\"Not\u00edcias de Bras\u00edlia, do Brasil e do Mundo\",\"publisher\":{\"@id\":\"https:\/\/www.notibras.com\/site\/#organization\"},\"potentialAction\":[{\"@type\":\"SearchAction\",\"target\":{\"@type\":\"EntryPoint\",\"urlTemplate\":\"https:\/\/www.notibras.com\/site\/?s={search_term_string}\"},\"query-input\":{\"@type\":\"PropertyValueSpecification\",\"valueRequired\":true,\"valueName\":\"search_term_string\"}}],\"inLanguage\":\"pt-BR\"},{\"@type\":\"Organization\",\"@id\":\"https:\/\/www.notibras.com\/site\/#organization\",\"name\":\"Grupo Notibras de Comunica\u00e7\u00e3o\",\"url\":\"https:\/\/www.notibras.com\/site\/\",\"logo\":{\"@type\":\"ImageObject\",\"inLanguage\":\"pt-BR\",\"@id\":\"https:\/\/www.notibras.com\/site\/#\/schema\/logo\/image\/\",\"url\":\"https:\/\/www.notibras.com\/site\/wp-content\/uploads\/2023\/01\/notibras23.png\",\"contentUrl\":\"https:\/\/www.notibras.com\/site\/wp-content\/uploads\/2023\/01\/notibras23.png\",\"width\":350,\"height\":87,\"caption\":\"Grupo Notibras de Comunica\u00e7\u00e3o\"},\"image\":{\"@id\":\"https:\/\/www.notibras.com\/site\/#\/schema\/logo\/image\/\"},\"sameAs\":[\"https:\/\/www.facebook.com\/notibras\/\",\"https:\/\/x.com\/Notibras\",\"https:\/\/www.instagram.com\/notibras\/\"]},{\"@type\":\"Person\",\"@id\":\"https:\/\/www.notibras.com\/site\/#\/schema\/person\/36ab0979449956132d3e5b517ea76ac8\",\"name\":\"Reda\u00e7\u00e3o\",\"image\":{\"@type\":\"ImageObject\",\"inLanguage\":\"pt-BR\",\"@id\":\"https:\/\/secure.gravatar.com\/avatar\/e0a867bdedb85fd243eadf09663511f96fc81e0720a4a42581f334ad4303aa6b?s=96&d=mm&r=g\",\"url\":\"https:\/\/secure.gravatar.com\/avatar\/e0a867bdedb85fd243eadf09663511f96fc81e0720a4a42581f334ad4303aa6b?s=96&d=mm&r=g\",\"contentUrl\":\"https:\/\/secure.gravatar.com\/avatar\/e0a867bdedb85fd243eadf09663511f96fc81e0720a4a42581f334ad4303aa6b?s=96&d=mm&r=g\",\"caption\":\"Reda\u00e7\u00e3o\"}}]}<\/script>\n<!-- \/ Yoast SEO plugin. -->","yoast_head_json":{"title":"Racismo virtual vai parar na Pol\u00edcia Federal e vem hashtag #SomosTodosTaisAraujo - Notibras","robots":{"index":"index","follow":"follow","max-snippet":"max-snippet:-1","max-image-preview":"max-image-preview:large","max-video-preview":"max-video-preview:-1"},"canonical":"https:\/\/www.notibras.com\/site\/racismo-virtual-para-na-policia-federal-somostodostaisaraujo\/","og_locale":"pt_BR","og_type":"article","og_title":"Racismo virtual vai parar na Pol\u00edcia Federal e vem hashtag #SomosTodosTaisAraujo - Notibras","og_description":"Ta\u00eds Ara\u00fajo usou seu Facebook, na tarde deste domingo, dia 1\u00ba, para se manifestar contra os coment\u00e1rios racistas que recebeu na foto, que voc\u00ea confere acima, publicada na rede. &#8211; \u00c9 muito chato, em 2015, ainda ter que falar sobre isso, mas n\u00e3o podemos nos calar: na \u00faltima noite, recebi uma s\u00e9rie de ataques racistas [&hellip;]","og_url":"https:\/\/www.notibras.com\/site\/racismo-virtual-para-na-policia-federal-somostodostaisaraujo\/","og_site_name":"Notibras","article_publisher":"https:\/\/www.facebook.com\/notibras\/","article_published_time":"2015-11-01T18:37:56+00:00","article_modified_time":"2015-11-01T21:27:02+00:00","og_image":[{"width":699,"height":420,"url":"https:\/\/www.notibras.com\/site\/wp-content\/uploads\/2015\/11\/PERFIL_RACISTA3.11-2.jpg","type":"image\/jpeg"}],"author":"Reda\u00e7\u00e3o","twitter_card":"summary_large_image","twitter_creator":"@Notibras","twitter_site":"@Notibras","twitter_misc":{"Escrito por":"Reda\u00e7\u00e3o","Est. tempo de leitura":"3 minutos"},"schema":{"@context":"https:\/\/schema.org","@graph":[{"@type":"Article","@id":"https:\/\/www.notibras.com\/site\/racismo-virtual-para-na-policia-federal-somostodostaisaraujo\/#article","isPartOf":{"@id":"https:\/\/www.notibras.com\/site\/racismo-virtual-para-na-policia-federal-somostodostaisaraujo\/"},"author":{"name":"Reda\u00e7\u00e3o","@id":"https:\/\/www.notibras.com\/site\/#\/schema\/person\/36ab0979449956132d3e5b517ea76ac8"},"headline":"Racismo virtual vai parar na Pol\u00edcia Federal e vem hashtag #SomosTodosTaisAraujo","datePublished":"2015-11-01T18:37:56+00:00","dateModified":"2015-11-01T21:27:02+00:00","mainEntityOfPage":{"@id":"https:\/\/www.notibras.com\/site\/racismo-virtual-para-na-policia-federal-somostodostaisaraujo\/"},"wordCount":565,"commentCount":0,"publisher":{"@id":"https:\/\/www.notibras.com\/site\/#organization"},"image":{"@id":"https:\/\/www.notibras.com\/site\/racismo-virtual-para-na-policia-federal-somostodostaisaraujo\/#primaryimage"},"thumbnailUrl":"https:\/\/www.notibras.com\/site\/wp-content\/uploads\/2015\/11\/PERFIL_RACISTA3.11-2.jpg","articleSection":["Brasil"],"inLanguage":"pt-BR","potentialAction":[{"@type":"CommentAction","name":"Comment","target":["https:\/\/www.notibras.com\/site\/racismo-virtual-para-na-policia-federal-somostodostaisaraujo\/#respond"]}]},{"@type":"WebPage","@id":"https:\/\/www.notibras.com\/site\/racismo-virtual-para-na-policia-federal-somostodostaisaraujo\/","url":"https:\/\/www.notibras.com\/site\/racismo-virtual-para-na-policia-federal-somostodostaisaraujo\/","name":"Racismo virtual vai parar na Pol\u00edcia Federal e vem hashtag #SomosTodosTaisAraujo - Notibras","isPartOf":{"@id":"https:\/\/www.notibras.com\/site\/#website"},"primaryImageOfPage":{"@id":"https:\/\/www.notibras.com\/site\/racismo-virtual-para-na-policia-federal-somostodostaisaraujo\/#primaryimage"},"image":{"@id":"https:\/\/www.notibras.com\/site\/racismo-virtual-para-na-policia-federal-somostodostaisaraujo\/#primaryimage"},"thumbnailUrl":"https:\/\/www.notibras.com\/site\/wp-content\/uploads\/2015\/11\/PERFIL_RACISTA3.11-2.jpg","datePublished":"2015-11-01T18:37:56+00:00","dateModified":"2015-11-01T21:27:02+00:00","breadcrumb":{"@id":"https:\/\/www.notibras.com\/site\/racismo-virtual-para-na-policia-federal-somostodostaisaraujo\/#breadcrumb"},"inLanguage":"pt-BR","potentialAction":[{"@type":"ReadAction","target":["https:\/\/www.notibras.com\/site\/racismo-virtual-para-na-policia-federal-somostodostaisaraujo\/"]}]},{"@type":"ImageObject","inLanguage":"pt-BR","@id":"https:\/\/www.notibras.com\/site\/racismo-virtual-para-na-policia-federal-somostodostaisaraujo\/#primaryimage","url":"https:\/\/www.notibras.com\/site\/wp-content\/uploads\/2015\/11\/PERFIL_RACISTA3.11-2.jpg","contentUrl":"https:\/\/www.notibras.com\/site\/wp-content\/uploads\/2015\/11\/PERFIL_RACISTA3.11-2.jpg","width":699,"height":420},{"@type":"BreadcrumbList","@id":"https:\/\/www.notibras.com\/site\/racismo-virtual-para-na-policia-federal-somostodostaisaraujo\/#breadcrumb","itemListElement":[{"@type":"ListItem","position":1,"name":"In\u00edcio","item":"https:\/\/www.notibras.com\/site\/"},{"@type":"ListItem","position":2,"name":"Racismo virtual vai parar na Pol\u00edcia Federal e vem hashtag #SomosTodosTaisAraujo"}]},{"@type":"WebSite","@id":"https:\/\/www.notibras.com\/site\/#website","url":"https:\/\/www.notibras.com\/site\/","name":"Notibras","description":"Not\u00edcias de Bras\u00edlia, do Brasil e do Mundo","publisher":{"@id":"https:\/\/www.notibras.com\/site\/#organization"},"potentialAction":[{"@type":"SearchAction","target":{"@type":"EntryPoint","urlTemplate":"https:\/\/www.notibras.com\/site\/?s={search_term_string}"},"query-input":{"@type":"PropertyValueSpecification","valueRequired":true,"valueName":"search_term_string"}}],"inLanguage":"pt-BR"},{"@type":"Organization","@id":"https:\/\/www.notibras.com\/site\/#organization","name":"Grupo Notibras de Comunica\u00e7\u00e3o","url":"https:\/\/www.notibras.com\/site\/","logo":{"@type":"ImageObject","inLanguage":"pt-BR","@id":"https:\/\/www.notibras.com\/site\/#\/schema\/logo\/image\/","url":"https:\/\/www.notibras.com\/site\/wp-content\/uploads\/2023\/01\/notibras23.png","contentUrl":"https:\/\/www.notibras.com\/site\/wp-content\/uploads\/2023\/01\/notibras23.png","width":350,"height":87,"caption":"Grupo Notibras de Comunica\u00e7\u00e3o"},"image":{"@id":"https:\/\/www.notibras.com\/site\/#\/schema\/logo\/image\/"},"sameAs":["https:\/\/www.facebook.com\/notibras\/","https:\/\/x.com\/Notibras","https:\/\/www.instagram.com\/notibras\/"]},{"@type":"Person","@id":"https:\/\/www.notibras.com\/site\/#\/schema\/person\/36ab0979449956132d3e5b517ea76ac8","name":"Reda\u00e7\u00e3o","image":{"@type":"ImageObject","inLanguage":"pt-BR","@id":"https:\/\/secure.gravatar.com\/avatar\/e0a867bdedb85fd243eadf09663511f96fc81e0720a4a42581f334ad4303aa6b?s=96&d=mm&r=g","url":"https:\/\/secure.gravatar.com\/avatar\/e0a867bdedb85fd243eadf09663511f96fc81e0720a4a42581f334ad4303aa6b?s=96&d=mm&r=g","contentUrl":"https:\/\/secure.gravatar.com\/avatar\/e0a867bdedb85fd243eadf09663511f96fc81e0720a4a42581f334ad4303aa6b?s=96&d=mm&r=g","caption":"Reda\u00e7\u00e3o"}}]}},"amp_enabled":true,"_links":{"self":[{"href":"https:\/\/www.notibras.com\/site\/wp-json\/wp\/v2\/posts\/74148","targetHints":{"allow":["GET"]}}],"collection":[{"href":"https:\/\/www.notibras.com\/site\/wp-json\/wp\/v2\/posts"}],"about":[{"href":"https:\/\/www.notibras.com\/site\/wp-json\/wp\/v2\/types\/post"}],"author":[{"embeddable":true,"href":"https:\/\/www.notibras.com\/site\/wp-json\/wp\/v2\/users\/2"}],"replies":[{"embeddable":true,"href":"https:\/\/www.notibras.com\/site\/wp-json\/wp\/v2\/comments?post=74148"}],"version-history":[{"count":4,"href":"https:\/\/www.notibras.com\/site\/wp-json\/wp\/v2\/posts\/74148\/revisions"}],"predecessor-version":[{"id":74173,"href":"https:\/\/www.notibras.com\/site\/wp-json\/wp\/v2\/posts\/74148\/revisions\/74173"}],"wp:featuredmedia":[{"embeddable":true,"href":"https:\/\/www.notibras.com\/site\/wp-json\/wp\/v2\/media\/74149"}],"wp:attachment":[{"href":"https:\/\/www.notibras.com\/site\/wp-json\/wp\/v2\/media?parent=74148"}],"wp:term":[{"taxonomy":"category","embeddable":true,"href":"https:\/\/www.notibras.com\/site\/wp-json\/wp\/v2\/categories?post=74148"},{"taxonomy":"post_tag","embeddable":true,"href":"https:\/\/www.notibras.com\/site\/wp-json\/wp\/v2\/tags?post=74148"}],"curies":[{"name":"wp","href":"https:\/\/api.w.org\/{rel}","templated":true}]}}