{"id":7432,"date":"2014-04-23T19:16:18","date_gmt":"2014-04-23T22:16:18","guid":{"rendered":"http:\/\/www.notibras.com\/site\/?p=7432"},"modified":"2014-04-24T00:36:20","modified_gmt":"2014-04-24T03:36:20","slug":"assassinato-do-menino-bernardo-11-anos-pode-alterar-estatuto-da-crianca","status":"publish","type":"post","link":"https:\/\/www.notibras.com\/site\/assassinato-do-menino-bernardo-11-anos-pode-alterar-estatuto-da-crianca\/","title":{"rendered":"Assassinato de Bernardo pode alterar o Estatuto da Crian\u00e7a"},"content":{"rendered":"<p>O deputado federal Onyx Lorenzoni (DEM-RS) apresentou nesta quarta-feira a proposta de cria\u00e7\u00e3o da \u201cLei Bernardo\u201d para modificar o Estatuto da Crian\u00e7a e do Adolescente (ECA). A ideia \u00e9 evitar casos como o do menino Bernando Uglione Boldrini, 11 anos, que foi morto depois de procurar ajuda de autoridades de um centro de direitos da inf\u00e2ncia.<\/p>\n<p class=\"text\">A proposta do parlamentar estabelece prioridade no poder p\u00fablico para a \u201cden\u00fancia pessoal\u201d da crian\u00e7a. Na hip\u00f3tese de pedido de ajuda, as autoridades dever\u00e3o encaminh\u00e1-la para fam\u00edlia substituta ou acolhimento institucional. A crian\u00e7a tamb\u00e9m poder\u00e1 ser encaminhada de volta para casa, mas com assinatura de termo pelos pais e acompanhamento peri\u00f3dico do Conselho Tutelar.<\/p>\n<p class=\"text\">\u201cO juiz chamou o pai desse menino para uma audi\u00eancia e o pai pediu um prazo de reconcilia\u00e7\u00e3o com essa crian\u00e7a. O juiz concedeu 90 dias e antes que o prazo esgotasse o menino foi brutalmente assassinado\u201d, disse o deputado, ao anunciar o projeto no plen\u00e1rio da C\u00e2mara. \u201cSeguramente, se existisse na lei, essa crian\u00e7a estaria viva\u201d, afirmou, ao defender r\u00e1pida tramita\u00e7\u00e3o da mat\u00e9ria na Casa.<\/p>\n<p class=\"text\">Bernardo Uglione Boldrini, 11 anos, desapareceu no dia 4 de abril, em Tr\u00eas Passos (RS), ap\u00f3s \u2013 segundo a vers\u00e3o da fam\u00edlia &#8211; dizer ao pai que passaria o fim de semana na casa de um amigo. O corpo do garoto foi encontrado no dia 14 de abril, em Frederico Westphalen (RS), dentro de um saco pl\u00e1stico e enterrado \u00e0s margens do Rio Mico. Na mesma noite, o pai, o m\u00e9dico Leandro Boldrini, a madrasta Graciele Ugulini, e a assistente social Edelv\u00e2nia Wirganoviczo foram presos pela suspeita de envolvimento no crime. Segundo a Pol\u00edcia Civil, o menino foi dopado antes de ser morto, possivelmente com uma inje\u00e7\u00e3o letal.<\/p>\n","protected":false},"excerpt":{"rendered":"<p>O deputado federal Onyx Lorenzoni (DEM-RS) apresentou nesta quarta-feira a proposta de cria\u00e7\u00e3o da \u201cLei Bernardo\u201d para modificar o Estatuto da Crian\u00e7a e do Adolescente (ECA). A ideia \u00e9 evitar casos como o do menino Bernando Uglione Boldrini, 11 anos, que foi morto depois de procurar ajuda de autoridades de um centro de direitos da [&hellip;]<\/p>\n","protected":false},"author":2,"featured_media":7433,"comment_status":"open","ping_status":"closed","sticky":false,"template":"","format":"standard","meta":{"_acf_changed":false,"footnotes":""},"categories":[16],"tags":[],"class_list":["post-7432","post","type-post","status-publish","format-standard","has-post-thumbnail","hentry","category-brasil"],"acf":[],"yoast_head":"<!-- This site is optimized with the Yoast SEO plugin v27.2 - https:\/\/yoast.com\/product\/yoast-seo-wordpress\/ -->\n<title>Assassinato de Bernardo pode alterar o Estatuto da Crian\u00e7a - Notibras<\/title>\n<meta name=\"robots\" content=\"index, follow, max-snippet:-1, max-image-preview:large, max-video-preview:-1\" \/>\n<link rel=\"canonical\" href=\"https:\/\/www.notibras.com\/site\/assassinato-do-menino-bernardo-11-anos-pode-alterar-estatuto-da-crianca\/\" \/>\n<meta property=\"og:locale\" content=\"pt_BR\" \/>\n<meta property=\"og:type\" content=\"article\" \/>\n<meta property=\"og:title\" content=\"Assassinato de Bernardo pode alterar o Estatuto da Crian\u00e7a - Notibras\" \/>\n<meta property=\"og:description\" content=\"O deputado federal Onyx Lorenzoni (DEM-RS) apresentou nesta quarta-feira a proposta de cria\u00e7\u00e3o da \u201cLei Bernardo\u201d para modificar o Estatuto da Crian\u00e7a e do Adolescente (ECA). A ideia \u00e9 evitar casos como o do menino Bernando Uglione Boldrini, 11 anos, que foi morto depois de procurar ajuda de autoridades de um centro de direitos da [&hellip;]\" \/>\n<meta property=\"og:url\" content=\"https:\/\/www.notibras.com\/site\/assassinato-do-menino-bernardo-11-anos-pode-alterar-estatuto-da-crianca\/\" \/>\n<meta property=\"og:site_name\" content=\"Notibras\" \/>\n<meta property=\"article:publisher\" content=\"https:\/\/www.facebook.com\/notibras\/\" \/>\n<meta property=\"article:published_time\" content=\"2014-04-23T22:16:18+00:00\" \/>\n<meta property=\"article:modified_time\" content=\"2014-04-24T03:36:20+00:00\" \/>\n<meta property=\"og:image\" content=\"https:\/\/www.notibras.com\/site\/wp-content\/uploads\/2014\/04\/rsbernardoboldrinimortomeninotrespassosfacebookrep.jpg\" \/>\n\t<meta property=\"og:image:width\" content=\"460\" \/>\n\t<meta property=\"og:image:height\" content=\"340\" \/>\n\t<meta property=\"og:image:type\" content=\"image\/jpeg\" \/>\n<meta name=\"author\" content=\"Reda\u00e7\u00e3o\" \/>\n<meta name=\"twitter:card\" content=\"summary_large_image\" \/>\n<meta name=\"twitter:creator\" content=\"@Notibras\" \/>\n<meta name=\"twitter:site\" content=\"@Notibras\" \/>\n<meta name=\"twitter:label1\" content=\"Escrito por\" \/>\n\t<meta name=\"twitter:data1\" content=\"Reda\u00e7\u00e3o\" \/>\n\t<meta name=\"twitter:label2\" content=\"Est. tempo de leitura\" \/>\n\t<meta name=\"twitter:data2\" content=\"2 minutos\" \/>\n<script type=\"application\/ld+json\" class=\"yoast-schema-graph\">{\"@context\":\"https:\/\/schema.org\",\"@graph\":[{\"@type\":\"Article\",\"@id\":\"https:\/\/www.notibras.com\/site\/assassinato-do-menino-bernardo-11-anos-pode-alterar-estatuto-da-crianca\/#article\",\"isPartOf\":{\"@id\":\"https:\/\/www.notibras.com\/site\/assassinato-do-menino-bernardo-11-anos-pode-alterar-estatuto-da-crianca\/\"},\"author\":{\"name\":\"Reda\u00e7\u00e3o\",\"@id\":\"https:\/\/www.notibras.com\/site\/#\/schema\/person\/36ab0979449956132d3e5b517ea76ac8\"},\"headline\":\"Assassinato de Bernardo pode alterar o Estatuto da Crian\u00e7a\",\"datePublished\":\"2014-04-23T22:16:18+00:00\",\"dateModified\":\"2014-04-24T03:36:20+00:00\",\"mainEntityOfPage\":{\"@id\":\"https:\/\/www.notibras.com\/site\/assassinato-do-menino-bernardo-11-anos-pode-alterar-estatuto-da-crianca\/\"},\"wordCount\":318,\"commentCount\":0,\"publisher\":{\"@id\":\"https:\/\/www.notibras.com\/site\/#organization\"},\"image\":{\"@id\":\"https:\/\/www.notibras.com\/site\/assassinato-do-menino-bernardo-11-anos-pode-alterar-estatuto-da-crianca\/#primaryimage\"},\"thumbnailUrl\":\"https:\/\/www.notibras.com\/site\/wp-content\/uploads\/2014\/04\/rsbernardoboldrinimortomeninotrespassosfacebookrep.jpg\",\"articleSection\":[\"Brasil\"],\"inLanguage\":\"pt-BR\",\"potentialAction\":[{\"@type\":\"CommentAction\",\"name\":\"Comment\",\"target\":[\"https:\/\/www.notibras.com\/site\/assassinato-do-menino-bernardo-11-anos-pode-alterar-estatuto-da-crianca\/#respond\"]}]},{\"@type\":\"WebPage\",\"@id\":\"https:\/\/www.notibras.com\/site\/assassinato-do-menino-bernardo-11-anos-pode-alterar-estatuto-da-crianca\/\",\"url\":\"https:\/\/www.notibras.com\/site\/assassinato-do-menino-bernardo-11-anos-pode-alterar-estatuto-da-crianca\/\",\"name\":\"Assassinato de Bernardo pode alterar o Estatuto da Crian\u00e7a - Notibras\",\"isPartOf\":{\"@id\":\"https:\/\/www.notibras.com\/site\/#website\"},\"primaryImageOfPage\":{\"@id\":\"https:\/\/www.notibras.com\/site\/assassinato-do-menino-bernardo-11-anos-pode-alterar-estatuto-da-crianca\/#primaryimage\"},\"image\":{\"@id\":\"https:\/\/www.notibras.com\/site\/assassinato-do-menino-bernardo-11-anos-pode-alterar-estatuto-da-crianca\/#primaryimage\"},\"thumbnailUrl\":\"https:\/\/www.notibras.com\/site\/wp-content\/uploads\/2014\/04\/rsbernardoboldrinimortomeninotrespassosfacebookrep.jpg\",\"datePublished\":\"2014-04-23T22:16:18+00:00\",\"dateModified\":\"2014-04-24T03:36:20+00:00\",\"breadcrumb\":{\"@id\":\"https:\/\/www.notibras.com\/site\/assassinato-do-menino-bernardo-11-anos-pode-alterar-estatuto-da-crianca\/#breadcrumb\"},\"inLanguage\":\"pt-BR\",\"potentialAction\":[{\"@type\":\"ReadAction\",\"target\":[\"https:\/\/www.notibras.com\/site\/assassinato-do-menino-bernardo-11-anos-pode-alterar-estatuto-da-crianca\/\"]}]},{\"@type\":\"ImageObject\",\"inLanguage\":\"pt-BR\",\"@id\":\"https:\/\/www.notibras.com\/site\/assassinato-do-menino-bernardo-11-anos-pode-alterar-estatuto-da-crianca\/#primaryimage\",\"url\":\"https:\/\/www.notibras.com\/site\/wp-content\/uploads\/2014\/04\/rsbernardoboldrinimortomeninotrespassosfacebookrep.jpg\",\"contentUrl\":\"https:\/\/www.notibras.com\/site\/wp-content\/uploads\/2014\/04\/rsbernardoboldrinimortomeninotrespassosfacebookrep.jpg\",\"width\":460,\"height\":340},{\"@type\":\"BreadcrumbList\",\"@id\":\"https:\/\/www.notibras.com\/site\/assassinato-do-menino-bernardo-11-anos-pode-alterar-estatuto-da-crianca\/#breadcrumb\",\"itemListElement\":[{\"@type\":\"ListItem\",\"position\":1,\"name\":\"In\u00edcio\",\"item\":\"https:\/\/www.notibras.com\/site\/\"},{\"@type\":\"ListItem\",\"position\":2,\"name\":\"Assassinato de Bernardo pode alterar o Estatuto da Crian\u00e7a\"}]},{\"@type\":\"WebSite\",\"@id\":\"https:\/\/www.notibras.com\/site\/#website\",\"url\":\"https:\/\/www.notibras.com\/site\/\",\"name\":\"Notibras\",\"description\":\"Not\u00edcias de Bras\u00edlia, do Brasil e do Mundo\",\"publisher\":{\"@id\":\"https:\/\/www.notibras.com\/site\/#organization\"},\"potentialAction\":[{\"@type\":\"SearchAction\",\"target\":{\"@type\":\"EntryPoint\",\"urlTemplate\":\"https:\/\/www.notibras.com\/site\/?s={search_term_string}\"},\"query-input\":{\"@type\":\"PropertyValueSpecification\",\"valueRequired\":true,\"valueName\":\"search_term_string\"}}],\"inLanguage\":\"pt-BR\"},{\"@type\":\"Organization\",\"@id\":\"https:\/\/www.notibras.com\/site\/#organization\",\"name\":\"Grupo Notibras de Comunica\u00e7\u00e3o\",\"url\":\"https:\/\/www.notibras.com\/site\/\",\"logo\":{\"@type\":\"ImageObject\",\"inLanguage\":\"pt-BR\",\"@id\":\"https:\/\/www.notibras.com\/site\/#\/schema\/logo\/image\/\",\"url\":\"https:\/\/www.notibras.com\/site\/wp-content\/uploads\/2023\/01\/notibras23.png\",\"contentUrl\":\"https:\/\/www.notibras.com\/site\/wp-content\/uploads\/2023\/01\/notibras23.png\",\"width\":350,\"height\":87,\"caption\":\"Grupo Notibras de Comunica\u00e7\u00e3o\"},\"image\":{\"@id\":\"https:\/\/www.notibras.com\/site\/#\/schema\/logo\/image\/\"},\"sameAs\":[\"https:\/\/www.facebook.com\/notibras\/\",\"https:\/\/x.com\/Notibras\",\"https:\/\/www.instagram.com\/notibras\/\"]},{\"@type\":\"Person\",\"@id\":\"https:\/\/www.notibras.com\/site\/#\/schema\/person\/36ab0979449956132d3e5b517ea76ac8\",\"name\":\"Reda\u00e7\u00e3o\",\"image\":{\"@type\":\"ImageObject\",\"inLanguage\":\"pt-BR\",\"@id\":\"https:\/\/secure.gravatar.com\/avatar\/e0a867bdedb85fd243eadf09663511f96fc81e0720a4a42581f334ad4303aa6b?s=96&d=mm&r=g\",\"url\":\"https:\/\/secure.gravatar.com\/avatar\/e0a867bdedb85fd243eadf09663511f96fc81e0720a4a42581f334ad4303aa6b?s=96&d=mm&r=g\",\"contentUrl\":\"https:\/\/secure.gravatar.com\/avatar\/e0a867bdedb85fd243eadf09663511f96fc81e0720a4a42581f334ad4303aa6b?s=96&d=mm&r=g\",\"caption\":\"Reda\u00e7\u00e3o\"}}]}<\/script>\n<!-- \/ Yoast SEO plugin. -->","yoast_head_json":{"title":"Assassinato de Bernardo pode alterar o Estatuto da Crian\u00e7a - Notibras","robots":{"index":"index","follow":"follow","max-snippet":"max-snippet:-1","max-image-preview":"max-image-preview:large","max-video-preview":"max-video-preview:-1"},"canonical":"https:\/\/www.notibras.com\/site\/assassinato-do-menino-bernardo-11-anos-pode-alterar-estatuto-da-crianca\/","og_locale":"pt_BR","og_type":"article","og_title":"Assassinato de Bernardo pode alterar o Estatuto da Crian\u00e7a - Notibras","og_description":"O deputado federal Onyx Lorenzoni (DEM-RS) apresentou nesta quarta-feira a proposta de cria\u00e7\u00e3o da \u201cLei Bernardo\u201d para modificar o Estatuto da Crian\u00e7a e do Adolescente (ECA). A ideia \u00e9 evitar casos como o do menino Bernando Uglione Boldrini, 11 anos, que foi morto depois de procurar ajuda de autoridades de um centro de direitos da [&hellip;]","og_url":"https:\/\/www.notibras.com\/site\/assassinato-do-menino-bernardo-11-anos-pode-alterar-estatuto-da-crianca\/","og_site_name":"Notibras","article_publisher":"https:\/\/www.facebook.com\/notibras\/","article_published_time":"2014-04-23T22:16:18+00:00","article_modified_time":"2014-04-24T03:36:20+00:00","og_image":[{"width":460,"height":340,"url":"https:\/\/www.notibras.com\/site\/wp-content\/uploads\/2014\/04\/rsbernardoboldrinimortomeninotrespassosfacebookrep.jpg","type":"image\/jpeg"}],"author":"Reda\u00e7\u00e3o","twitter_card":"summary_large_image","twitter_creator":"@Notibras","twitter_site":"@Notibras","twitter_misc":{"Escrito por":"Reda\u00e7\u00e3o","Est. tempo de leitura":"2 minutos"},"schema":{"@context":"https:\/\/schema.org","@graph":[{"@type":"Article","@id":"https:\/\/www.notibras.com\/site\/assassinato-do-menino-bernardo-11-anos-pode-alterar-estatuto-da-crianca\/#article","isPartOf":{"@id":"https:\/\/www.notibras.com\/site\/assassinato-do-menino-bernardo-11-anos-pode-alterar-estatuto-da-crianca\/"},"author":{"name":"Reda\u00e7\u00e3o","@id":"https:\/\/www.notibras.com\/site\/#\/schema\/person\/36ab0979449956132d3e5b517ea76ac8"},"headline":"Assassinato de Bernardo pode alterar o Estatuto da Crian\u00e7a","datePublished":"2014-04-23T22:16:18+00:00","dateModified":"2014-04-24T03:36:20+00:00","mainEntityOfPage":{"@id":"https:\/\/www.notibras.com\/site\/assassinato-do-menino-bernardo-11-anos-pode-alterar-estatuto-da-crianca\/"},"wordCount":318,"commentCount":0,"publisher":{"@id":"https:\/\/www.notibras.com\/site\/#organization"},"image":{"@id":"https:\/\/www.notibras.com\/site\/assassinato-do-menino-bernardo-11-anos-pode-alterar-estatuto-da-crianca\/#primaryimage"},"thumbnailUrl":"https:\/\/www.notibras.com\/site\/wp-content\/uploads\/2014\/04\/rsbernardoboldrinimortomeninotrespassosfacebookrep.jpg","articleSection":["Brasil"],"inLanguage":"pt-BR","potentialAction":[{"@type":"CommentAction","name":"Comment","target":["https:\/\/www.notibras.com\/site\/assassinato-do-menino-bernardo-11-anos-pode-alterar-estatuto-da-crianca\/#respond"]}]},{"@type":"WebPage","@id":"https:\/\/www.notibras.com\/site\/assassinato-do-menino-bernardo-11-anos-pode-alterar-estatuto-da-crianca\/","url":"https:\/\/www.notibras.com\/site\/assassinato-do-menino-bernardo-11-anos-pode-alterar-estatuto-da-crianca\/","name":"Assassinato de Bernardo pode alterar o Estatuto da Crian\u00e7a - Notibras","isPartOf":{"@id":"https:\/\/www.notibras.com\/site\/#website"},"primaryImageOfPage":{"@id":"https:\/\/www.notibras.com\/site\/assassinato-do-menino-bernardo-11-anos-pode-alterar-estatuto-da-crianca\/#primaryimage"},"image":{"@id":"https:\/\/www.notibras.com\/site\/assassinato-do-menino-bernardo-11-anos-pode-alterar-estatuto-da-crianca\/#primaryimage"},"thumbnailUrl":"https:\/\/www.notibras.com\/site\/wp-content\/uploads\/2014\/04\/rsbernardoboldrinimortomeninotrespassosfacebookrep.jpg","datePublished":"2014-04-23T22:16:18+00:00","dateModified":"2014-04-24T03:36:20+00:00","breadcrumb":{"@id":"https:\/\/www.notibras.com\/site\/assassinato-do-menino-bernardo-11-anos-pode-alterar-estatuto-da-crianca\/#breadcrumb"},"inLanguage":"pt-BR","potentialAction":[{"@type":"ReadAction","target":["https:\/\/www.notibras.com\/site\/assassinato-do-menino-bernardo-11-anos-pode-alterar-estatuto-da-crianca\/"]}]},{"@type":"ImageObject","inLanguage":"pt-BR","@id":"https:\/\/www.notibras.com\/site\/assassinato-do-menino-bernardo-11-anos-pode-alterar-estatuto-da-crianca\/#primaryimage","url":"https:\/\/www.notibras.com\/site\/wp-content\/uploads\/2014\/04\/rsbernardoboldrinimortomeninotrespassosfacebookrep.jpg","contentUrl":"https:\/\/www.notibras.com\/site\/wp-content\/uploads\/2014\/04\/rsbernardoboldrinimortomeninotrespassosfacebookrep.jpg","width":460,"height":340},{"@type":"BreadcrumbList","@id":"https:\/\/www.notibras.com\/site\/assassinato-do-menino-bernardo-11-anos-pode-alterar-estatuto-da-crianca\/#breadcrumb","itemListElement":[{"@type":"ListItem","position":1,"name":"In\u00edcio","item":"https:\/\/www.notibras.com\/site\/"},{"@type":"ListItem","position":2,"name":"Assassinato de Bernardo pode alterar o Estatuto da Crian\u00e7a"}]},{"@type":"WebSite","@id":"https:\/\/www.notibras.com\/site\/#website","url":"https:\/\/www.notibras.com\/site\/","name":"Notibras","description":"Not\u00edcias de Bras\u00edlia, do Brasil e do Mundo","publisher":{"@id":"https:\/\/www.notibras.com\/site\/#organization"},"potentialAction":[{"@type":"SearchAction","target":{"@type":"EntryPoint","urlTemplate":"https:\/\/www.notibras.com\/site\/?s={search_term_string}"},"query-input":{"@type":"PropertyValueSpecification","valueRequired":true,"valueName":"search_term_string"}}],"inLanguage":"pt-BR"},{"@type":"Organization","@id":"https:\/\/www.notibras.com\/site\/#organization","name":"Grupo Notibras de Comunica\u00e7\u00e3o","url":"https:\/\/www.notibras.com\/site\/","logo":{"@type":"ImageObject","inLanguage":"pt-BR","@id":"https:\/\/www.notibras.com\/site\/#\/schema\/logo\/image\/","url":"https:\/\/www.notibras.com\/site\/wp-content\/uploads\/2023\/01\/notibras23.png","contentUrl":"https:\/\/www.notibras.com\/site\/wp-content\/uploads\/2023\/01\/notibras23.png","width":350,"height":87,"caption":"Grupo Notibras de Comunica\u00e7\u00e3o"},"image":{"@id":"https:\/\/www.notibras.com\/site\/#\/schema\/logo\/image\/"},"sameAs":["https:\/\/www.facebook.com\/notibras\/","https:\/\/x.com\/Notibras","https:\/\/www.instagram.com\/notibras\/"]},{"@type":"Person","@id":"https:\/\/www.notibras.com\/site\/#\/schema\/person\/36ab0979449956132d3e5b517ea76ac8","name":"Reda\u00e7\u00e3o","image":{"@type":"ImageObject","inLanguage":"pt-BR","@id":"https:\/\/secure.gravatar.com\/avatar\/e0a867bdedb85fd243eadf09663511f96fc81e0720a4a42581f334ad4303aa6b?s=96&d=mm&r=g","url":"https:\/\/secure.gravatar.com\/avatar\/e0a867bdedb85fd243eadf09663511f96fc81e0720a4a42581f334ad4303aa6b?s=96&d=mm&r=g","contentUrl":"https:\/\/secure.gravatar.com\/avatar\/e0a867bdedb85fd243eadf09663511f96fc81e0720a4a42581f334ad4303aa6b?s=96&d=mm&r=g","caption":"Reda\u00e7\u00e3o"}}]}},"amp_enabled":true,"_links":{"self":[{"href":"https:\/\/www.notibras.com\/site\/wp-json\/wp\/v2\/posts\/7432","targetHints":{"allow":["GET"]}}],"collection":[{"href":"https:\/\/www.notibras.com\/site\/wp-json\/wp\/v2\/posts"}],"about":[{"href":"https:\/\/www.notibras.com\/site\/wp-json\/wp\/v2\/types\/post"}],"author":[{"embeddable":true,"href":"https:\/\/www.notibras.com\/site\/wp-json\/wp\/v2\/users\/2"}],"replies":[{"embeddable":true,"href":"https:\/\/www.notibras.com\/site\/wp-json\/wp\/v2\/comments?post=7432"}],"version-history":[{"count":0,"href":"https:\/\/www.notibras.com\/site\/wp-json\/wp\/v2\/posts\/7432\/revisions"}],"wp:featuredmedia":[{"embeddable":true,"href":"https:\/\/www.notibras.com\/site\/wp-json\/wp\/v2\/media\/7433"}],"wp:attachment":[{"href":"https:\/\/www.notibras.com\/site\/wp-json\/wp\/v2\/media?parent=7432"}],"wp:term":[{"taxonomy":"category","embeddable":true,"href":"https:\/\/www.notibras.com\/site\/wp-json\/wp\/v2\/categories?post=7432"},{"taxonomy":"post_tag","embeddable":true,"href":"https:\/\/www.notibras.com\/site\/wp-json\/wp\/v2\/tags?post=7432"}],"curies":[{"name":"wp","href":"https:\/\/api.w.org\/{rel}","templated":true}]}}