{"id":74413,"date":"2015-11-03T01:21:05","date_gmt":"2015-11-03T03:21:05","guid":{"rendered":"http:\/\/www.notibras.com\/site\/?p=74413"},"modified":"2015-11-03T01:21:05","modified_gmt":"2015-11-03T03:21:05","slug":"cortar-recursos-do-fies-a-pretexto-de-crise-nao-tem-justificativa","status":"publish","type":"post","link":"https:\/\/www.notibras.com\/site\/cortar-recursos-do-fies-a-pretexto-de-crise-nao-tem-justificativa\/","title":{"rendered":"Cortar recursos do Fies a pretexto de crise n\u00e3o tem justificativa"},"content":{"rendered":"<p>O fato de as institui\u00e7\u00f5es universit\u00e1rias privadas apresentarem queda de 30% nas matr\u00edculas no segundo semestre \u2014devido, principalmente, aos cortes feitos pelo governo no Fies (Fundo de Financiamento Estudantil)\u2014 poder\u00e1 comprometer uma das metas mais importantes do Plano Nacional de Educa\u00e7\u00e3o para esta d\u00e9cada: elevar a taxa bruta de matr\u00edcula no Ensino Superior para 50% e a taxa l\u00edquida para 33% da popula\u00e7\u00e3o de 18 a 24 anos.<\/p>\n<p>Caso os valores do Fies n\u00e3o sejam restabelecidos em 2016 e nos pr\u00f3ximos exerc\u00edcios fiscais, poder\u00e1 acentuar-se a tend\u00eancia de queda do volume de acesso ao ensino superior, um retrocesso de graves consequ\u00eancias para o Brasil. \u00c9 inadmiss\u00edvel que um programa com tamanho alcance social e significado estrat\u00e9gico para a meta de converter o Brasil numa economia de renda alta sofra redu\u00e7\u00e3o abrupta superior a 50% no n\u00famero de alunos beneficiados. N\u00e3o h\u00e1 crise econ\u00f4mica ou fiscal que justifique tal insensatez.<\/p>\n<p>Neste momento de incertezas quanto \u00e0 economia, \u00e9 um erro grave retirar recursos da educa\u00e7\u00e3o, considerando serem a abrang\u00eancia e a qualidade do ensino os mais decisivos fatores para que ingressemos num processo de desenvolvimento sustent\u00e1vel. O impacto \u00e9 muito grande: 731 mil novos contratos do Fies em 2014, contra apenas 311 mil em 2015. No ano passado, 38% das novas matr\u00edculas na rede privada foram por meio do programa. No presente exerc\u00edcio, o \u00edndice caiu para 19%. Os n\u00fameros s\u00e3o do Semesp (Sindicato das Entidades Mantenedoras de Ensino Superior).<\/p>\n<p>Al\u00e9m de prejudicar alunos, a sociedade e o pa\u00eds, o corte dr\u00e1stico de mais de 70% dos recursos financeiros do Fies est\u00e1 causando grave dificuldade financeira para numerosas institui\u00e7\u00f5es de ensino superior. O problema atinge principalmente as pequenas, que cumprem papel relevante no sistema, pois equilibram o atendimento \u00e0 demanda e tamb\u00e9m atendem \u00e0 forma\u00e7\u00e3o profissional no pa\u00eds.<\/p>\n<p>A atitude imediatista e equivocada do governo, drenando dinheiro da educa\u00e7\u00e3o, em vez de economizar em despesas n\u00e3o priorit\u00e1rias, revela uma aus\u00eancia de vis\u00e3o estrat\u00e9gica quanto aos efeitos da inclus\u00e3o acad\u00eamica na economia e na transforma\u00e7\u00e3o positiva da sociedade. Vejamos: juntamente com o Prouni (Programa Universidade para Todos), o Fies, que mant\u00e9m 1,9 milh\u00e3o de contratos ativos, ter\u00e1 impacto significativo daqui a 10 ou 20 anos, no tocante \u00e0 ascens\u00e3o socioecon\u00f4mica, aumento do valor m\u00e9dio da massa salarial, pesquisa e inova\u00e7\u00e3o.<\/p>\n<p>O Brasil n\u00e3o pode comprometer suas metas relativas ao ensino superior, com erros do presente que pioram o futuro, prolongam sua depend\u00eancia aos pa\u00edses detentores do conhecimento e adiam a marcha do desenvolvimento. Por isso, mesmo nos momentos mais dif\u00edceis da economia e da pol\u00edtica, como vivemos nestes conturbados dias de 2015, o governo precisa manter a lucidez.<\/p>\n<p><strong>Antonio Carbonari Netto<\/strong><\/p>\n","protected":false},"excerpt":{"rendered":"<p>O fato de as institui\u00e7\u00f5es universit\u00e1rias privadas apresentarem queda de 30% nas matr\u00edculas no segundo semestre \u2014devido, principalmente, aos cortes feitos pelo governo no Fies (Fundo de Financiamento Estudantil)\u2014 poder\u00e1 comprometer uma das metas mais importantes do Plano Nacional de Educa\u00e7\u00e3o para esta d\u00e9cada: elevar a taxa bruta de matr\u00edcula no Ensino Superior para 50% [&hellip;]<\/p>\n","protected":false},"author":2,"featured_media":74414,"comment_status":"open","ping_status":"closed","sticky":false,"template":"","format":"standard","meta":{"_acf_changed":false,"footnotes":""},"categories":[25],"tags":[],"class_list":["post-74413","post","type-post","status-publish","format-standard","has-post-thumbnail","hentry","category-opina-ai"],"acf":[],"yoast_head":"<!-- This site is optimized with the Yoast SEO plugin v27.5 - https:\/\/yoast.com\/product\/yoast-seo-wordpress\/ -->\n<title>Cortar recursos do Fies a pretexto de crise n\u00e3o tem justificativa - Notibras<\/title>\n<meta name=\"robots\" content=\"index, follow, max-snippet:-1, max-image-preview:large, max-video-preview:-1\" \/>\n<link rel=\"canonical\" href=\"https:\/\/www.notibras.com\/site\/cortar-recursos-do-fies-a-pretexto-de-crise-nao-tem-justificativa\/\" \/>\n<meta property=\"og:locale\" content=\"pt_BR\" \/>\n<meta property=\"og:type\" content=\"article\" \/>\n<meta property=\"og:title\" content=\"Cortar recursos do Fies a pretexto de crise n\u00e3o tem justificativa - Notibras\" \/>\n<meta property=\"og:description\" content=\"O fato de as institui\u00e7\u00f5es universit\u00e1rias privadas apresentarem queda de 30% nas matr\u00edculas no segundo semestre \u2014devido, principalmente, aos cortes feitos pelo governo no Fies (Fundo de Financiamento Estudantil)\u2014 poder\u00e1 comprometer uma das metas mais importantes do Plano Nacional de Educa\u00e7\u00e3o para esta d\u00e9cada: elevar a taxa bruta de matr\u00edcula no Ensino Superior para 50% [&hellip;]\" \/>\n<meta property=\"og:url\" content=\"https:\/\/www.notibras.com\/site\/cortar-recursos-do-fies-a-pretexto-de-crise-nao-tem-justificativa\/\" \/>\n<meta property=\"og:site_name\" content=\"Notibras\" \/>\n<meta property=\"article:publisher\" content=\"https:\/\/www.facebook.com\/notibras\/\" \/>\n<meta property=\"article:published_time\" content=\"2015-11-03T03:21:05+00:00\" \/>\n<meta property=\"og:image\" content=\"https:\/\/www.notibras.com\/site\/wp-content\/uploads\/2015\/11\/fies1-1.jpg\" \/>\n\t<meta property=\"og:image:width\" content=\"1600\" \/>\n\t<meta property=\"og:image:height\" content=\"1081\" \/>\n\t<meta property=\"og:image:type\" content=\"image\/jpeg\" \/>\n<meta name=\"author\" content=\"Reda\u00e7\u00e3o\" \/>\n<meta name=\"twitter:card\" content=\"summary_large_image\" \/>\n<meta name=\"twitter:creator\" content=\"@Notibras\" \/>\n<meta name=\"twitter:site\" content=\"@Notibras\" \/>\n<meta name=\"twitter:label1\" content=\"Escrito por\" \/>\n\t<meta name=\"twitter:data1\" content=\"Reda\u00e7\u00e3o\" \/>\n\t<meta name=\"twitter:label2\" content=\"Est. tempo de leitura\" \/>\n\t<meta name=\"twitter:data2\" content=\"2 minutos\" \/>\n<script type=\"application\/ld+json\" class=\"yoast-schema-graph\">{\"@context\":\"https:\\\/\\\/schema.org\",\"@graph\":[{\"@type\":\"Article\",\"@id\":\"https:\\\/\\\/www.notibras.com\\\/site\\\/cortar-recursos-do-fies-a-pretexto-de-crise-nao-tem-justificativa\\\/#article\",\"isPartOf\":{\"@id\":\"https:\\\/\\\/www.notibras.com\\\/site\\\/cortar-recursos-do-fies-a-pretexto-de-crise-nao-tem-justificativa\\\/\"},\"author\":{\"name\":\"Reda\u00e7\u00e3o\",\"@id\":\"https:\\\/\\\/www.notibras.com\\\/site\\\/#\\\/schema\\\/person\\\/36ab0979449956132d3e5b517ea76ac8\"},\"headline\":\"Cortar recursos do Fies a pretexto de crise n\u00e3o tem justificativa\",\"datePublished\":\"2015-11-03T03:21:05+00:00\",\"mainEntityOfPage\":{\"@id\":\"https:\\\/\\\/www.notibras.com\\\/site\\\/cortar-recursos-do-fies-a-pretexto-de-crise-nao-tem-justificativa\\\/\"},\"wordCount\":479,\"commentCount\":0,\"publisher\":{\"@id\":\"https:\\\/\\\/www.notibras.com\\\/site\\\/#organization\"},\"image\":{\"@id\":\"https:\\\/\\\/www.notibras.com\\\/site\\\/cortar-recursos-do-fies-a-pretexto-de-crise-nao-tem-justificativa\\\/#primaryimage\"},\"thumbnailUrl\":\"https:\\\/\\\/www.notibras.com\\\/site\\\/wp-content\\\/uploads\\\/2015\\\/11\\\/fies1-1.jpg\",\"articleSection\":[\"Opina a\u00ed\"],\"inLanguage\":\"pt-BR\",\"potentialAction\":[{\"@type\":\"CommentAction\",\"name\":\"Comment\",\"target\":[\"https:\\\/\\\/www.notibras.com\\\/site\\\/cortar-recursos-do-fies-a-pretexto-de-crise-nao-tem-justificativa\\\/#respond\"]}]},{\"@type\":\"WebPage\",\"@id\":\"https:\\\/\\\/www.notibras.com\\\/site\\\/cortar-recursos-do-fies-a-pretexto-de-crise-nao-tem-justificativa\\\/\",\"url\":\"https:\\\/\\\/www.notibras.com\\\/site\\\/cortar-recursos-do-fies-a-pretexto-de-crise-nao-tem-justificativa\\\/\",\"name\":\"Cortar recursos do Fies a pretexto de crise n\u00e3o tem justificativa - Notibras\",\"isPartOf\":{\"@id\":\"https:\\\/\\\/www.notibras.com\\\/site\\\/#website\"},\"primaryImageOfPage\":{\"@id\":\"https:\\\/\\\/www.notibras.com\\\/site\\\/cortar-recursos-do-fies-a-pretexto-de-crise-nao-tem-justificativa\\\/#primaryimage\"},\"image\":{\"@id\":\"https:\\\/\\\/www.notibras.com\\\/site\\\/cortar-recursos-do-fies-a-pretexto-de-crise-nao-tem-justificativa\\\/#primaryimage\"},\"thumbnailUrl\":\"https:\\\/\\\/www.notibras.com\\\/site\\\/wp-content\\\/uploads\\\/2015\\\/11\\\/fies1-1.jpg\",\"datePublished\":\"2015-11-03T03:21:05+00:00\",\"breadcrumb\":{\"@id\":\"https:\\\/\\\/www.notibras.com\\\/site\\\/cortar-recursos-do-fies-a-pretexto-de-crise-nao-tem-justificativa\\\/#breadcrumb\"},\"inLanguage\":\"pt-BR\",\"potentialAction\":[{\"@type\":\"ReadAction\",\"target\":[\"https:\\\/\\\/www.notibras.com\\\/site\\\/cortar-recursos-do-fies-a-pretexto-de-crise-nao-tem-justificativa\\\/\"]}]},{\"@type\":\"ImageObject\",\"inLanguage\":\"pt-BR\",\"@id\":\"https:\\\/\\\/www.notibras.com\\\/site\\\/cortar-recursos-do-fies-a-pretexto-de-crise-nao-tem-justificativa\\\/#primaryimage\",\"url\":\"https:\\\/\\\/www.notibras.com\\\/site\\\/wp-content\\\/uploads\\\/2015\\\/11\\\/fies1-1.jpg\",\"contentUrl\":\"https:\\\/\\\/www.notibras.com\\\/site\\\/wp-content\\\/uploads\\\/2015\\\/11\\\/fies1-1.jpg\",\"width\":1600,\"height\":1081},{\"@type\":\"BreadcrumbList\",\"@id\":\"https:\\\/\\\/www.notibras.com\\\/site\\\/cortar-recursos-do-fies-a-pretexto-de-crise-nao-tem-justificativa\\\/#breadcrumb\",\"itemListElement\":[{\"@type\":\"ListItem\",\"position\":1,\"name\":\"In\u00edcio\",\"item\":\"https:\\\/\\\/www.notibras.com\\\/site\\\/\"},{\"@type\":\"ListItem\",\"position\":2,\"name\":\"Cortar recursos do Fies a pretexto de crise n\u00e3o tem justificativa\"}]},{\"@type\":\"WebSite\",\"@id\":\"https:\\\/\\\/www.notibras.com\\\/site\\\/#website\",\"url\":\"https:\\\/\\\/www.notibras.com\\\/site\\\/\",\"name\":\"Notibras\",\"description\":\"Not\u00edcias de Bras\u00edlia, do Brasil e do Mundo\",\"publisher\":{\"@id\":\"https:\\\/\\\/www.notibras.com\\\/site\\\/#organization\"},\"potentialAction\":[{\"@type\":\"SearchAction\",\"target\":{\"@type\":\"EntryPoint\",\"urlTemplate\":\"https:\\\/\\\/www.notibras.com\\\/site\\\/?s={search_term_string}\"},\"query-input\":{\"@type\":\"PropertyValueSpecification\",\"valueRequired\":true,\"valueName\":\"search_term_string\"}}],\"inLanguage\":\"pt-BR\"},{\"@type\":\"Organization\",\"@id\":\"https:\\\/\\\/www.notibras.com\\\/site\\\/#organization\",\"name\":\"Grupo Notibras de Comunica\u00e7\u00e3o\",\"url\":\"https:\\\/\\\/www.notibras.com\\\/site\\\/\",\"logo\":{\"@type\":\"ImageObject\",\"inLanguage\":\"pt-BR\",\"@id\":\"https:\\\/\\\/www.notibras.com\\\/site\\\/#\\\/schema\\\/logo\\\/image\\\/\",\"url\":\"https:\\\/\\\/www.notibras.com\\\/site\\\/wp-content\\\/uploads\\\/2023\\\/01\\\/notibras23.png\",\"contentUrl\":\"https:\\\/\\\/www.notibras.com\\\/site\\\/wp-content\\\/uploads\\\/2023\\\/01\\\/notibras23.png\",\"width\":350,\"height\":87,\"caption\":\"Grupo Notibras de Comunica\u00e7\u00e3o\"},\"image\":{\"@id\":\"https:\\\/\\\/www.notibras.com\\\/site\\\/#\\\/schema\\\/logo\\\/image\\\/\"},\"sameAs\":[\"https:\\\/\\\/www.facebook.com\\\/notibras\\\/\",\"https:\\\/\\\/x.com\\\/Notibras\",\"https:\\\/\\\/www.instagram.com\\\/notibras\\\/\"]},{\"@type\":\"Person\",\"@id\":\"https:\\\/\\\/www.notibras.com\\\/site\\\/#\\\/schema\\\/person\\\/36ab0979449956132d3e5b517ea76ac8\",\"name\":\"Reda\u00e7\u00e3o\",\"image\":{\"@type\":\"ImageObject\",\"inLanguage\":\"pt-BR\",\"@id\":\"https:\\\/\\\/secure.gravatar.com\\\/avatar\\\/e0a867bdedb85fd243eadf09663511f96fc81e0720a4a42581f334ad4303aa6b?s=96&d=mm&r=g\",\"url\":\"https:\\\/\\\/secure.gravatar.com\\\/avatar\\\/e0a867bdedb85fd243eadf09663511f96fc81e0720a4a42581f334ad4303aa6b?s=96&d=mm&r=g\",\"contentUrl\":\"https:\\\/\\\/secure.gravatar.com\\\/avatar\\\/e0a867bdedb85fd243eadf09663511f96fc81e0720a4a42581f334ad4303aa6b?s=96&d=mm&r=g\",\"caption\":\"Reda\u00e7\u00e3o\"}}]}<\/script>\n<!-- \/ Yoast SEO plugin. -->","yoast_head_json":{"title":"Cortar recursos do Fies a pretexto de crise n\u00e3o tem justificativa - Notibras","robots":{"index":"index","follow":"follow","max-snippet":"max-snippet:-1","max-image-preview":"max-image-preview:large","max-video-preview":"max-video-preview:-1"},"canonical":"https:\/\/www.notibras.com\/site\/cortar-recursos-do-fies-a-pretexto-de-crise-nao-tem-justificativa\/","og_locale":"pt_BR","og_type":"article","og_title":"Cortar recursos do Fies a pretexto de crise n\u00e3o tem justificativa - Notibras","og_description":"O fato de as institui\u00e7\u00f5es universit\u00e1rias privadas apresentarem queda de 30% nas matr\u00edculas no segundo semestre \u2014devido, principalmente, aos cortes feitos pelo governo no Fies (Fundo de Financiamento Estudantil)\u2014 poder\u00e1 comprometer uma das metas mais importantes do Plano Nacional de Educa\u00e7\u00e3o para esta d\u00e9cada: elevar a taxa bruta de matr\u00edcula no Ensino Superior para 50% [&hellip;]","og_url":"https:\/\/www.notibras.com\/site\/cortar-recursos-do-fies-a-pretexto-de-crise-nao-tem-justificativa\/","og_site_name":"Notibras","article_publisher":"https:\/\/www.facebook.com\/notibras\/","article_published_time":"2015-11-03T03:21:05+00:00","og_image":[{"width":1600,"height":1081,"url":"https:\/\/www.notibras.com\/site\/wp-content\/uploads\/2015\/11\/fies1-1.jpg","type":"image\/jpeg"}],"author":"Reda\u00e7\u00e3o","twitter_card":"summary_large_image","twitter_creator":"@Notibras","twitter_site":"@Notibras","twitter_misc":{"Escrito por":"Reda\u00e7\u00e3o","Est. tempo de leitura":"2 minutos"},"schema":{"@context":"https:\/\/schema.org","@graph":[{"@type":"Article","@id":"https:\/\/www.notibras.com\/site\/cortar-recursos-do-fies-a-pretexto-de-crise-nao-tem-justificativa\/#article","isPartOf":{"@id":"https:\/\/www.notibras.com\/site\/cortar-recursos-do-fies-a-pretexto-de-crise-nao-tem-justificativa\/"},"author":{"name":"Reda\u00e7\u00e3o","@id":"https:\/\/www.notibras.com\/site\/#\/schema\/person\/36ab0979449956132d3e5b517ea76ac8"},"headline":"Cortar recursos do Fies a pretexto de crise n\u00e3o tem justificativa","datePublished":"2015-11-03T03:21:05+00:00","mainEntityOfPage":{"@id":"https:\/\/www.notibras.com\/site\/cortar-recursos-do-fies-a-pretexto-de-crise-nao-tem-justificativa\/"},"wordCount":479,"commentCount":0,"publisher":{"@id":"https:\/\/www.notibras.com\/site\/#organization"},"image":{"@id":"https:\/\/www.notibras.com\/site\/cortar-recursos-do-fies-a-pretexto-de-crise-nao-tem-justificativa\/#primaryimage"},"thumbnailUrl":"https:\/\/www.notibras.com\/site\/wp-content\/uploads\/2015\/11\/fies1-1.jpg","articleSection":["Opina a\u00ed"],"inLanguage":"pt-BR","potentialAction":[{"@type":"CommentAction","name":"Comment","target":["https:\/\/www.notibras.com\/site\/cortar-recursos-do-fies-a-pretexto-de-crise-nao-tem-justificativa\/#respond"]}]},{"@type":"WebPage","@id":"https:\/\/www.notibras.com\/site\/cortar-recursos-do-fies-a-pretexto-de-crise-nao-tem-justificativa\/","url":"https:\/\/www.notibras.com\/site\/cortar-recursos-do-fies-a-pretexto-de-crise-nao-tem-justificativa\/","name":"Cortar recursos do Fies a pretexto de crise n\u00e3o tem justificativa - Notibras","isPartOf":{"@id":"https:\/\/www.notibras.com\/site\/#website"},"primaryImageOfPage":{"@id":"https:\/\/www.notibras.com\/site\/cortar-recursos-do-fies-a-pretexto-de-crise-nao-tem-justificativa\/#primaryimage"},"image":{"@id":"https:\/\/www.notibras.com\/site\/cortar-recursos-do-fies-a-pretexto-de-crise-nao-tem-justificativa\/#primaryimage"},"thumbnailUrl":"https:\/\/www.notibras.com\/site\/wp-content\/uploads\/2015\/11\/fies1-1.jpg","datePublished":"2015-11-03T03:21:05+00:00","breadcrumb":{"@id":"https:\/\/www.notibras.com\/site\/cortar-recursos-do-fies-a-pretexto-de-crise-nao-tem-justificativa\/#breadcrumb"},"inLanguage":"pt-BR","potentialAction":[{"@type":"ReadAction","target":["https:\/\/www.notibras.com\/site\/cortar-recursos-do-fies-a-pretexto-de-crise-nao-tem-justificativa\/"]}]},{"@type":"ImageObject","inLanguage":"pt-BR","@id":"https:\/\/www.notibras.com\/site\/cortar-recursos-do-fies-a-pretexto-de-crise-nao-tem-justificativa\/#primaryimage","url":"https:\/\/www.notibras.com\/site\/wp-content\/uploads\/2015\/11\/fies1-1.jpg","contentUrl":"https:\/\/www.notibras.com\/site\/wp-content\/uploads\/2015\/11\/fies1-1.jpg","width":1600,"height":1081},{"@type":"BreadcrumbList","@id":"https:\/\/www.notibras.com\/site\/cortar-recursos-do-fies-a-pretexto-de-crise-nao-tem-justificativa\/#breadcrumb","itemListElement":[{"@type":"ListItem","position":1,"name":"In\u00edcio","item":"https:\/\/www.notibras.com\/site\/"},{"@type":"ListItem","position":2,"name":"Cortar recursos do Fies a pretexto de crise n\u00e3o tem justificativa"}]},{"@type":"WebSite","@id":"https:\/\/www.notibras.com\/site\/#website","url":"https:\/\/www.notibras.com\/site\/","name":"Notibras","description":"Not\u00edcias de Bras\u00edlia, do Brasil e do Mundo","publisher":{"@id":"https:\/\/www.notibras.com\/site\/#organization"},"potentialAction":[{"@type":"SearchAction","target":{"@type":"EntryPoint","urlTemplate":"https:\/\/www.notibras.com\/site\/?s={search_term_string}"},"query-input":{"@type":"PropertyValueSpecification","valueRequired":true,"valueName":"search_term_string"}}],"inLanguage":"pt-BR"},{"@type":"Organization","@id":"https:\/\/www.notibras.com\/site\/#organization","name":"Grupo Notibras de Comunica\u00e7\u00e3o","url":"https:\/\/www.notibras.com\/site\/","logo":{"@type":"ImageObject","inLanguage":"pt-BR","@id":"https:\/\/www.notibras.com\/site\/#\/schema\/logo\/image\/","url":"https:\/\/www.notibras.com\/site\/wp-content\/uploads\/2023\/01\/notibras23.png","contentUrl":"https:\/\/www.notibras.com\/site\/wp-content\/uploads\/2023\/01\/notibras23.png","width":350,"height":87,"caption":"Grupo Notibras de Comunica\u00e7\u00e3o"},"image":{"@id":"https:\/\/www.notibras.com\/site\/#\/schema\/logo\/image\/"},"sameAs":["https:\/\/www.facebook.com\/notibras\/","https:\/\/x.com\/Notibras","https:\/\/www.instagram.com\/notibras\/"]},{"@type":"Person","@id":"https:\/\/www.notibras.com\/site\/#\/schema\/person\/36ab0979449956132d3e5b517ea76ac8","name":"Reda\u00e7\u00e3o","image":{"@type":"ImageObject","inLanguage":"pt-BR","@id":"https:\/\/secure.gravatar.com\/avatar\/e0a867bdedb85fd243eadf09663511f96fc81e0720a4a42581f334ad4303aa6b?s=96&d=mm&r=g","url":"https:\/\/secure.gravatar.com\/avatar\/e0a867bdedb85fd243eadf09663511f96fc81e0720a4a42581f334ad4303aa6b?s=96&d=mm&r=g","contentUrl":"https:\/\/secure.gravatar.com\/avatar\/e0a867bdedb85fd243eadf09663511f96fc81e0720a4a42581f334ad4303aa6b?s=96&d=mm&r=g","caption":"Reda\u00e7\u00e3o"}}]}},"amp_enabled":true,"_links":{"self":[{"href":"https:\/\/www.notibras.com\/site\/wp-json\/wp\/v2\/posts\/74413","targetHints":{"allow":["GET"]}}],"collection":[{"href":"https:\/\/www.notibras.com\/site\/wp-json\/wp\/v2\/posts"}],"about":[{"href":"https:\/\/www.notibras.com\/site\/wp-json\/wp\/v2\/types\/post"}],"author":[{"embeddable":true,"href":"https:\/\/www.notibras.com\/site\/wp-json\/wp\/v2\/users\/2"}],"replies":[{"embeddable":true,"href":"https:\/\/www.notibras.com\/site\/wp-json\/wp\/v2\/comments?post=74413"}],"version-history":[{"count":1,"href":"https:\/\/www.notibras.com\/site\/wp-json\/wp\/v2\/posts\/74413\/revisions"}],"predecessor-version":[{"id":74415,"href":"https:\/\/www.notibras.com\/site\/wp-json\/wp\/v2\/posts\/74413\/revisions\/74415"}],"wp:featuredmedia":[{"embeddable":true,"href":"https:\/\/www.notibras.com\/site\/wp-json\/wp\/v2\/media\/74414"}],"wp:attachment":[{"href":"https:\/\/www.notibras.com\/site\/wp-json\/wp\/v2\/media?parent=74413"}],"wp:term":[{"taxonomy":"category","embeddable":true,"href":"https:\/\/www.notibras.com\/site\/wp-json\/wp\/v2\/categories?post=74413"},{"taxonomy":"post_tag","embeddable":true,"href":"https:\/\/www.notibras.com\/site\/wp-json\/wp\/v2\/tags?post=74413"}],"curies":[{"name":"wp","href":"https:\/\/api.w.org\/{rel}","templated":true}]}}