{"id":7458,"date":"2014-04-23T23:59:38","date_gmt":"2014-04-24T02:59:38","guid":{"rendered":"http:\/\/www.notibras.com\/site\/?p=7458"},"modified":"2014-05-07T21:22:15","modified_gmt":"2014-05-08T00:22:15","slug":"atletico-da-colombia-vence-por-1x0-e-galo-de-fora-nao-canta-em-outro-terreiro","status":"publish","type":"post","link":"https:\/\/www.notibras.com\/site\/atletico-da-colombia-vence-por-1x0-e-galo-de-fora-nao-canta-em-outro-terreiro\/","title":{"rendered":"Galo de fora n\u00e3o canta em poleiro alheio; o da Col\u00f4mbia vence por 1&#215;0"},"content":{"rendered":"<p>O Atl\u00e9tico-MG entrou com uma proposta clara no Est\u00e1dio\u00a0Atanasio Girardot: sair sem levar gols. Mas, retra\u00eddo na defesa o tempo todo, o time comandado por Paulo Autuori n\u00e3o obteve sucesso no seu planejamento e foi derrotado\u00a0por 1\u00a0a 0 pelo Atl\u00e9tico Nacional na noite desta quarta-feira apesar da grande atua\u00e7\u00e3o de Victor,\u00a0em confronto v\u00e1lido pelas oitavas de final\u00a0da Copa Libertadores. C\u00e1rdenas foi o respons\u00e1vel por furar o bloqueio dos mineiros j\u00e1 nos acr\u00e9scimos do segundo tempo.<\/p>\n<p>Com a derrota pelo placar m\u00ednimo, o Atl\u00e9tico-MG precisar\u00e1 no m\u00ednimo repetir o placar desta quarta-feira no pr\u00f3ximo dia 1\u00ba de maio, \u00e0s 19h15 (de Bras\u00edlia) na Arena Independ\u00eancia, para avan\u00e7ar na competi\u00e7\u00e3o continental nas cobran\u00e7as de p\u00eanaltis. Para se classificar \u00e0s quartas de final do torneio, o clube mineiro precisar\u00e1 vencer por dois gols de vantagem.<\/p>\n<p>Victor come\u00e7ou a brilhar aos 27min do primeiro tempo, quando espalmou um cruzamento malfeito por Mej\u00eda da esquerda, se levantou e logo na sequ\u00eancia teve que defender uma cabe\u00e7ada \u00e0 queima roupa de C\u00e1rdenas, salvando o Atl\u00e9tico. Os colombianos continuaram a pressionar e, aos 32min, exigiram nova grande defesa do arqueiro brasileiro, que se esticou para pegar um chute no contrap\u00e9 de Bocanegra.<\/p>\n<p class=\"text\">Aos 40min, Ronaldinho cobrou falta na \u00e1rea, a zaga agastou mal e Diego Tardelli emendou de primeira, errando por pouco o gol defendido por Armani.<\/p>\n<p class=\"text\">A situa\u00e7\u00e3o n\u00e3o mudou no segundo tempo. Os donos da casa come\u00e7aram partindo para cima e por pouco n\u00e3o sa\u00edram na frente. Desta vez, a zaga do Atl\u00e9tico-MG impediu que Valencia marcasse de letra, ap\u00f3s cruzamento de Bernal.<\/p>\n<p class=\"text\">Acuado na sua retaguarda, o Atl\u00e9tico-MG teve uma grande oportunidade de marcar aos 21min, quando Victor lan\u00e7ou diretamente para J\u00f4, que ganhou do zagueiro, avan\u00e7ou at\u00e9 a intermedi\u00e1ria e, com apenas um defensor na sua frente, errou o passe que deixaria Diego Tardelli cara a cara com o goleiro Armani.<\/p>\n<p class=\"text\">O arqueiro colombiano foi obrigado a trabalhar aos 40min, quando os brasileiros conseguiram construir uma rara jogada de ataque conclu\u00edda com for\u00e7a de dentro da \u00e1rea por Marion, que exigiu que Armani se esticasse para evitar o potencial gol da vit\u00f3ria atleticano. Quando o empate parecia garantido, C\u00e1rdenas acertou um belo chute de p\u00e9 esquerdo da\u00a0entrada da \u00e1rea j\u00e1 nos acr\u00e9scimos e decretou a vit\u00f3ria dos donos da casa.<\/p>\n<p class=\"text\">A pr\u00f3xima partida do Atl\u00e9tico-MG ser\u00e1 neste domingo \u00e0s 18h30, em Porto Alegre. O time mineiro enfrentar\u00e1 o Gr\u00eamio na Arena em confronto v\u00e1lido pela segunda rodada do Campeonato Brasileiro.<\/p>\n","protected":false},"excerpt":{"rendered":"<p>O Atl\u00e9tico-MG entrou com uma proposta clara no Est\u00e1dio\u00a0Atanasio Girardot: sair sem levar gols. Mas, retra\u00eddo na defesa o tempo todo, o time comandado por Paulo Autuori n\u00e3o obteve sucesso no seu planejamento e foi derrotado\u00a0por 1\u00a0a 0 pelo Atl\u00e9tico Nacional na noite desta quarta-feira apesar da grande atua\u00e7\u00e3o de Victor,\u00a0em confronto v\u00e1lido pelas oitavas [&hellip;]<\/p>\n","protected":false},"author":2,"featured_media":7459,"comment_status":"open","ping_status":"closed","sticky":false,"template":"","format":"standard","meta":{"_acf_changed":false,"footnotes":""},"categories":[19,29],"tags":[],"class_list":["post-7458","post","type-post","status-publish","format-standard","has-post-thumbnail","hentry","category-esportes","category-futebol"],"acf":[],"yoast_head":"<!-- This site is optimized with the Yoast SEO plugin v27.2 - https:\/\/yoast.com\/product\/yoast-seo-wordpress\/ -->\n<title>Galo de fora n\u00e3o canta em poleiro alheio; o da Col\u00f4mbia vence por 1x0 - Notibras<\/title>\n<meta name=\"robots\" content=\"index, follow, max-snippet:-1, max-image-preview:large, max-video-preview:-1\" \/>\n<link rel=\"canonical\" href=\"https:\/\/www.notibras.com\/site\/atletico-da-colombia-vence-por-1x0-e-galo-de-fora-nao-canta-em-outro-terreiro\/\" \/>\n<meta property=\"og:locale\" content=\"pt_BR\" \/>\n<meta property=\"og:type\" content=\"article\" \/>\n<meta property=\"og:title\" content=\"Galo de fora n\u00e3o canta em poleiro alheio; o da Col\u00f4mbia vence por 1x0 - Notibras\" \/>\n<meta property=\"og:description\" content=\"O Atl\u00e9tico-MG entrou com uma proposta clara no Est\u00e1dio\u00a0Atanasio Girardot: sair sem levar gols. Mas, retra\u00eddo na defesa o tempo todo, o time comandado por Paulo Autuori n\u00e3o obteve sucesso no seu planejamento e foi derrotado\u00a0por 1\u00a0a 0 pelo Atl\u00e9tico Nacional na noite desta quarta-feira apesar da grande atua\u00e7\u00e3o de Victor,\u00a0em confronto v\u00e1lido pelas oitavas [&hellip;]\" \/>\n<meta property=\"og:url\" content=\"https:\/\/www.notibras.com\/site\/atletico-da-colombia-vence-por-1x0-e-galo-de-fora-nao-canta-em-outro-terreiro\/\" \/>\n<meta property=\"og:site_name\" content=\"Notibras\" \/>\n<meta property=\"article:publisher\" content=\"https:\/\/www.facebook.com\/notibras\/\" \/>\n<meta property=\"article:published_time\" content=\"2014-04-24T02:59:38+00:00\" \/>\n<meta property=\"article:modified_time\" content=\"2014-05-08T00:22:15+00:00\" \/>\n<meta property=\"og:image\" content=\"https:\/\/www.notibras.com\/site\/wp-content\/uploads\/2014\/04\/leandrodonizetemejiaap.jpg\" \/>\n\t<meta property=\"og:image:width\" content=\"460\" \/>\n\t<meta property=\"og:image:height\" content=\"340\" \/>\n\t<meta property=\"og:image:type\" content=\"image\/jpeg\" \/>\n<meta name=\"author\" content=\"Reda\u00e7\u00e3o\" \/>\n<meta name=\"twitter:card\" content=\"summary_large_image\" \/>\n<meta name=\"twitter:creator\" content=\"@Notibras\" \/>\n<meta name=\"twitter:site\" content=\"@Notibras\" \/>\n<meta name=\"twitter:label1\" content=\"Escrito por\" \/>\n\t<meta name=\"twitter:data1\" content=\"Reda\u00e7\u00e3o\" \/>\n\t<meta name=\"twitter:label2\" content=\"Est. tempo de leitura\" \/>\n\t<meta name=\"twitter:data2\" content=\"2 minutos\" \/>\n<script type=\"application\/ld+json\" class=\"yoast-schema-graph\">{\"@context\":\"https:\/\/schema.org\",\"@graph\":[{\"@type\":\"Article\",\"@id\":\"https:\/\/www.notibras.com\/site\/atletico-da-colombia-vence-por-1x0-e-galo-de-fora-nao-canta-em-outro-terreiro\/#article\",\"isPartOf\":{\"@id\":\"https:\/\/www.notibras.com\/site\/atletico-da-colombia-vence-por-1x0-e-galo-de-fora-nao-canta-em-outro-terreiro\/\"},\"author\":{\"name\":\"Reda\u00e7\u00e3o\",\"@id\":\"https:\/\/www.notibras.com\/site\/#\/schema\/person\/36ab0979449956132d3e5b517ea76ac8\"},\"headline\":\"Galo de fora n\u00e3o canta em poleiro alheio; o da Col\u00f4mbia vence por 1&#215;0\",\"datePublished\":\"2014-04-24T02:59:38+00:00\",\"dateModified\":\"2014-05-08T00:22:15+00:00\",\"mainEntityOfPage\":{\"@id\":\"https:\/\/www.notibras.com\/site\/atletico-da-colombia-vence-por-1x0-e-galo-de-fora-nao-canta-em-outro-terreiro\/\"},\"wordCount\":472,\"commentCount\":0,\"publisher\":{\"@id\":\"https:\/\/www.notibras.com\/site\/#organization\"},\"image\":{\"@id\":\"https:\/\/www.notibras.com\/site\/atletico-da-colombia-vence-por-1x0-e-galo-de-fora-nao-canta-em-outro-terreiro\/#primaryimage\"},\"thumbnailUrl\":\"https:\/\/www.notibras.com\/site\/wp-content\/uploads\/2014\/04\/leandrodonizetemejiaap.jpg\",\"articleSection\":[\"Esportes\",\"Futebol\"],\"inLanguage\":\"pt-BR\",\"potentialAction\":[{\"@type\":\"CommentAction\",\"name\":\"Comment\",\"target\":[\"https:\/\/www.notibras.com\/site\/atletico-da-colombia-vence-por-1x0-e-galo-de-fora-nao-canta-em-outro-terreiro\/#respond\"]}]},{\"@type\":\"WebPage\",\"@id\":\"https:\/\/www.notibras.com\/site\/atletico-da-colombia-vence-por-1x0-e-galo-de-fora-nao-canta-em-outro-terreiro\/\",\"url\":\"https:\/\/www.notibras.com\/site\/atletico-da-colombia-vence-por-1x0-e-galo-de-fora-nao-canta-em-outro-terreiro\/\",\"name\":\"Galo de fora n\u00e3o canta em poleiro alheio; o da Col\u00f4mbia vence por 1x0 - Notibras\",\"isPartOf\":{\"@id\":\"https:\/\/www.notibras.com\/site\/#website\"},\"primaryImageOfPage\":{\"@id\":\"https:\/\/www.notibras.com\/site\/atletico-da-colombia-vence-por-1x0-e-galo-de-fora-nao-canta-em-outro-terreiro\/#primaryimage\"},\"image\":{\"@id\":\"https:\/\/www.notibras.com\/site\/atletico-da-colombia-vence-por-1x0-e-galo-de-fora-nao-canta-em-outro-terreiro\/#primaryimage\"},\"thumbnailUrl\":\"https:\/\/www.notibras.com\/site\/wp-content\/uploads\/2014\/04\/leandrodonizetemejiaap.jpg\",\"datePublished\":\"2014-04-24T02:59:38+00:00\",\"dateModified\":\"2014-05-08T00:22:15+00:00\",\"breadcrumb\":{\"@id\":\"https:\/\/www.notibras.com\/site\/atletico-da-colombia-vence-por-1x0-e-galo-de-fora-nao-canta-em-outro-terreiro\/#breadcrumb\"},\"inLanguage\":\"pt-BR\",\"potentialAction\":[{\"@type\":\"ReadAction\",\"target\":[\"https:\/\/www.notibras.com\/site\/atletico-da-colombia-vence-por-1x0-e-galo-de-fora-nao-canta-em-outro-terreiro\/\"]}]},{\"@type\":\"ImageObject\",\"inLanguage\":\"pt-BR\",\"@id\":\"https:\/\/www.notibras.com\/site\/atletico-da-colombia-vence-por-1x0-e-galo-de-fora-nao-canta-em-outro-terreiro\/#primaryimage\",\"url\":\"https:\/\/www.notibras.com\/site\/wp-content\/uploads\/2014\/04\/leandrodonizetemejiaap.jpg\",\"contentUrl\":\"https:\/\/www.notibras.com\/site\/wp-content\/uploads\/2014\/04\/leandrodonizetemejiaap.jpg\",\"width\":460,\"height\":340},{\"@type\":\"BreadcrumbList\",\"@id\":\"https:\/\/www.notibras.com\/site\/atletico-da-colombia-vence-por-1x0-e-galo-de-fora-nao-canta-em-outro-terreiro\/#breadcrumb\",\"itemListElement\":[{\"@type\":\"ListItem\",\"position\":1,\"name\":\"In\u00edcio\",\"item\":\"https:\/\/www.notibras.com\/site\/\"},{\"@type\":\"ListItem\",\"position\":2,\"name\":\"Galo de fora n\u00e3o canta em poleiro alheio; o da Col\u00f4mbia vence por 1&#215;0\"}]},{\"@type\":\"WebSite\",\"@id\":\"https:\/\/www.notibras.com\/site\/#website\",\"url\":\"https:\/\/www.notibras.com\/site\/\",\"name\":\"Notibras\",\"description\":\"Not\u00edcias de Bras\u00edlia, do Brasil e do Mundo\",\"publisher\":{\"@id\":\"https:\/\/www.notibras.com\/site\/#organization\"},\"potentialAction\":[{\"@type\":\"SearchAction\",\"target\":{\"@type\":\"EntryPoint\",\"urlTemplate\":\"https:\/\/www.notibras.com\/site\/?s={search_term_string}\"},\"query-input\":{\"@type\":\"PropertyValueSpecification\",\"valueRequired\":true,\"valueName\":\"search_term_string\"}}],\"inLanguage\":\"pt-BR\"},{\"@type\":\"Organization\",\"@id\":\"https:\/\/www.notibras.com\/site\/#organization\",\"name\":\"Grupo Notibras de Comunica\u00e7\u00e3o\",\"url\":\"https:\/\/www.notibras.com\/site\/\",\"logo\":{\"@type\":\"ImageObject\",\"inLanguage\":\"pt-BR\",\"@id\":\"https:\/\/www.notibras.com\/site\/#\/schema\/logo\/image\/\",\"url\":\"https:\/\/www.notibras.com\/site\/wp-content\/uploads\/2023\/01\/notibras23.png\",\"contentUrl\":\"https:\/\/www.notibras.com\/site\/wp-content\/uploads\/2023\/01\/notibras23.png\",\"width\":350,\"height\":87,\"caption\":\"Grupo Notibras de Comunica\u00e7\u00e3o\"},\"image\":{\"@id\":\"https:\/\/www.notibras.com\/site\/#\/schema\/logo\/image\/\"},\"sameAs\":[\"https:\/\/www.facebook.com\/notibras\/\",\"https:\/\/x.com\/Notibras\",\"https:\/\/www.instagram.com\/notibras\/\"]},{\"@type\":\"Person\",\"@id\":\"https:\/\/www.notibras.com\/site\/#\/schema\/person\/36ab0979449956132d3e5b517ea76ac8\",\"name\":\"Reda\u00e7\u00e3o\",\"image\":{\"@type\":\"ImageObject\",\"inLanguage\":\"pt-BR\",\"@id\":\"https:\/\/secure.gravatar.com\/avatar\/e0a867bdedb85fd243eadf09663511f96fc81e0720a4a42581f334ad4303aa6b?s=96&d=mm&r=g\",\"url\":\"https:\/\/secure.gravatar.com\/avatar\/e0a867bdedb85fd243eadf09663511f96fc81e0720a4a42581f334ad4303aa6b?s=96&d=mm&r=g\",\"contentUrl\":\"https:\/\/secure.gravatar.com\/avatar\/e0a867bdedb85fd243eadf09663511f96fc81e0720a4a42581f334ad4303aa6b?s=96&d=mm&r=g\",\"caption\":\"Reda\u00e7\u00e3o\"}}]}<\/script>\n<!-- \/ Yoast SEO plugin. -->","yoast_head_json":{"title":"Galo de fora n\u00e3o canta em poleiro alheio; o da Col\u00f4mbia vence por 1x0 - Notibras","robots":{"index":"index","follow":"follow","max-snippet":"max-snippet:-1","max-image-preview":"max-image-preview:large","max-video-preview":"max-video-preview:-1"},"canonical":"https:\/\/www.notibras.com\/site\/atletico-da-colombia-vence-por-1x0-e-galo-de-fora-nao-canta-em-outro-terreiro\/","og_locale":"pt_BR","og_type":"article","og_title":"Galo de fora n\u00e3o canta em poleiro alheio; o da Col\u00f4mbia vence por 1x0 - Notibras","og_description":"O Atl\u00e9tico-MG entrou com uma proposta clara no Est\u00e1dio\u00a0Atanasio Girardot: sair sem levar gols. Mas, retra\u00eddo na defesa o tempo todo, o time comandado por Paulo Autuori n\u00e3o obteve sucesso no seu planejamento e foi derrotado\u00a0por 1\u00a0a 0 pelo Atl\u00e9tico Nacional na noite desta quarta-feira apesar da grande atua\u00e7\u00e3o de Victor,\u00a0em confronto v\u00e1lido pelas oitavas [&hellip;]","og_url":"https:\/\/www.notibras.com\/site\/atletico-da-colombia-vence-por-1x0-e-galo-de-fora-nao-canta-em-outro-terreiro\/","og_site_name":"Notibras","article_publisher":"https:\/\/www.facebook.com\/notibras\/","article_published_time":"2014-04-24T02:59:38+00:00","article_modified_time":"2014-05-08T00:22:15+00:00","og_image":[{"width":460,"height":340,"url":"https:\/\/www.notibras.com\/site\/wp-content\/uploads\/2014\/04\/leandrodonizetemejiaap.jpg","type":"image\/jpeg"}],"author":"Reda\u00e7\u00e3o","twitter_card":"summary_large_image","twitter_creator":"@Notibras","twitter_site":"@Notibras","twitter_misc":{"Escrito por":"Reda\u00e7\u00e3o","Est. tempo de leitura":"2 minutos"},"schema":{"@context":"https:\/\/schema.org","@graph":[{"@type":"Article","@id":"https:\/\/www.notibras.com\/site\/atletico-da-colombia-vence-por-1x0-e-galo-de-fora-nao-canta-em-outro-terreiro\/#article","isPartOf":{"@id":"https:\/\/www.notibras.com\/site\/atletico-da-colombia-vence-por-1x0-e-galo-de-fora-nao-canta-em-outro-terreiro\/"},"author":{"name":"Reda\u00e7\u00e3o","@id":"https:\/\/www.notibras.com\/site\/#\/schema\/person\/36ab0979449956132d3e5b517ea76ac8"},"headline":"Galo de fora n\u00e3o canta em poleiro alheio; o da Col\u00f4mbia vence por 1&#215;0","datePublished":"2014-04-24T02:59:38+00:00","dateModified":"2014-05-08T00:22:15+00:00","mainEntityOfPage":{"@id":"https:\/\/www.notibras.com\/site\/atletico-da-colombia-vence-por-1x0-e-galo-de-fora-nao-canta-em-outro-terreiro\/"},"wordCount":472,"commentCount":0,"publisher":{"@id":"https:\/\/www.notibras.com\/site\/#organization"},"image":{"@id":"https:\/\/www.notibras.com\/site\/atletico-da-colombia-vence-por-1x0-e-galo-de-fora-nao-canta-em-outro-terreiro\/#primaryimage"},"thumbnailUrl":"https:\/\/www.notibras.com\/site\/wp-content\/uploads\/2014\/04\/leandrodonizetemejiaap.jpg","articleSection":["Esportes","Futebol"],"inLanguage":"pt-BR","potentialAction":[{"@type":"CommentAction","name":"Comment","target":["https:\/\/www.notibras.com\/site\/atletico-da-colombia-vence-por-1x0-e-galo-de-fora-nao-canta-em-outro-terreiro\/#respond"]}]},{"@type":"WebPage","@id":"https:\/\/www.notibras.com\/site\/atletico-da-colombia-vence-por-1x0-e-galo-de-fora-nao-canta-em-outro-terreiro\/","url":"https:\/\/www.notibras.com\/site\/atletico-da-colombia-vence-por-1x0-e-galo-de-fora-nao-canta-em-outro-terreiro\/","name":"Galo de fora n\u00e3o canta em poleiro alheio; o da Col\u00f4mbia vence por 1x0 - Notibras","isPartOf":{"@id":"https:\/\/www.notibras.com\/site\/#website"},"primaryImageOfPage":{"@id":"https:\/\/www.notibras.com\/site\/atletico-da-colombia-vence-por-1x0-e-galo-de-fora-nao-canta-em-outro-terreiro\/#primaryimage"},"image":{"@id":"https:\/\/www.notibras.com\/site\/atletico-da-colombia-vence-por-1x0-e-galo-de-fora-nao-canta-em-outro-terreiro\/#primaryimage"},"thumbnailUrl":"https:\/\/www.notibras.com\/site\/wp-content\/uploads\/2014\/04\/leandrodonizetemejiaap.jpg","datePublished":"2014-04-24T02:59:38+00:00","dateModified":"2014-05-08T00:22:15+00:00","breadcrumb":{"@id":"https:\/\/www.notibras.com\/site\/atletico-da-colombia-vence-por-1x0-e-galo-de-fora-nao-canta-em-outro-terreiro\/#breadcrumb"},"inLanguage":"pt-BR","potentialAction":[{"@type":"ReadAction","target":["https:\/\/www.notibras.com\/site\/atletico-da-colombia-vence-por-1x0-e-galo-de-fora-nao-canta-em-outro-terreiro\/"]}]},{"@type":"ImageObject","inLanguage":"pt-BR","@id":"https:\/\/www.notibras.com\/site\/atletico-da-colombia-vence-por-1x0-e-galo-de-fora-nao-canta-em-outro-terreiro\/#primaryimage","url":"https:\/\/www.notibras.com\/site\/wp-content\/uploads\/2014\/04\/leandrodonizetemejiaap.jpg","contentUrl":"https:\/\/www.notibras.com\/site\/wp-content\/uploads\/2014\/04\/leandrodonizetemejiaap.jpg","width":460,"height":340},{"@type":"BreadcrumbList","@id":"https:\/\/www.notibras.com\/site\/atletico-da-colombia-vence-por-1x0-e-galo-de-fora-nao-canta-em-outro-terreiro\/#breadcrumb","itemListElement":[{"@type":"ListItem","position":1,"name":"In\u00edcio","item":"https:\/\/www.notibras.com\/site\/"},{"@type":"ListItem","position":2,"name":"Galo de fora n\u00e3o canta em poleiro alheio; o da Col\u00f4mbia vence por 1&#215;0"}]},{"@type":"WebSite","@id":"https:\/\/www.notibras.com\/site\/#website","url":"https:\/\/www.notibras.com\/site\/","name":"Notibras","description":"Not\u00edcias de Bras\u00edlia, do Brasil e do Mundo","publisher":{"@id":"https:\/\/www.notibras.com\/site\/#organization"},"potentialAction":[{"@type":"SearchAction","target":{"@type":"EntryPoint","urlTemplate":"https:\/\/www.notibras.com\/site\/?s={search_term_string}"},"query-input":{"@type":"PropertyValueSpecification","valueRequired":true,"valueName":"search_term_string"}}],"inLanguage":"pt-BR"},{"@type":"Organization","@id":"https:\/\/www.notibras.com\/site\/#organization","name":"Grupo Notibras de Comunica\u00e7\u00e3o","url":"https:\/\/www.notibras.com\/site\/","logo":{"@type":"ImageObject","inLanguage":"pt-BR","@id":"https:\/\/www.notibras.com\/site\/#\/schema\/logo\/image\/","url":"https:\/\/www.notibras.com\/site\/wp-content\/uploads\/2023\/01\/notibras23.png","contentUrl":"https:\/\/www.notibras.com\/site\/wp-content\/uploads\/2023\/01\/notibras23.png","width":350,"height":87,"caption":"Grupo Notibras de Comunica\u00e7\u00e3o"},"image":{"@id":"https:\/\/www.notibras.com\/site\/#\/schema\/logo\/image\/"},"sameAs":["https:\/\/www.facebook.com\/notibras\/","https:\/\/x.com\/Notibras","https:\/\/www.instagram.com\/notibras\/"]},{"@type":"Person","@id":"https:\/\/www.notibras.com\/site\/#\/schema\/person\/36ab0979449956132d3e5b517ea76ac8","name":"Reda\u00e7\u00e3o","image":{"@type":"ImageObject","inLanguage":"pt-BR","@id":"https:\/\/secure.gravatar.com\/avatar\/e0a867bdedb85fd243eadf09663511f96fc81e0720a4a42581f334ad4303aa6b?s=96&d=mm&r=g","url":"https:\/\/secure.gravatar.com\/avatar\/e0a867bdedb85fd243eadf09663511f96fc81e0720a4a42581f334ad4303aa6b?s=96&d=mm&r=g","contentUrl":"https:\/\/secure.gravatar.com\/avatar\/e0a867bdedb85fd243eadf09663511f96fc81e0720a4a42581f334ad4303aa6b?s=96&d=mm&r=g","caption":"Reda\u00e7\u00e3o"}}]}},"amp_enabled":true,"_links":{"self":[{"href":"https:\/\/www.notibras.com\/site\/wp-json\/wp\/v2\/posts\/7458","targetHints":{"allow":["GET"]}}],"collection":[{"href":"https:\/\/www.notibras.com\/site\/wp-json\/wp\/v2\/posts"}],"about":[{"href":"https:\/\/www.notibras.com\/site\/wp-json\/wp\/v2\/types\/post"}],"author":[{"embeddable":true,"href":"https:\/\/www.notibras.com\/site\/wp-json\/wp\/v2\/users\/2"}],"replies":[{"embeddable":true,"href":"https:\/\/www.notibras.com\/site\/wp-json\/wp\/v2\/comments?post=7458"}],"version-history":[{"count":0,"href":"https:\/\/www.notibras.com\/site\/wp-json\/wp\/v2\/posts\/7458\/revisions"}],"wp:featuredmedia":[{"embeddable":true,"href":"https:\/\/www.notibras.com\/site\/wp-json\/wp\/v2\/media\/7459"}],"wp:attachment":[{"href":"https:\/\/www.notibras.com\/site\/wp-json\/wp\/v2\/media?parent=7458"}],"wp:term":[{"taxonomy":"category","embeddable":true,"href":"https:\/\/www.notibras.com\/site\/wp-json\/wp\/v2\/categories?post=7458"},{"taxonomy":"post_tag","embeddable":true,"href":"https:\/\/www.notibras.com\/site\/wp-json\/wp\/v2\/tags?post=7458"}],"curies":[{"name":"wp","href":"https:\/\/api.w.org\/{rel}","templated":true}]}}