{"id":7469,"date":"2014-04-23T23:41:13","date_gmt":"2014-04-24T02:41:13","guid":{"rendered":"http:\/\/www.notibras.com\/site\/?p=7469"},"modified":"2014-05-07T21:34:07","modified_gmt":"2014-05-08T00:34:07","slug":"sporte-vence-a-segunda-contra-o-nautico-e-e-campeao-em-pernambuco","status":"publish","type":"post","link":"https:\/\/www.notibras.com\/site\/sporte-vence-a-segunda-contra-o-nautico-e-e-campeao-em-pernambuco\/","title":{"rendered":"Sport vence a segunda contra o N\u00e1utico e \u00e9 campe\u00e3o em Recife"},"content":{"rendered":"<p>Campe\u00e3o da Copa do Brasil de 2008 pelo Sport, o zagueiro Durval marcou um vitorioso elenco do time pernambucano. Depois de fazer parte do estrelado time do Santos, sua volta a Pernambuco foi fundamental para arrumar o setor defensivo da equipe do treinador Eduardo Baptista, que em pouco tempo conseguiu o t\u00edtulo da Copa do Nordeste e com um gol de cabe\u00e7a do seu \u201cxerife\u201d conseguiu tamb\u00e9m chegar ao t\u00edtulo Estadual.<\/p>\n<p class=\"text\">O gol do t\u00edtulo premia as excelentes atua\u00e7\u00f5es do zagueiro, que chegou com status de l\u00edder e logo formou uma dupla muito segura com Ferron. Em uma partida que o Sport teve poucos m\u00e9ritos ofensivos, nada mais justo que o gol tenha sido marcado justamente pelo l\u00edder do melhor setor defensivo do Campeonato Pernambucano.<\/p>\n<p class=\"text\">Depois de um primeiro tempo nervoso, o jogo j\u00e1 dava sinais de que n\u00e3o terminaria no 0 a 0, mas o N\u00e1utico n\u00e3o conseguiu aproveitar nenhuma das excelentes chances que teve com Z\u00e9 M\u00e1rio, Marinho e Marcelinho. Aos 30min do segundo tempo, Ananias fugia pela esquerda e mandou a bola para longe, mas o zagueiro Leonardo deu um carrinho forte e acabou levando o segundo cart\u00e3o. O lance fez com que a torcida do Sport come\u00e7asse a comemorar o t\u00edtulo.<\/p>\n<p class=\"text\">No cobran\u00e7a da falta, A\u00edlton mandou na cabe\u00e7a do zagueiro Durval, que de costas apenas desviou com um leve toque de cabe\u00e7a e mandou para as redes. A torcida do N\u00e1utico j\u00e1 come\u00e7ou a deixar as arquibancadas da Arena Pernambuco, j\u00e1 que o seu time precisaria virar o jogo e ainda ganhar nos p\u00eanaltis estando com um jogador a menos no campo. E nem a expuls\u00e3o do lateral\u00a0esquerdo Ren\u00ea fez parar a festa da torcida rubro-negra.<\/p>\n","protected":false},"excerpt":{"rendered":"<p>Campe\u00e3o da Copa do Brasil de 2008 pelo Sport, o zagueiro Durval marcou um vitorioso elenco do time pernambucano. Depois de fazer parte do estrelado time do Santos, sua volta a Pernambuco foi fundamental para arrumar o setor defensivo da equipe do treinador Eduardo Baptista, que em pouco tempo conseguiu o t\u00edtulo da Copa do [&hellip;]<\/p>\n","protected":false},"author":2,"featured_media":7470,"comment_status":"open","ping_status":"closed","sticky":false,"template":"","format":"standard","meta":{"_acf_changed":false,"footnotes":""},"categories":[19,29],"tags":[],"class_list":["post-7469","post","type-post","status-publish","format-standard","has-post-thumbnail","hentry","category-esportes","category-futebol"],"acf":[],"yoast_head":"<!-- This site is optimized with the Yoast SEO plugin v27.2 - https:\/\/yoast.com\/product\/yoast-seo-wordpress\/ -->\n<title>Sport vence a segunda contra o N\u00e1utico e \u00e9 campe\u00e3o em Recife - Notibras<\/title>\n<meta name=\"robots\" content=\"index, follow, max-snippet:-1, max-image-preview:large, max-video-preview:-1\" \/>\n<link rel=\"canonical\" href=\"https:\/\/www.notibras.com\/site\/sporte-vence-a-segunda-contra-o-nautico-e-e-campeao-em-pernambuco\/\" \/>\n<meta property=\"og:locale\" content=\"pt_BR\" \/>\n<meta property=\"og:type\" content=\"article\" \/>\n<meta property=\"og:title\" content=\"Sport vence a segunda contra o N\u00e1utico e \u00e9 campe\u00e3o em Recife - Notibras\" \/>\n<meta property=\"og:description\" content=\"Campe\u00e3o da Copa do Brasil de 2008 pelo Sport, o zagueiro Durval marcou um vitorioso elenco do time pernambucano. Depois de fazer parte do estrelado time do Santos, sua volta a Pernambuco foi fundamental para arrumar o setor defensivo da equipe do treinador Eduardo Baptista, que em pouco tempo conseguiu o t\u00edtulo da Copa do [&hellip;]\" \/>\n<meta property=\"og:url\" content=\"https:\/\/www.notibras.com\/site\/sporte-vence-a-segunda-contra-o-nautico-e-e-campeao-em-pernambuco\/\" \/>\n<meta property=\"og:site_name\" content=\"Notibras\" \/>\n<meta property=\"article:publisher\" content=\"https:\/\/www.facebook.com\/notibras\/\" \/>\n<meta property=\"article:published_time\" content=\"2014-04-24T02:41:13+00:00\" \/>\n<meta property=\"article:modified_time\" content=\"2014-05-08T00:34:07+00:00\" \/>\n<meta property=\"og:image\" content=\"https:\/\/www.notibras.com\/site\/wp-content\/uploads\/2014\/04\/dsc08390.jpg\" \/>\n\t<meta property=\"og:image:width\" content=\"460\" \/>\n\t<meta property=\"og:image:height\" content=\"340\" \/>\n\t<meta property=\"og:image:type\" content=\"image\/jpeg\" \/>\n<meta name=\"author\" content=\"Reda\u00e7\u00e3o\" \/>\n<meta name=\"twitter:card\" content=\"summary_large_image\" \/>\n<meta name=\"twitter:creator\" content=\"@Notibras\" \/>\n<meta name=\"twitter:site\" content=\"@Notibras\" \/>\n<meta name=\"twitter:label1\" content=\"Escrito por\" \/>\n\t<meta name=\"twitter:data1\" content=\"Reda\u00e7\u00e3o\" \/>\n\t<meta name=\"twitter:label2\" content=\"Est. tempo de leitura\" \/>\n\t<meta name=\"twitter:data2\" content=\"2 minutos\" \/>\n<script type=\"application\/ld+json\" class=\"yoast-schema-graph\">{\"@context\":\"https:\/\/schema.org\",\"@graph\":[{\"@type\":\"Article\",\"@id\":\"https:\/\/www.notibras.com\/site\/sporte-vence-a-segunda-contra-o-nautico-e-e-campeao-em-pernambuco\/#article\",\"isPartOf\":{\"@id\":\"https:\/\/www.notibras.com\/site\/sporte-vence-a-segunda-contra-o-nautico-e-e-campeao-em-pernambuco\/\"},\"author\":{\"name\":\"Reda\u00e7\u00e3o\",\"@id\":\"https:\/\/www.notibras.com\/site\/#\/schema\/person\/36ab0979449956132d3e5b517ea76ac8\"},\"headline\":\"Sport vence a segunda contra o N\u00e1utico e \u00e9 campe\u00e3o em Recife\",\"datePublished\":\"2014-04-24T02:41:13+00:00\",\"dateModified\":\"2014-05-08T00:34:07+00:00\",\"mainEntityOfPage\":{\"@id\":\"https:\/\/www.notibras.com\/site\/sporte-vence-a-segunda-contra-o-nautico-e-e-campeao-em-pernambuco\/\"},\"wordCount\":317,\"commentCount\":0,\"publisher\":{\"@id\":\"https:\/\/www.notibras.com\/site\/#organization\"},\"image\":{\"@id\":\"https:\/\/www.notibras.com\/site\/sporte-vence-a-segunda-contra-o-nautico-e-e-campeao-em-pernambuco\/#primaryimage\"},\"thumbnailUrl\":\"https:\/\/www.notibras.com\/site\/wp-content\/uploads\/2014\/04\/dsc08390.jpg\",\"articleSection\":[\"Esportes\",\"Futebol\"],\"inLanguage\":\"pt-BR\",\"potentialAction\":[{\"@type\":\"CommentAction\",\"name\":\"Comment\",\"target\":[\"https:\/\/www.notibras.com\/site\/sporte-vence-a-segunda-contra-o-nautico-e-e-campeao-em-pernambuco\/#respond\"]}]},{\"@type\":\"WebPage\",\"@id\":\"https:\/\/www.notibras.com\/site\/sporte-vence-a-segunda-contra-o-nautico-e-e-campeao-em-pernambuco\/\",\"url\":\"https:\/\/www.notibras.com\/site\/sporte-vence-a-segunda-contra-o-nautico-e-e-campeao-em-pernambuco\/\",\"name\":\"Sport vence a segunda contra o N\u00e1utico e \u00e9 campe\u00e3o em Recife - Notibras\",\"isPartOf\":{\"@id\":\"https:\/\/www.notibras.com\/site\/#website\"},\"primaryImageOfPage\":{\"@id\":\"https:\/\/www.notibras.com\/site\/sporte-vence-a-segunda-contra-o-nautico-e-e-campeao-em-pernambuco\/#primaryimage\"},\"image\":{\"@id\":\"https:\/\/www.notibras.com\/site\/sporte-vence-a-segunda-contra-o-nautico-e-e-campeao-em-pernambuco\/#primaryimage\"},\"thumbnailUrl\":\"https:\/\/www.notibras.com\/site\/wp-content\/uploads\/2014\/04\/dsc08390.jpg\",\"datePublished\":\"2014-04-24T02:41:13+00:00\",\"dateModified\":\"2014-05-08T00:34:07+00:00\",\"breadcrumb\":{\"@id\":\"https:\/\/www.notibras.com\/site\/sporte-vence-a-segunda-contra-o-nautico-e-e-campeao-em-pernambuco\/#breadcrumb\"},\"inLanguage\":\"pt-BR\",\"potentialAction\":[{\"@type\":\"ReadAction\",\"target\":[\"https:\/\/www.notibras.com\/site\/sporte-vence-a-segunda-contra-o-nautico-e-e-campeao-em-pernambuco\/\"]}]},{\"@type\":\"ImageObject\",\"inLanguage\":\"pt-BR\",\"@id\":\"https:\/\/www.notibras.com\/site\/sporte-vence-a-segunda-contra-o-nautico-e-e-campeao-em-pernambuco\/#primaryimage\",\"url\":\"https:\/\/www.notibras.com\/site\/wp-content\/uploads\/2014\/04\/dsc08390.jpg\",\"contentUrl\":\"https:\/\/www.notibras.com\/site\/wp-content\/uploads\/2014\/04\/dsc08390.jpg\",\"width\":460,\"height\":340},{\"@type\":\"BreadcrumbList\",\"@id\":\"https:\/\/www.notibras.com\/site\/sporte-vence-a-segunda-contra-o-nautico-e-e-campeao-em-pernambuco\/#breadcrumb\",\"itemListElement\":[{\"@type\":\"ListItem\",\"position\":1,\"name\":\"In\u00edcio\",\"item\":\"https:\/\/www.notibras.com\/site\/\"},{\"@type\":\"ListItem\",\"position\":2,\"name\":\"Sport vence a segunda contra o N\u00e1utico e \u00e9 campe\u00e3o em Recife\"}]},{\"@type\":\"WebSite\",\"@id\":\"https:\/\/www.notibras.com\/site\/#website\",\"url\":\"https:\/\/www.notibras.com\/site\/\",\"name\":\"Notibras\",\"description\":\"Not\u00edcias de Bras\u00edlia, do Brasil e do Mundo\",\"publisher\":{\"@id\":\"https:\/\/www.notibras.com\/site\/#organization\"},\"potentialAction\":[{\"@type\":\"SearchAction\",\"target\":{\"@type\":\"EntryPoint\",\"urlTemplate\":\"https:\/\/www.notibras.com\/site\/?s={search_term_string}\"},\"query-input\":{\"@type\":\"PropertyValueSpecification\",\"valueRequired\":true,\"valueName\":\"search_term_string\"}}],\"inLanguage\":\"pt-BR\"},{\"@type\":\"Organization\",\"@id\":\"https:\/\/www.notibras.com\/site\/#organization\",\"name\":\"Grupo Notibras de Comunica\u00e7\u00e3o\",\"url\":\"https:\/\/www.notibras.com\/site\/\",\"logo\":{\"@type\":\"ImageObject\",\"inLanguage\":\"pt-BR\",\"@id\":\"https:\/\/www.notibras.com\/site\/#\/schema\/logo\/image\/\",\"url\":\"https:\/\/www.notibras.com\/site\/wp-content\/uploads\/2023\/01\/notibras23.png\",\"contentUrl\":\"https:\/\/www.notibras.com\/site\/wp-content\/uploads\/2023\/01\/notibras23.png\",\"width\":350,\"height\":87,\"caption\":\"Grupo Notibras de Comunica\u00e7\u00e3o\"},\"image\":{\"@id\":\"https:\/\/www.notibras.com\/site\/#\/schema\/logo\/image\/\"},\"sameAs\":[\"https:\/\/www.facebook.com\/notibras\/\",\"https:\/\/x.com\/Notibras\",\"https:\/\/www.instagram.com\/notibras\/\"]},{\"@type\":\"Person\",\"@id\":\"https:\/\/www.notibras.com\/site\/#\/schema\/person\/36ab0979449956132d3e5b517ea76ac8\",\"name\":\"Reda\u00e7\u00e3o\",\"image\":{\"@type\":\"ImageObject\",\"inLanguage\":\"pt-BR\",\"@id\":\"https:\/\/secure.gravatar.com\/avatar\/e0a867bdedb85fd243eadf09663511f96fc81e0720a4a42581f334ad4303aa6b?s=96&d=mm&r=g\",\"url\":\"https:\/\/secure.gravatar.com\/avatar\/e0a867bdedb85fd243eadf09663511f96fc81e0720a4a42581f334ad4303aa6b?s=96&d=mm&r=g\",\"contentUrl\":\"https:\/\/secure.gravatar.com\/avatar\/e0a867bdedb85fd243eadf09663511f96fc81e0720a4a42581f334ad4303aa6b?s=96&d=mm&r=g\",\"caption\":\"Reda\u00e7\u00e3o\"}}]}<\/script>\n<!-- \/ Yoast SEO plugin. -->","yoast_head_json":{"title":"Sport vence a segunda contra o N\u00e1utico e \u00e9 campe\u00e3o em Recife - Notibras","robots":{"index":"index","follow":"follow","max-snippet":"max-snippet:-1","max-image-preview":"max-image-preview:large","max-video-preview":"max-video-preview:-1"},"canonical":"https:\/\/www.notibras.com\/site\/sporte-vence-a-segunda-contra-o-nautico-e-e-campeao-em-pernambuco\/","og_locale":"pt_BR","og_type":"article","og_title":"Sport vence a segunda contra o N\u00e1utico e \u00e9 campe\u00e3o em Recife - Notibras","og_description":"Campe\u00e3o da Copa do Brasil de 2008 pelo Sport, o zagueiro Durval marcou um vitorioso elenco do time pernambucano. Depois de fazer parte do estrelado time do Santos, sua volta a Pernambuco foi fundamental para arrumar o setor defensivo da equipe do treinador Eduardo Baptista, que em pouco tempo conseguiu o t\u00edtulo da Copa do [&hellip;]","og_url":"https:\/\/www.notibras.com\/site\/sporte-vence-a-segunda-contra-o-nautico-e-e-campeao-em-pernambuco\/","og_site_name":"Notibras","article_publisher":"https:\/\/www.facebook.com\/notibras\/","article_published_time":"2014-04-24T02:41:13+00:00","article_modified_time":"2014-05-08T00:34:07+00:00","og_image":[{"width":460,"height":340,"url":"https:\/\/www.notibras.com\/site\/wp-content\/uploads\/2014\/04\/dsc08390.jpg","type":"image\/jpeg"}],"author":"Reda\u00e7\u00e3o","twitter_card":"summary_large_image","twitter_creator":"@Notibras","twitter_site":"@Notibras","twitter_misc":{"Escrito por":"Reda\u00e7\u00e3o","Est. tempo de leitura":"2 minutos"},"schema":{"@context":"https:\/\/schema.org","@graph":[{"@type":"Article","@id":"https:\/\/www.notibras.com\/site\/sporte-vence-a-segunda-contra-o-nautico-e-e-campeao-em-pernambuco\/#article","isPartOf":{"@id":"https:\/\/www.notibras.com\/site\/sporte-vence-a-segunda-contra-o-nautico-e-e-campeao-em-pernambuco\/"},"author":{"name":"Reda\u00e7\u00e3o","@id":"https:\/\/www.notibras.com\/site\/#\/schema\/person\/36ab0979449956132d3e5b517ea76ac8"},"headline":"Sport vence a segunda contra o N\u00e1utico e \u00e9 campe\u00e3o em Recife","datePublished":"2014-04-24T02:41:13+00:00","dateModified":"2014-05-08T00:34:07+00:00","mainEntityOfPage":{"@id":"https:\/\/www.notibras.com\/site\/sporte-vence-a-segunda-contra-o-nautico-e-e-campeao-em-pernambuco\/"},"wordCount":317,"commentCount":0,"publisher":{"@id":"https:\/\/www.notibras.com\/site\/#organization"},"image":{"@id":"https:\/\/www.notibras.com\/site\/sporte-vence-a-segunda-contra-o-nautico-e-e-campeao-em-pernambuco\/#primaryimage"},"thumbnailUrl":"https:\/\/www.notibras.com\/site\/wp-content\/uploads\/2014\/04\/dsc08390.jpg","articleSection":["Esportes","Futebol"],"inLanguage":"pt-BR","potentialAction":[{"@type":"CommentAction","name":"Comment","target":["https:\/\/www.notibras.com\/site\/sporte-vence-a-segunda-contra-o-nautico-e-e-campeao-em-pernambuco\/#respond"]}]},{"@type":"WebPage","@id":"https:\/\/www.notibras.com\/site\/sporte-vence-a-segunda-contra-o-nautico-e-e-campeao-em-pernambuco\/","url":"https:\/\/www.notibras.com\/site\/sporte-vence-a-segunda-contra-o-nautico-e-e-campeao-em-pernambuco\/","name":"Sport vence a segunda contra o N\u00e1utico e \u00e9 campe\u00e3o em Recife - Notibras","isPartOf":{"@id":"https:\/\/www.notibras.com\/site\/#website"},"primaryImageOfPage":{"@id":"https:\/\/www.notibras.com\/site\/sporte-vence-a-segunda-contra-o-nautico-e-e-campeao-em-pernambuco\/#primaryimage"},"image":{"@id":"https:\/\/www.notibras.com\/site\/sporte-vence-a-segunda-contra-o-nautico-e-e-campeao-em-pernambuco\/#primaryimage"},"thumbnailUrl":"https:\/\/www.notibras.com\/site\/wp-content\/uploads\/2014\/04\/dsc08390.jpg","datePublished":"2014-04-24T02:41:13+00:00","dateModified":"2014-05-08T00:34:07+00:00","breadcrumb":{"@id":"https:\/\/www.notibras.com\/site\/sporte-vence-a-segunda-contra-o-nautico-e-e-campeao-em-pernambuco\/#breadcrumb"},"inLanguage":"pt-BR","potentialAction":[{"@type":"ReadAction","target":["https:\/\/www.notibras.com\/site\/sporte-vence-a-segunda-contra-o-nautico-e-e-campeao-em-pernambuco\/"]}]},{"@type":"ImageObject","inLanguage":"pt-BR","@id":"https:\/\/www.notibras.com\/site\/sporte-vence-a-segunda-contra-o-nautico-e-e-campeao-em-pernambuco\/#primaryimage","url":"https:\/\/www.notibras.com\/site\/wp-content\/uploads\/2014\/04\/dsc08390.jpg","contentUrl":"https:\/\/www.notibras.com\/site\/wp-content\/uploads\/2014\/04\/dsc08390.jpg","width":460,"height":340},{"@type":"BreadcrumbList","@id":"https:\/\/www.notibras.com\/site\/sporte-vence-a-segunda-contra-o-nautico-e-e-campeao-em-pernambuco\/#breadcrumb","itemListElement":[{"@type":"ListItem","position":1,"name":"In\u00edcio","item":"https:\/\/www.notibras.com\/site\/"},{"@type":"ListItem","position":2,"name":"Sport vence a segunda contra o N\u00e1utico e \u00e9 campe\u00e3o em Recife"}]},{"@type":"WebSite","@id":"https:\/\/www.notibras.com\/site\/#website","url":"https:\/\/www.notibras.com\/site\/","name":"Notibras","description":"Not\u00edcias de Bras\u00edlia, do Brasil e do Mundo","publisher":{"@id":"https:\/\/www.notibras.com\/site\/#organization"},"potentialAction":[{"@type":"SearchAction","target":{"@type":"EntryPoint","urlTemplate":"https:\/\/www.notibras.com\/site\/?s={search_term_string}"},"query-input":{"@type":"PropertyValueSpecification","valueRequired":true,"valueName":"search_term_string"}}],"inLanguage":"pt-BR"},{"@type":"Organization","@id":"https:\/\/www.notibras.com\/site\/#organization","name":"Grupo Notibras de Comunica\u00e7\u00e3o","url":"https:\/\/www.notibras.com\/site\/","logo":{"@type":"ImageObject","inLanguage":"pt-BR","@id":"https:\/\/www.notibras.com\/site\/#\/schema\/logo\/image\/","url":"https:\/\/www.notibras.com\/site\/wp-content\/uploads\/2023\/01\/notibras23.png","contentUrl":"https:\/\/www.notibras.com\/site\/wp-content\/uploads\/2023\/01\/notibras23.png","width":350,"height":87,"caption":"Grupo Notibras de Comunica\u00e7\u00e3o"},"image":{"@id":"https:\/\/www.notibras.com\/site\/#\/schema\/logo\/image\/"},"sameAs":["https:\/\/www.facebook.com\/notibras\/","https:\/\/x.com\/Notibras","https:\/\/www.instagram.com\/notibras\/"]},{"@type":"Person","@id":"https:\/\/www.notibras.com\/site\/#\/schema\/person\/36ab0979449956132d3e5b517ea76ac8","name":"Reda\u00e7\u00e3o","image":{"@type":"ImageObject","inLanguage":"pt-BR","@id":"https:\/\/secure.gravatar.com\/avatar\/e0a867bdedb85fd243eadf09663511f96fc81e0720a4a42581f334ad4303aa6b?s=96&d=mm&r=g","url":"https:\/\/secure.gravatar.com\/avatar\/e0a867bdedb85fd243eadf09663511f96fc81e0720a4a42581f334ad4303aa6b?s=96&d=mm&r=g","contentUrl":"https:\/\/secure.gravatar.com\/avatar\/e0a867bdedb85fd243eadf09663511f96fc81e0720a4a42581f334ad4303aa6b?s=96&d=mm&r=g","caption":"Reda\u00e7\u00e3o"}}]}},"amp_enabled":true,"_links":{"self":[{"href":"https:\/\/www.notibras.com\/site\/wp-json\/wp\/v2\/posts\/7469","targetHints":{"allow":["GET"]}}],"collection":[{"href":"https:\/\/www.notibras.com\/site\/wp-json\/wp\/v2\/posts"}],"about":[{"href":"https:\/\/www.notibras.com\/site\/wp-json\/wp\/v2\/types\/post"}],"author":[{"embeddable":true,"href":"https:\/\/www.notibras.com\/site\/wp-json\/wp\/v2\/users\/2"}],"replies":[{"embeddable":true,"href":"https:\/\/www.notibras.com\/site\/wp-json\/wp\/v2\/comments?post=7469"}],"version-history":[{"count":0,"href":"https:\/\/www.notibras.com\/site\/wp-json\/wp\/v2\/posts\/7469\/revisions"}],"wp:featuredmedia":[{"embeddable":true,"href":"https:\/\/www.notibras.com\/site\/wp-json\/wp\/v2\/media\/7470"}],"wp:attachment":[{"href":"https:\/\/www.notibras.com\/site\/wp-json\/wp\/v2\/media?parent=7469"}],"wp:term":[{"taxonomy":"category","embeddable":true,"href":"https:\/\/www.notibras.com\/site\/wp-json\/wp\/v2\/categories?post=7469"},{"taxonomy":"post_tag","embeddable":true,"href":"https:\/\/www.notibras.com\/site\/wp-json\/wp\/v2\/tags?post=7469"}],"curies":[{"name":"wp","href":"https:\/\/api.w.org\/{rel}","templated":true}]}}