{"id":7476,"date":"2014-04-23T22:47:37","date_gmt":"2014-04-24T01:47:37","guid":{"rendered":"http:\/\/www.notibras.com\/site\/?p=7476"},"modified":"2014-04-24T09:08:30","modified_gmt":"2014-04-24T12:08:30","slug":"san-lorenzo-vence-e-deixa-gremio-em-mas-lencois-na-libertadores","status":"publish","type":"post","link":"https:\/\/www.notibras.com\/site\/san-lorenzo-vence-e-deixa-gremio-em-mas-lencois-na-libertadores\/","title":{"rendered":"San Lorenzo vence e deixa gr\u00eamio em maus len\u00e7\u00f3is na Libertadores"},"content":{"rendered":"<p>Gr\u00eamio conseguiu se segurar como p\u00f4de no El Nuevo Gasometro nesta quarta-feira. Contudo, o zero\u00a0no placar s\u00f3 durou at\u00e9 os 16min da etapa complementar, quando o atacante\u00a0Correa &#8211; que foi &#8220;aben\u00e7oado pelo Papa&#8221; &#8211; marcou para o San Lorenzo e deu a vit\u00f3ria por 1 a 0 ao time argentino, pelo jogo de ida das\u00a0oitavas de final da Copa Libertadores. Foi a terceira derrota seguida da equipe ga\u00facha na atual temporada.<\/p>\n<p class=\"text\">O carrasco gremista desta quarta tem como curiosidade o fato de ter feito a primeira comunh\u00e3o com o Papa Francisco, quando Jorge Bergoglio ainda era sacerdote na igreja de S\u00e3o Jos\u00e9 de Flores, na cidade de Buenos Aires. Vale lembrar que o Sumo Pont\u00edfice \u00e9 argentino e tem como time do cora\u00e7\u00e3o no futebol o pr\u00f3prio San Lorenzo.<\/p>\n<p class=\"text\">O primeiro tempo foi truncado e sem maiores chances de gol para ambos os times. Empurrado pela torcida que lotou o est\u00e1dio, o San Lorenzo n\u00e3o conseguiu furar a retranca do Gr\u00eamio. A bola ficou muito presa no meio de campo de modo que os goleiros Marcelo Grohe e Torrico foram poucos exigidos.<\/p>\n<p class=\"text\">Na etapa complementar, entretanto, as coisas mudaram. A torcida local incendiou o duelo e motivou o San Lorenzo, que aos 16min balan\u00e7ou as redes. Correa, na entrada da \u00e1rea, recebeu passe em jogada iniciada pelo lado direito do campo de ataque argentino, dominou e chutou forte, no meio do gol, sem chances para Grohe.<\/p>\n<p class=\"text\">Acuado, o clube ga\u00facho n\u00e3o tinha for\u00e7as para reagir e pouco amea\u00e7ou a defesa rival. A melhor chance ocorreu aos 33min, em cobran\u00e7a de falta em tiro livre indireto dentro da grande \u00e1rea do San Lorenzo, depois de recuada de bola. Mas o atacante Hern\u00e1n Barcos foi mal no lance e, da pequena \u00e1rea, chutou por cima.<\/p>\n<p class=\"text\">O confronto de volta acontece na semana que vem, dia 30, na Arena Gr\u00eamio, e define quem avan\u00e7a \u00e0s quartas de final da competi\u00e7\u00e3o continental. Para seguir adiante, o time brasileiro precisa vencer por dois gols de diferen\u00e7a.\u00a0Quem se classificar pega o vencedor de Cruzeiro e Cerro Porte\u00f1o, que na ida empataram por 1 a 1, em Belo Horizonte.<\/p>\n","protected":false},"excerpt":{"rendered":"<p>Gr\u00eamio conseguiu se segurar como p\u00f4de no El Nuevo Gasometro nesta quarta-feira. Contudo, o zero\u00a0no placar s\u00f3 durou at\u00e9 os 16min da etapa complementar, quando o atacante\u00a0Correa &#8211; que foi &#8220;aben\u00e7oado pelo Papa&#8221; &#8211; marcou para o San Lorenzo e deu a vit\u00f3ria por 1 a 0 ao time argentino, pelo jogo de ida das\u00a0oitavas [&hellip;]<\/p>\n","protected":false},"author":2,"featured_media":7477,"comment_status":"open","ping_status":"closed","sticky":false,"template":"","format":"standard","meta":{"_acf_changed":false,"footnotes":""},"categories":[19],"tags":[],"class_list":["post-7476","post","type-post","status-publish","format-standard","has-post-thumbnail","hentry","category-esportes"],"acf":[],"yoast_head":"<!-- This site is optimized with the Yoast SEO plugin v27.2 - https:\/\/yoast.com\/product\/yoast-seo-wordpress\/ -->\n<title>San Lorenzo vence e deixa gr\u00eamio em maus len\u00e7\u00f3is na Libertadores - Notibras<\/title>\n<meta name=\"robots\" content=\"index, follow, max-snippet:-1, max-image-preview:large, max-video-preview:-1\" \/>\n<link rel=\"canonical\" href=\"https:\/\/www.notibras.com\/site\/san-lorenzo-vence-e-deixa-gremio-em-mas-lencois-na-libertadores\/\" \/>\n<meta property=\"og:locale\" content=\"pt_BR\" \/>\n<meta property=\"og:type\" content=\"article\" \/>\n<meta property=\"og:title\" content=\"San Lorenzo vence e deixa gr\u00eamio em maus len\u00e7\u00f3is na Libertadores - Notibras\" \/>\n<meta property=\"og:description\" content=\"Gr\u00eamio conseguiu se segurar como p\u00f4de no El Nuevo Gasometro nesta quarta-feira. Contudo, o zero\u00a0no placar s\u00f3 durou at\u00e9 os 16min da etapa complementar, quando o atacante\u00a0Correa &#8211; que foi &#8220;aben\u00e7oado pelo Papa&#8221; &#8211; marcou para o San Lorenzo e deu a vit\u00f3ria por 1 a 0 ao time argentino, pelo jogo de ida das\u00a0oitavas [&hellip;]\" \/>\n<meta property=\"og:url\" content=\"https:\/\/www.notibras.com\/site\/san-lorenzo-vence-e-deixa-gremio-em-mas-lencois-na-libertadores\/\" \/>\n<meta property=\"og:site_name\" content=\"Notibras\" \/>\n<meta property=\"article:publisher\" content=\"https:\/\/www.facebook.com\/notibras\/\" \/>\n<meta property=\"article:published_time\" content=\"2014-04-24T01:47:37+00:00\" \/>\n<meta property=\"article:modified_time\" content=\"2014-04-24T12:08:30+00:00\" \/>\n<meta property=\"og:image\" content=\"https:\/\/www.notibras.com\/site\/wp-content\/uploads\/2014\/04\/correacomemoragolap.jpg\" \/>\n\t<meta property=\"og:image:width\" content=\"804\" \/>\n\t<meta property=\"og:image:height\" content=\"500\" \/>\n\t<meta property=\"og:image:type\" content=\"image\/jpeg\" \/>\n<meta name=\"author\" content=\"Reda\u00e7\u00e3o\" \/>\n<meta name=\"twitter:card\" content=\"summary_large_image\" \/>\n<meta name=\"twitter:creator\" content=\"@Notibras\" \/>\n<meta name=\"twitter:site\" content=\"@Notibras\" \/>\n<meta name=\"twitter:label1\" content=\"Escrito por\" \/>\n\t<meta name=\"twitter:data1\" content=\"Reda\u00e7\u00e3o\" \/>\n\t<meta name=\"twitter:label2\" content=\"Est. tempo de leitura\" \/>\n\t<meta name=\"twitter:data2\" content=\"2 minutos\" \/>\n<script type=\"application\/ld+json\" class=\"yoast-schema-graph\">{\"@context\":\"https:\/\/schema.org\",\"@graph\":[{\"@type\":\"Article\",\"@id\":\"https:\/\/www.notibras.com\/site\/san-lorenzo-vence-e-deixa-gremio-em-mas-lencois-na-libertadores\/#article\",\"isPartOf\":{\"@id\":\"https:\/\/www.notibras.com\/site\/san-lorenzo-vence-e-deixa-gremio-em-mas-lencois-na-libertadores\/\"},\"author\":{\"name\":\"Reda\u00e7\u00e3o\",\"@id\":\"https:\/\/www.notibras.com\/site\/#\/schema\/person\/36ab0979449956132d3e5b517ea76ac8\"},\"headline\":\"San Lorenzo vence e deixa gr\u00eamio em maus len\u00e7\u00f3is na Libertadores\",\"datePublished\":\"2014-04-24T01:47:37+00:00\",\"dateModified\":\"2014-04-24T12:08:30+00:00\",\"mainEntityOfPage\":{\"@id\":\"https:\/\/www.notibras.com\/site\/san-lorenzo-vence-e-deixa-gremio-em-mas-lencois-na-libertadores\/\"},\"wordCount\":388,\"commentCount\":0,\"publisher\":{\"@id\":\"https:\/\/www.notibras.com\/site\/#organization\"},\"image\":{\"@id\":\"https:\/\/www.notibras.com\/site\/san-lorenzo-vence-e-deixa-gremio-em-mas-lencois-na-libertadores\/#primaryimage\"},\"thumbnailUrl\":\"https:\/\/www.notibras.com\/site\/wp-content\/uploads\/2014\/04\/correacomemoragolap.jpg\",\"articleSection\":[\"Esportes\"],\"inLanguage\":\"pt-BR\",\"potentialAction\":[{\"@type\":\"CommentAction\",\"name\":\"Comment\",\"target\":[\"https:\/\/www.notibras.com\/site\/san-lorenzo-vence-e-deixa-gremio-em-mas-lencois-na-libertadores\/#respond\"]}]},{\"@type\":\"WebPage\",\"@id\":\"https:\/\/www.notibras.com\/site\/san-lorenzo-vence-e-deixa-gremio-em-mas-lencois-na-libertadores\/\",\"url\":\"https:\/\/www.notibras.com\/site\/san-lorenzo-vence-e-deixa-gremio-em-mas-lencois-na-libertadores\/\",\"name\":\"San Lorenzo vence e deixa gr\u00eamio em maus len\u00e7\u00f3is na Libertadores - Notibras\",\"isPartOf\":{\"@id\":\"https:\/\/www.notibras.com\/site\/#website\"},\"primaryImageOfPage\":{\"@id\":\"https:\/\/www.notibras.com\/site\/san-lorenzo-vence-e-deixa-gremio-em-mas-lencois-na-libertadores\/#primaryimage\"},\"image\":{\"@id\":\"https:\/\/www.notibras.com\/site\/san-lorenzo-vence-e-deixa-gremio-em-mas-lencois-na-libertadores\/#primaryimage\"},\"thumbnailUrl\":\"https:\/\/www.notibras.com\/site\/wp-content\/uploads\/2014\/04\/correacomemoragolap.jpg\",\"datePublished\":\"2014-04-24T01:47:37+00:00\",\"dateModified\":\"2014-04-24T12:08:30+00:00\",\"breadcrumb\":{\"@id\":\"https:\/\/www.notibras.com\/site\/san-lorenzo-vence-e-deixa-gremio-em-mas-lencois-na-libertadores\/#breadcrumb\"},\"inLanguage\":\"pt-BR\",\"potentialAction\":[{\"@type\":\"ReadAction\",\"target\":[\"https:\/\/www.notibras.com\/site\/san-lorenzo-vence-e-deixa-gremio-em-mas-lencois-na-libertadores\/\"]}]},{\"@type\":\"ImageObject\",\"inLanguage\":\"pt-BR\",\"@id\":\"https:\/\/www.notibras.com\/site\/san-lorenzo-vence-e-deixa-gremio-em-mas-lencois-na-libertadores\/#primaryimage\",\"url\":\"https:\/\/www.notibras.com\/site\/wp-content\/uploads\/2014\/04\/correacomemoragolap.jpg\",\"contentUrl\":\"https:\/\/www.notibras.com\/site\/wp-content\/uploads\/2014\/04\/correacomemoragolap.jpg\",\"width\":804,\"height\":500},{\"@type\":\"BreadcrumbList\",\"@id\":\"https:\/\/www.notibras.com\/site\/san-lorenzo-vence-e-deixa-gremio-em-mas-lencois-na-libertadores\/#breadcrumb\",\"itemListElement\":[{\"@type\":\"ListItem\",\"position\":1,\"name\":\"In\u00edcio\",\"item\":\"https:\/\/www.notibras.com\/site\/\"},{\"@type\":\"ListItem\",\"position\":2,\"name\":\"San Lorenzo vence e deixa gr\u00eamio em maus len\u00e7\u00f3is na Libertadores\"}]},{\"@type\":\"WebSite\",\"@id\":\"https:\/\/www.notibras.com\/site\/#website\",\"url\":\"https:\/\/www.notibras.com\/site\/\",\"name\":\"Notibras\",\"description\":\"Not\u00edcias de Bras\u00edlia, do Brasil e do Mundo\",\"publisher\":{\"@id\":\"https:\/\/www.notibras.com\/site\/#organization\"},\"potentialAction\":[{\"@type\":\"SearchAction\",\"target\":{\"@type\":\"EntryPoint\",\"urlTemplate\":\"https:\/\/www.notibras.com\/site\/?s={search_term_string}\"},\"query-input\":{\"@type\":\"PropertyValueSpecification\",\"valueRequired\":true,\"valueName\":\"search_term_string\"}}],\"inLanguage\":\"pt-BR\"},{\"@type\":\"Organization\",\"@id\":\"https:\/\/www.notibras.com\/site\/#organization\",\"name\":\"Grupo Notibras de Comunica\u00e7\u00e3o\",\"url\":\"https:\/\/www.notibras.com\/site\/\",\"logo\":{\"@type\":\"ImageObject\",\"inLanguage\":\"pt-BR\",\"@id\":\"https:\/\/www.notibras.com\/site\/#\/schema\/logo\/image\/\",\"url\":\"https:\/\/www.notibras.com\/site\/wp-content\/uploads\/2023\/01\/notibras23.png\",\"contentUrl\":\"https:\/\/www.notibras.com\/site\/wp-content\/uploads\/2023\/01\/notibras23.png\",\"width\":350,\"height\":87,\"caption\":\"Grupo Notibras de Comunica\u00e7\u00e3o\"},\"image\":{\"@id\":\"https:\/\/www.notibras.com\/site\/#\/schema\/logo\/image\/\"},\"sameAs\":[\"https:\/\/www.facebook.com\/notibras\/\",\"https:\/\/x.com\/Notibras\",\"https:\/\/www.instagram.com\/notibras\/\"]},{\"@type\":\"Person\",\"@id\":\"https:\/\/www.notibras.com\/site\/#\/schema\/person\/36ab0979449956132d3e5b517ea76ac8\",\"name\":\"Reda\u00e7\u00e3o\",\"image\":{\"@type\":\"ImageObject\",\"inLanguage\":\"pt-BR\",\"@id\":\"https:\/\/secure.gravatar.com\/avatar\/e0a867bdedb85fd243eadf09663511f96fc81e0720a4a42581f334ad4303aa6b?s=96&d=mm&r=g\",\"url\":\"https:\/\/secure.gravatar.com\/avatar\/e0a867bdedb85fd243eadf09663511f96fc81e0720a4a42581f334ad4303aa6b?s=96&d=mm&r=g\",\"contentUrl\":\"https:\/\/secure.gravatar.com\/avatar\/e0a867bdedb85fd243eadf09663511f96fc81e0720a4a42581f334ad4303aa6b?s=96&d=mm&r=g\",\"caption\":\"Reda\u00e7\u00e3o\"}}]}<\/script>\n<!-- \/ Yoast SEO plugin. -->","yoast_head_json":{"title":"San Lorenzo vence e deixa gr\u00eamio em maus len\u00e7\u00f3is na Libertadores - Notibras","robots":{"index":"index","follow":"follow","max-snippet":"max-snippet:-1","max-image-preview":"max-image-preview:large","max-video-preview":"max-video-preview:-1"},"canonical":"https:\/\/www.notibras.com\/site\/san-lorenzo-vence-e-deixa-gremio-em-mas-lencois-na-libertadores\/","og_locale":"pt_BR","og_type":"article","og_title":"San Lorenzo vence e deixa gr\u00eamio em maus len\u00e7\u00f3is na Libertadores - Notibras","og_description":"Gr\u00eamio conseguiu se segurar como p\u00f4de no El Nuevo Gasometro nesta quarta-feira. Contudo, o zero\u00a0no placar s\u00f3 durou at\u00e9 os 16min da etapa complementar, quando o atacante\u00a0Correa &#8211; que foi &#8220;aben\u00e7oado pelo Papa&#8221; &#8211; marcou para o San Lorenzo e deu a vit\u00f3ria por 1 a 0 ao time argentino, pelo jogo de ida das\u00a0oitavas [&hellip;]","og_url":"https:\/\/www.notibras.com\/site\/san-lorenzo-vence-e-deixa-gremio-em-mas-lencois-na-libertadores\/","og_site_name":"Notibras","article_publisher":"https:\/\/www.facebook.com\/notibras\/","article_published_time":"2014-04-24T01:47:37+00:00","article_modified_time":"2014-04-24T12:08:30+00:00","og_image":[{"width":804,"height":500,"url":"https:\/\/www.notibras.com\/site\/wp-content\/uploads\/2014\/04\/correacomemoragolap.jpg","type":"image\/jpeg"}],"author":"Reda\u00e7\u00e3o","twitter_card":"summary_large_image","twitter_creator":"@Notibras","twitter_site":"@Notibras","twitter_misc":{"Escrito por":"Reda\u00e7\u00e3o","Est. tempo de leitura":"2 minutos"},"schema":{"@context":"https:\/\/schema.org","@graph":[{"@type":"Article","@id":"https:\/\/www.notibras.com\/site\/san-lorenzo-vence-e-deixa-gremio-em-mas-lencois-na-libertadores\/#article","isPartOf":{"@id":"https:\/\/www.notibras.com\/site\/san-lorenzo-vence-e-deixa-gremio-em-mas-lencois-na-libertadores\/"},"author":{"name":"Reda\u00e7\u00e3o","@id":"https:\/\/www.notibras.com\/site\/#\/schema\/person\/36ab0979449956132d3e5b517ea76ac8"},"headline":"San Lorenzo vence e deixa gr\u00eamio em maus len\u00e7\u00f3is na Libertadores","datePublished":"2014-04-24T01:47:37+00:00","dateModified":"2014-04-24T12:08:30+00:00","mainEntityOfPage":{"@id":"https:\/\/www.notibras.com\/site\/san-lorenzo-vence-e-deixa-gremio-em-mas-lencois-na-libertadores\/"},"wordCount":388,"commentCount":0,"publisher":{"@id":"https:\/\/www.notibras.com\/site\/#organization"},"image":{"@id":"https:\/\/www.notibras.com\/site\/san-lorenzo-vence-e-deixa-gremio-em-mas-lencois-na-libertadores\/#primaryimage"},"thumbnailUrl":"https:\/\/www.notibras.com\/site\/wp-content\/uploads\/2014\/04\/correacomemoragolap.jpg","articleSection":["Esportes"],"inLanguage":"pt-BR","potentialAction":[{"@type":"CommentAction","name":"Comment","target":["https:\/\/www.notibras.com\/site\/san-lorenzo-vence-e-deixa-gremio-em-mas-lencois-na-libertadores\/#respond"]}]},{"@type":"WebPage","@id":"https:\/\/www.notibras.com\/site\/san-lorenzo-vence-e-deixa-gremio-em-mas-lencois-na-libertadores\/","url":"https:\/\/www.notibras.com\/site\/san-lorenzo-vence-e-deixa-gremio-em-mas-lencois-na-libertadores\/","name":"San Lorenzo vence e deixa gr\u00eamio em maus len\u00e7\u00f3is na Libertadores - Notibras","isPartOf":{"@id":"https:\/\/www.notibras.com\/site\/#website"},"primaryImageOfPage":{"@id":"https:\/\/www.notibras.com\/site\/san-lorenzo-vence-e-deixa-gremio-em-mas-lencois-na-libertadores\/#primaryimage"},"image":{"@id":"https:\/\/www.notibras.com\/site\/san-lorenzo-vence-e-deixa-gremio-em-mas-lencois-na-libertadores\/#primaryimage"},"thumbnailUrl":"https:\/\/www.notibras.com\/site\/wp-content\/uploads\/2014\/04\/correacomemoragolap.jpg","datePublished":"2014-04-24T01:47:37+00:00","dateModified":"2014-04-24T12:08:30+00:00","breadcrumb":{"@id":"https:\/\/www.notibras.com\/site\/san-lorenzo-vence-e-deixa-gremio-em-mas-lencois-na-libertadores\/#breadcrumb"},"inLanguage":"pt-BR","potentialAction":[{"@type":"ReadAction","target":["https:\/\/www.notibras.com\/site\/san-lorenzo-vence-e-deixa-gremio-em-mas-lencois-na-libertadores\/"]}]},{"@type":"ImageObject","inLanguage":"pt-BR","@id":"https:\/\/www.notibras.com\/site\/san-lorenzo-vence-e-deixa-gremio-em-mas-lencois-na-libertadores\/#primaryimage","url":"https:\/\/www.notibras.com\/site\/wp-content\/uploads\/2014\/04\/correacomemoragolap.jpg","contentUrl":"https:\/\/www.notibras.com\/site\/wp-content\/uploads\/2014\/04\/correacomemoragolap.jpg","width":804,"height":500},{"@type":"BreadcrumbList","@id":"https:\/\/www.notibras.com\/site\/san-lorenzo-vence-e-deixa-gremio-em-mas-lencois-na-libertadores\/#breadcrumb","itemListElement":[{"@type":"ListItem","position":1,"name":"In\u00edcio","item":"https:\/\/www.notibras.com\/site\/"},{"@type":"ListItem","position":2,"name":"San Lorenzo vence e deixa gr\u00eamio em maus len\u00e7\u00f3is na Libertadores"}]},{"@type":"WebSite","@id":"https:\/\/www.notibras.com\/site\/#website","url":"https:\/\/www.notibras.com\/site\/","name":"Notibras","description":"Not\u00edcias de Bras\u00edlia, do Brasil e do Mundo","publisher":{"@id":"https:\/\/www.notibras.com\/site\/#organization"},"potentialAction":[{"@type":"SearchAction","target":{"@type":"EntryPoint","urlTemplate":"https:\/\/www.notibras.com\/site\/?s={search_term_string}"},"query-input":{"@type":"PropertyValueSpecification","valueRequired":true,"valueName":"search_term_string"}}],"inLanguage":"pt-BR"},{"@type":"Organization","@id":"https:\/\/www.notibras.com\/site\/#organization","name":"Grupo Notibras de Comunica\u00e7\u00e3o","url":"https:\/\/www.notibras.com\/site\/","logo":{"@type":"ImageObject","inLanguage":"pt-BR","@id":"https:\/\/www.notibras.com\/site\/#\/schema\/logo\/image\/","url":"https:\/\/www.notibras.com\/site\/wp-content\/uploads\/2023\/01\/notibras23.png","contentUrl":"https:\/\/www.notibras.com\/site\/wp-content\/uploads\/2023\/01\/notibras23.png","width":350,"height":87,"caption":"Grupo Notibras de Comunica\u00e7\u00e3o"},"image":{"@id":"https:\/\/www.notibras.com\/site\/#\/schema\/logo\/image\/"},"sameAs":["https:\/\/www.facebook.com\/notibras\/","https:\/\/x.com\/Notibras","https:\/\/www.instagram.com\/notibras\/"]},{"@type":"Person","@id":"https:\/\/www.notibras.com\/site\/#\/schema\/person\/36ab0979449956132d3e5b517ea76ac8","name":"Reda\u00e7\u00e3o","image":{"@type":"ImageObject","inLanguage":"pt-BR","@id":"https:\/\/secure.gravatar.com\/avatar\/e0a867bdedb85fd243eadf09663511f96fc81e0720a4a42581f334ad4303aa6b?s=96&d=mm&r=g","url":"https:\/\/secure.gravatar.com\/avatar\/e0a867bdedb85fd243eadf09663511f96fc81e0720a4a42581f334ad4303aa6b?s=96&d=mm&r=g","contentUrl":"https:\/\/secure.gravatar.com\/avatar\/e0a867bdedb85fd243eadf09663511f96fc81e0720a4a42581f334ad4303aa6b?s=96&d=mm&r=g","caption":"Reda\u00e7\u00e3o"}}]}},"amp_enabled":true,"_links":{"self":[{"href":"https:\/\/www.notibras.com\/site\/wp-json\/wp\/v2\/posts\/7476","targetHints":{"allow":["GET"]}}],"collection":[{"href":"https:\/\/www.notibras.com\/site\/wp-json\/wp\/v2\/posts"}],"about":[{"href":"https:\/\/www.notibras.com\/site\/wp-json\/wp\/v2\/types\/post"}],"author":[{"embeddable":true,"href":"https:\/\/www.notibras.com\/site\/wp-json\/wp\/v2\/users\/2"}],"replies":[{"embeddable":true,"href":"https:\/\/www.notibras.com\/site\/wp-json\/wp\/v2\/comments?post=7476"}],"version-history":[{"count":0,"href":"https:\/\/www.notibras.com\/site\/wp-json\/wp\/v2\/posts\/7476\/revisions"}],"wp:featuredmedia":[{"embeddable":true,"href":"https:\/\/www.notibras.com\/site\/wp-json\/wp\/v2\/media\/7477"}],"wp:attachment":[{"href":"https:\/\/www.notibras.com\/site\/wp-json\/wp\/v2\/media?parent=7476"}],"wp:term":[{"taxonomy":"category","embeddable":true,"href":"https:\/\/www.notibras.com\/site\/wp-json\/wp\/v2\/categories?post=7476"},{"taxonomy":"post_tag","embeddable":true,"href":"https:\/\/www.notibras.com\/site\/wp-json\/wp\/v2\/tags?post=7476"}],"curies":[{"name":"wp","href":"https:\/\/api.w.org\/{rel}","templated":true}]}}