{"id":74967,"date":"2015-11-05T20:32:16","date_gmt":"2015-11-05T22:32:16","guid":{"rendered":"http:\/\/www.notibras.com\/site\/?p=74967"},"modified":"2015-11-08T00:56:37","modified_gmt":"2015-11-08T02:56:37","slug":"pau-no-gato-volta-a-atividade-com-mino-pedrosa-doa-a-quem-doer","status":"publish","type":"post","link":"https:\/\/www.notibras.com\/site\/pau-no-gato-volta-a-atividade-com-mino-pedrosa-doa-a-quem-doer\/","title":{"rendered":"Pau no Gato volta a atividade com Mino Pedrosa, na segunda, 9. E doa a quem doer"},"content":{"rendered":"<p>N\u00e3o s\u00f3 de registros pouco republicanos s\u00e3o preenchidas as p\u00e1ginas da imprensa. H\u00e1 uma frequente movimenta\u00e7\u00e3o e troca de mesas nas reda\u00e7\u00f5es e muitas merecem ser comentadas pelo fato de envolver exatamente aqueles que denunciam esses atos.<\/p>\n<p>Garfield, F\u00e9lix e Tom, o grande companheiro de Jerry, s\u00e3o c\u00e9lebres felinos que ilustram e animam as vidas de pequenos incautos que ainda n\u00e3o entendem o que acontece no Brasil. Fora das creches, \u00e9 claro.<\/p>\n<p>Agora um colega troca de bancada e seu programa l\u00edder de audi\u00eancia ter\u00e1 novo endere\u00e7o no dial. Antes o dia come\u00e7ava para muitos ouvintes da R\u00e1dio OK com a artilharia pesada de Mino Pedrosa em seu programa \u201cRetrato Falado \u2013 Bras\u00edlia como ela \u00e9\u201d.<\/p>\n<p>Dia 9 de novembro, segunda-feira, a partir do meio dia, Mino tem reestreia na Radio Atividade. Anote: 107,1 FM. O novo endere\u00e7o do Retrato Falado \u00e9 l\u00edder em audi\u00eancia entre as emissoras de r\u00e1dio do Distrito Federal.<\/p>\n<p><audio class=\"wp-audio-shortcode\" id=\"audio-74967-1\" preload=\"none\" style=\"width: 100%;\" controls=\"controls\"><source type=\"audio\/mpeg\" src=\"http:\/\/www.notibras.com\/site\/wp-content\/uploads\/2015\/11\/AUD-20151105-WA0033.mp3?_=1\" \/><a href=\"http:\/\/www.notibras.com\/site\/wp-content\/uploads\/2015\/11\/AUD-20151105-WA0033.mp3\">http:\/\/www.notibras.com\/site\/wp-content\/uploads\/2015\/11\/AUD-20151105-WA0033.mp3<\/a><\/audio><br \/>\nEssa movimenta\u00e7\u00e3o \u00e9 natural. Mas as movimenta\u00e7\u00f5es de certos gatunos \u2013 inclusive banc\u00e1rias &#8211; continuam enchendo a pauta de Mino Pedrosa que n\u00e3o perdoa estorinhas mal contadas que assustam adultos porque s\u00e3o mais tramadas do que qualquer desenho animado.<\/p>\n<p><strong>Notibras<\/strong> publica esse novo cap\u00edtulo do jornalista Mino Pedrosa, com os votos de que a sua lideran\u00e7a, agora em novo hor\u00e1rio e sintonia, seja um sucesso ainda maior.<\/p>\n<p>Em almo\u00e7o nesta quinta, 5, com a equipe de <strong>Notibras<\/strong> e representantes do mercado publicit\u00e1rio, Mino Pedrosa j\u00e1 antecipou os assuntos de estreia que promete incendiar os gibis candangos e seus personagens. Garfield, F\u00e9lix e Tom n\u00e3o est\u00e3o nessa pauta. Mais cr\u00edtico e bem informado, j\u00e1 antecipou que vem por a\u00ed muito \u201cpau no gato!\u201d.<\/p>\n<p>Os engajados em proteger os animais nem precisam protestar. O pau no gato de Mino n\u00e3o \u00e9 dirigido aos desprotegidos felinos dom\u00e9sticos, mas a mam\u00edferos de uma outra esp\u00e9cie bem conhecida em Bras\u00edlia.<\/p>\n<p>Estes, sim, mamam em tetas repletas de conte\u00fado de forma nada republicana. Dia 9, na 107,1. \u00c9 pau no gato!<\/p>\n","protected":false},"excerpt":{"rendered":"<p>N\u00e3o s\u00f3 de registros pouco republicanos s\u00e3o preenchidas as p\u00e1ginas da imprensa. H\u00e1 uma frequente movimenta\u00e7\u00e3o e troca de mesas nas reda\u00e7\u00f5es e muitas merecem ser comentadas pelo fato de envolver exatamente aqueles que denunciam esses atos. Garfield, F\u00e9lix e Tom, o grande companheiro de Jerry, s\u00e3o c\u00e9lebres felinos que ilustram e animam as vidas [&hellip;]<\/p>\n","protected":false},"author":2,"featured_media":74968,"comment_status":"open","ping_status":"closed","sticky":false,"template":"","format":"standard","meta":{"_acf_changed":false,"footnotes":""},"categories":[49],"tags":[],"class_list":["post-74967","post","type-post","status-publish","format-standard","has-post-thumbnail","hentry","category-max"],"acf":[],"yoast_head":"<!-- This site is optimized with the Yoast SEO plugin v27.2 - https:\/\/yoast.com\/product\/yoast-seo-wordpress\/ -->\n<title>Pau no Gato volta a atividade com Mino Pedrosa, na segunda, 9. E doa a quem doer - Notibras<\/title>\n<meta name=\"robots\" content=\"index, follow, max-snippet:-1, max-image-preview:large, max-video-preview:-1\" \/>\n<link rel=\"canonical\" href=\"https:\/\/www.notibras.com\/site\/pau-no-gato-volta-a-atividade-com-mino-pedrosa-doa-a-quem-doer\/\" \/>\n<meta property=\"og:locale\" content=\"pt_BR\" \/>\n<meta property=\"og:type\" content=\"article\" \/>\n<meta property=\"og:title\" content=\"Pau no Gato volta a atividade com Mino Pedrosa, na segunda, 9. E doa a quem doer - Notibras\" \/>\n<meta property=\"og:description\" content=\"N\u00e3o s\u00f3 de registros pouco republicanos s\u00e3o preenchidas as p\u00e1ginas da imprensa. H\u00e1 uma frequente movimenta\u00e7\u00e3o e troca de mesas nas reda\u00e7\u00f5es e muitas merecem ser comentadas pelo fato de envolver exatamente aqueles que denunciam esses atos. Garfield, F\u00e9lix e Tom, o grande companheiro de Jerry, s\u00e3o c\u00e9lebres felinos que ilustram e animam as vidas [&hellip;]\" \/>\n<meta property=\"og:url\" content=\"https:\/\/www.notibras.com\/site\/pau-no-gato-volta-a-atividade-com-mino-pedrosa-doa-a-quem-doer\/\" \/>\n<meta property=\"og:site_name\" content=\"Notibras\" \/>\n<meta property=\"article:publisher\" content=\"https:\/\/www.facebook.com\/notibras\/\" \/>\n<meta property=\"article:published_time\" content=\"2015-11-05T22:32:16+00:00\" \/>\n<meta property=\"article:modified_time\" content=\"2015-11-08T02:56:37+00:00\" \/>\n<meta property=\"og:image\" content=\"https:\/\/www.notibras.com\/site\/wp-content\/uploads\/2015\/11\/mino5-2.jpg\" \/>\n\t<meta property=\"og:image:width\" content=\"540\" \/>\n\t<meta property=\"og:image:height\" content=\"505\" \/>\n\t<meta property=\"og:image:type\" content=\"image\/jpeg\" \/>\n<meta name=\"author\" content=\"Reda\u00e7\u00e3o\" \/>\n<meta name=\"twitter:card\" content=\"summary_large_image\" \/>\n<meta name=\"twitter:creator\" content=\"@Notibras\" \/>\n<meta name=\"twitter:site\" content=\"@Notibras\" \/>\n<meta name=\"twitter:label1\" content=\"Escrito por\" \/>\n\t<meta name=\"twitter:data1\" content=\"Reda\u00e7\u00e3o\" \/>\n\t<meta name=\"twitter:label2\" content=\"Est. tempo de leitura\" \/>\n\t<meta name=\"twitter:data2\" content=\"2 minutos\" \/>\n<script type=\"application\/ld+json\" class=\"yoast-schema-graph\">{\"@context\":\"https:\/\/schema.org\",\"@graph\":[{\"@type\":\"Article\",\"@id\":\"https:\/\/www.notibras.com\/site\/pau-no-gato-volta-a-atividade-com-mino-pedrosa-doa-a-quem-doer\/#article\",\"isPartOf\":{\"@id\":\"https:\/\/www.notibras.com\/site\/pau-no-gato-volta-a-atividade-com-mino-pedrosa-doa-a-quem-doer\/\"},\"author\":{\"name\":\"Reda\u00e7\u00e3o\",\"@id\":\"https:\/\/www.notibras.com\/site\/#\/schema\/person\/36ab0979449956132d3e5b517ea76ac8\"},\"headline\":\"Pau no Gato volta a atividade com Mino Pedrosa, na segunda, 9. E doa a quem doer\",\"datePublished\":\"2015-11-05T22:32:16+00:00\",\"dateModified\":\"2015-11-08T02:56:37+00:00\",\"mainEntityOfPage\":{\"@id\":\"https:\/\/www.notibras.com\/site\/pau-no-gato-volta-a-atividade-com-mino-pedrosa-doa-a-quem-doer\/\"},\"wordCount\":383,\"commentCount\":0,\"publisher\":{\"@id\":\"https:\/\/www.notibras.com\/site\/#organization\"},\"image\":{\"@id\":\"https:\/\/www.notibras.com\/site\/pau-no-gato-volta-a-atividade-com-mino-pedrosa-doa-a-quem-doer\/#primaryimage\"},\"thumbnailUrl\":\"https:\/\/www.notibras.com\/site\/wp-content\/uploads\/2015\/11\/mino5-2.jpg\",\"articleSection\":[\"Max de Quental\"],\"inLanguage\":\"pt-BR\",\"potentialAction\":[{\"@type\":\"CommentAction\",\"name\":\"Comment\",\"target\":[\"https:\/\/www.notibras.com\/site\/pau-no-gato-volta-a-atividade-com-mino-pedrosa-doa-a-quem-doer\/#respond\"]}]},{\"@type\":\"WebPage\",\"@id\":\"https:\/\/www.notibras.com\/site\/pau-no-gato-volta-a-atividade-com-mino-pedrosa-doa-a-quem-doer\/\",\"url\":\"https:\/\/www.notibras.com\/site\/pau-no-gato-volta-a-atividade-com-mino-pedrosa-doa-a-quem-doer\/\",\"name\":\"Pau no Gato volta a atividade com Mino Pedrosa, na segunda, 9. E doa a quem doer - Notibras\",\"isPartOf\":{\"@id\":\"https:\/\/www.notibras.com\/site\/#website\"},\"primaryImageOfPage\":{\"@id\":\"https:\/\/www.notibras.com\/site\/pau-no-gato-volta-a-atividade-com-mino-pedrosa-doa-a-quem-doer\/#primaryimage\"},\"image\":{\"@id\":\"https:\/\/www.notibras.com\/site\/pau-no-gato-volta-a-atividade-com-mino-pedrosa-doa-a-quem-doer\/#primaryimage\"},\"thumbnailUrl\":\"https:\/\/www.notibras.com\/site\/wp-content\/uploads\/2015\/11\/mino5-2.jpg\",\"datePublished\":\"2015-11-05T22:32:16+00:00\",\"dateModified\":\"2015-11-08T02:56:37+00:00\",\"breadcrumb\":{\"@id\":\"https:\/\/www.notibras.com\/site\/pau-no-gato-volta-a-atividade-com-mino-pedrosa-doa-a-quem-doer\/#breadcrumb\"},\"inLanguage\":\"pt-BR\",\"potentialAction\":[{\"@type\":\"ReadAction\",\"target\":[\"https:\/\/www.notibras.com\/site\/pau-no-gato-volta-a-atividade-com-mino-pedrosa-doa-a-quem-doer\/\"]}]},{\"@type\":\"ImageObject\",\"inLanguage\":\"pt-BR\",\"@id\":\"https:\/\/www.notibras.com\/site\/pau-no-gato-volta-a-atividade-com-mino-pedrosa-doa-a-quem-doer\/#primaryimage\",\"url\":\"https:\/\/www.notibras.com\/site\/wp-content\/uploads\/2015\/11\/mino5-2.jpg\",\"contentUrl\":\"https:\/\/www.notibras.com\/site\/wp-content\/uploads\/2015\/11\/mino5-2.jpg\",\"width\":540,\"height\":505},{\"@type\":\"BreadcrumbList\",\"@id\":\"https:\/\/www.notibras.com\/site\/pau-no-gato-volta-a-atividade-com-mino-pedrosa-doa-a-quem-doer\/#breadcrumb\",\"itemListElement\":[{\"@type\":\"ListItem\",\"position\":1,\"name\":\"In\u00edcio\",\"item\":\"https:\/\/www.notibras.com\/site\/\"},{\"@type\":\"ListItem\",\"position\":2,\"name\":\"Pau no Gato volta a atividade com Mino Pedrosa, na segunda, 9. E doa a quem doer\"}]},{\"@type\":\"WebSite\",\"@id\":\"https:\/\/www.notibras.com\/site\/#website\",\"url\":\"https:\/\/www.notibras.com\/site\/\",\"name\":\"Notibras\",\"description\":\"Not\u00edcias de Bras\u00edlia, do Brasil e do Mundo\",\"publisher\":{\"@id\":\"https:\/\/www.notibras.com\/site\/#organization\"},\"potentialAction\":[{\"@type\":\"SearchAction\",\"target\":{\"@type\":\"EntryPoint\",\"urlTemplate\":\"https:\/\/www.notibras.com\/site\/?s={search_term_string}\"},\"query-input\":{\"@type\":\"PropertyValueSpecification\",\"valueRequired\":true,\"valueName\":\"search_term_string\"}}],\"inLanguage\":\"pt-BR\"},{\"@type\":\"Organization\",\"@id\":\"https:\/\/www.notibras.com\/site\/#organization\",\"name\":\"Grupo Notibras de Comunica\u00e7\u00e3o\",\"url\":\"https:\/\/www.notibras.com\/site\/\",\"logo\":{\"@type\":\"ImageObject\",\"inLanguage\":\"pt-BR\",\"@id\":\"https:\/\/www.notibras.com\/site\/#\/schema\/logo\/image\/\",\"url\":\"https:\/\/www.notibras.com\/site\/wp-content\/uploads\/2023\/01\/notibras23.png\",\"contentUrl\":\"https:\/\/www.notibras.com\/site\/wp-content\/uploads\/2023\/01\/notibras23.png\",\"width\":350,\"height\":87,\"caption\":\"Grupo Notibras de Comunica\u00e7\u00e3o\"},\"image\":{\"@id\":\"https:\/\/www.notibras.com\/site\/#\/schema\/logo\/image\/\"},\"sameAs\":[\"https:\/\/www.facebook.com\/notibras\/\",\"https:\/\/x.com\/Notibras\",\"https:\/\/www.instagram.com\/notibras\/\"]},{\"@type\":\"Person\",\"@id\":\"https:\/\/www.notibras.com\/site\/#\/schema\/person\/36ab0979449956132d3e5b517ea76ac8\",\"name\":\"Reda\u00e7\u00e3o\",\"image\":{\"@type\":\"ImageObject\",\"inLanguage\":\"pt-BR\",\"@id\":\"https:\/\/secure.gravatar.com\/avatar\/e0a867bdedb85fd243eadf09663511f96fc81e0720a4a42581f334ad4303aa6b?s=96&d=mm&r=g\",\"url\":\"https:\/\/secure.gravatar.com\/avatar\/e0a867bdedb85fd243eadf09663511f96fc81e0720a4a42581f334ad4303aa6b?s=96&d=mm&r=g\",\"contentUrl\":\"https:\/\/secure.gravatar.com\/avatar\/e0a867bdedb85fd243eadf09663511f96fc81e0720a4a42581f334ad4303aa6b?s=96&d=mm&r=g\",\"caption\":\"Reda\u00e7\u00e3o\"}}]}<\/script>\n<!-- \/ Yoast SEO plugin. -->","yoast_head_json":{"title":"Pau no Gato volta a atividade com Mino Pedrosa, na segunda, 9. E doa a quem doer - Notibras","robots":{"index":"index","follow":"follow","max-snippet":"max-snippet:-1","max-image-preview":"max-image-preview:large","max-video-preview":"max-video-preview:-1"},"canonical":"https:\/\/www.notibras.com\/site\/pau-no-gato-volta-a-atividade-com-mino-pedrosa-doa-a-quem-doer\/","og_locale":"pt_BR","og_type":"article","og_title":"Pau no Gato volta a atividade com Mino Pedrosa, na segunda, 9. E doa a quem doer - Notibras","og_description":"N\u00e3o s\u00f3 de registros pouco republicanos s\u00e3o preenchidas as p\u00e1ginas da imprensa. H\u00e1 uma frequente movimenta\u00e7\u00e3o e troca de mesas nas reda\u00e7\u00f5es e muitas merecem ser comentadas pelo fato de envolver exatamente aqueles que denunciam esses atos. Garfield, F\u00e9lix e Tom, o grande companheiro de Jerry, s\u00e3o c\u00e9lebres felinos que ilustram e animam as vidas [&hellip;]","og_url":"https:\/\/www.notibras.com\/site\/pau-no-gato-volta-a-atividade-com-mino-pedrosa-doa-a-quem-doer\/","og_site_name":"Notibras","article_publisher":"https:\/\/www.facebook.com\/notibras\/","article_published_time":"2015-11-05T22:32:16+00:00","article_modified_time":"2015-11-08T02:56:37+00:00","og_image":[{"width":540,"height":505,"url":"https:\/\/www.notibras.com\/site\/wp-content\/uploads\/2015\/11\/mino5-2.jpg","type":"image\/jpeg"}],"author":"Reda\u00e7\u00e3o","twitter_card":"summary_large_image","twitter_creator":"@Notibras","twitter_site":"@Notibras","twitter_misc":{"Escrito por":"Reda\u00e7\u00e3o","Est. tempo de leitura":"2 minutos"},"schema":{"@context":"https:\/\/schema.org","@graph":[{"@type":"Article","@id":"https:\/\/www.notibras.com\/site\/pau-no-gato-volta-a-atividade-com-mino-pedrosa-doa-a-quem-doer\/#article","isPartOf":{"@id":"https:\/\/www.notibras.com\/site\/pau-no-gato-volta-a-atividade-com-mino-pedrosa-doa-a-quem-doer\/"},"author":{"name":"Reda\u00e7\u00e3o","@id":"https:\/\/www.notibras.com\/site\/#\/schema\/person\/36ab0979449956132d3e5b517ea76ac8"},"headline":"Pau no Gato volta a atividade com Mino Pedrosa, na segunda, 9. E doa a quem doer","datePublished":"2015-11-05T22:32:16+00:00","dateModified":"2015-11-08T02:56:37+00:00","mainEntityOfPage":{"@id":"https:\/\/www.notibras.com\/site\/pau-no-gato-volta-a-atividade-com-mino-pedrosa-doa-a-quem-doer\/"},"wordCount":383,"commentCount":0,"publisher":{"@id":"https:\/\/www.notibras.com\/site\/#organization"},"image":{"@id":"https:\/\/www.notibras.com\/site\/pau-no-gato-volta-a-atividade-com-mino-pedrosa-doa-a-quem-doer\/#primaryimage"},"thumbnailUrl":"https:\/\/www.notibras.com\/site\/wp-content\/uploads\/2015\/11\/mino5-2.jpg","articleSection":["Max de Quental"],"inLanguage":"pt-BR","potentialAction":[{"@type":"CommentAction","name":"Comment","target":["https:\/\/www.notibras.com\/site\/pau-no-gato-volta-a-atividade-com-mino-pedrosa-doa-a-quem-doer\/#respond"]}]},{"@type":"WebPage","@id":"https:\/\/www.notibras.com\/site\/pau-no-gato-volta-a-atividade-com-mino-pedrosa-doa-a-quem-doer\/","url":"https:\/\/www.notibras.com\/site\/pau-no-gato-volta-a-atividade-com-mino-pedrosa-doa-a-quem-doer\/","name":"Pau no Gato volta a atividade com Mino Pedrosa, na segunda, 9. E doa a quem doer - Notibras","isPartOf":{"@id":"https:\/\/www.notibras.com\/site\/#website"},"primaryImageOfPage":{"@id":"https:\/\/www.notibras.com\/site\/pau-no-gato-volta-a-atividade-com-mino-pedrosa-doa-a-quem-doer\/#primaryimage"},"image":{"@id":"https:\/\/www.notibras.com\/site\/pau-no-gato-volta-a-atividade-com-mino-pedrosa-doa-a-quem-doer\/#primaryimage"},"thumbnailUrl":"https:\/\/www.notibras.com\/site\/wp-content\/uploads\/2015\/11\/mino5-2.jpg","datePublished":"2015-11-05T22:32:16+00:00","dateModified":"2015-11-08T02:56:37+00:00","breadcrumb":{"@id":"https:\/\/www.notibras.com\/site\/pau-no-gato-volta-a-atividade-com-mino-pedrosa-doa-a-quem-doer\/#breadcrumb"},"inLanguage":"pt-BR","potentialAction":[{"@type":"ReadAction","target":["https:\/\/www.notibras.com\/site\/pau-no-gato-volta-a-atividade-com-mino-pedrosa-doa-a-quem-doer\/"]}]},{"@type":"ImageObject","inLanguage":"pt-BR","@id":"https:\/\/www.notibras.com\/site\/pau-no-gato-volta-a-atividade-com-mino-pedrosa-doa-a-quem-doer\/#primaryimage","url":"https:\/\/www.notibras.com\/site\/wp-content\/uploads\/2015\/11\/mino5-2.jpg","contentUrl":"https:\/\/www.notibras.com\/site\/wp-content\/uploads\/2015\/11\/mino5-2.jpg","width":540,"height":505},{"@type":"BreadcrumbList","@id":"https:\/\/www.notibras.com\/site\/pau-no-gato-volta-a-atividade-com-mino-pedrosa-doa-a-quem-doer\/#breadcrumb","itemListElement":[{"@type":"ListItem","position":1,"name":"In\u00edcio","item":"https:\/\/www.notibras.com\/site\/"},{"@type":"ListItem","position":2,"name":"Pau no Gato volta a atividade com Mino Pedrosa, na segunda, 9. E doa a quem doer"}]},{"@type":"WebSite","@id":"https:\/\/www.notibras.com\/site\/#website","url":"https:\/\/www.notibras.com\/site\/","name":"Notibras","description":"Not\u00edcias de Bras\u00edlia, do Brasil e do Mundo","publisher":{"@id":"https:\/\/www.notibras.com\/site\/#organization"},"potentialAction":[{"@type":"SearchAction","target":{"@type":"EntryPoint","urlTemplate":"https:\/\/www.notibras.com\/site\/?s={search_term_string}"},"query-input":{"@type":"PropertyValueSpecification","valueRequired":true,"valueName":"search_term_string"}}],"inLanguage":"pt-BR"},{"@type":"Organization","@id":"https:\/\/www.notibras.com\/site\/#organization","name":"Grupo Notibras de Comunica\u00e7\u00e3o","url":"https:\/\/www.notibras.com\/site\/","logo":{"@type":"ImageObject","inLanguage":"pt-BR","@id":"https:\/\/www.notibras.com\/site\/#\/schema\/logo\/image\/","url":"https:\/\/www.notibras.com\/site\/wp-content\/uploads\/2023\/01\/notibras23.png","contentUrl":"https:\/\/www.notibras.com\/site\/wp-content\/uploads\/2023\/01\/notibras23.png","width":350,"height":87,"caption":"Grupo Notibras de Comunica\u00e7\u00e3o"},"image":{"@id":"https:\/\/www.notibras.com\/site\/#\/schema\/logo\/image\/"},"sameAs":["https:\/\/www.facebook.com\/notibras\/","https:\/\/x.com\/Notibras","https:\/\/www.instagram.com\/notibras\/"]},{"@type":"Person","@id":"https:\/\/www.notibras.com\/site\/#\/schema\/person\/36ab0979449956132d3e5b517ea76ac8","name":"Reda\u00e7\u00e3o","image":{"@type":"ImageObject","inLanguage":"pt-BR","@id":"https:\/\/secure.gravatar.com\/avatar\/e0a867bdedb85fd243eadf09663511f96fc81e0720a4a42581f334ad4303aa6b?s=96&d=mm&r=g","url":"https:\/\/secure.gravatar.com\/avatar\/e0a867bdedb85fd243eadf09663511f96fc81e0720a4a42581f334ad4303aa6b?s=96&d=mm&r=g","contentUrl":"https:\/\/secure.gravatar.com\/avatar\/e0a867bdedb85fd243eadf09663511f96fc81e0720a4a42581f334ad4303aa6b?s=96&d=mm&r=g","caption":"Reda\u00e7\u00e3o"}}]}},"amp_enabled":true,"_links":{"self":[{"href":"https:\/\/www.notibras.com\/site\/wp-json\/wp\/v2\/posts\/74967","targetHints":{"allow":["GET"]}}],"collection":[{"href":"https:\/\/www.notibras.com\/site\/wp-json\/wp\/v2\/posts"}],"about":[{"href":"https:\/\/www.notibras.com\/site\/wp-json\/wp\/v2\/types\/post"}],"author":[{"embeddable":true,"href":"https:\/\/www.notibras.com\/site\/wp-json\/wp\/v2\/users\/2"}],"replies":[{"embeddable":true,"href":"https:\/\/www.notibras.com\/site\/wp-json\/wp\/v2\/comments?post=74967"}],"version-history":[{"count":4,"href":"https:\/\/www.notibras.com\/site\/wp-json\/wp\/v2\/posts\/74967\/revisions"}],"predecessor-version":[{"id":75260,"href":"https:\/\/www.notibras.com\/site\/wp-json\/wp\/v2\/posts\/74967\/revisions\/75260"}],"wp:featuredmedia":[{"embeddable":true,"href":"https:\/\/www.notibras.com\/site\/wp-json\/wp\/v2\/media\/74968"}],"wp:attachment":[{"href":"https:\/\/www.notibras.com\/site\/wp-json\/wp\/v2\/media?parent=74967"}],"wp:term":[{"taxonomy":"category","embeddable":true,"href":"https:\/\/www.notibras.com\/site\/wp-json\/wp\/v2\/categories?post=74967"},{"taxonomy":"post_tag","embeddable":true,"href":"https:\/\/www.notibras.com\/site\/wp-json\/wp\/v2\/tags?post=74967"}],"curies":[{"name":"wp","href":"https:\/\/api.w.org\/{rel}","templated":true}]}}