{"id":75313,"date":"2015-11-08T18:15:18","date_gmt":"2015-11-08T20:15:18","guid":{"rendered":"http:\/\/www.notibras.com\/site\/?p=75313"},"modified":"2015-11-10T10:55:33","modified_gmt":"2015-11-10T12:55:33","slug":"cacados-na-ditadura-dilma-e-aldo-hoje-mandam-mas-tem-general-de-olho-preocupado","status":"publish","type":"post","link":"https:\/\/www.notibras.com\/site\/cacados-na-ditadura-dilma-e-aldo-hoje-mandam-mas-tem-general-de-olho-preocupado\/","title":{"rendered":"Ca\u00e7ados na ditadura, Dilma e Aldo mandam, mas tem general de olho"},"content":{"rendered":"<p>Mais de 4 milh\u00f5es de clicks. Mais de 12 mil curtidas, mais de uma centena de coment\u00e1rios, centenas de compartilhamentos no Facebook. A mat\u00e9ria mais lida de <strong>Notibras<\/strong> nos \u00faltimos dias, que traz a manchete: \u201cGeneral aponta artilharia verbal contra Dilma e ministro da Defesa\u201d, chama a aten\u00e7\u00e3o.<\/p>\n<p>Outros grandes portais de not\u00edcias do Brasil, al\u00e9m de <strong>Notibras<\/strong>, publicaram mat\u00e9ria sobre o documento produzido por Paulo Chagas, um general que agora comanda uma ONG de nome Ternuma \u2013 Terrorismo Nunca Mais, mas curiosamente as estat\u00edsticas da infovia deram a <strong>Notibras<\/strong> os cr\u00e9ditos de maior repercuss\u00e3o entre todos.<\/p>\n<p>Os n\u00fameros n\u00e3o impressionam apenas pelo alcance de <strong>Notibras<\/strong> na internet, mas pela manifesta\u00e7\u00e3o sobre o pol\u00eamico assunto que foi tratado. O cen\u00e1rio merece ser analisado com muita cautela. At\u00e9 porque n\u00e3o h\u00e1 uma organiza\u00e7\u00e3o chamada Dinuma \u2013 Ditadura Nunca Mais.<\/p>\n<p>A curiosidade reside em pontos espec\u00edficos, impens\u00e1vel para as novas gera\u00e7\u00f5es. Aqueles que viveram, foram forjados durante o per\u00edodo da ditadura militar, provavelmente guardam registros de um tempo em que ser comunista era uma aut\u00eantica forma de combater um regime totalitarista e repressivo. A foice e o martelo, marcas do comunismo, eram grife entre os jovens rebeldes.<\/p>\n<p>Alguns rom\u00e2nticos acreditaram que al\u00e9m de neur\u00f4nios, utilizar as mesmas armas dos militares poderia salvar a sociedade brasileira. A t\u00e1tica de guerrilha, de enfrentamento armado, de assaltos a bancos e sequestros, promovidos por combatentes an\u00f4nimos que hoje s\u00e3o celebridades, quase nenhum resultado pr\u00e1tico produziram, al\u00e9m de mortes e desaparecimentos de seus pares. E o pior: o Ato Institucional N\u00ba 5.<\/p>\n<p>Muitos desses her\u00f3is an\u00f4nimos, v\u00e1rios submetidos a torturas, reconhecem de forma aut\u00eantica, que nada passou de uma aventura muito corajosa e inconsequente. Outros utilizam sua biografia de terrorista com orgulho. \u00c9 leg\u00edtimo tamb\u00e9m. N\u00e3o h\u00e1 como afirmar que a ditadura foi prolongada em consequ\u00eancia desses combatentes isolados que n\u00e3o lograram \u00eaxito em suas a\u00e7\u00f5es.<\/p>\n<p>Mas h\u00e1 como afirmar que o fim do per\u00edodo de trevas para a liberdade individual se deu com a compet\u00eancia cerebral de ilustres brasileiros que fizeram a transi\u00e7\u00e3o para a liberdade sem dar um \u00fanico tiro. Com o apoio de uma sociedade revigorada por uma juventude informada e l\u00facida. Com a unanimidade da intelectualidade existente.<\/p>\n<p>\u00c9 claro que nem a maioria dos militares deseja um regime totalit\u00e1rio, sublinhando que o Brasil tem em suas armas um contingente popular, formado por militares que t\u00eam origem simples, ao contr\u00e1rio de outros pa\u00edses onde existem castas nessas for\u00e7as. Mas a curiosidade sobre a mat\u00e9ria do general est\u00e1 em ele fazer refer\u00eancia a duas celebridades sobreviventes daquele tempo: Dilma Rousseff e Aldo Rebelo. Uma ex-guerrilheira que \u00e9 a chefe do Estado que a torturou e um ministro comunista que comanda, imaginem, as For\u00e7as Armadas.<\/p>\n<p>Se existe no mundo um exemplo de toler\u00e2ncia certamente vivemos em um dos maiores cen\u00e1rios onde uma \u00fanica exist\u00eancia pode observar uma mudan\u00e7a t\u00e3o radical como a que estamos presenciando.<\/p>\n<p>Os regimes totalit\u00e1rios, entretanto, podem ser apresentados como regimes armados cujo conceito \u00e9 a for\u00e7a, ou como regime de manipula\u00e7\u00e3o, no qual o conceito \u00e9 a ilus\u00e3o. Ambos s\u00e3o devastadores, trazem sofrimento aos cidad\u00e3os.<\/p>\n<p>O Brasil n\u00e3o foi capaz de encontrar o caminho do meio. Preferiu ser enganado do que levar bala. N\u00e3o tinha op\u00e7\u00e3o. Hoje os brasileiros recebem mais tiros perdidos nas ruas do que na \u00e9poca da ditadura. A covardia \u00e9 a mesma.<\/p>\n<p>Sua maior arma, que \u00e9 o voto, est\u00e1 abastecida por uma muni\u00e7\u00e3o mentirosa, exposta pelo juiz-her\u00f3i Moro, que provou onde est\u00e3o a sa\u00fade, a seguran\u00e7a e a educa\u00e7\u00e3o brasileiras: nos bancos su\u00ed\u00e7os. Em contas de muitos que combatiam a ditadura com um discurso de liberdade que eles pr\u00f3prios hoje cerceiam com a gan\u00e2ncia de sair da pobreza para degustar charutos cubanos. \u00c9 nefasto o efeito desses falsos guerrilheiros.<\/p>\n<p>O general deve mesmo ter preservado o seu espa\u00e7o de manifesto e se ele ganha a ades\u00e3o de milhares de cidad\u00e3os, ent\u00e3o algo est\u00e1 no ar.<\/p>\n<p>Como na ditadura, o brasileiro mais humilde, simples e verdadeiro, l\u00e1 de Garanhuns (com certeza l\u00e1 existem pessoas honradas), \u00e9 ref\u00e9m de um Estado cruel que criou uma ditadura de ilus\u00e3o t\u00e3o desonesta quanto aquela das armas que vivemos no passado negro.<\/p>\n<p>Conclus\u00e3o: tudo \u00e9 uma grande mentira. E agora?<\/p>\n","protected":false},"excerpt":{"rendered":"<p>Mais de 4 milh\u00f5es de clicks. Mais de 12 mil curtidas, mais de uma centena de coment\u00e1rios, centenas de compartilhamentos no Facebook. A mat\u00e9ria mais lida de Notibras nos \u00faltimos dias, que traz a manchete: \u201cGeneral aponta artilharia verbal contra Dilma e ministro da Defesa\u201d, chama a aten\u00e7\u00e3o. Outros grandes portais de not\u00edcias do Brasil, [&hellip;]<\/p>\n","protected":false},"author":2,"featured_media":75314,"comment_status":"open","ping_status":"closed","sticky":false,"template":"","format":"standard","meta":{"_acf_changed":false,"footnotes":""},"categories":[48],"tags":[],"class_list":["post-75313","post","type-post","status-publish","format-standard","has-post-thumbnail","hentry","category-ferriche"],"acf":[],"yoast_head":"<!-- This site is optimized with the Yoast SEO plugin v27.2 - https:\/\/yoast.com\/product\/yoast-seo-wordpress\/ -->\n<title>Ca\u00e7ados na ditadura, Dilma e Aldo mandam, mas tem general de olho - Notibras<\/title>\n<meta name=\"robots\" content=\"index, follow, max-snippet:-1, max-image-preview:large, max-video-preview:-1\" \/>\n<link rel=\"canonical\" href=\"https:\/\/www.notibras.com\/site\/cacados-na-ditadura-dilma-e-aldo-hoje-mandam-mas-tem-general-de-olho-preocupado\/\" \/>\n<meta property=\"og:locale\" content=\"pt_BR\" \/>\n<meta property=\"og:type\" content=\"article\" \/>\n<meta property=\"og:title\" content=\"Ca\u00e7ados na ditadura, Dilma e Aldo mandam, mas tem general de olho - Notibras\" \/>\n<meta property=\"og:description\" content=\"Mais de 4 milh\u00f5es de clicks. Mais de 12 mil curtidas, mais de uma centena de coment\u00e1rios, centenas de compartilhamentos no Facebook. A mat\u00e9ria mais lida de Notibras nos \u00faltimos dias, que traz a manchete: \u201cGeneral aponta artilharia verbal contra Dilma e ministro da Defesa\u201d, chama a aten\u00e7\u00e3o. Outros grandes portais de not\u00edcias do Brasil, [&hellip;]\" \/>\n<meta property=\"og:url\" content=\"https:\/\/www.notibras.com\/site\/cacados-na-ditadura-dilma-e-aldo-hoje-mandam-mas-tem-general-de-olho-preocupado\/\" \/>\n<meta property=\"og:site_name\" content=\"Notibras\" \/>\n<meta property=\"article:publisher\" content=\"https:\/\/www.facebook.com\/notibras\/\" \/>\n<meta property=\"article:published_time\" content=\"2015-11-08T20:15:18+00:00\" \/>\n<meta property=\"article:modified_time\" content=\"2015-11-10T12:55:33+00:00\" \/>\n<meta property=\"og:image\" content=\"https:\/\/www.notibras.com\/site\/wp-content\/uploads\/2015\/11\/Contin\u00eancia.jpg\" \/>\n\t<meta property=\"og:image:width\" content=\"640\" \/>\n\t<meta property=\"og:image:height\" content=\"465\" \/>\n\t<meta property=\"og:image:type\" content=\"image\/jpeg\" \/>\n<meta name=\"author\" content=\"Reda\u00e7\u00e3o\" \/>\n<meta name=\"twitter:card\" content=\"summary_large_image\" \/>\n<meta name=\"twitter:creator\" content=\"@Notibras\" \/>\n<meta name=\"twitter:site\" content=\"@Notibras\" \/>\n<meta name=\"twitter:label1\" content=\"Escrito por\" \/>\n\t<meta name=\"twitter:data1\" content=\"Reda\u00e7\u00e3o\" \/>\n\t<meta name=\"twitter:label2\" content=\"Est. tempo de leitura\" \/>\n\t<meta name=\"twitter:data2\" content=\"4 minutos\" \/>\n<script type=\"application\/ld+json\" class=\"yoast-schema-graph\">{\"@context\":\"https:\/\/schema.org\",\"@graph\":[{\"@type\":\"Article\",\"@id\":\"https:\/\/www.notibras.com\/site\/cacados-na-ditadura-dilma-e-aldo-hoje-mandam-mas-tem-general-de-olho-preocupado\/#article\",\"isPartOf\":{\"@id\":\"https:\/\/www.notibras.com\/site\/cacados-na-ditadura-dilma-e-aldo-hoje-mandam-mas-tem-general-de-olho-preocupado\/\"},\"author\":{\"name\":\"Reda\u00e7\u00e3o\",\"@id\":\"https:\/\/www.notibras.com\/site\/#\/schema\/person\/36ab0979449956132d3e5b517ea76ac8\"},\"headline\":\"Ca\u00e7ados na ditadura, Dilma e Aldo mandam, mas tem general de olho\",\"datePublished\":\"2015-11-08T20:15:18+00:00\",\"dateModified\":\"2015-11-10T12:55:33+00:00\",\"mainEntityOfPage\":{\"@id\":\"https:\/\/www.notibras.com\/site\/cacados-na-ditadura-dilma-e-aldo-hoje-mandam-mas-tem-general-de-olho-preocupado\/\"},\"wordCount\":779,\"commentCount\":0,\"publisher\":{\"@id\":\"https:\/\/www.notibras.com\/site\/#organization\"},\"image\":{\"@id\":\"https:\/\/www.notibras.com\/site\/cacados-na-ditadura-dilma-e-aldo-hoje-mandam-mas-tem-general-de-olho-preocupado\/#primaryimage\"},\"thumbnailUrl\":\"https:\/\/www.notibras.com\/site\/wp-content\/uploads\/2015\/11\/Contin\u00eancia.jpg\",\"articleSection\":[\"Kleber Ferriche\"],\"inLanguage\":\"pt-BR\",\"potentialAction\":[{\"@type\":\"CommentAction\",\"name\":\"Comment\",\"target\":[\"https:\/\/www.notibras.com\/site\/cacados-na-ditadura-dilma-e-aldo-hoje-mandam-mas-tem-general-de-olho-preocupado\/#respond\"]}]},{\"@type\":\"WebPage\",\"@id\":\"https:\/\/www.notibras.com\/site\/cacados-na-ditadura-dilma-e-aldo-hoje-mandam-mas-tem-general-de-olho-preocupado\/\",\"url\":\"https:\/\/www.notibras.com\/site\/cacados-na-ditadura-dilma-e-aldo-hoje-mandam-mas-tem-general-de-olho-preocupado\/\",\"name\":\"Ca\u00e7ados na ditadura, Dilma e Aldo mandam, mas tem general de olho - Notibras\",\"isPartOf\":{\"@id\":\"https:\/\/www.notibras.com\/site\/#website\"},\"primaryImageOfPage\":{\"@id\":\"https:\/\/www.notibras.com\/site\/cacados-na-ditadura-dilma-e-aldo-hoje-mandam-mas-tem-general-de-olho-preocupado\/#primaryimage\"},\"image\":{\"@id\":\"https:\/\/www.notibras.com\/site\/cacados-na-ditadura-dilma-e-aldo-hoje-mandam-mas-tem-general-de-olho-preocupado\/#primaryimage\"},\"thumbnailUrl\":\"https:\/\/www.notibras.com\/site\/wp-content\/uploads\/2015\/11\/Contin\u00eancia.jpg\",\"datePublished\":\"2015-11-08T20:15:18+00:00\",\"dateModified\":\"2015-11-10T12:55:33+00:00\",\"breadcrumb\":{\"@id\":\"https:\/\/www.notibras.com\/site\/cacados-na-ditadura-dilma-e-aldo-hoje-mandam-mas-tem-general-de-olho-preocupado\/#breadcrumb\"},\"inLanguage\":\"pt-BR\",\"potentialAction\":[{\"@type\":\"ReadAction\",\"target\":[\"https:\/\/www.notibras.com\/site\/cacados-na-ditadura-dilma-e-aldo-hoje-mandam-mas-tem-general-de-olho-preocupado\/\"]}]},{\"@type\":\"ImageObject\",\"inLanguage\":\"pt-BR\",\"@id\":\"https:\/\/www.notibras.com\/site\/cacados-na-ditadura-dilma-e-aldo-hoje-mandam-mas-tem-general-de-olho-preocupado\/#primaryimage\",\"url\":\"https:\/\/www.notibras.com\/site\/wp-content\/uploads\/2015\/11\/Contin\u00eancia.jpg\",\"contentUrl\":\"https:\/\/www.notibras.com\/site\/wp-content\/uploads\/2015\/11\/Contin\u00eancia.jpg\",\"width\":640,\"height\":465},{\"@type\":\"BreadcrumbList\",\"@id\":\"https:\/\/www.notibras.com\/site\/cacados-na-ditadura-dilma-e-aldo-hoje-mandam-mas-tem-general-de-olho-preocupado\/#breadcrumb\",\"itemListElement\":[{\"@type\":\"ListItem\",\"position\":1,\"name\":\"In\u00edcio\",\"item\":\"https:\/\/www.notibras.com\/site\/\"},{\"@type\":\"ListItem\",\"position\":2,\"name\":\"Ca\u00e7ados na ditadura, Dilma e Aldo mandam, mas tem general de olho\"}]},{\"@type\":\"WebSite\",\"@id\":\"https:\/\/www.notibras.com\/site\/#website\",\"url\":\"https:\/\/www.notibras.com\/site\/\",\"name\":\"Notibras\",\"description\":\"Not\u00edcias de Bras\u00edlia, do Brasil e do Mundo\",\"publisher\":{\"@id\":\"https:\/\/www.notibras.com\/site\/#organization\"},\"potentialAction\":[{\"@type\":\"SearchAction\",\"target\":{\"@type\":\"EntryPoint\",\"urlTemplate\":\"https:\/\/www.notibras.com\/site\/?s={search_term_string}\"},\"query-input\":{\"@type\":\"PropertyValueSpecification\",\"valueRequired\":true,\"valueName\":\"search_term_string\"}}],\"inLanguage\":\"pt-BR\"},{\"@type\":\"Organization\",\"@id\":\"https:\/\/www.notibras.com\/site\/#organization\",\"name\":\"Grupo Notibras de Comunica\u00e7\u00e3o\",\"url\":\"https:\/\/www.notibras.com\/site\/\",\"logo\":{\"@type\":\"ImageObject\",\"inLanguage\":\"pt-BR\",\"@id\":\"https:\/\/www.notibras.com\/site\/#\/schema\/logo\/image\/\",\"url\":\"https:\/\/www.notibras.com\/site\/wp-content\/uploads\/2023\/01\/notibras23.png\",\"contentUrl\":\"https:\/\/www.notibras.com\/site\/wp-content\/uploads\/2023\/01\/notibras23.png\",\"width\":350,\"height\":87,\"caption\":\"Grupo Notibras de Comunica\u00e7\u00e3o\"},\"image\":{\"@id\":\"https:\/\/www.notibras.com\/site\/#\/schema\/logo\/image\/\"},\"sameAs\":[\"https:\/\/www.facebook.com\/notibras\/\",\"https:\/\/x.com\/Notibras\",\"https:\/\/www.instagram.com\/notibras\/\"]},{\"@type\":\"Person\",\"@id\":\"https:\/\/www.notibras.com\/site\/#\/schema\/person\/36ab0979449956132d3e5b517ea76ac8\",\"name\":\"Reda\u00e7\u00e3o\",\"image\":{\"@type\":\"ImageObject\",\"inLanguage\":\"pt-BR\",\"@id\":\"https:\/\/secure.gravatar.com\/avatar\/e0a867bdedb85fd243eadf09663511f96fc81e0720a4a42581f334ad4303aa6b?s=96&d=mm&r=g\",\"url\":\"https:\/\/secure.gravatar.com\/avatar\/e0a867bdedb85fd243eadf09663511f96fc81e0720a4a42581f334ad4303aa6b?s=96&d=mm&r=g\",\"contentUrl\":\"https:\/\/secure.gravatar.com\/avatar\/e0a867bdedb85fd243eadf09663511f96fc81e0720a4a42581f334ad4303aa6b?s=96&d=mm&r=g\",\"caption\":\"Reda\u00e7\u00e3o\"}}]}<\/script>\n<!-- \/ Yoast SEO plugin. -->","yoast_head_json":{"title":"Ca\u00e7ados na ditadura, Dilma e Aldo mandam, mas tem general de olho - Notibras","robots":{"index":"index","follow":"follow","max-snippet":"max-snippet:-1","max-image-preview":"max-image-preview:large","max-video-preview":"max-video-preview:-1"},"canonical":"https:\/\/www.notibras.com\/site\/cacados-na-ditadura-dilma-e-aldo-hoje-mandam-mas-tem-general-de-olho-preocupado\/","og_locale":"pt_BR","og_type":"article","og_title":"Ca\u00e7ados na ditadura, Dilma e Aldo mandam, mas tem general de olho - Notibras","og_description":"Mais de 4 milh\u00f5es de clicks. Mais de 12 mil curtidas, mais de uma centena de coment\u00e1rios, centenas de compartilhamentos no Facebook. A mat\u00e9ria mais lida de Notibras nos \u00faltimos dias, que traz a manchete: \u201cGeneral aponta artilharia verbal contra Dilma e ministro da Defesa\u201d, chama a aten\u00e7\u00e3o. Outros grandes portais de not\u00edcias do Brasil, [&hellip;]","og_url":"https:\/\/www.notibras.com\/site\/cacados-na-ditadura-dilma-e-aldo-hoje-mandam-mas-tem-general-de-olho-preocupado\/","og_site_name":"Notibras","article_publisher":"https:\/\/www.facebook.com\/notibras\/","article_published_time":"2015-11-08T20:15:18+00:00","article_modified_time":"2015-11-10T12:55:33+00:00","og_image":[{"width":640,"height":465,"url":"https:\/\/www.notibras.com\/site\/wp-content\/uploads\/2015\/11\/Contin\u00eancia.jpg","type":"image\/jpeg"}],"author":"Reda\u00e7\u00e3o","twitter_card":"summary_large_image","twitter_creator":"@Notibras","twitter_site":"@Notibras","twitter_misc":{"Escrito por":"Reda\u00e7\u00e3o","Est. tempo de leitura":"4 minutos"},"schema":{"@context":"https:\/\/schema.org","@graph":[{"@type":"Article","@id":"https:\/\/www.notibras.com\/site\/cacados-na-ditadura-dilma-e-aldo-hoje-mandam-mas-tem-general-de-olho-preocupado\/#article","isPartOf":{"@id":"https:\/\/www.notibras.com\/site\/cacados-na-ditadura-dilma-e-aldo-hoje-mandam-mas-tem-general-de-olho-preocupado\/"},"author":{"name":"Reda\u00e7\u00e3o","@id":"https:\/\/www.notibras.com\/site\/#\/schema\/person\/36ab0979449956132d3e5b517ea76ac8"},"headline":"Ca\u00e7ados na ditadura, Dilma e Aldo mandam, mas tem general de olho","datePublished":"2015-11-08T20:15:18+00:00","dateModified":"2015-11-10T12:55:33+00:00","mainEntityOfPage":{"@id":"https:\/\/www.notibras.com\/site\/cacados-na-ditadura-dilma-e-aldo-hoje-mandam-mas-tem-general-de-olho-preocupado\/"},"wordCount":779,"commentCount":0,"publisher":{"@id":"https:\/\/www.notibras.com\/site\/#organization"},"image":{"@id":"https:\/\/www.notibras.com\/site\/cacados-na-ditadura-dilma-e-aldo-hoje-mandam-mas-tem-general-de-olho-preocupado\/#primaryimage"},"thumbnailUrl":"https:\/\/www.notibras.com\/site\/wp-content\/uploads\/2015\/11\/Contin\u00eancia.jpg","articleSection":["Kleber Ferriche"],"inLanguage":"pt-BR","potentialAction":[{"@type":"CommentAction","name":"Comment","target":["https:\/\/www.notibras.com\/site\/cacados-na-ditadura-dilma-e-aldo-hoje-mandam-mas-tem-general-de-olho-preocupado\/#respond"]}]},{"@type":"WebPage","@id":"https:\/\/www.notibras.com\/site\/cacados-na-ditadura-dilma-e-aldo-hoje-mandam-mas-tem-general-de-olho-preocupado\/","url":"https:\/\/www.notibras.com\/site\/cacados-na-ditadura-dilma-e-aldo-hoje-mandam-mas-tem-general-de-olho-preocupado\/","name":"Ca\u00e7ados na ditadura, Dilma e Aldo mandam, mas tem general de olho - Notibras","isPartOf":{"@id":"https:\/\/www.notibras.com\/site\/#website"},"primaryImageOfPage":{"@id":"https:\/\/www.notibras.com\/site\/cacados-na-ditadura-dilma-e-aldo-hoje-mandam-mas-tem-general-de-olho-preocupado\/#primaryimage"},"image":{"@id":"https:\/\/www.notibras.com\/site\/cacados-na-ditadura-dilma-e-aldo-hoje-mandam-mas-tem-general-de-olho-preocupado\/#primaryimage"},"thumbnailUrl":"https:\/\/www.notibras.com\/site\/wp-content\/uploads\/2015\/11\/Contin\u00eancia.jpg","datePublished":"2015-11-08T20:15:18+00:00","dateModified":"2015-11-10T12:55:33+00:00","breadcrumb":{"@id":"https:\/\/www.notibras.com\/site\/cacados-na-ditadura-dilma-e-aldo-hoje-mandam-mas-tem-general-de-olho-preocupado\/#breadcrumb"},"inLanguage":"pt-BR","potentialAction":[{"@type":"ReadAction","target":["https:\/\/www.notibras.com\/site\/cacados-na-ditadura-dilma-e-aldo-hoje-mandam-mas-tem-general-de-olho-preocupado\/"]}]},{"@type":"ImageObject","inLanguage":"pt-BR","@id":"https:\/\/www.notibras.com\/site\/cacados-na-ditadura-dilma-e-aldo-hoje-mandam-mas-tem-general-de-olho-preocupado\/#primaryimage","url":"https:\/\/www.notibras.com\/site\/wp-content\/uploads\/2015\/11\/Contin\u00eancia.jpg","contentUrl":"https:\/\/www.notibras.com\/site\/wp-content\/uploads\/2015\/11\/Contin\u00eancia.jpg","width":640,"height":465},{"@type":"BreadcrumbList","@id":"https:\/\/www.notibras.com\/site\/cacados-na-ditadura-dilma-e-aldo-hoje-mandam-mas-tem-general-de-olho-preocupado\/#breadcrumb","itemListElement":[{"@type":"ListItem","position":1,"name":"In\u00edcio","item":"https:\/\/www.notibras.com\/site\/"},{"@type":"ListItem","position":2,"name":"Ca\u00e7ados na ditadura, Dilma e Aldo mandam, mas tem general de olho"}]},{"@type":"WebSite","@id":"https:\/\/www.notibras.com\/site\/#website","url":"https:\/\/www.notibras.com\/site\/","name":"Notibras","description":"Not\u00edcias de Bras\u00edlia, do Brasil e do Mundo","publisher":{"@id":"https:\/\/www.notibras.com\/site\/#organization"},"potentialAction":[{"@type":"SearchAction","target":{"@type":"EntryPoint","urlTemplate":"https:\/\/www.notibras.com\/site\/?s={search_term_string}"},"query-input":{"@type":"PropertyValueSpecification","valueRequired":true,"valueName":"search_term_string"}}],"inLanguage":"pt-BR"},{"@type":"Organization","@id":"https:\/\/www.notibras.com\/site\/#organization","name":"Grupo Notibras de Comunica\u00e7\u00e3o","url":"https:\/\/www.notibras.com\/site\/","logo":{"@type":"ImageObject","inLanguage":"pt-BR","@id":"https:\/\/www.notibras.com\/site\/#\/schema\/logo\/image\/","url":"https:\/\/www.notibras.com\/site\/wp-content\/uploads\/2023\/01\/notibras23.png","contentUrl":"https:\/\/www.notibras.com\/site\/wp-content\/uploads\/2023\/01\/notibras23.png","width":350,"height":87,"caption":"Grupo Notibras de Comunica\u00e7\u00e3o"},"image":{"@id":"https:\/\/www.notibras.com\/site\/#\/schema\/logo\/image\/"},"sameAs":["https:\/\/www.facebook.com\/notibras\/","https:\/\/x.com\/Notibras","https:\/\/www.instagram.com\/notibras\/"]},{"@type":"Person","@id":"https:\/\/www.notibras.com\/site\/#\/schema\/person\/36ab0979449956132d3e5b517ea76ac8","name":"Reda\u00e7\u00e3o","image":{"@type":"ImageObject","inLanguage":"pt-BR","@id":"https:\/\/secure.gravatar.com\/avatar\/e0a867bdedb85fd243eadf09663511f96fc81e0720a4a42581f334ad4303aa6b?s=96&d=mm&r=g","url":"https:\/\/secure.gravatar.com\/avatar\/e0a867bdedb85fd243eadf09663511f96fc81e0720a4a42581f334ad4303aa6b?s=96&d=mm&r=g","contentUrl":"https:\/\/secure.gravatar.com\/avatar\/e0a867bdedb85fd243eadf09663511f96fc81e0720a4a42581f334ad4303aa6b?s=96&d=mm&r=g","caption":"Reda\u00e7\u00e3o"}}]}},"amp_enabled":true,"_links":{"self":[{"href":"https:\/\/www.notibras.com\/site\/wp-json\/wp\/v2\/posts\/75313","targetHints":{"allow":["GET"]}}],"collection":[{"href":"https:\/\/www.notibras.com\/site\/wp-json\/wp\/v2\/posts"}],"about":[{"href":"https:\/\/www.notibras.com\/site\/wp-json\/wp\/v2\/types\/post"}],"author":[{"embeddable":true,"href":"https:\/\/www.notibras.com\/site\/wp-json\/wp\/v2\/users\/2"}],"replies":[{"embeddable":true,"href":"https:\/\/www.notibras.com\/site\/wp-json\/wp\/v2\/comments?post=75313"}],"version-history":[{"count":4,"href":"https:\/\/www.notibras.com\/site\/wp-json\/wp\/v2\/posts\/75313\/revisions"}],"predecessor-version":[{"id":75432,"href":"https:\/\/www.notibras.com\/site\/wp-json\/wp\/v2\/posts\/75313\/revisions\/75432"}],"wp:featuredmedia":[{"embeddable":true,"href":"https:\/\/www.notibras.com\/site\/wp-json\/wp\/v2\/media\/75314"}],"wp:attachment":[{"href":"https:\/\/www.notibras.com\/site\/wp-json\/wp\/v2\/media?parent=75313"}],"wp:term":[{"taxonomy":"category","embeddable":true,"href":"https:\/\/www.notibras.com\/site\/wp-json\/wp\/v2\/categories?post=75313"},{"taxonomy":"post_tag","embeddable":true,"href":"https:\/\/www.notibras.com\/site\/wp-json\/wp\/v2\/tags?post=75313"}],"curies":[{"name":"wp","href":"https:\/\/api.w.org\/{rel}","templated":true}]}}