{"id":7536,"date":"2014-04-24T13:02:59","date_gmt":"2014-04-24T16:02:59","guid":{"rendered":"http:\/\/www.notibras.com\/site\/?p=7536"},"modified":"2014-04-25T09:49:48","modified_gmt":"2014-04-25T12:49:48","slug":"juizado-especial-garante-a-domestica-aposentadoria-por-invalidez","status":"publish","type":"post","link":"https:\/\/www.notibras.com\/site\/juizado-especial-garante-a-domestica-aposentadoria-por-invalidez\/","title":{"rendered":"Juizado garante aposentadoria de dom\u00e9stica por invalidez"},"content":{"rendered":"<p>Reunida no \u00faltimo dia 9 de abril, a Turma Nacional de Uniformiza\u00e7\u00e3o dos Juizados Especiais Federais (TNU) garantiu a aposentadoria por invalidez de uma dom\u00e9stica com artrose na coluna e doen\u00e7a degenerativa do disco intervertebral \u2013 considerada parcialmente incapaz para trabalho pela per\u00edcia realizada pelo INSS.<\/p>\n<p>Ao negar o recurso da autarquia, o Colegiado confirmou a validade da decis\u00e3o da Turma Recursal, com base na S\u00famula 47, segundo a qual o juiz deve analisar, al\u00e9m das condi\u00e7\u00f5es f\u00edsicas, tamb\u00e9m as condi\u00e7\u00f5es pessoais e sociais do segurado para a concess\u00e3o do benef\u00edcio por invalidez.<\/p>\n<p>De acordo com os autos, a senten\u00e7a de primeiro grau havia negado a aposentadoria para a autora da a\u00e7\u00e3o. Inconformada, a segurada recorreu \u00e0 Turma Recursal, a qual entendeu que, com a idade de 60 anos e na atividade de empregada dom\u00e9stica, as limita\u00e7\u00f5es descritas pelo perito a impediriam, sim, de trabalhar.<\/p>\n<p>Segundo o ac\u00f3rd\u00e3o, o exerc\u00edcio da atividade de dom\u00e9stica exigiria da trabalhadora doente esfor\u00e7os f\u00edsicos repetitivos e a perman\u00eancia por longos per\u00edodos em p\u00e9. Para o relator do processo na TNU, o colegiado paraibano decidiu bem a quest\u00e3o, ao considerar as condi\u00e7\u00f5es pessoais e sociais da autora.<\/p>\n<p>Segundo ressalta o relator, \u00e9 raro quem empregue pessoas com idade de 60 anos &#8211;\u00a0 a autora, hoje, tem 64 anos. Ainda por cima, prossegue o relator, em locais onde essa m\u00e3o de obra ainda n\u00e3o se mostra escassa.<\/p>\n<p>O pedido de uniformiza\u00e7\u00e3o do INSS \u00e0 TNU n\u00e3o foi conhecido, portanto, com base na S\u00famula 42, pois implicaria em reexame de provas, o que n\u00e3o compete ao Colegiado. \u201cClaramente estamos a discutir aspectos f\u00e1ticos do caso concreto e das provas materiais apresentadas, o que est\u00e1 fora do \u00e2mbito de atua\u00e7\u00e3o uniformizadora deste Colegiado\u201d, sustentou o juiz Luiz Claudio Flores da Cunha.<\/p>\n","protected":false},"excerpt":{"rendered":"<p>Reunida no \u00faltimo dia 9 de abril, a Turma Nacional de Uniformiza\u00e7\u00e3o dos Juizados Especiais Federais (TNU) garantiu a aposentadoria por invalidez de uma dom\u00e9stica com artrose na coluna e doen\u00e7a degenerativa do disco intervertebral \u2013 considerada parcialmente incapaz para trabalho pela per\u00edcia realizada pelo INSS. Ao negar o recurso da autarquia, o Colegiado confirmou [&hellip;]<\/p>\n","protected":false},"author":2,"featured_media":7538,"comment_status":"open","ping_status":"closed","sticky":false,"template":"","format":"standard","meta":{"_acf_changed":false,"footnotes":""},"categories":[16],"tags":[],"class_list":["post-7536","post","type-post","status-publish","format-standard","has-post-thumbnail","hentry","category-brasil"],"acf":[],"yoast_head":"<!-- This site is optimized with the Yoast SEO plugin v27.2 - https:\/\/yoast.com\/product\/yoast-seo-wordpress\/ -->\n<title>Juizado garante aposentadoria de dom\u00e9stica por invalidez - Notibras<\/title>\n<meta name=\"robots\" content=\"index, follow, max-snippet:-1, max-image-preview:large, max-video-preview:-1\" \/>\n<link rel=\"canonical\" href=\"https:\/\/www.notibras.com\/site\/juizado-especial-garante-a-domestica-aposentadoria-por-invalidez\/\" \/>\n<meta property=\"og:locale\" content=\"pt_BR\" \/>\n<meta property=\"og:type\" content=\"article\" \/>\n<meta property=\"og:title\" content=\"Juizado garante aposentadoria de dom\u00e9stica por invalidez - Notibras\" \/>\n<meta property=\"og:description\" content=\"Reunida no \u00faltimo dia 9 de abril, a Turma Nacional de Uniformiza\u00e7\u00e3o dos Juizados Especiais Federais (TNU) garantiu a aposentadoria por invalidez de uma dom\u00e9stica com artrose na coluna e doen\u00e7a degenerativa do disco intervertebral \u2013 considerada parcialmente incapaz para trabalho pela per\u00edcia realizada pelo INSS. Ao negar o recurso da autarquia, o Colegiado confirmou [&hellip;]\" \/>\n<meta property=\"og:url\" content=\"https:\/\/www.notibras.com\/site\/juizado-especial-garante-a-domestica-aposentadoria-por-invalidez\/\" \/>\n<meta property=\"og:site_name\" content=\"Notibras\" \/>\n<meta property=\"article:publisher\" content=\"https:\/\/www.facebook.com\/notibras\/\" \/>\n<meta property=\"article:published_time\" content=\"2014-04-24T16:02:59+00:00\" \/>\n<meta property=\"article:modified_time\" content=\"2014-04-25T12:49:48+00:00\" \/>\n<meta property=\"og:image\" content=\"https:\/\/www.notibras.com\/site\/wp-content\/uploads\/2014\/04\/AposentadoriaporInvalidez.jpg\" \/>\n\t<meta property=\"og:image:width\" content=\"404\" \/>\n\t<meta property=\"og:image:height\" content=\"300\" \/>\n\t<meta property=\"og:image:type\" content=\"image\/jpeg\" \/>\n<meta name=\"author\" content=\"Reda\u00e7\u00e3o\" \/>\n<meta name=\"twitter:card\" content=\"summary_large_image\" \/>\n<meta name=\"twitter:creator\" content=\"@Notibras\" \/>\n<meta name=\"twitter:site\" content=\"@Notibras\" \/>\n<meta name=\"twitter:label1\" content=\"Escrito por\" \/>\n\t<meta name=\"twitter:data1\" content=\"Reda\u00e7\u00e3o\" \/>\n\t<meta name=\"twitter:label2\" content=\"Est. tempo de leitura\" \/>\n\t<meta name=\"twitter:data2\" content=\"2 minutos\" \/>\n<script type=\"application\/ld+json\" class=\"yoast-schema-graph\">{\"@context\":\"https:\/\/schema.org\",\"@graph\":[{\"@type\":\"Article\",\"@id\":\"https:\/\/www.notibras.com\/site\/juizado-especial-garante-a-domestica-aposentadoria-por-invalidez\/#article\",\"isPartOf\":{\"@id\":\"https:\/\/www.notibras.com\/site\/juizado-especial-garante-a-domestica-aposentadoria-por-invalidez\/\"},\"author\":{\"name\":\"Reda\u00e7\u00e3o\",\"@id\":\"https:\/\/www.notibras.com\/site\/#\/schema\/person\/36ab0979449956132d3e5b517ea76ac8\"},\"headline\":\"Juizado garante aposentadoria de dom\u00e9stica por invalidez\",\"datePublished\":\"2014-04-24T16:02:59+00:00\",\"dateModified\":\"2014-04-25T12:49:48+00:00\",\"mainEntityOfPage\":{\"@id\":\"https:\/\/www.notibras.com\/site\/juizado-especial-garante-a-domestica-aposentadoria-por-invalidez\/\"},\"wordCount\":326,\"commentCount\":0,\"publisher\":{\"@id\":\"https:\/\/www.notibras.com\/site\/#organization\"},\"image\":{\"@id\":\"https:\/\/www.notibras.com\/site\/juizado-especial-garante-a-domestica-aposentadoria-por-invalidez\/#primaryimage\"},\"thumbnailUrl\":\"https:\/\/www.notibras.com\/site\/wp-content\/uploads\/2014\/04\/AposentadoriaporInvalidez.jpg\",\"articleSection\":[\"Brasil\"],\"inLanguage\":\"pt-BR\",\"potentialAction\":[{\"@type\":\"CommentAction\",\"name\":\"Comment\",\"target\":[\"https:\/\/www.notibras.com\/site\/juizado-especial-garante-a-domestica-aposentadoria-por-invalidez\/#respond\"]}]},{\"@type\":\"WebPage\",\"@id\":\"https:\/\/www.notibras.com\/site\/juizado-especial-garante-a-domestica-aposentadoria-por-invalidez\/\",\"url\":\"https:\/\/www.notibras.com\/site\/juizado-especial-garante-a-domestica-aposentadoria-por-invalidez\/\",\"name\":\"Juizado garante aposentadoria de dom\u00e9stica por invalidez - Notibras\",\"isPartOf\":{\"@id\":\"https:\/\/www.notibras.com\/site\/#website\"},\"primaryImageOfPage\":{\"@id\":\"https:\/\/www.notibras.com\/site\/juizado-especial-garante-a-domestica-aposentadoria-por-invalidez\/#primaryimage\"},\"image\":{\"@id\":\"https:\/\/www.notibras.com\/site\/juizado-especial-garante-a-domestica-aposentadoria-por-invalidez\/#primaryimage\"},\"thumbnailUrl\":\"https:\/\/www.notibras.com\/site\/wp-content\/uploads\/2014\/04\/AposentadoriaporInvalidez.jpg\",\"datePublished\":\"2014-04-24T16:02:59+00:00\",\"dateModified\":\"2014-04-25T12:49:48+00:00\",\"breadcrumb\":{\"@id\":\"https:\/\/www.notibras.com\/site\/juizado-especial-garante-a-domestica-aposentadoria-por-invalidez\/#breadcrumb\"},\"inLanguage\":\"pt-BR\",\"potentialAction\":[{\"@type\":\"ReadAction\",\"target\":[\"https:\/\/www.notibras.com\/site\/juizado-especial-garante-a-domestica-aposentadoria-por-invalidez\/\"]}]},{\"@type\":\"ImageObject\",\"inLanguage\":\"pt-BR\",\"@id\":\"https:\/\/www.notibras.com\/site\/juizado-especial-garante-a-domestica-aposentadoria-por-invalidez\/#primaryimage\",\"url\":\"https:\/\/www.notibras.com\/site\/wp-content\/uploads\/2014\/04\/AposentadoriaporInvalidez.jpg\",\"contentUrl\":\"https:\/\/www.notibras.com\/site\/wp-content\/uploads\/2014\/04\/AposentadoriaporInvalidez.jpg\",\"width\":404,\"height\":300},{\"@type\":\"BreadcrumbList\",\"@id\":\"https:\/\/www.notibras.com\/site\/juizado-especial-garante-a-domestica-aposentadoria-por-invalidez\/#breadcrumb\",\"itemListElement\":[{\"@type\":\"ListItem\",\"position\":1,\"name\":\"In\u00edcio\",\"item\":\"https:\/\/www.notibras.com\/site\/\"},{\"@type\":\"ListItem\",\"position\":2,\"name\":\"Juizado garante aposentadoria de dom\u00e9stica por invalidez\"}]},{\"@type\":\"WebSite\",\"@id\":\"https:\/\/www.notibras.com\/site\/#website\",\"url\":\"https:\/\/www.notibras.com\/site\/\",\"name\":\"Notibras\",\"description\":\"Not\u00edcias de Bras\u00edlia, do Brasil e do Mundo\",\"publisher\":{\"@id\":\"https:\/\/www.notibras.com\/site\/#organization\"},\"potentialAction\":[{\"@type\":\"SearchAction\",\"target\":{\"@type\":\"EntryPoint\",\"urlTemplate\":\"https:\/\/www.notibras.com\/site\/?s={search_term_string}\"},\"query-input\":{\"@type\":\"PropertyValueSpecification\",\"valueRequired\":true,\"valueName\":\"search_term_string\"}}],\"inLanguage\":\"pt-BR\"},{\"@type\":\"Organization\",\"@id\":\"https:\/\/www.notibras.com\/site\/#organization\",\"name\":\"Grupo Notibras de Comunica\u00e7\u00e3o\",\"url\":\"https:\/\/www.notibras.com\/site\/\",\"logo\":{\"@type\":\"ImageObject\",\"inLanguage\":\"pt-BR\",\"@id\":\"https:\/\/www.notibras.com\/site\/#\/schema\/logo\/image\/\",\"url\":\"https:\/\/www.notibras.com\/site\/wp-content\/uploads\/2023\/01\/notibras23.png\",\"contentUrl\":\"https:\/\/www.notibras.com\/site\/wp-content\/uploads\/2023\/01\/notibras23.png\",\"width\":350,\"height\":87,\"caption\":\"Grupo Notibras de Comunica\u00e7\u00e3o\"},\"image\":{\"@id\":\"https:\/\/www.notibras.com\/site\/#\/schema\/logo\/image\/\"},\"sameAs\":[\"https:\/\/www.facebook.com\/notibras\/\",\"https:\/\/x.com\/Notibras\",\"https:\/\/www.instagram.com\/notibras\/\"]},{\"@type\":\"Person\",\"@id\":\"https:\/\/www.notibras.com\/site\/#\/schema\/person\/36ab0979449956132d3e5b517ea76ac8\",\"name\":\"Reda\u00e7\u00e3o\",\"image\":{\"@type\":\"ImageObject\",\"inLanguage\":\"pt-BR\",\"@id\":\"https:\/\/secure.gravatar.com\/avatar\/e0a867bdedb85fd243eadf09663511f96fc81e0720a4a42581f334ad4303aa6b?s=96&d=mm&r=g\",\"url\":\"https:\/\/secure.gravatar.com\/avatar\/e0a867bdedb85fd243eadf09663511f96fc81e0720a4a42581f334ad4303aa6b?s=96&d=mm&r=g\",\"contentUrl\":\"https:\/\/secure.gravatar.com\/avatar\/e0a867bdedb85fd243eadf09663511f96fc81e0720a4a42581f334ad4303aa6b?s=96&d=mm&r=g\",\"caption\":\"Reda\u00e7\u00e3o\"}}]}<\/script>\n<!-- \/ Yoast SEO plugin. -->","yoast_head_json":{"title":"Juizado garante aposentadoria de dom\u00e9stica por invalidez - Notibras","robots":{"index":"index","follow":"follow","max-snippet":"max-snippet:-1","max-image-preview":"max-image-preview:large","max-video-preview":"max-video-preview:-1"},"canonical":"https:\/\/www.notibras.com\/site\/juizado-especial-garante-a-domestica-aposentadoria-por-invalidez\/","og_locale":"pt_BR","og_type":"article","og_title":"Juizado garante aposentadoria de dom\u00e9stica por invalidez - Notibras","og_description":"Reunida no \u00faltimo dia 9 de abril, a Turma Nacional de Uniformiza\u00e7\u00e3o dos Juizados Especiais Federais (TNU) garantiu a aposentadoria por invalidez de uma dom\u00e9stica com artrose na coluna e doen\u00e7a degenerativa do disco intervertebral \u2013 considerada parcialmente incapaz para trabalho pela per\u00edcia realizada pelo INSS. Ao negar o recurso da autarquia, o Colegiado confirmou [&hellip;]","og_url":"https:\/\/www.notibras.com\/site\/juizado-especial-garante-a-domestica-aposentadoria-por-invalidez\/","og_site_name":"Notibras","article_publisher":"https:\/\/www.facebook.com\/notibras\/","article_published_time":"2014-04-24T16:02:59+00:00","article_modified_time":"2014-04-25T12:49:48+00:00","og_image":[{"width":404,"height":300,"url":"https:\/\/www.notibras.com\/site\/wp-content\/uploads\/2014\/04\/AposentadoriaporInvalidez.jpg","type":"image\/jpeg"}],"author":"Reda\u00e7\u00e3o","twitter_card":"summary_large_image","twitter_creator":"@Notibras","twitter_site":"@Notibras","twitter_misc":{"Escrito por":"Reda\u00e7\u00e3o","Est. tempo de leitura":"2 minutos"},"schema":{"@context":"https:\/\/schema.org","@graph":[{"@type":"Article","@id":"https:\/\/www.notibras.com\/site\/juizado-especial-garante-a-domestica-aposentadoria-por-invalidez\/#article","isPartOf":{"@id":"https:\/\/www.notibras.com\/site\/juizado-especial-garante-a-domestica-aposentadoria-por-invalidez\/"},"author":{"name":"Reda\u00e7\u00e3o","@id":"https:\/\/www.notibras.com\/site\/#\/schema\/person\/36ab0979449956132d3e5b517ea76ac8"},"headline":"Juizado garante aposentadoria de dom\u00e9stica por invalidez","datePublished":"2014-04-24T16:02:59+00:00","dateModified":"2014-04-25T12:49:48+00:00","mainEntityOfPage":{"@id":"https:\/\/www.notibras.com\/site\/juizado-especial-garante-a-domestica-aposentadoria-por-invalidez\/"},"wordCount":326,"commentCount":0,"publisher":{"@id":"https:\/\/www.notibras.com\/site\/#organization"},"image":{"@id":"https:\/\/www.notibras.com\/site\/juizado-especial-garante-a-domestica-aposentadoria-por-invalidez\/#primaryimage"},"thumbnailUrl":"https:\/\/www.notibras.com\/site\/wp-content\/uploads\/2014\/04\/AposentadoriaporInvalidez.jpg","articleSection":["Brasil"],"inLanguage":"pt-BR","potentialAction":[{"@type":"CommentAction","name":"Comment","target":["https:\/\/www.notibras.com\/site\/juizado-especial-garante-a-domestica-aposentadoria-por-invalidez\/#respond"]}]},{"@type":"WebPage","@id":"https:\/\/www.notibras.com\/site\/juizado-especial-garante-a-domestica-aposentadoria-por-invalidez\/","url":"https:\/\/www.notibras.com\/site\/juizado-especial-garante-a-domestica-aposentadoria-por-invalidez\/","name":"Juizado garante aposentadoria de dom\u00e9stica por invalidez - Notibras","isPartOf":{"@id":"https:\/\/www.notibras.com\/site\/#website"},"primaryImageOfPage":{"@id":"https:\/\/www.notibras.com\/site\/juizado-especial-garante-a-domestica-aposentadoria-por-invalidez\/#primaryimage"},"image":{"@id":"https:\/\/www.notibras.com\/site\/juizado-especial-garante-a-domestica-aposentadoria-por-invalidez\/#primaryimage"},"thumbnailUrl":"https:\/\/www.notibras.com\/site\/wp-content\/uploads\/2014\/04\/AposentadoriaporInvalidez.jpg","datePublished":"2014-04-24T16:02:59+00:00","dateModified":"2014-04-25T12:49:48+00:00","breadcrumb":{"@id":"https:\/\/www.notibras.com\/site\/juizado-especial-garante-a-domestica-aposentadoria-por-invalidez\/#breadcrumb"},"inLanguage":"pt-BR","potentialAction":[{"@type":"ReadAction","target":["https:\/\/www.notibras.com\/site\/juizado-especial-garante-a-domestica-aposentadoria-por-invalidez\/"]}]},{"@type":"ImageObject","inLanguage":"pt-BR","@id":"https:\/\/www.notibras.com\/site\/juizado-especial-garante-a-domestica-aposentadoria-por-invalidez\/#primaryimage","url":"https:\/\/www.notibras.com\/site\/wp-content\/uploads\/2014\/04\/AposentadoriaporInvalidez.jpg","contentUrl":"https:\/\/www.notibras.com\/site\/wp-content\/uploads\/2014\/04\/AposentadoriaporInvalidez.jpg","width":404,"height":300},{"@type":"BreadcrumbList","@id":"https:\/\/www.notibras.com\/site\/juizado-especial-garante-a-domestica-aposentadoria-por-invalidez\/#breadcrumb","itemListElement":[{"@type":"ListItem","position":1,"name":"In\u00edcio","item":"https:\/\/www.notibras.com\/site\/"},{"@type":"ListItem","position":2,"name":"Juizado garante aposentadoria de dom\u00e9stica por invalidez"}]},{"@type":"WebSite","@id":"https:\/\/www.notibras.com\/site\/#website","url":"https:\/\/www.notibras.com\/site\/","name":"Notibras","description":"Not\u00edcias de Bras\u00edlia, do Brasil e do Mundo","publisher":{"@id":"https:\/\/www.notibras.com\/site\/#organization"},"potentialAction":[{"@type":"SearchAction","target":{"@type":"EntryPoint","urlTemplate":"https:\/\/www.notibras.com\/site\/?s={search_term_string}"},"query-input":{"@type":"PropertyValueSpecification","valueRequired":true,"valueName":"search_term_string"}}],"inLanguage":"pt-BR"},{"@type":"Organization","@id":"https:\/\/www.notibras.com\/site\/#organization","name":"Grupo Notibras de Comunica\u00e7\u00e3o","url":"https:\/\/www.notibras.com\/site\/","logo":{"@type":"ImageObject","inLanguage":"pt-BR","@id":"https:\/\/www.notibras.com\/site\/#\/schema\/logo\/image\/","url":"https:\/\/www.notibras.com\/site\/wp-content\/uploads\/2023\/01\/notibras23.png","contentUrl":"https:\/\/www.notibras.com\/site\/wp-content\/uploads\/2023\/01\/notibras23.png","width":350,"height":87,"caption":"Grupo Notibras de Comunica\u00e7\u00e3o"},"image":{"@id":"https:\/\/www.notibras.com\/site\/#\/schema\/logo\/image\/"},"sameAs":["https:\/\/www.facebook.com\/notibras\/","https:\/\/x.com\/Notibras","https:\/\/www.instagram.com\/notibras\/"]},{"@type":"Person","@id":"https:\/\/www.notibras.com\/site\/#\/schema\/person\/36ab0979449956132d3e5b517ea76ac8","name":"Reda\u00e7\u00e3o","image":{"@type":"ImageObject","inLanguage":"pt-BR","@id":"https:\/\/secure.gravatar.com\/avatar\/e0a867bdedb85fd243eadf09663511f96fc81e0720a4a42581f334ad4303aa6b?s=96&d=mm&r=g","url":"https:\/\/secure.gravatar.com\/avatar\/e0a867bdedb85fd243eadf09663511f96fc81e0720a4a42581f334ad4303aa6b?s=96&d=mm&r=g","contentUrl":"https:\/\/secure.gravatar.com\/avatar\/e0a867bdedb85fd243eadf09663511f96fc81e0720a4a42581f334ad4303aa6b?s=96&d=mm&r=g","caption":"Reda\u00e7\u00e3o"}}]}},"amp_enabled":true,"_links":{"self":[{"href":"https:\/\/www.notibras.com\/site\/wp-json\/wp\/v2\/posts\/7536","targetHints":{"allow":["GET"]}}],"collection":[{"href":"https:\/\/www.notibras.com\/site\/wp-json\/wp\/v2\/posts"}],"about":[{"href":"https:\/\/www.notibras.com\/site\/wp-json\/wp\/v2\/types\/post"}],"author":[{"embeddable":true,"href":"https:\/\/www.notibras.com\/site\/wp-json\/wp\/v2\/users\/2"}],"replies":[{"embeddable":true,"href":"https:\/\/www.notibras.com\/site\/wp-json\/wp\/v2\/comments?post=7536"}],"version-history":[{"count":0,"href":"https:\/\/www.notibras.com\/site\/wp-json\/wp\/v2\/posts\/7536\/revisions"}],"wp:featuredmedia":[{"embeddable":true,"href":"https:\/\/www.notibras.com\/site\/wp-json\/wp\/v2\/media\/7538"}],"wp:attachment":[{"href":"https:\/\/www.notibras.com\/site\/wp-json\/wp\/v2\/media?parent=7536"}],"wp:term":[{"taxonomy":"category","embeddable":true,"href":"https:\/\/www.notibras.com\/site\/wp-json\/wp\/v2\/categories?post=7536"},{"taxonomy":"post_tag","embeddable":true,"href":"https:\/\/www.notibras.com\/site\/wp-json\/wp\/v2\/tags?post=7536"}],"curies":[{"name":"wp","href":"https:\/\/api.w.org\/{rel}","templated":true}]}}