{"id":75367,"date":"2015-11-08T21:54:33","date_gmt":"2015-11-08T23:54:33","guid":{"rendered":"http:\/\/www.notibras.com\/site\/?p=75367"},"modified":"2015-11-09T16:27:09","modified_gmt":"2015-11-09T18:27:09","slug":"quem-comecou-cedo-tera-de-trabalhar-mais-para-se-aposentar","status":"publish","type":"post","link":"https:\/\/www.notibras.com\/site\/quem-comecou-cedo-tera-de-trabalhar-mais-para-se-aposentar\/","title":{"rendered":"Quem come\u00e7ou cedo, ter\u00e1 de trabalhar mais para se aposentar"},"content":{"rendered":"<p>A presidente Dilma Rousseff acaba de sancionar o projeto de lei que institui nova regra para aposentadoria com alternativa ao fator previdenci\u00e1rio, contudo vetou a desaposenta\u00e7\u00e3o. Na regra antiga, para ter direito \u00e0 aposentadoria por tempo de contribui\u00e7\u00e3o integral o segurado precisava comprovar, se do sexo feminino, m\u00ednimo de 30 anos de contribui\u00e7\u00e3o, se do sexo masculino, m\u00ednimo de 35 anos de contribui\u00e7\u00e3o. Em ambos os casos n\u00e3o h\u00e1 necessidade de comprovar idade m\u00ednima.<\/p>\n<p>Comprovado o tempo de contribui\u00e7\u00e3o, a aposentadoria seria concedida com a incid\u00eancia obrigat\u00f3ria do fator previdenci\u00e1rio, que utiliza a tabela baseada em dados do IBGE atualizada anualmente. Assim, conforme a expectativa de vida do brasileiro cresce, altera de forma prejudicial o fator, diminuindo o valor do benef\u00edcio.<\/p>\n<p>Quando o fator previdenci\u00e1rio foi criado, o intuito era de proporcionar aposentadoria com valores maiores para os segurados que se aposentavam com mais idade e reduzir o valor da aposentadoria para os que se aposentavam mais jovem e com poucas contribui\u00e7\u00f5es. Contudo, muitos juristas consideraram o fator previdenci\u00e1rio inconstitucional, pois al\u00e9m de ser complexo e de dif\u00edcil compreens\u00e3o para o segurado, introduziu limita\u00e7\u00f5es para a obten\u00e7\u00e3o do benef\u00edcio, especialmente na aposentadoria por tempo de contribui\u00e7\u00e3o.<\/p>\n<p>Para a Previd\u00eancia, o fator previdenci\u00e1rio n\u00e3o conseguiu cumprir o objetivo de retardar os pedidos de aposentadoria, eis que, mesmo com a incid\u00eancia do fator reduzindo o benef\u00edcio em alguns casos em at\u00e9 40%, os segurados continuaram requerendo a aposentadoria assim que completavam o tempo m\u00ednimo de contribui\u00e7\u00e3o. Dessa forma, surgiu a f\u00f3rmula 85\/95 para substituir o fator previdenci\u00e1rio. Essa f\u00f3rmula soma a idade do segurado com o tempo de contribui\u00e7\u00e3o e o resultado deve ser 85 anos, se mulher, e 95, se homem.<\/p>\n<p>O grande diferencial da f\u00f3rmula 85\/95 \u00e9 que no c\u00e1lculo da aposentadoria n\u00e3o entra a expectativa de vida. Com isso, o INSS n\u00e3o poder\u00e1 mudar a f\u00f3rmula periodicamente, como \u00e9 feito com o fator previdenci\u00e1rio sempre que o brasileiro, na m\u00e9dia, passa a viver mais tempo. Portanto, na f\u00f3rmula 85\/95 o trabalhador se aposentar\u00e1 com proventos integrais, obedecendo ao teto, que hoje \u00e9 de R$ 4.663,75.<\/p>\n<p>A f\u00f3rmula 85\/95 j\u00e1 estava em vigor e sendo utilizada pelo INSS desde maio de 2015 atrav\u00e9s da Medida Provis\u00f3ria 676\/15, na qual o segurado, no momento da concess\u00e3o do benef\u00edcio, escolhe se aposentar com a nova regra ou com a regra antiga do fator previdenci\u00e1rio.<\/p>\n<p>Com a convers\u00e3o da Medida Provis\u00f3ria na Lei 13.183\/2015, a f\u00f3rmula 85\/95 valer\u00e1 at\u00e9 dezembro de 2018 e, a partir de ent\u00e3o, ir\u00e1 ser progressivamente aumentada at\u00e9 que se atinja a regra 90\/100. Assim a cada dois anos aumenta um ponto para requerimento da aposentadoria at\u00e9 que se atinja o tempo\/idade.<\/p>\n<p>Portanto, em 2027, a mulher que tiver 30 anos de contribui\u00e7\u00e3o para se aposentar ter\u00e1 de estar com 60 anos de idade e o homem que tiver 35 anos de contribui\u00e7\u00e3o ter\u00e1 de ter 65 anos de idade.<\/p>\n<p>A Lei 13.183\/2015 foi publicada nesta quinta-feira com alguns vetos. O principal artigo vetado autorizava a &#8220;desaposenta\u00e7\u00e3o&#8221;, que \u00e9 a possibilidade de o aposentado que continuou a trabalhar ap\u00f3s a aposentadoria, pedir o rec\u00e1lculo depois de cinco anos de trabalho. A justificativa para o veto publicada no Di\u00e1rio Oficial \u00e9 que a &#8220;desaposenta\u00e7\u00e3o&#8221; contraria os pilares do sistema previdenci\u00e1rio brasileiro, cujo financiamento \u00e9 intergeracional e adota o regime de reparti\u00e7\u00e3o simples.<\/p>\n<p>A nova lei traz mais seguran\u00e7a \u00e0queles que t\u00eam pr\u00e9vio conhecimento de como obter aposentadoria integral, contudo n\u00e3o \u00e9 o ideal, pois obriga os segurados que come\u00e7aram a trabalhar mais cedo a trabalhar mais. Tamb\u00e9m, perdeu-se com o veto da &#8220;desaposenta\u00e7\u00e3o&#8221; a possibilidade de solucionar a problem\u00e1tica dos aposentados que continuaram a trabalhar e n\u00e3o possuem a contrapresta\u00e7\u00e3o dessas contribui\u00e7\u00f5es. Quanto \u00e0 &#8220;desaposenta\u00e7\u00e3o&#8221;, nos resta aguardar a decis\u00e3o do Supremo Tribunal Federal que est\u00e1 para concluir o julgamento sobre o tema desde 2014.<\/p>\n<p><strong>Lilian Gouveia Garcez Macedo, <\/strong>advogada, s\u00f3cia do escrit\u00f3rio Crivelli Advogados Associados<\/p>\n","protected":false},"excerpt":{"rendered":"<p>A presidente Dilma Rousseff acaba de sancionar o projeto de lei que institui nova regra para aposentadoria com alternativa ao fator previdenci\u00e1rio, contudo vetou a desaposenta\u00e7\u00e3o. Na regra antiga, para ter direito \u00e0 aposentadoria por tempo de contribui\u00e7\u00e3o integral o segurado precisava comprovar, se do sexo feminino, m\u00ednimo de 30 anos de contribui\u00e7\u00e3o, se do [&hellip;]<\/p>\n","protected":false},"author":2,"featured_media":75368,"comment_status":"open","ping_status":"closed","sticky":false,"template":"","format":"standard","meta":{"_acf_changed":false,"footnotes":""},"categories":[25],"tags":[],"class_list":["post-75367","post","type-post","status-publish","format-standard","has-post-thumbnail","hentry","category-opina-ai"],"acf":[],"yoast_head":"<!-- This site is optimized with the Yoast SEO plugin v27.2 - https:\/\/yoast.com\/product\/yoast-seo-wordpress\/ -->\n<title>Quem come\u00e7ou cedo, ter\u00e1 de trabalhar mais para se aposentar - Notibras<\/title>\n<meta name=\"robots\" content=\"index, follow, max-snippet:-1, max-image-preview:large, max-video-preview:-1\" \/>\n<link rel=\"canonical\" href=\"https:\/\/www.notibras.com\/site\/quem-comecou-cedo-tera-de-trabalhar-mais-para-se-aposentar\/\" \/>\n<meta property=\"og:locale\" content=\"pt_BR\" \/>\n<meta property=\"og:type\" content=\"article\" \/>\n<meta property=\"og:title\" content=\"Quem come\u00e7ou cedo, ter\u00e1 de trabalhar mais para se aposentar - Notibras\" \/>\n<meta property=\"og:description\" content=\"A presidente Dilma Rousseff acaba de sancionar o projeto de lei que institui nova regra para aposentadoria com alternativa ao fator previdenci\u00e1rio, contudo vetou a desaposenta\u00e7\u00e3o. Na regra antiga, para ter direito \u00e0 aposentadoria por tempo de contribui\u00e7\u00e3o integral o segurado precisava comprovar, se do sexo feminino, m\u00ednimo de 30 anos de contribui\u00e7\u00e3o, se do [&hellip;]\" \/>\n<meta property=\"og:url\" content=\"https:\/\/www.notibras.com\/site\/quem-comecou-cedo-tera-de-trabalhar-mais-para-se-aposentar\/\" \/>\n<meta property=\"og:site_name\" content=\"Notibras\" \/>\n<meta property=\"article:publisher\" content=\"https:\/\/www.facebook.com\/notibras\/\" \/>\n<meta property=\"article:published_time\" content=\"2015-11-08T23:54:33+00:00\" \/>\n<meta property=\"article:modified_time\" content=\"2015-11-09T18:27:09+00:00\" \/>\n<meta property=\"og:image\" content=\"https:\/\/www.notibras.com\/site\/wp-content\/uploads\/2015\/11\/apo8-scaled.jpg\" \/>\n\t<meta property=\"og:image:width\" content=\"2560\" \/>\n\t<meta property=\"og:image:height\" content=\"1876\" \/>\n\t<meta property=\"og:image:type\" content=\"image\/jpeg\" \/>\n<meta name=\"author\" content=\"Reda\u00e7\u00e3o\" \/>\n<meta name=\"twitter:card\" content=\"summary_large_image\" \/>\n<meta name=\"twitter:creator\" content=\"@Notibras\" \/>\n<meta name=\"twitter:site\" content=\"@Notibras\" \/>\n<meta name=\"twitter:label1\" content=\"Escrito por\" \/>\n\t<meta name=\"twitter:data1\" content=\"Reda\u00e7\u00e3o\" \/>\n\t<meta name=\"twitter:label2\" content=\"Est. tempo de leitura\" \/>\n\t<meta name=\"twitter:data2\" content=\"3 minutos\" \/>\n<script type=\"application\/ld+json\" class=\"yoast-schema-graph\">{\"@context\":\"https:\/\/schema.org\",\"@graph\":[{\"@type\":\"Article\",\"@id\":\"https:\/\/www.notibras.com\/site\/quem-comecou-cedo-tera-de-trabalhar-mais-para-se-aposentar\/#article\",\"isPartOf\":{\"@id\":\"https:\/\/www.notibras.com\/site\/quem-comecou-cedo-tera-de-trabalhar-mais-para-se-aposentar\/\"},\"author\":{\"name\":\"Reda\u00e7\u00e3o\",\"@id\":\"https:\/\/www.notibras.com\/site\/#\/schema\/person\/36ab0979449956132d3e5b517ea76ac8\"},\"headline\":\"Quem come\u00e7ou cedo, ter\u00e1 de trabalhar mais para se aposentar\",\"datePublished\":\"2015-11-08T23:54:33+00:00\",\"dateModified\":\"2015-11-09T18:27:09+00:00\",\"mainEntityOfPage\":{\"@id\":\"https:\/\/www.notibras.com\/site\/quem-comecou-cedo-tera-de-trabalhar-mais-para-se-aposentar\/\"},\"wordCount\":703,\"commentCount\":0,\"publisher\":{\"@id\":\"https:\/\/www.notibras.com\/site\/#organization\"},\"image\":{\"@id\":\"https:\/\/www.notibras.com\/site\/quem-comecou-cedo-tera-de-trabalhar-mais-para-se-aposentar\/#primaryimage\"},\"thumbnailUrl\":\"https:\/\/www.notibras.com\/site\/wp-content\/uploads\/2015\/11\/apo8-scaled.jpg\",\"articleSection\":[\"Opina a\u00ed\"],\"inLanguage\":\"pt-BR\",\"potentialAction\":[{\"@type\":\"CommentAction\",\"name\":\"Comment\",\"target\":[\"https:\/\/www.notibras.com\/site\/quem-comecou-cedo-tera-de-trabalhar-mais-para-se-aposentar\/#respond\"]}]},{\"@type\":\"WebPage\",\"@id\":\"https:\/\/www.notibras.com\/site\/quem-comecou-cedo-tera-de-trabalhar-mais-para-se-aposentar\/\",\"url\":\"https:\/\/www.notibras.com\/site\/quem-comecou-cedo-tera-de-trabalhar-mais-para-se-aposentar\/\",\"name\":\"Quem come\u00e7ou cedo, ter\u00e1 de trabalhar mais para se aposentar - Notibras\",\"isPartOf\":{\"@id\":\"https:\/\/www.notibras.com\/site\/#website\"},\"primaryImageOfPage\":{\"@id\":\"https:\/\/www.notibras.com\/site\/quem-comecou-cedo-tera-de-trabalhar-mais-para-se-aposentar\/#primaryimage\"},\"image\":{\"@id\":\"https:\/\/www.notibras.com\/site\/quem-comecou-cedo-tera-de-trabalhar-mais-para-se-aposentar\/#primaryimage\"},\"thumbnailUrl\":\"https:\/\/www.notibras.com\/site\/wp-content\/uploads\/2015\/11\/apo8-scaled.jpg\",\"datePublished\":\"2015-11-08T23:54:33+00:00\",\"dateModified\":\"2015-11-09T18:27:09+00:00\",\"breadcrumb\":{\"@id\":\"https:\/\/www.notibras.com\/site\/quem-comecou-cedo-tera-de-trabalhar-mais-para-se-aposentar\/#breadcrumb\"},\"inLanguage\":\"pt-BR\",\"potentialAction\":[{\"@type\":\"ReadAction\",\"target\":[\"https:\/\/www.notibras.com\/site\/quem-comecou-cedo-tera-de-trabalhar-mais-para-se-aposentar\/\"]}]},{\"@type\":\"ImageObject\",\"inLanguage\":\"pt-BR\",\"@id\":\"https:\/\/www.notibras.com\/site\/quem-comecou-cedo-tera-de-trabalhar-mais-para-se-aposentar\/#primaryimage\",\"url\":\"https:\/\/www.notibras.com\/site\/wp-content\/uploads\/2015\/11\/apo8-scaled.jpg\",\"contentUrl\":\"https:\/\/www.notibras.com\/site\/wp-content\/uploads\/2015\/11\/apo8-scaled.jpg\",\"width\":2560,\"height\":1876},{\"@type\":\"BreadcrumbList\",\"@id\":\"https:\/\/www.notibras.com\/site\/quem-comecou-cedo-tera-de-trabalhar-mais-para-se-aposentar\/#breadcrumb\",\"itemListElement\":[{\"@type\":\"ListItem\",\"position\":1,\"name\":\"In\u00edcio\",\"item\":\"https:\/\/www.notibras.com\/site\/\"},{\"@type\":\"ListItem\",\"position\":2,\"name\":\"Quem come\u00e7ou cedo, ter\u00e1 de trabalhar mais para se aposentar\"}]},{\"@type\":\"WebSite\",\"@id\":\"https:\/\/www.notibras.com\/site\/#website\",\"url\":\"https:\/\/www.notibras.com\/site\/\",\"name\":\"Notibras\",\"description\":\"Not\u00edcias de Bras\u00edlia, do Brasil e do Mundo\",\"publisher\":{\"@id\":\"https:\/\/www.notibras.com\/site\/#organization\"},\"potentialAction\":[{\"@type\":\"SearchAction\",\"target\":{\"@type\":\"EntryPoint\",\"urlTemplate\":\"https:\/\/www.notibras.com\/site\/?s={search_term_string}\"},\"query-input\":{\"@type\":\"PropertyValueSpecification\",\"valueRequired\":true,\"valueName\":\"search_term_string\"}}],\"inLanguage\":\"pt-BR\"},{\"@type\":\"Organization\",\"@id\":\"https:\/\/www.notibras.com\/site\/#organization\",\"name\":\"Grupo Notibras de Comunica\u00e7\u00e3o\",\"url\":\"https:\/\/www.notibras.com\/site\/\",\"logo\":{\"@type\":\"ImageObject\",\"inLanguage\":\"pt-BR\",\"@id\":\"https:\/\/www.notibras.com\/site\/#\/schema\/logo\/image\/\",\"url\":\"https:\/\/www.notibras.com\/site\/wp-content\/uploads\/2023\/01\/notibras23.png\",\"contentUrl\":\"https:\/\/www.notibras.com\/site\/wp-content\/uploads\/2023\/01\/notibras23.png\",\"width\":350,\"height\":87,\"caption\":\"Grupo Notibras de Comunica\u00e7\u00e3o\"},\"image\":{\"@id\":\"https:\/\/www.notibras.com\/site\/#\/schema\/logo\/image\/\"},\"sameAs\":[\"https:\/\/www.facebook.com\/notibras\/\",\"https:\/\/x.com\/Notibras\",\"https:\/\/www.instagram.com\/notibras\/\"]},{\"@type\":\"Person\",\"@id\":\"https:\/\/www.notibras.com\/site\/#\/schema\/person\/36ab0979449956132d3e5b517ea76ac8\",\"name\":\"Reda\u00e7\u00e3o\",\"image\":{\"@type\":\"ImageObject\",\"inLanguage\":\"pt-BR\",\"@id\":\"https:\/\/secure.gravatar.com\/avatar\/e0a867bdedb85fd243eadf09663511f96fc81e0720a4a42581f334ad4303aa6b?s=96&d=mm&r=g\",\"url\":\"https:\/\/secure.gravatar.com\/avatar\/e0a867bdedb85fd243eadf09663511f96fc81e0720a4a42581f334ad4303aa6b?s=96&d=mm&r=g\",\"contentUrl\":\"https:\/\/secure.gravatar.com\/avatar\/e0a867bdedb85fd243eadf09663511f96fc81e0720a4a42581f334ad4303aa6b?s=96&d=mm&r=g\",\"caption\":\"Reda\u00e7\u00e3o\"}}]}<\/script>\n<!-- \/ Yoast SEO plugin. -->","yoast_head_json":{"title":"Quem come\u00e7ou cedo, ter\u00e1 de trabalhar mais para se aposentar - Notibras","robots":{"index":"index","follow":"follow","max-snippet":"max-snippet:-1","max-image-preview":"max-image-preview:large","max-video-preview":"max-video-preview:-1"},"canonical":"https:\/\/www.notibras.com\/site\/quem-comecou-cedo-tera-de-trabalhar-mais-para-se-aposentar\/","og_locale":"pt_BR","og_type":"article","og_title":"Quem come\u00e7ou cedo, ter\u00e1 de trabalhar mais para se aposentar - Notibras","og_description":"A presidente Dilma Rousseff acaba de sancionar o projeto de lei que institui nova regra para aposentadoria com alternativa ao fator previdenci\u00e1rio, contudo vetou a desaposenta\u00e7\u00e3o. Na regra antiga, para ter direito \u00e0 aposentadoria por tempo de contribui\u00e7\u00e3o integral o segurado precisava comprovar, se do sexo feminino, m\u00ednimo de 30 anos de contribui\u00e7\u00e3o, se do [&hellip;]","og_url":"https:\/\/www.notibras.com\/site\/quem-comecou-cedo-tera-de-trabalhar-mais-para-se-aposentar\/","og_site_name":"Notibras","article_publisher":"https:\/\/www.facebook.com\/notibras\/","article_published_time":"2015-11-08T23:54:33+00:00","article_modified_time":"2015-11-09T18:27:09+00:00","og_image":[{"width":2560,"height":1876,"url":"https:\/\/www.notibras.com\/site\/wp-content\/uploads\/2015\/11\/apo8-scaled.jpg","type":"image\/jpeg"}],"author":"Reda\u00e7\u00e3o","twitter_card":"summary_large_image","twitter_creator":"@Notibras","twitter_site":"@Notibras","twitter_misc":{"Escrito por":"Reda\u00e7\u00e3o","Est. tempo de leitura":"3 minutos"},"schema":{"@context":"https:\/\/schema.org","@graph":[{"@type":"Article","@id":"https:\/\/www.notibras.com\/site\/quem-comecou-cedo-tera-de-trabalhar-mais-para-se-aposentar\/#article","isPartOf":{"@id":"https:\/\/www.notibras.com\/site\/quem-comecou-cedo-tera-de-trabalhar-mais-para-se-aposentar\/"},"author":{"name":"Reda\u00e7\u00e3o","@id":"https:\/\/www.notibras.com\/site\/#\/schema\/person\/36ab0979449956132d3e5b517ea76ac8"},"headline":"Quem come\u00e7ou cedo, ter\u00e1 de trabalhar mais para se aposentar","datePublished":"2015-11-08T23:54:33+00:00","dateModified":"2015-11-09T18:27:09+00:00","mainEntityOfPage":{"@id":"https:\/\/www.notibras.com\/site\/quem-comecou-cedo-tera-de-trabalhar-mais-para-se-aposentar\/"},"wordCount":703,"commentCount":0,"publisher":{"@id":"https:\/\/www.notibras.com\/site\/#organization"},"image":{"@id":"https:\/\/www.notibras.com\/site\/quem-comecou-cedo-tera-de-trabalhar-mais-para-se-aposentar\/#primaryimage"},"thumbnailUrl":"https:\/\/www.notibras.com\/site\/wp-content\/uploads\/2015\/11\/apo8-scaled.jpg","articleSection":["Opina a\u00ed"],"inLanguage":"pt-BR","potentialAction":[{"@type":"CommentAction","name":"Comment","target":["https:\/\/www.notibras.com\/site\/quem-comecou-cedo-tera-de-trabalhar-mais-para-se-aposentar\/#respond"]}]},{"@type":"WebPage","@id":"https:\/\/www.notibras.com\/site\/quem-comecou-cedo-tera-de-trabalhar-mais-para-se-aposentar\/","url":"https:\/\/www.notibras.com\/site\/quem-comecou-cedo-tera-de-trabalhar-mais-para-se-aposentar\/","name":"Quem come\u00e7ou cedo, ter\u00e1 de trabalhar mais para se aposentar - Notibras","isPartOf":{"@id":"https:\/\/www.notibras.com\/site\/#website"},"primaryImageOfPage":{"@id":"https:\/\/www.notibras.com\/site\/quem-comecou-cedo-tera-de-trabalhar-mais-para-se-aposentar\/#primaryimage"},"image":{"@id":"https:\/\/www.notibras.com\/site\/quem-comecou-cedo-tera-de-trabalhar-mais-para-se-aposentar\/#primaryimage"},"thumbnailUrl":"https:\/\/www.notibras.com\/site\/wp-content\/uploads\/2015\/11\/apo8-scaled.jpg","datePublished":"2015-11-08T23:54:33+00:00","dateModified":"2015-11-09T18:27:09+00:00","breadcrumb":{"@id":"https:\/\/www.notibras.com\/site\/quem-comecou-cedo-tera-de-trabalhar-mais-para-se-aposentar\/#breadcrumb"},"inLanguage":"pt-BR","potentialAction":[{"@type":"ReadAction","target":["https:\/\/www.notibras.com\/site\/quem-comecou-cedo-tera-de-trabalhar-mais-para-se-aposentar\/"]}]},{"@type":"ImageObject","inLanguage":"pt-BR","@id":"https:\/\/www.notibras.com\/site\/quem-comecou-cedo-tera-de-trabalhar-mais-para-se-aposentar\/#primaryimage","url":"https:\/\/www.notibras.com\/site\/wp-content\/uploads\/2015\/11\/apo8-scaled.jpg","contentUrl":"https:\/\/www.notibras.com\/site\/wp-content\/uploads\/2015\/11\/apo8-scaled.jpg","width":2560,"height":1876},{"@type":"BreadcrumbList","@id":"https:\/\/www.notibras.com\/site\/quem-comecou-cedo-tera-de-trabalhar-mais-para-se-aposentar\/#breadcrumb","itemListElement":[{"@type":"ListItem","position":1,"name":"In\u00edcio","item":"https:\/\/www.notibras.com\/site\/"},{"@type":"ListItem","position":2,"name":"Quem come\u00e7ou cedo, ter\u00e1 de trabalhar mais para se aposentar"}]},{"@type":"WebSite","@id":"https:\/\/www.notibras.com\/site\/#website","url":"https:\/\/www.notibras.com\/site\/","name":"Notibras","description":"Not\u00edcias de Bras\u00edlia, do Brasil e do Mundo","publisher":{"@id":"https:\/\/www.notibras.com\/site\/#organization"},"potentialAction":[{"@type":"SearchAction","target":{"@type":"EntryPoint","urlTemplate":"https:\/\/www.notibras.com\/site\/?s={search_term_string}"},"query-input":{"@type":"PropertyValueSpecification","valueRequired":true,"valueName":"search_term_string"}}],"inLanguage":"pt-BR"},{"@type":"Organization","@id":"https:\/\/www.notibras.com\/site\/#organization","name":"Grupo Notibras de Comunica\u00e7\u00e3o","url":"https:\/\/www.notibras.com\/site\/","logo":{"@type":"ImageObject","inLanguage":"pt-BR","@id":"https:\/\/www.notibras.com\/site\/#\/schema\/logo\/image\/","url":"https:\/\/www.notibras.com\/site\/wp-content\/uploads\/2023\/01\/notibras23.png","contentUrl":"https:\/\/www.notibras.com\/site\/wp-content\/uploads\/2023\/01\/notibras23.png","width":350,"height":87,"caption":"Grupo Notibras de Comunica\u00e7\u00e3o"},"image":{"@id":"https:\/\/www.notibras.com\/site\/#\/schema\/logo\/image\/"},"sameAs":["https:\/\/www.facebook.com\/notibras\/","https:\/\/x.com\/Notibras","https:\/\/www.instagram.com\/notibras\/"]},{"@type":"Person","@id":"https:\/\/www.notibras.com\/site\/#\/schema\/person\/36ab0979449956132d3e5b517ea76ac8","name":"Reda\u00e7\u00e3o","image":{"@type":"ImageObject","inLanguage":"pt-BR","@id":"https:\/\/secure.gravatar.com\/avatar\/e0a867bdedb85fd243eadf09663511f96fc81e0720a4a42581f334ad4303aa6b?s=96&d=mm&r=g","url":"https:\/\/secure.gravatar.com\/avatar\/e0a867bdedb85fd243eadf09663511f96fc81e0720a4a42581f334ad4303aa6b?s=96&d=mm&r=g","contentUrl":"https:\/\/secure.gravatar.com\/avatar\/e0a867bdedb85fd243eadf09663511f96fc81e0720a4a42581f334ad4303aa6b?s=96&d=mm&r=g","caption":"Reda\u00e7\u00e3o"}}]}},"amp_enabled":true,"_links":{"self":[{"href":"https:\/\/www.notibras.com\/site\/wp-json\/wp\/v2\/posts\/75367","targetHints":{"allow":["GET"]}}],"collection":[{"href":"https:\/\/www.notibras.com\/site\/wp-json\/wp\/v2\/posts"}],"about":[{"href":"https:\/\/www.notibras.com\/site\/wp-json\/wp\/v2\/types\/post"}],"author":[{"embeddable":true,"href":"https:\/\/www.notibras.com\/site\/wp-json\/wp\/v2\/users\/2"}],"replies":[{"embeddable":true,"href":"https:\/\/www.notibras.com\/site\/wp-json\/wp\/v2\/comments?post=75367"}],"version-history":[{"count":3,"href":"https:\/\/www.notibras.com\/site\/wp-json\/wp\/v2\/posts\/75367\/revisions"}],"predecessor-version":[{"id":75441,"href":"https:\/\/www.notibras.com\/site\/wp-json\/wp\/v2\/posts\/75367\/revisions\/75441"}],"wp:featuredmedia":[{"embeddable":true,"href":"https:\/\/www.notibras.com\/site\/wp-json\/wp\/v2\/media\/75368"}],"wp:attachment":[{"href":"https:\/\/www.notibras.com\/site\/wp-json\/wp\/v2\/media?parent=75367"}],"wp:term":[{"taxonomy":"category","embeddable":true,"href":"https:\/\/www.notibras.com\/site\/wp-json\/wp\/v2\/categories?post=75367"},{"taxonomy":"post_tag","embeddable":true,"href":"https:\/\/www.notibras.com\/site\/wp-json\/wp\/v2\/tags?post=75367"}],"curies":[{"name":"wp","href":"https:\/\/api.w.org\/{rel}","templated":true}]}}