{"id":7557,"date":"2014-04-24T22:44:30","date_gmt":"2014-04-25T01:44:30","guid":{"rendered":"http:\/\/www.notibras.com\/site\/?p=7557"},"modified":"2014-04-25T17:10:08","modified_gmt":"2014-04-25T20:10:08","slug":"policia-federal-suja-as-maos-de-padilha-na-operacao-lava-jato","status":"publish","type":"post","link":"https:\/\/www.notibras.com\/site\/policia-federal-suja-as-maos-de-padilha-na-operacao-lava-jato\/","title":{"rendered":"Federais sujam as m\u00e3os de Padilha (ex-ministro da Sa\u00fade)"},"content":{"rendered":"<p>A Opera\u00e7\u00e3o Lava Jato da Pol\u00edcia Federal come\u00e7a a colocar as m\u00e3os em mais gente gra\u00fada do PT. E um dos alvos agora \u00e9 o ex-ministro Alexandre Padilha. Quando estava no Minist\u00e9rio da Sa\u00fade, o petista, hoje candidato ao governo de S\u00e3o Paulo, teve envolvimentos direto com o doleiro Alberto Youssef.<\/p>\n<p>Outra figura expoente do partido na mesma situa\u00e7\u00e3o \u00e9 o deputado Andr\u00e9 Vargas, que renunciou \u00e0 vice-presid\u00eancia da C\u00e2mara e deve ter seu mandato cassado.<\/p>\n<p>Segundo os jornais Folha de S. aulo e O Estado de S\u00e3o Paulo, Padilha indicou um executivo para o Labogen \u2013 controlado por Youssef, quando o laborat\u00f3rio tentava obter contrato milion\u00e1rio da pasta em 2013.<\/p>\n<p>Um relat\u00f3rio da Pol\u00edcia Federal mostra que Youssef, preso desde 17 de mar\u00e7o de 2014, mantinha contatos com outros deputados do PT, al\u00e9m de Andr\u00e9 Vargas (PT-PR).<\/p>\n<p>A PF suspeita que o doleiro se encontrou com Vargas no apartamento funcional de C\u00e2ndido Vaccarezza (PT-SP), em Bras\u00edlia, ex-l\u00edder do governo na C\u00e2mara. Tamb\u00e9m teria enviado um emiss\u00e1rio para participar de reuni\u00e3o com Vicente C\u00e2ndido (PT-SP), em S\u00e3o Bernardo do Campo, no ABC.<\/p>\n<p>O relat\u00f3rio de 80 p\u00e1ginas, elaborado pela Delegacia de Repress\u00e3o a Crimes Financeiros (Delefin) da PF no Paran\u00e1, indica que no per\u00edodo entre 19 de setembro de 2013 a 12 de mar\u00e7o de 2014, Youssef e Vargas trocaram 270 mensagens pelo aplicativo Black Berry Messenger.<\/p>\n<p>Eles se tratam por \u201cirm\u00e3o\u201d e se despedem com \u201cbeijo\u201d. Para a PF, esse tratamento \u201cindica que a rela\u00e7\u00e3o n\u00e3o era superficial\u201d.<\/p>\n<p>No trecho relativo ao ex-ministro da Sa\u00fade, a PF captou di\u00e1logos entre Youssef e Vargas \u2013 este chama Padilha de \u201cPAD\u201d. No dia 26 de novembro de 2013, Vargas pede ao doleiro que reserve a melhor su\u00edte de um hotel \u2013 Blue Tree \u2013 que pertence a Youssef. O deputado diz que falou com o \u201cPAD\u201d. \u201cEle vai marcar uma agenda comigo\u201d, diz Vargas. Seu interlocutor responde: \u201c\u00f3timo\u201d. Elogia a atitude do parlamentar. \u201cPrecisamos estar presente\u201d, conclui.<\/p>\n<p>Segundo a PF, a Labogen \u2013 com folha de pessoal de apenas R$ 28 mil \u2013 planejava arrecadar R$ 150 milh\u00f5es com o neg\u00f3cio na Sa\u00fade \u2013 fornecimento de rem\u00e9dio para hipertenso.<\/p>\n<p>O contrato n\u00e3o chegou a ser assinado. Segundo o minist\u00e9rio, nenhum pagamento foi feito para o laborat\u00f3rio. Mas o monitoramento da PF aponta para uma suposta participa\u00e7\u00e3o de Padilha na contrata\u00e7\u00e3o do executivo Marcus Cezar Ferreira de Moura para os quadros da Labogen.<\/p>\n<p>O ex-ministro n\u00e3o caiu na malha de grampos da PF nem \u00e9 investigado, mas a PF chegou a juntar aos autos da Lava Jato at\u00e9 uma fotografia de Padilha em um evento. \u201cAs evid\u00eancias indicam que Vargas tinha interesse no processo de contrata\u00e7\u00e3o da Labogen junto ao Minist\u00e9rio da Sa\u00fade\u201d, sustenta a PF.<\/p>\n<p>O alvo das intercepta\u00e7\u00f5es era o doleiro. Todos os que com ele conversaram, por telefone ou por mensagens, acabaram grampeados indiretamente. Em di\u00e1logo de 27 de novembro de 2013, Youssef foi avisado por Andr\u00e9 Vargas que \u201cachou o executivo com experi\u00eancia que seria colocado \u00e0 frente da Labogen, um nome que n\u00e3o despertasse suspeitas com rela\u00e7\u00e3o aos contratos da pasta. No dia seguinte, o deputado petista diz ao doleiro amigo que foi Padilha quem indicou o profissional. Para a PF, \u201cexistem ind\u00edcios que os envolvidos tinham uma grande preocupa\u00e7\u00e3o em colocar \u00e0 frente da Labogen algu\u00e9m que n\u00e3o levantasse suspeitas das autoridades fiscalizadoras\u201d.<\/p>\n<p>Em outro contato, o doleiro e o deputado comemoram a possibilidade de fechamento do neg\u00f3cio da Labogen na Sa\u00fade. \u201cEstamos mais fortes agora\u201d, diz Vargas. \u201cVoc\u00ea vai ver o quanto isso vai valer, tua independ\u00eancia financeira. E nossa tamb\u00e9m, \u00e9 claro\u201d, responde o doleiro. Vargas ri.<\/p>\n<p>No dia 7 de mar\u00e7o, Vargas tenta viabilizar reuni\u00e3o com Youssef, o empres\u00e1rio Pedro Paulo Leoni Ramos, conhecido como \u201cPP\u201d \u2013 ex-ministro do governo Fernando Collor (1990-1992) -, e o executivo supostamente recomendado por Padilha. O encontro foi marcado para o dia 10.<\/p>\n<p><strong>Deputados.<\/strong> No dia 25 de setembro de 2013 surge o nome de Vaccarezza. O doleiro avisa Vargas que acabou de chegar em Bras\u00edlia, acompanhado de \u201cPP\u201d, diretor da GPI Participa\u00e7\u00f5es e Investimentos, s\u00f3cia oculta da Labogen, segundo a PF. \u201cAchei que voc\u00ea estivesse aqui na casa do Vaccarezza\u201d, diz o doleiro. \u201cOs ind\u00edcios apontam que o alvo Alberto Youssef mantinha rela\u00e7\u00f5es com o deputado federal Candido Vaccarezza\u201d, sustenta o relat\u00f3rio produzido pela PF.<\/p>\n<p>A cita\u00e7\u00e3o ao deputado Vicente C\u00e2ndido surgiu em di\u00e1logo entre o doleiro e Vargas no dia 20 de setembro de 2013. O ex-vice-primeiro presidente da C\u00e2mara cobra de Youssef informa\u00e7\u00f5es sobre \u201cos demais assuntos\u201d, e, ent\u00e3o, menciona \u201cVicente C\u00e2ndido\u201d.<\/p>\n<p>O doleiro informa que com rela\u00e7\u00e3o a \u201cVicente, nada\u201d. E avisa Vargas que precisa \u201ccaptar\u201d \u2013 para a PF, \u201cpossivelmente referindo-se \u00e0 falta de capital de giro para efetuar suas atividades\u201d.Vargas sugere o nome de Jo\u00e3o Proc\u00f3pio Junqueira Pacheco de Almeida Prado, da Quality Holding Participa\u00e7\u00f5es e Investimentos S\/A, controlada pelo doleiro. Youssef diz que Jo\u00e3o Proc\u00f3pio \u201cesteve com Vicente Candido em alguns lugares\u201d, como S\u00e3o Bernardo do Campo, \u201cmas que n\u00e3o andou\u201d. Vargas responde que \u201cvai atuar\u201d.<\/p>\n<p>A liga\u00e7\u00e3o entre Youssef e Vargas \u00e9 ampla e rotineira. Para a PF, Vargas servia ao doleiro com frequ\u00eancia, a ponto certa vez at\u00e9 de fazer conex\u00e3o de voo em S\u00e3o Paulo para atender a um pedido de Youssef. No dia 12 de mar\u00e7o de 2014, o doleiro diz ao deputado que \u201cdeixou os \u00f3culos de grau\u201d na casa dele. Vargas pergunta onde Youssef est\u00e1 e ele responde \u201cem S\u00e3o Paulo\u201d.<\/p>\n<p>Para n\u00e3o deixar o amigo na m\u00e3o, o deputado diz que far\u00e1 conex\u00e3o e pode levar os \u00f3culos de Youssef.<\/p>\n","protected":false},"excerpt":{"rendered":"<p>A Opera\u00e7\u00e3o Lava Jato da Pol\u00edcia Federal come\u00e7a a colocar as m\u00e3os em mais gente gra\u00fada do PT. E um dos alvos agora \u00e9 o ex-ministro Alexandre Padilha. Quando estava no Minist\u00e9rio da Sa\u00fade, o petista, hoje candidato ao governo de S\u00e3o Paulo, teve envolvimentos direto com o doleiro Alberto Youssef. Outra figura expoente do [&hellip;]<\/p>\n","protected":false},"author":2,"featured_media":7558,"comment_status":"open","ping_status":"closed","sticky":false,"template":"","format":"standard","meta":{"_acf_changed":false,"footnotes":""},"categories":[16],"tags":[],"class_list":["post-7557","post","type-post","status-publish","format-standard","has-post-thumbnail","hentry","category-brasil"],"acf":[],"yoast_head":"<!-- This site is optimized with the Yoast SEO plugin v27.2 - https:\/\/yoast.com\/product\/yoast-seo-wordpress\/ -->\n<title>Federais sujam as m\u00e3os de Padilha (ex-ministro da Sa\u00fade) - Notibras<\/title>\n<meta name=\"robots\" content=\"index, follow, max-snippet:-1, max-image-preview:large, max-video-preview:-1\" \/>\n<link rel=\"canonical\" href=\"https:\/\/www.notibras.com\/site\/policia-federal-suja-as-maos-de-padilha-na-operacao-lava-jato\/\" \/>\n<meta property=\"og:locale\" content=\"pt_BR\" \/>\n<meta property=\"og:type\" content=\"article\" \/>\n<meta property=\"og:title\" content=\"Federais sujam as m\u00e3os de Padilha (ex-ministro da Sa\u00fade) - Notibras\" \/>\n<meta property=\"og:description\" content=\"A Opera\u00e7\u00e3o Lava Jato da Pol\u00edcia Federal come\u00e7a a colocar as m\u00e3os em mais gente gra\u00fada do PT. E um dos alvos agora \u00e9 o ex-ministro Alexandre Padilha. Quando estava no Minist\u00e9rio da Sa\u00fade, o petista, hoje candidato ao governo de S\u00e3o Paulo, teve envolvimentos direto com o doleiro Alberto Youssef. Outra figura expoente do [&hellip;]\" \/>\n<meta property=\"og:url\" content=\"https:\/\/www.notibras.com\/site\/policia-federal-suja-as-maos-de-padilha-na-operacao-lava-jato\/\" \/>\n<meta property=\"og:site_name\" content=\"Notibras\" \/>\n<meta property=\"article:publisher\" content=\"https:\/\/www.facebook.com\/notibras\/\" \/>\n<meta property=\"article:published_time\" content=\"2014-04-25T01:44:30+00:00\" \/>\n<meta property=\"article:modified_time\" content=\"2014-04-25T20:10:08+00:00\" \/>\n<meta property=\"og:image\" content=\"https:\/\/www.notibras.com\/site\/wp-content\/uploads\/2014\/04\/size_590_Alexandre_Padilha_ministro_da_Sa\u00fade.jpg\" \/>\n\t<meta property=\"og:image:width\" content=\"590\" \/>\n\t<meta property=\"og:image:height\" content=\"443\" \/>\n\t<meta property=\"og:image:type\" content=\"image\/jpeg\" \/>\n<meta name=\"author\" content=\"Reda\u00e7\u00e3o\" \/>\n<meta name=\"twitter:card\" content=\"summary_large_image\" \/>\n<meta name=\"twitter:creator\" content=\"@Notibras\" \/>\n<meta name=\"twitter:site\" content=\"@Notibras\" \/>\n<meta name=\"twitter:label1\" content=\"Escrito por\" \/>\n\t<meta name=\"twitter:data1\" content=\"Reda\u00e7\u00e3o\" \/>\n\t<meta name=\"twitter:label2\" content=\"Est. tempo de leitura\" \/>\n\t<meta name=\"twitter:data2\" content=\"5 minutos\" \/>\n<script type=\"application\/ld+json\" class=\"yoast-schema-graph\">{\"@context\":\"https:\/\/schema.org\",\"@graph\":[{\"@type\":\"Article\",\"@id\":\"https:\/\/www.notibras.com\/site\/policia-federal-suja-as-maos-de-padilha-na-operacao-lava-jato\/#article\",\"isPartOf\":{\"@id\":\"https:\/\/www.notibras.com\/site\/policia-federal-suja-as-maos-de-padilha-na-operacao-lava-jato\/\"},\"author\":{\"name\":\"Reda\u00e7\u00e3o\",\"@id\":\"https:\/\/www.notibras.com\/site\/#\/schema\/person\/36ab0979449956132d3e5b517ea76ac8\"},\"headline\":\"Federais sujam as m\u00e3os de Padilha (ex-ministro da Sa\u00fade)\",\"datePublished\":\"2014-04-25T01:44:30+00:00\",\"dateModified\":\"2014-04-25T20:10:08+00:00\",\"mainEntityOfPage\":{\"@id\":\"https:\/\/www.notibras.com\/site\/policia-federal-suja-as-maos-de-padilha-na-operacao-lava-jato\/\"},\"wordCount\":997,\"commentCount\":0,\"publisher\":{\"@id\":\"https:\/\/www.notibras.com\/site\/#organization\"},\"image\":{\"@id\":\"https:\/\/www.notibras.com\/site\/policia-federal-suja-as-maos-de-padilha-na-operacao-lava-jato\/#primaryimage\"},\"thumbnailUrl\":\"https:\/\/www.notibras.com\/site\/wp-content\/uploads\/2014\/04\/size_590_Alexandre_Padilha_ministro_da_Sa\u00fade.jpg\",\"articleSection\":[\"Brasil\"],\"inLanguage\":\"pt-BR\",\"potentialAction\":[{\"@type\":\"CommentAction\",\"name\":\"Comment\",\"target\":[\"https:\/\/www.notibras.com\/site\/policia-federal-suja-as-maos-de-padilha-na-operacao-lava-jato\/#respond\"]}]},{\"@type\":\"WebPage\",\"@id\":\"https:\/\/www.notibras.com\/site\/policia-federal-suja-as-maos-de-padilha-na-operacao-lava-jato\/\",\"url\":\"https:\/\/www.notibras.com\/site\/policia-federal-suja-as-maos-de-padilha-na-operacao-lava-jato\/\",\"name\":\"Federais sujam as m\u00e3os de Padilha (ex-ministro da Sa\u00fade) - Notibras\",\"isPartOf\":{\"@id\":\"https:\/\/www.notibras.com\/site\/#website\"},\"primaryImageOfPage\":{\"@id\":\"https:\/\/www.notibras.com\/site\/policia-federal-suja-as-maos-de-padilha-na-operacao-lava-jato\/#primaryimage\"},\"image\":{\"@id\":\"https:\/\/www.notibras.com\/site\/policia-federal-suja-as-maos-de-padilha-na-operacao-lava-jato\/#primaryimage\"},\"thumbnailUrl\":\"https:\/\/www.notibras.com\/site\/wp-content\/uploads\/2014\/04\/size_590_Alexandre_Padilha_ministro_da_Sa\u00fade.jpg\",\"datePublished\":\"2014-04-25T01:44:30+00:00\",\"dateModified\":\"2014-04-25T20:10:08+00:00\",\"breadcrumb\":{\"@id\":\"https:\/\/www.notibras.com\/site\/policia-federal-suja-as-maos-de-padilha-na-operacao-lava-jato\/#breadcrumb\"},\"inLanguage\":\"pt-BR\",\"potentialAction\":[{\"@type\":\"ReadAction\",\"target\":[\"https:\/\/www.notibras.com\/site\/policia-federal-suja-as-maos-de-padilha-na-operacao-lava-jato\/\"]}]},{\"@type\":\"ImageObject\",\"inLanguage\":\"pt-BR\",\"@id\":\"https:\/\/www.notibras.com\/site\/policia-federal-suja-as-maos-de-padilha-na-operacao-lava-jato\/#primaryimage\",\"url\":\"https:\/\/www.notibras.com\/site\/wp-content\/uploads\/2014\/04\/size_590_Alexandre_Padilha_ministro_da_Sa\u00fade.jpg\",\"contentUrl\":\"https:\/\/www.notibras.com\/site\/wp-content\/uploads\/2014\/04\/size_590_Alexandre_Padilha_ministro_da_Sa\u00fade.jpg\",\"width\":590,\"height\":443},{\"@type\":\"BreadcrumbList\",\"@id\":\"https:\/\/www.notibras.com\/site\/policia-federal-suja-as-maos-de-padilha-na-operacao-lava-jato\/#breadcrumb\",\"itemListElement\":[{\"@type\":\"ListItem\",\"position\":1,\"name\":\"In\u00edcio\",\"item\":\"https:\/\/www.notibras.com\/site\/\"},{\"@type\":\"ListItem\",\"position\":2,\"name\":\"Federais sujam as m\u00e3os de Padilha (ex-ministro da Sa\u00fade)\"}]},{\"@type\":\"WebSite\",\"@id\":\"https:\/\/www.notibras.com\/site\/#website\",\"url\":\"https:\/\/www.notibras.com\/site\/\",\"name\":\"Notibras\",\"description\":\"Not\u00edcias de Bras\u00edlia, do Brasil e do Mundo\",\"publisher\":{\"@id\":\"https:\/\/www.notibras.com\/site\/#organization\"},\"potentialAction\":[{\"@type\":\"SearchAction\",\"target\":{\"@type\":\"EntryPoint\",\"urlTemplate\":\"https:\/\/www.notibras.com\/site\/?s={search_term_string}\"},\"query-input\":{\"@type\":\"PropertyValueSpecification\",\"valueRequired\":true,\"valueName\":\"search_term_string\"}}],\"inLanguage\":\"pt-BR\"},{\"@type\":\"Organization\",\"@id\":\"https:\/\/www.notibras.com\/site\/#organization\",\"name\":\"Grupo Notibras de Comunica\u00e7\u00e3o\",\"url\":\"https:\/\/www.notibras.com\/site\/\",\"logo\":{\"@type\":\"ImageObject\",\"inLanguage\":\"pt-BR\",\"@id\":\"https:\/\/www.notibras.com\/site\/#\/schema\/logo\/image\/\",\"url\":\"https:\/\/www.notibras.com\/site\/wp-content\/uploads\/2023\/01\/notibras23.png\",\"contentUrl\":\"https:\/\/www.notibras.com\/site\/wp-content\/uploads\/2023\/01\/notibras23.png\",\"width\":350,\"height\":87,\"caption\":\"Grupo Notibras de Comunica\u00e7\u00e3o\"},\"image\":{\"@id\":\"https:\/\/www.notibras.com\/site\/#\/schema\/logo\/image\/\"},\"sameAs\":[\"https:\/\/www.facebook.com\/notibras\/\",\"https:\/\/x.com\/Notibras\",\"https:\/\/www.instagram.com\/notibras\/\"]},{\"@type\":\"Person\",\"@id\":\"https:\/\/www.notibras.com\/site\/#\/schema\/person\/36ab0979449956132d3e5b517ea76ac8\",\"name\":\"Reda\u00e7\u00e3o\",\"image\":{\"@type\":\"ImageObject\",\"inLanguage\":\"pt-BR\",\"@id\":\"https:\/\/secure.gravatar.com\/avatar\/e0a867bdedb85fd243eadf09663511f96fc81e0720a4a42581f334ad4303aa6b?s=96&d=mm&r=g\",\"url\":\"https:\/\/secure.gravatar.com\/avatar\/e0a867bdedb85fd243eadf09663511f96fc81e0720a4a42581f334ad4303aa6b?s=96&d=mm&r=g\",\"contentUrl\":\"https:\/\/secure.gravatar.com\/avatar\/e0a867bdedb85fd243eadf09663511f96fc81e0720a4a42581f334ad4303aa6b?s=96&d=mm&r=g\",\"caption\":\"Reda\u00e7\u00e3o\"}}]}<\/script>\n<!-- \/ Yoast SEO plugin. -->","yoast_head_json":{"title":"Federais sujam as m\u00e3os de Padilha (ex-ministro da Sa\u00fade) - Notibras","robots":{"index":"index","follow":"follow","max-snippet":"max-snippet:-1","max-image-preview":"max-image-preview:large","max-video-preview":"max-video-preview:-1"},"canonical":"https:\/\/www.notibras.com\/site\/policia-federal-suja-as-maos-de-padilha-na-operacao-lava-jato\/","og_locale":"pt_BR","og_type":"article","og_title":"Federais sujam as m\u00e3os de Padilha (ex-ministro da Sa\u00fade) - Notibras","og_description":"A Opera\u00e7\u00e3o Lava Jato da Pol\u00edcia Federal come\u00e7a a colocar as m\u00e3os em mais gente gra\u00fada do PT. E um dos alvos agora \u00e9 o ex-ministro Alexandre Padilha. Quando estava no Minist\u00e9rio da Sa\u00fade, o petista, hoje candidato ao governo de S\u00e3o Paulo, teve envolvimentos direto com o doleiro Alberto Youssef. Outra figura expoente do [&hellip;]","og_url":"https:\/\/www.notibras.com\/site\/policia-federal-suja-as-maos-de-padilha-na-operacao-lava-jato\/","og_site_name":"Notibras","article_publisher":"https:\/\/www.facebook.com\/notibras\/","article_published_time":"2014-04-25T01:44:30+00:00","article_modified_time":"2014-04-25T20:10:08+00:00","og_image":[{"width":590,"height":443,"url":"https:\/\/www.notibras.com\/site\/wp-content\/uploads\/2014\/04\/size_590_Alexandre_Padilha_ministro_da_Sa\u00fade.jpg","type":"image\/jpeg"}],"author":"Reda\u00e7\u00e3o","twitter_card":"summary_large_image","twitter_creator":"@Notibras","twitter_site":"@Notibras","twitter_misc":{"Escrito por":"Reda\u00e7\u00e3o","Est. tempo de leitura":"5 minutos"},"schema":{"@context":"https:\/\/schema.org","@graph":[{"@type":"Article","@id":"https:\/\/www.notibras.com\/site\/policia-federal-suja-as-maos-de-padilha-na-operacao-lava-jato\/#article","isPartOf":{"@id":"https:\/\/www.notibras.com\/site\/policia-federal-suja-as-maos-de-padilha-na-operacao-lava-jato\/"},"author":{"name":"Reda\u00e7\u00e3o","@id":"https:\/\/www.notibras.com\/site\/#\/schema\/person\/36ab0979449956132d3e5b517ea76ac8"},"headline":"Federais sujam as m\u00e3os de Padilha (ex-ministro da Sa\u00fade)","datePublished":"2014-04-25T01:44:30+00:00","dateModified":"2014-04-25T20:10:08+00:00","mainEntityOfPage":{"@id":"https:\/\/www.notibras.com\/site\/policia-federal-suja-as-maos-de-padilha-na-operacao-lava-jato\/"},"wordCount":997,"commentCount":0,"publisher":{"@id":"https:\/\/www.notibras.com\/site\/#organization"},"image":{"@id":"https:\/\/www.notibras.com\/site\/policia-federal-suja-as-maos-de-padilha-na-operacao-lava-jato\/#primaryimage"},"thumbnailUrl":"https:\/\/www.notibras.com\/site\/wp-content\/uploads\/2014\/04\/size_590_Alexandre_Padilha_ministro_da_Sa\u00fade.jpg","articleSection":["Brasil"],"inLanguage":"pt-BR","potentialAction":[{"@type":"CommentAction","name":"Comment","target":["https:\/\/www.notibras.com\/site\/policia-federal-suja-as-maos-de-padilha-na-operacao-lava-jato\/#respond"]}]},{"@type":"WebPage","@id":"https:\/\/www.notibras.com\/site\/policia-federal-suja-as-maos-de-padilha-na-operacao-lava-jato\/","url":"https:\/\/www.notibras.com\/site\/policia-federal-suja-as-maos-de-padilha-na-operacao-lava-jato\/","name":"Federais sujam as m\u00e3os de Padilha (ex-ministro da Sa\u00fade) - Notibras","isPartOf":{"@id":"https:\/\/www.notibras.com\/site\/#website"},"primaryImageOfPage":{"@id":"https:\/\/www.notibras.com\/site\/policia-federal-suja-as-maos-de-padilha-na-operacao-lava-jato\/#primaryimage"},"image":{"@id":"https:\/\/www.notibras.com\/site\/policia-federal-suja-as-maos-de-padilha-na-operacao-lava-jato\/#primaryimage"},"thumbnailUrl":"https:\/\/www.notibras.com\/site\/wp-content\/uploads\/2014\/04\/size_590_Alexandre_Padilha_ministro_da_Sa\u00fade.jpg","datePublished":"2014-04-25T01:44:30+00:00","dateModified":"2014-04-25T20:10:08+00:00","breadcrumb":{"@id":"https:\/\/www.notibras.com\/site\/policia-federal-suja-as-maos-de-padilha-na-operacao-lava-jato\/#breadcrumb"},"inLanguage":"pt-BR","potentialAction":[{"@type":"ReadAction","target":["https:\/\/www.notibras.com\/site\/policia-federal-suja-as-maos-de-padilha-na-operacao-lava-jato\/"]}]},{"@type":"ImageObject","inLanguage":"pt-BR","@id":"https:\/\/www.notibras.com\/site\/policia-federal-suja-as-maos-de-padilha-na-operacao-lava-jato\/#primaryimage","url":"https:\/\/www.notibras.com\/site\/wp-content\/uploads\/2014\/04\/size_590_Alexandre_Padilha_ministro_da_Sa\u00fade.jpg","contentUrl":"https:\/\/www.notibras.com\/site\/wp-content\/uploads\/2014\/04\/size_590_Alexandre_Padilha_ministro_da_Sa\u00fade.jpg","width":590,"height":443},{"@type":"BreadcrumbList","@id":"https:\/\/www.notibras.com\/site\/policia-federal-suja-as-maos-de-padilha-na-operacao-lava-jato\/#breadcrumb","itemListElement":[{"@type":"ListItem","position":1,"name":"In\u00edcio","item":"https:\/\/www.notibras.com\/site\/"},{"@type":"ListItem","position":2,"name":"Federais sujam as m\u00e3os de Padilha (ex-ministro da Sa\u00fade)"}]},{"@type":"WebSite","@id":"https:\/\/www.notibras.com\/site\/#website","url":"https:\/\/www.notibras.com\/site\/","name":"Notibras","description":"Not\u00edcias de Bras\u00edlia, do Brasil e do Mundo","publisher":{"@id":"https:\/\/www.notibras.com\/site\/#organization"},"potentialAction":[{"@type":"SearchAction","target":{"@type":"EntryPoint","urlTemplate":"https:\/\/www.notibras.com\/site\/?s={search_term_string}"},"query-input":{"@type":"PropertyValueSpecification","valueRequired":true,"valueName":"search_term_string"}}],"inLanguage":"pt-BR"},{"@type":"Organization","@id":"https:\/\/www.notibras.com\/site\/#organization","name":"Grupo Notibras de Comunica\u00e7\u00e3o","url":"https:\/\/www.notibras.com\/site\/","logo":{"@type":"ImageObject","inLanguage":"pt-BR","@id":"https:\/\/www.notibras.com\/site\/#\/schema\/logo\/image\/","url":"https:\/\/www.notibras.com\/site\/wp-content\/uploads\/2023\/01\/notibras23.png","contentUrl":"https:\/\/www.notibras.com\/site\/wp-content\/uploads\/2023\/01\/notibras23.png","width":350,"height":87,"caption":"Grupo Notibras de Comunica\u00e7\u00e3o"},"image":{"@id":"https:\/\/www.notibras.com\/site\/#\/schema\/logo\/image\/"},"sameAs":["https:\/\/www.facebook.com\/notibras\/","https:\/\/x.com\/Notibras","https:\/\/www.instagram.com\/notibras\/"]},{"@type":"Person","@id":"https:\/\/www.notibras.com\/site\/#\/schema\/person\/36ab0979449956132d3e5b517ea76ac8","name":"Reda\u00e7\u00e3o","image":{"@type":"ImageObject","inLanguage":"pt-BR","@id":"https:\/\/secure.gravatar.com\/avatar\/e0a867bdedb85fd243eadf09663511f96fc81e0720a4a42581f334ad4303aa6b?s=96&d=mm&r=g","url":"https:\/\/secure.gravatar.com\/avatar\/e0a867bdedb85fd243eadf09663511f96fc81e0720a4a42581f334ad4303aa6b?s=96&d=mm&r=g","contentUrl":"https:\/\/secure.gravatar.com\/avatar\/e0a867bdedb85fd243eadf09663511f96fc81e0720a4a42581f334ad4303aa6b?s=96&d=mm&r=g","caption":"Reda\u00e7\u00e3o"}}]}},"amp_enabled":true,"_links":{"self":[{"href":"https:\/\/www.notibras.com\/site\/wp-json\/wp\/v2\/posts\/7557","targetHints":{"allow":["GET"]}}],"collection":[{"href":"https:\/\/www.notibras.com\/site\/wp-json\/wp\/v2\/posts"}],"about":[{"href":"https:\/\/www.notibras.com\/site\/wp-json\/wp\/v2\/types\/post"}],"author":[{"embeddable":true,"href":"https:\/\/www.notibras.com\/site\/wp-json\/wp\/v2\/users\/2"}],"replies":[{"embeddable":true,"href":"https:\/\/www.notibras.com\/site\/wp-json\/wp\/v2\/comments?post=7557"}],"version-history":[{"count":0,"href":"https:\/\/www.notibras.com\/site\/wp-json\/wp\/v2\/posts\/7557\/revisions"}],"wp:featuredmedia":[{"embeddable":true,"href":"https:\/\/www.notibras.com\/site\/wp-json\/wp\/v2\/media\/7558"}],"wp:attachment":[{"href":"https:\/\/www.notibras.com\/site\/wp-json\/wp\/v2\/media?parent=7557"}],"wp:term":[{"taxonomy":"category","embeddable":true,"href":"https:\/\/www.notibras.com\/site\/wp-json\/wp\/v2\/categories?post=7557"},{"taxonomy":"post_tag","embeddable":true,"href":"https:\/\/www.notibras.com\/site\/wp-json\/wp\/v2\/tags?post=7557"}],"curies":[{"name":"wp","href":"https:\/\/api.w.org\/{rel}","templated":true}]}}