{"id":7580,"date":"2014-04-25T09:45:18","date_gmt":"2014-04-25T12:45:18","guid":{"rendered":"http:\/\/www.notibras.com\/site\/?p=7580"},"modified":"2014-04-25T15:41:54","modified_gmt":"2014-04-25T18:41:54","slug":"polici-civil-algema-e-mata-a-namorada-depois-tenta-suicidio-com-tiro-na-cabeca","status":"publish","type":"post","link":"https:\/\/www.notibras.com\/site\/polici-civil-algema-e-mata-a-namorada-depois-tenta-suicidio-com-tiro-na-cabeca\/","title":{"rendered":"Policial Civil algema e mata namorada no meio da rua"},"content":{"rendered":"<p>O investigador da Policia Civil, Napole\u00e3o Seki Junior, de 38 anos, matou a namorada Paola Cardoso, de 23 anos na tarde dessa quinta-feira em Curitiba.<\/p>\n<p>Testemunhas contaram que viram o casal discutindo dentro desse ve\u00edculo Celta, minutos ap\u00f3s a mulher saiu correndo de dentro do carro e o policial foi atr\u00e1s dela e a algemou, em seguida disparou pelo menos quatro vezes.<\/p>\n<p>Ele ainda tentou se suicidar e atirou contra a pr\u00f3pria cabe\u00e7a, mas foi socorrido e encaminhando em estado grave ao Hospital Cajuru. A Pol\u00edcia Militar atendeu primeiramente a ocorr\u00eancia.<\/p>\n<p>O crime aconteceu na rua Reinaldino de Quadros, no bairro Alto da XV. Um pouco depois do homic\u00eddio, familiares da v\u00edtima chegaram ao local. Eles contaram que os dois namoravam h\u00e1 um ano e as brigas eram constantes.<\/p>\n<p>O casal estava morando junto h\u00e1 pouco mais de uma semana. De acordo com informa\u00e7\u00f5es repassadas pela Pol\u00edcia Civil, atualmente Napole\u00e3o estava exercendo fun\u00e7\u00f5es administrativas na Secretaria de Seguran\u00e7a P\u00fablica do Paran\u00e1.<\/p>\n<p>A investiga\u00e7\u00e3o ficar\u00e1 a cargo da Delegacia da Mulher que j\u00e1 solicitou as imagens de c\u00e2meras de seguran\u00e7a do local para apurar os fatos.<\/p>\n","protected":false},"excerpt":{"rendered":"<p>O investigador da Policia Civil, Napole\u00e3o Seki Junior, de 38 anos, matou a namorada Paola Cardoso, de 23 anos na tarde dessa quinta-feira em Curitiba. Testemunhas contaram que viram o casal discutindo dentro desse ve\u00edculo Celta, minutos ap\u00f3s a mulher saiu correndo de dentro do carro e o policial foi atr\u00e1s dela e a algemou, [&hellip;]<\/p>\n","protected":false},"author":2,"featured_media":7581,"comment_status":"open","ping_status":"closed","sticky":false,"template":"","format":"standard","meta":{"_acf_changed":false,"footnotes":""},"categories":[16],"tags":[],"class_list":["post-7580","post","type-post","status-publish","format-standard","has-post-thumbnail","hentry","category-brasil"],"acf":[],"yoast_head":"<!-- This site is optimized with the Yoast SEO plugin v27.2 - https:\/\/yoast.com\/product\/yoast-seo-wordpress\/ -->\n<title>Policial Civil algema e mata namorada no meio da rua - Notibras<\/title>\n<meta name=\"robots\" content=\"index, follow, max-snippet:-1, max-image-preview:large, max-video-preview:-1\" \/>\n<link rel=\"canonical\" href=\"https:\/\/www.notibras.com\/site\/polici-civil-algema-e-mata-a-namorada-depois-tenta-suicidio-com-tiro-na-cabeca\/\" \/>\n<meta property=\"og:locale\" content=\"pt_BR\" \/>\n<meta property=\"og:type\" content=\"article\" \/>\n<meta property=\"og:title\" content=\"Policial Civil algema e mata namorada no meio da rua - Notibras\" \/>\n<meta property=\"og:description\" content=\"O investigador da Policia Civil, Napole\u00e3o Seki Junior, de 38 anos, matou a namorada Paola Cardoso, de 23 anos na tarde dessa quinta-feira em Curitiba. Testemunhas contaram que viram o casal discutindo dentro desse ve\u00edculo Celta, minutos ap\u00f3s a mulher saiu correndo de dentro do carro e o policial foi atr\u00e1s dela e a algemou, [&hellip;]\" \/>\n<meta property=\"og:url\" content=\"https:\/\/www.notibras.com\/site\/polici-civil-algema-e-mata-a-namorada-depois-tenta-suicidio-com-tiro-na-cabeca\/\" \/>\n<meta property=\"og:site_name\" content=\"Notibras\" \/>\n<meta property=\"article:publisher\" content=\"https:\/\/www.facebook.com\/notibras\/\" \/>\n<meta property=\"article:published_time\" content=\"2014-04-25T12:45:18+00:00\" \/>\n<meta property=\"article:modified_time\" content=\"2014-04-25T18:41:54+00:00\" \/>\n<meta property=\"og:image\" content=\"https:\/\/www.notibras.com\/site\/wp-content\/uploads\/2014\/04\/manc.png\" \/>\n\t<meta property=\"og:image:width\" content=\"590\" \/>\n\t<meta property=\"og:image:height\" content=\"440\" \/>\n\t<meta property=\"og:image:type\" content=\"image\/png\" \/>\n<meta name=\"author\" content=\"Reda\u00e7\u00e3o\" \/>\n<meta name=\"twitter:card\" content=\"summary_large_image\" \/>\n<meta name=\"twitter:creator\" content=\"@Notibras\" \/>\n<meta name=\"twitter:site\" content=\"@Notibras\" \/>\n<meta name=\"twitter:label1\" content=\"Escrito por\" \/>\n\t<meta name=\"twitter:data1\" content=\"Reda\u00e7\u00e3o\" \/>\n\t<meta name=\"twitter:label2\" content=\"Est. tempo de leitura\" \/>\n\t<meta name=\"twitter:data2\" content=\"1 minuto\" \/>\n<script type=\"application\/ld+json\" class=\"yoast-schema-graph\">{\"@context\":\"https:\/\/schema.org\",\"@graph\":[{\"@type\":\"Article\",\"@id\":\"https:\/\/www.notibras.com\/site\/polici-civil-algema-e-mata-a-namorada-depois-tenta-suicidio-com-tiro-na-cabeca\/#article\",\"isPartOf\":{\"@id\":\"https:\/\/www.notibras.com\/site\/polici-civil-algema-e-mata-a-namorada-depois-tenta-suicidio-com-tiro-na-cabeca\/\"},\"author\":{\"name\":\"Reda\u00e7\u00e3o\",\"@id\":\"https:\/\/www.notibras.com\/site\/#\/schema\/person\/36ab0979449956132d3e5b517ea76ac8\"},\"headline\":\"Policial Civil algema e mata namorada no meio da rua\",\"datePublished\":\"2014-04-25T12:45:18+00:00\",\"dateModified\":\"2014-04-25T18:41:54+00:00\",\"mainEntityOfPage\":{\"@id\":\"https:\/\/www.notibras.com\/site\/polici-civil-algema-e-mata-a-namorada-depois-tenta-suicidio-com-tiro-na-cabeca\/\"},\"wordCount\":212,\"commentCount\":0,\"publisher\":{\"@id\":\"https:\/\/www.notibras.com\/site\/#organization\"},\"image\":{\"@id\":\"https:\/\/www.notibras.com\/site\/polici-civil-algema-e-mata-a-namorada-depois-tenta-suicidio-com-tiro-na-cabeca\/#primaryimage\"},\"thumbnailUrl\":\"https:\/\/www.notibras.com\/site\/wp-content\/uploads\/2014\/04\/manc.png\",\"articleSection\":[\"Brasil\"],\"inLanguage\":\"pt-BR\",\"potentialAction\":[{\"@type\":\"CommentAction\",\"name\":\"Comment\",\"target\":[\"https:\/\/www.notibras.com\/site\/polici-civil-algema-e-mata-a-namorada-depois-tenta-suicidio-com-tiro-na-cabeca\/#respond\"]}]},{\"@type\":\"WebPage\",\"@id\":\"https:\/\/www.notibras.com\/site\/polici-civil-algema-e-mata-a-namorada-depois-tenta-suicidio-com-tiro-na-cabeca\/\",\"url\":\"https:\/\/www.notibras.com\/site\/polici-civil-algema-e-mata-a-namorada-depois-tenta-suicidio-com-tiro-na-cabeca\/\",\"name\":\"Policial Civil algema e mata namorada no meio da rua - Notibras\",\"isPartOf\":{\"@id\":\"https:\/\/www.notibras.com\/site\/#website\"},\"primaryImageOfPage\":{\"@id\":\"https:\/\/www.notibras.com\/site\/polici-civil-algema-e-mata-a-namorada-depois-tenta-suicidio-com-tiro-na-cabeca\/#primaryimage\"},\"image\":{\"@id\":\"https:\/\/www.notibras.com\/site\/polici-civil-algema-e-mata-a-namorada-depois-tenta-suicidio-com-tiro-na-cabeca\/#primaryimage\"},\"thumbnailUrl\":\"https:\/\/www.notibras.com\/site\/wp-content\/uploads\/2014\/04\/manc.png\",\"datePublished\":\"2014-04-25T12:45:18+00:00\",\"dateModified\":\"2014-04-25T18:41:54+00:00\",\"breadcrumb\":{\"@id\":\"https:\/\/www.notibras.com\/site\/polici-civil-algema-e-mata-a-namorada-depois-tenta-suicidio-com-tiro-na-cabeca\/#breadcrumb\"},\"inLanguage\":\"pt-BR\",\"potentialAction\":[{\"@type\":\"ReadAction\",\"target\":[\"https:\/\/www.notibras.com\/site\/polici-civil-algema-e-mata-a-namorada-depois-tenta-suicidio-com-tiro-na-cabeca\/\"]}]},{\"@type\":\"ImageObject\",\"inLanguage\":\"pt-BR\",\"@id\":\"https:\/\/www.notibras.com\/site\/polici-civil-algema-e-mata-a-namorada-depois-tenta-suicidio-com-tiro-na-cabeca\/#primaryimage\",\"url\":\"https:\/\/www.notibras.com\/site\/wp-content\/uploads\/2014\/04\/manc.png\",\"contentUrl\":\"https:\/\/www.notibras.com\/site\/wp-content\/uploads\/2014\/04\/manc.png\",\"width\":590,\"height\":440},{\"@type\":\"BreadcrumbList\",\"@id\":\"https:\/\/www.notibras.com\/site\/polici-civil-algema-e-mata-a-namorada-depois-tenta-suicidio-com-tiro-na-cabeca\/#breadcrumb\",\"itemListElement\":[{\"@type\":\"ListItem\",\"position\":1,\"name\":\"In\u00edcio\",\"item\":\"https:\/\/www.notibras.com\/site\/\"},{\"@type\":\"ListItem\",\"position\":2,\"name\":\"Policial Civil algema e mata namorada no meio da rua\"}]},{\"@type\":\"WebSite\",\"@id\":\"https:\/\/www.notibras.com\/site\/#website\",\"url\":\"https:\/\/www.notibras.com\/site\/\",\"name\":\"Notibras\",\"description\":\"Not\u00edcias de Bras\u00edlia, do Brasil e do Mundo\",\"publisher\":{\"@id\":\"https:\/\/www.notibras.com\/site\/#organization\"},\"potentialAction\":[{\"@type\":\"SearchAction\",\"target\":{\"@type\":\"EntryPoint\",\"urlTemplate\":\"https:\/\/www.notibras.com\/site\/?s={search_term_string}\"},\"query-input\":{\"@type\":\"PropertyValueSpecification\",\"valueRequired\":true,\"valueName\":\"search_term_string\"}}],\"inLanguage\":\"pt-BR\"},{\"@type\":\"Organization\",\"@id\":\"https:\/\/www.notibras.com\/site\/#organization\",\"name\":\"Grupo Notibras de Comunica\u00e7\u00e3o\",\"url\":\"https:\/\/www.notibras.com\/site\/\",\"logo\":{\"@type\":\"ImageObject\",\"inLanguage\":\"pt-BR\",\"@id\":\"https:\/\/www.notibras.com\/site\/#\/schema\/logo\/image\/\",\"url\":\"https:\/\/www.notibras.com\/site\/wp-content\/uploads\/2023\/01\/notibras23.png\",\"contentUrl\":\"https:\/\/www.notibras.com\/site\/wp-content\/uploads\/2023\/01\/notibras23.png\",\"width\":350,\"height\":87,\"caption\":\"Grupo Notibras de Comunica\u00e7\u00e3o\"},\"image\":{\"@id\":\"https:\/\/www.notibras.com\/site\/#\/schema\/logo\/image\/\"},\"sameAs\":[\"https:\/\/www.facebook.com\/notibras\/\",\"https:\/\/x.com\/Notibras\",\"https:\/\/www.instagram.com\/notibras\/\"]},{\"@type\":\"Person\",\"@id\":\"https:\/\/www.notibras.com\/site\/#\/schema\/person\/36ab0979449956132d3e5b517ea76ac8\",\"name\":\"Reda\u00e7\u00e3o\",\"image\":{\"@type\":\"ImageObject\",\"inLanguage\":\"pt-BR\",\"@id\":\"https:\/\/secure.gravatar.com\/avatar\/e0a867bdedb85fd243eadf09663511f96fc81e0720a4a42581f334ad4303aa6b?s=96&d=mm&r=g\",\"url\":\"https:\/\/secure.gravatar.com\/avatar\/e0a867bdedb85fd243eadf09663511f96fc81e0720a4a42581f334ad4303aa6b?s=96&d=mm&r=g\",\"contentUrl\":\"https:\/\/secure.gravatar.com\/avatar\/e0a867bdedb85fd243eadf09663511f96fc81e0720a4a42581f334ad4303aa6b?s=96&d=mm&r=g\",\"caption\":\"Reda\u00e7\u00e3o\"}}]}<\/script>\n<!-- \/ Yoast SEO plugin. -->","yoast_head_json":{"title":"Policial Civil algema e mata namorada no meio da rua - Notibras","robots":{"index":"index","follow":"follow","max-snippet":"max-snippet:-1","max-image-preview":"max-image-preview:large","max-video-preview":"max-video-preview:-1"},"canonical":"https:\/\/www.notibras.com\/site\/polici-civil-algema-e-mata-a-namorada-depois-tenta-suicidio-com-tiro-na-cabeca\/","og_locale":"pt_BR","og_type":"article","og_title":"Policial Civil algema e mata namorada no meio da rua - Notibras","og_description":"O investigador da Policia Civil, Napole\u00e3o Seki Junior, de 38 anos, matou a namorada Paola Cardoso, de 23 anos na tarde dessa quinta-feira em Curitiba. Testemunhas contaram que viram o casal discutindo dentro desse ve\u00edculo Celta, minutos ap\u00f3s a mulher saiu correndo de dentro do carro e o policial foi atr\u00e1s dela e a algemou, [&hellip;]","og_url":"https:\/\/www.notibras.com\/site\/polici-civil-algema-e-mata-a-namorada-depois-tenta-suicidio-com-tiro-na-cabeca\/","og_site_name":"Notibras","article_publisher":"https:\/\/www.facebook.com\/notibras\/","article_published_time":"2014-04-25T12:45:18+00:00","article_modified_time":"2014-04-25T18:41:54+00:00","og_image":[{"width":590,"height":440,"url":"https:\/\/www.notibras.com\/site\/wp-content\/uploads\/2014\/04\/manc.png","type":"image\/png"}],"author":"Reda\u00e7\u00e3o","twitter_card":"summary_large_image","twitter_creator":"@Notibras","twitter_site":"@Notibras","twitter_misc":{"Escrito por":"Reda\u00e7\u00e3o","Est. tempo de leitura":"1 minuto"},"schema":{"@context":"https:\/\/schema.org","@graph":[{"@type":"Article","@id":"https:\/\/www.notibras.com\/site\/polici-civil-algema-e-mata-a-namorada-depois-tenta-suicidio-com-tiro-na-cabeca\/#article","isPartOf":{"@id":"https:\/\/www.notibras.com\/site\/polici-civil-algema-e-mata-a-namorada-depois-tenta-suicidio-com-tiro-na-cabeca\/"},"author":{"name":"Reda\u00e7\u00e3o","@id":"https:\/\/www.notibras.com\/site\/#\/schema\/person\/36ab0979449956132d3e5b517ea76ac8"},"headline":"Policial Civil algema e mata namorada no meio da rua","datePublished":"2014-04-25T12:45:18+00:00","dateModified":"2014-04-25T18:41:54+00:00","mainEntityOfPage":{"@id":"https:\/\/www.notibras.com\/site\/polici-civil-algema-e-mata-a-namorada-depois-tenta-suicidio-com-tiro-na-cabeca\/"},"wordCount":212,"commentCount":0,"publisher":{"@id":"https:\/\/www.notibras.com\/site\/#organization"},"image":{"@id":"https:\/\/www.notibras.com\/site\/polici-civil-algema-e-mata-a-namorada-depois-tenta-suicidio-com-tiro-na-cabeca\/#primaryimage"},"thumbnailUrl":"https:\/\/www.notibras.com\/site\/wp-content\/uploads\/2014\/04\/manc.png","articleSection":["Brasil"],"inLanguage":"pt-BR","potentialAction":[{"@type":"CommentAction","name":"Comment","target":["https:\/\/www.notibras.com\/site\/polici-civil-algema-e-mata-a-namorada-depois-tenta-suicidio-com-tiro-na-cabeca\/#respond"]}]},{"@type":"WebPage","@id":"https:\/\/www.notibras.com\/site\/polici-civil-algema-e-mata-a-namorada-depois-tenta-suicidio-com-tiro-na-cabeca\/","url":"https:\/\/www.notibras.com\/site\/polici-civil-algema-e-mata-a-namorada-depois-tenta-suicidio-com-tiro-na-cabeca\/","name":"Policial Civil algema e mata namorada no meio da rua - Notibras","isPartOf":{"@id":"https:\/\/www.notibras.com\/site\/#website"},"primaryImageOfPage":{"@id":"https:\/\/www.notibras.com\/site\/polici-civil-algema-e-mata-a-namorada-depois-tenta-suicidio-com-tiro-na-cabeca\/#primaryimage"},"image":{"@id":"https:\/\/www.notibras.com\/site\/polici-civil-algema-e-mata-a-namorada-depois-tenta-suicidio-com-tiro-na-cabeca\/#primaryimage"},"thumbnailUrl":"https:\/\/www.notibras.com\/site\/wp-content\/uploads\/2014\/04\/manc.png","datePublished":"2014-04-25T12:45:18+00:00","dateModified":"2014-04-25T18:41:54+00:00","breadcrumb":{"@id":"https:\/\/www.notibras.com\/site\/polici-civil-algema-e-mata-a-namorada-depois-tenta-suicidio-com-tiro-na-cabeca\/#breadcrumb"},"inLanguage":"pt-BR","potentialAction":[{"@type":"ReadAction","target":["https:\/\/www.notibras.com\/site\/polici-civil-algema-e-mata-a-namorada-depois-tenta-suicidio-com-tiro-na-cabeca\/"]}]},{"@type":"ImageObject","inLanguage":"pt-BR","@id":"https:\/\/www.notibras.com\/site\/polici-civil-algema-e-mata-a-namorada-depois-tenta-suicidio-com-tiro-na-cabeca\/#primaryimage","url":"https:\/\/www.notibras.com\/site\/wp-content\/uploads\/2014\/04\/manc.png","contentUrl":"https:\/\/www.notibras.com\/site\/wp-content\/uploads\/2014\/04\/manc.png","width":590,"height":440},{"@type":"BreadcrumbList","@id":"https:\/\/www.notibras.com\/site\/polici-civil-algema-e-mata-a-namorada-depois-tenta-suicidio-com-tiro-na-cabeca\/#breadcrumb","itemListElement":[{"@type":"ListItem","position":1,"name":"In\u00edcio","item":"https:\/\/www.notibras.com\/site\/"},{"@type":"ListItem","position":2,"name":"Policial Civil algema e mata namorada no meio da rua"}]},{"@type":"WebSite","@id":"https:\/\/www.notibras.com\/site\/#website","url":"https:\/\/www.notibras.com\/site\/","name":"Notibras","description":"Not\u00edcias de Bras\u00edlia, do Brasil e do Mundo","publisher":{"@id":"https:\/\/www.notibras.com\/site\/#organization"},"potentialAction":[{"@type":"SearchAction","target":{"@type":"EntryPoint","urlTemplate":"https:\/\/www.notibras.com\/site\/?s={search_term_string}"},"query-input":{"@type":"PropertyValueSpecification","valueRequired":true,"valueName":"search_term_string"}}],"inLanguage":"pt-BR"},{"@type":"Organization","@id":"https:\/\/www.notibras.com\/site\/#organization","name":"Grupo Notibras de Comunica\u00e7\u00e3o","url":"https:\/\/www.notibras.com\/site\/","logo":{"@type":"ImageObject","inLanguage":"pt-BR","@id":"https:\/\/www.notibras.com\/site\/#\/schema\/logo\/image\/","url":"https:\/\/www.notibras.com\/site\/wp-content\/uploads\/2023\/01\/notibras23.png","contentUrl":"https:\/\/www.notibras.com\/site\/wp-content\/uploads\/2023\/01\/notibras23.png","width":350,"height":87,"caption":"Grupo Notibras de Comunica\u00e7\u00e3o"},"image":{"@id":"https:\/\/www.notibras.com\/site\/#\/schema\/logo\/image\/"},"sameAs":["https:\/\/www.facebook.com\/notibras\/","https:\/\/x.com\/Notibras","https:\/\/www.instagram.com\/notibras\/"]},{"@type":"Person","@id":"https:\/\/www.notibras.com\/site\/#\/schema\/person\/36ab0979449956132d3e5b517ea76ac8","name":"Reda\u00e7\u00e3o","image":{"@type":"ImageObject","inLanguage":"pt-BR","@id":"https:\/\/secure.gravatar.com\/avatar\/e0a867bdedb85fd243eadf09663511f96fc81e0720a4a42581f334ad4303aa6b?s=96&d=mm&r=g","url":"https:\/\/secure.gravatar.com\/avatar\/e0a867bdedb85fd243eadf09663511f96fc81e0720a4a42581f334ad4303aa6b?s=96&d=mm&r=g","contentUrl":"https:\/\/secure.gravatar.com\/avatar\/e0a867bdedb85fd243eadf09663511f96fc81e0720a4a42581f334ad4303aa6b?s=96&d=mm&r=g","caption":"Reda\u00e7\u00e3o"}}]}},"amp_enabled":true,"_links":{"self":[{"href":"https:\/\/www.notibras.com\/site\/wp-json\/wp\/v2\/posts\/7580","targetHints":{"allow":["GET"]}}],"collection":[{"href":"https:\/\/www.notibras.com\/site\/wp-json\/wp\/v2\/posts"}],"about":[{"href":"https:\/\/www.notibras.com\/site\/wp-json\/wp\/v2\/types\/post"}],"author":[{"embeddable":true,"href":"https:\/\/www.notibras.com\/site\/wp-json\/wp\/v2\/users\/2"}],"replies":[{"embeddable":true,"href":"https:\/\/www.notibras.com\/site\/wp-json\/wp\/v2\/comments?post=7580"}],"version-history":[{"count":0,"href":"https:\/\/www.notibras.com\/site\/wp-json\/wp\/v2\/posts\/7580\/revisions"}],"wp:featuredmedia":[{"embeddable":true,"href":"https:\/\/www.notibras.com\/site\/wp-json\/wp\/v2\/media\/7581"}],"wp:attachment":[{"href":"https:\/\/www.notibras.com\/site\/wp-json\/wp\/v2\/media?parent=7580"}],"wp:term":[{"taxonomy":"category","embeddable":true,"href":"https:\/\/www.notibras.com\/site\/wp-json\/wp\/v2\/categories?post=7580"},{"taxonomy":"post_tag","embeddable":true,"href":"https:\/\/www.notibras.com\/site\/wp-json\/wp\/v2\/tags?post=7580"}],"curies":[{"name":"wp","href":"https:\/\/api.w.org\/{rel}","templated":true}]}}