{"id":75803,"date":"2015-11-11T13:14:24","date_gmt":"2015-11-11T15:14:24","guid":{"rendered":"http:\/\/www.notibras.com\/site\/?p=75803"},"modified":"2015-11-11T13:15:19","modified_gmt":"2015-11-11T15:15:19","slug":"alta-densidade-populacional-da-um-no-na-mobilidade-urbana","status":"publish","type":"post","link":"https:\/\/www.notibras.com\/site\/alta-densidade-populacional-da-um-no-na-mobilidade-urbana\/","title":{"rendered":"Alta densidade populacional d\u00e1 um n\u00f3 na mobilidade urbana"},"content":{"rendered":"<p>Voc\u00eas j\u00e1 perceberam que as grandes cidades, a cada vez, tornam-se maiores cidades?<br \/>\nIsso reflete, \u00e9 claro e not\u00f3rio, nos problemas de excessos populacionais concentrados em reduzidos espa\u00e7os f\u00edsicos. Vejam o caso de Bras\u00edlia:<\/p>\n<p>H\u00e1 o conglomerado principal &#8211; o chamado Plano Piloto (o avi\u00e3o, na arquitetura base de Bras\u00edlia e que levou \u00e0s denomina\u00e7\u00f5es de Asa Norte e Asa Sul) -, e as demais cidades sat\u00e9lites, hoje administra\u00e7\u00f5es regionais.<\/p>\n<p>Essas cidades sat\u00e9lites, quer queiramos ou n\u00e3o, ainda hoje funcionam como &#8220;cidades dormit\u00f3rio&#8221; de Bras\u00edlia, isto \u00e9, as pessoas residem nessas localidades, mas trabalham no Plano Piloto. O tr\u00e2nsito, no in\u00edcio do dia e ao final da jornada torna-se &#8220;coisa de louco&#8221;!!!<\/p>\n<p>No entanto, se os gestores &#8220;pensassem&#8221;, poderiam realocar ambientes de trabalho, como organismos p\u00fablicos, para as cidades sat\u00e9lites. Novos empreendimentos particulares, somente seriam autorizados se instalados em cidades sat\u00e9lites, mesmo que houvesse necessidade de incentivos fiscais de Governo.<\/p>\n<p>Desta forma, de imediato, haveria a redu\u00e7\u00e3o dr\u00e1stica nos fluxos de tr\u00e2nsito, com redu\u00e7\u00e3o, tamb\u00e9m, de engarrafamentos e, principalmente, do estresse!!!<\/p>\n<p>Em outros segmentos, como atendimento \u00e0 sa\u00fade, escolas e faculdades, shoppings, tudo o mais que fosse atrelado \u00e0s sociedades seriam tamb\u00e9m descentralizados.<\/p>\n<p>Os reflexos nos servi\u00e7os de abastecimento e tratamento de \u00e1gua e esgoto; a coleta e tratamento de res\u00eddios &#8211; lixo &#8211; para uma popula\u00e7\u00e3o bem mais reduzida localmente, seriam visivelmente fant\u00e1sticos!!!<\/p>\n<p>Se expandirmos esse racioc\u00ednio para outras regi\u00f5es do Brasil &#8211; e, por extens\u00e3o, do mundo!!! &#8211; os benef\u00edcios da distribui\u00e7\u00e3o populacional seriam magn\u00edficos!!! J\u00e1 imaginaram S\u00e3o Paulo e Rio de Janeiro, apenas para citar as mais comentadas nos recentes per\u00edodos na imprensa, sem os problemas atuais de falta d&#8217;\u00e1gua, mesmo se dermos um desconto \u00e0s investidas criminosas de S\u00e3o Pedro?<\/p>\n<p>Ent\u00e3o, entendo que \u00e9 por a\u00ed que deve passar a reflex\u00e3o relacionada a novos povoamentos; novas instala\u00e7\u00f5es industriais e comerciais, ou quaisquer outros tipos de estruturas que possam atrair gente. Descentralizar!!! Essa \u00e9 a ideia para uma vida com menos estresse e mais vida saud\u00e1vel. E a Natureza? Ela, simplesmente, agradece!!!<\/p>\n<p><strong>Hamed Aawar<\/strong><\/p>\n","protected":false},"excerpt":{"rendered":"<p>Voc\u00eas j\u00e1 perceberam que as grandes cidades, a cada vez, tornam-se maiores cidades? Isso reflete, \u00e9 claro e not\u00f3rio, nos problemas de excessos populacionais concentrados em reduzidos espa\u00e7os f\u00edsicos. Vejam o caso de Bras\u00edlia: H\u00e1 o conglomerado principal &#8211; o chamado Plano Piloto (o avi\u00e3o, na arquitetura base de Bras\u00edlia e que levou \u00e0s denomina\u00e7\u00f5es [&hellip;]<\/p>\n","protected":false},"author":2,"featured_media":75804,"comment_status":"open","ping_status":"closed","sticky":false,"template":"","format":"standard","meta":{"_acf_changed":false,"footnotes":""},"categories":[25],"tags":[],"class_list":["post-75803","post","type-post","status-publish","format-standard","has-post-thumbnail","hentry","category-opina-ai"],"acf":[],"yoast_head":"<!-- This site is optimized with the Yoast SEO plugin v27.2 - https:\/\/yoast.com\/product\/yoast-seo-wordpress\/ -->\n<title>Alta densidade populacional d\u00e1 um n\u00f3 na mobilidade urbana - Notibras<\/title>\n<meta name=\"robots\" content=\"index, follow, max-snippet:-1, max-image-preview:large, max-video-preview:-1\" \/>\n<link rel=\"canonical\" href=\"https:\/\/www.notibras.com\/site\/alta-densidade-populacional-da-um-no-na-mobilidade-urbana\/\" \/>\n<meta property=\"og:locale\" content=\"pt_BR\" \/>\n<meta property=\"og:type\" content=\"article\" \/>\n<meta property=\"og:title\" content=\"Alta densidade populacional d\u00e1 um n\u00f3 na mobilidade urbana - Notibras\" \/>\n<meta property=\"og:description\" content=\"Voc\u00eas j\u00e1 perceberam que as grandes cidades, a cada vez, tornam-se maiores cidades? Isso reflete, \u00e9 claro e not\u00f3rio, nos problemas de excessos populacionais concentrados em reduzidos espa\u00e7os f\u00edsicos. Vejam o caso de Bras\u00edlia: H\u00e1 o conglomerado principal &#8211; o chamado Plano Piloto (o avi\u00e3o, na arquitetura base de Bras\u00edlia e que levou \u00e0s denomina\u00e7\u00f5es [&hellip;]\" \/>\n<meta property=\"og:url\" content=\"https:\/\/www.notibras.com\/site\/alta-densidade-populacional-da-um-no-na-mobilidade-urbana\/\" \/>\n<meta property=\"og:site_name\" content=\"Notibras\" \/>\n<meta property=\"article:publisher\" content=\"https:\/\/www.facebook.com\/notibras\/\" \/>\n<meta property=\"article:published_time\" content=\"2015-11-11T15:14:24+00:00\" \/>\n<meta property=\"article:modified_time\" content=\"2015-11-11T15:15:19+00:00\" \/>\n<meta property=\"og:image\" content=\"https:\/\/www.notibras.com\/site\/wp-content\/uploads\/2015\/11\/SESS\u00c3O-MOBILIDADE.jpg\" \/>\n\t<meta property=\"og:image:width\" content=\"1193\" \/>\n\t<meta property=\"og:image:height\" content=\"779\" \/>\n\t<meta property=\"og:image:type\" content=\"image\/jpeg\" \/>\n<meta name=\"author\" content=\"Reda\u00e7\u00e3o\" \/>\n<meta name=\"twitter:card\" content=\"summary_large_image\" \/>\n<meta name=\"twitter:creator\" content=\"@Notibras\" \/>\n<meta name=\"twitter:site\" content=\"@Notibras\" \/>\n<meta name=\"twitter:label1\" content=\"Escrito por\" \/>\n\t<meta name=\"twitter:data1\" content=\"Reda\u00e7\u00e3o\" \/>\n\t<meta name=\"twitter:label2\" content=\"Est. tempo de leitura\" \/>\n\t<meta name=\"twitter:data2\" content=\"2 minutos\" \/>\n<script type=\"application\/ld+json\" class=\"yoast-schema-graph\">{\"@context\":\"https:\/\/schema.org\",\"@graph\":[{\"@type\":\"Article\",\"@id\":\"https:\/\/www.notibras.com\/site\/alta-densidade-populacional-da-um-no-na-mobilidade-urbana\/#article\",\"isPartOf\":{\"@id\":\"https:\/\/www.notibras.com\/site\/alta-densidade-populacional-da-um-no-na-mobilidade-urbana\/\"},\"author\":{\"name\":\"Reda\u00e7\u00e3o\",\"@id\":\"https:\/\/www.notibras.com\/site\/#\/schema\/person\/36ab0979449956132d3e5b517ea76ac8\"},\"headline\":\"Alta densidade populacional d\u00e1 um n\u00f3 na mobilidade urbana\",\"datePublished\":\"2015-11-11T15:14:24+00:00\",\"dateModified\":\"2015-11-11T15:15:19+00:00\",\"mainEntityOfPage\":{\"@id\":\"https:\/\/www.notibras.com\/site\/alta-densidade-populacional-da-um-no-na-mobilidade-urbana\/\"},\"wordCount\":385,\"commentCount\":0,\"publisher\":{\"@id\":\"https:\/\/www.notibras.com\/site\/#organization\"},\"image\":{\"@id\":\"https:\/\/www.notibras.com\/site\/alta-densidade-populacional-da-um-no-na-mobilidade-urbana\/#primaryimage\"},\"thumbnailUrl\":\"https:\/\/www.notibras.com\/site\/wp-content\/uploads\/2015\/11\/SESS\u00c3O-MOBILIDADE.jpg\",\"articleSection\":[\"Opina a\u00ed\"],\"inLanguage\":\"pt-BR\",\"potentialAction\":[{\"@type\":\"CommentAction\",\"name\":\"Comment\",\"target\":[\"https:\/\/www.notibras.com\/site\/alta-densidade-populacional-da-um-no-na-mobilidade-urbana\/#respond\"]}]},{\"@type\":\"WebPage\",\"@id\":\"https:\/\/www.notibras.com\/site\/alta-densidade-populacional-da-um-no-na-mobilidade-urbana\/\",\"url\":\"https:\/\/www.notibras.com\/site\/alta-densidade-populacional-da-um-no-na-mobilidade-urbana\/\",\"name\":\"Alta densidade populacional d\u00e1 um n\u00f3 na mobilidade urbana - Notibras\",\"isPartOf\":{\"@id\":\"https:\/\/www.notibras.com\/site\/#website\"},\"primaryImageOfPage\":{\"@id\":\"https:\/\/www.notibras.com\/site\/alta-densidade-populacional-da-um-no-na-mobilidade-urbana\/#primaryimage\"},\"image\":{\"@id\":\"https:\/\/www.notibras.com\/site\/alta-densidade-populacional-da-um-no-na-mobilidade-urbana\/#primaryimage\"},\"thumbnailUrl\":\"https:\/\/www.notibras.com\/site\/wp-content\/uploads\/2015\/11\/SESS\u00c3O-MOBILIDADE.jpg\",\"datePublished\":\"2015-11-11T15:14:24+00:00\",\"dateModified\":\"2015-11-11T15:15:19+00:00\",\"breadcrumb\":{\"@id\":\"https:\/\/www.notibras.com\/site\/alta-densidade-populacional-da-um-no-na-mobilidade-urbana\/#breadcrumb\"},\"inLanguage\":\"pt-BR\",\"potentialAction\":[{\"@type\":\"ReadAction\",\"target\":[\"https:\/\/www.notibras.com\/site\/alta-densidade-populacional-da-um-no-na-mobilidade-urbana\/\"]}]},{\"@type\":\"ImageObject\",\"inLanguage\":\"pt-BR\",\"@id\":\"https:\/\/www.notibras.com\/site\/alta-densidade-populacional-da-um-no-na-mobilidade-urbana\/#primaryimage\",\"url\":\"https:\/\/www.notibras.com\/site\/wp-content\/uploads\/2015\/11\/SESS\u00c3O-MOBILIDADE.jpg\",\"contentUrl\":\"https:\/\/www.notibras.com\/site\/wp-content\/uploads\/2015\/11\/SESS\u00c3O-MOBILIDADE.jpg\",\"width\":1193,\"height\":779},{\"@type\":\"BreadcrumbList\",\"@id\":\"https:\/\/www.notibras.com\/site\/alta-densidade-populacional-da-um-no-na-mobilidade-urbana\/#breadcrumb\",\"itemListElement\":[{\"@type\":\"ListItem\",\"position\":1,\"name\":\"In\u00edcio\",\"item\":\"https:\/\/www.notibras.com\/site\/\"},{\"@type\":\"ListItem\",\"position\":2,\"name\":\"Alta densidade populacional d\u00e1 um n\u00f3 na mobilidade urbana\"}]},{\"@type\":\"WebSite\",\"@id\":\"https:\/\/www.notibras.com\/site\/#website\",\"url\":\"https:\/\/www.notibras.com\/site\/\",\"name\":\"Notibras\",\"description\":\"Not\u00edcias de Bras\u00edlia, do Brasil e do Mundo\",\"publisher\":{\"@id\":\"https:\/\/www.notibras.com\/site\/#organization\"},\"potentialAction\":[{\"@type\":\"SearchAction\",\"target\":{\"@type\":\"EntryPoint\",\"urlTemplate\":\"https:\/\/www.notibras.com\/site\/?s={search_term_string}\"},\"query-input\":{\"@type\":\"PropertyValueSpecification\",\"valueRequired\":true,\"valueName\":\"search_term_string\"}}],\"inLanguage\":\"pt-BR\"},{\"@type\":\"Organization\",\"@id\":\"https:\/\/www.notibras.com\/site\/#organization\",\"name\":\"Grupo Notibras de Comunica\u00e7\u00e3o\",\"url\":\"https:\/\/www.notibras.com\/site\/\",\"logo\":{\"@type\":\"ImageObject\",\"inLanguage\":\"pt-BR\",\"@id\":\"https:\/\/www.notibras.com\/site\/#\/schema\/logo\/image\/\",\"url\":\"https:\/\/www.notibras.com\/site\/wp-content\/uploads\/2023\/01\/notibras23.png\",\"contentUrl\":\"https:\/\/www.notibras.com\/site\/wp-content\/uploads\/2023\/01\/notibras23.png\",\"width\":350,\"height\":87,\"caption\":\"Grupo Notibras de Comunica\u00e7\u00e3o\"},\"image\":{\"@id\":\"https:\/\/www.notibras.com\/site\/#\/schema\/logo\/image\/\"},\"sameAs\":[\"https:\/\/www.facebook.com\/notibras\/\",\"https:\/\/x.com\/Notibras\",\"https:\/\/www.instagram.com\/notibras\/\"]},{\"@type\":\"Person\",\"@id\":\"https:\/\/www.notibras.com\/site\/#\/schema\/person\/36ab0979449956132d3e5b517ea76ac8\",\"name\":\"Reda\u00e7\u00e3o\",\"image\":{\"@type\":\"ImageObject\",\"inLanguage\":\"pt-BR\",\"@id\":\"https:\/\/secure.gravatar.com\/avatar\/e0a867bdedb85fd243eadf09663511f96fc81e0720a4a42581f334ad4303aa6b?s=96&d=mm&r=g\",\"url\":\"https:\/\/secure.gravatar.com\/avatar\/e0a867bdedb85fd243eadf09663511f96fc81e0720a4a42581f334ad4303aa6b?s=96&d=mm&r=g\",\"contentUrl\":\"https:\/\/secure.gravatar.com\/avatar\/e0a867bdedb85fd243eadf09663511f96fc81e0720a4a42581f334ad4303aa6b?s=96&d=mm&r=g\",\"caption\":\"Reda\u00e7\u00e3o\"}}]}<\/script>\n<!-- \/ Yoast SEO plugin. -->","yoast_head_json":{"title":"Alta densidade populacional d\u00e1 um n\u00f3 na mobilidade urbana - Notibras","robots":{"index":"index","follow":"follow","max-snippet":"max-snippet:-1","max-image-preview":"max-image-preview:large","max-video-preview":"max-video-preview:-1"},"canonical":"https:\/\/www.notibras.com\/site\/alta-densidade-populacional-da-um-no-na-mobilidade-urbana\/","og_locale":"pt_BR","og_type":"article","og_title":"Alta densidade populacional d\u00e1 um n\u00f3 na mobilidade urbana - Notibras","og_description":"Voc\u00eas j\u00e1 perceberam que as grandes cidades, a cada vez, tornam-se maiores cidades? Isso reflete, \u00e9 claro e not\u00f3rio, nos problemas de excessos populacionais concentrados em reduzidos espa\u00e7os f\u00edsicos. Vejam o caso de Bras\u00edlia: H\u00e1 o conglomerado principal &#8211; o chamado Plano Piloto (o avi\u00e3o, na arquitetura base de Bras\u00edlia e que levou \u00e0s denomina\u00e7\u00f5es [&hellip;]","og_url":"https:\/\/www.notibras.com\/site\/alta-densidade-populacional-da-um-no-na-mobilidade-urbana\/","og_site_name":"Notibras","article_publisher":"https:\/\/www.facebook.com\/notibras\/","article_published_time":"2015-11-11T15:14:24+00:00","article_modified_time":"2015-11-11T15:15:19+00:00","og_image":[{"width":1193,"height":779,"url":"https:\/\/www.notibras.com\/site\/wp-content\/uploads\/2015\/11\/SESS\u00c3O-MOBILIDADE.jpg","type":"image\/jpeg"}],"author":"Reda\u00e7\u00e3o","twitter_card":"summary_large_image","twitter_creator":"@Notibras","twitter_site":"@Notibras","twitter_misc":{"Escrito por":"Reda\u00e7\u00e3o","Est. tempo de leitura":"2 minutos"},"schema":{"@context":"https:\/\/schema.org","@graph":[{"@type":"Article","@id":"https:\/\/www.notibras.com\/site\/alta-densidade-populacional-da-um-no-na-mobilidade-urbana\/#article","isPartOf":{"@id":"https:\/\/www.notibras.com\/site\/alta-densidade-populacional-da-um-no-na-mobilidade-urbana\/"},"author":{"name":"Reda\u00e7\u00e3o","@id":"https:\/\/www.notibras.com\/site\/#\/schema\/person\/36ab0979449956132d3e5b517ea76ac8"},"headline":"Alta densidade populacional d\u00e1 um n\u00f3 na mobilidade urbana","datePublished":"2015-11-11T15:14:24+00:00","dateModified":"2015-11-11T15:15:19+00:00","mainEntityOfPage":{"@id":"https:\/\/www.notibras.com\/site\/alta-densidade-populacional-da-um-no-na-mobilidade-urbana\/"},"wordCount":385,"commentCount":0,"publisher":{"@id":"https:\/\/www.notibras.com\/site\/#organization"},"image":{"@id":"https:\/\/www.notibras.com\/site\/alta-densidade-populacional-da-um-no-na-mobilidade-urbana\/#primaryimage"},"thumbnailUrl":"https:\/\/www.notibras.com\/site\/wp-content\/uploads\/2015\/11\/SESS\u00c3O-MOBILIDADE.jpg","articleSection":["Opina a\u00ed"],"inLanguage":"pt-BR","potentialAction":[{"@type":"CommentAction","name":"Comment","target":["https:\/\/www.notibras.com\/site\/alta-densidade-populacional-da-um-no-na-mobilidade-urbana\/#respond"]}]},{"@type":"WebPage","@id":"https:\/\/www.notibras.com\/site\/alta-densidade-populacional-da-um-no-na-mobilidade-urbana\/","url":"https:\/\/www.notibras.com\/site\/alta-densidade-populacional-da-um-no-na-mobilidade-urbana\/","name":"Alta densidade populacional d\u00e1 um n\u00f3 na mobilidade urbana - Notibras","isPartOf":{"@id":"https:\/\/www.notibras.com\/site\/#website"},"primaryImageOfPage":{"@id":"https:\/\/www.notibras.com\/site\/alta-densidade-populacional-da-um-no-na-mobilidade-urbana\/#primaryimage"},"image":{"@id":"https:\/\/www.notibras.com\/site\/alta-densidade-populacional-da-um-no-na-mobilidade-urbana\/#primaryimage"},"thumbnailUrl":"https:\/\/www.notibras.com\/site\/wp-content\/uploads\/2015\/11\/SESS\u00c3O-MOBILIDADE.jpg","datePublished":"2015-11-11T15:14:24+00:00","dateModified":"2015-11-11T15:15:19+00:00","breadcrumb":{"@id":"https:\/\/www.notibras.com\/site\/alta-densidade-populacional-da-um-no-na-mobilidade-urbana\/#breadcrumb"},"inLanguage":"pt-BR","potentialAction":[{"@type":"ReadAction","target":["https:\/\/www.notibras.com\/site\/alta-densidade-populacional-da-um-no-na-mobilidade-urbana\/"]}]},{"@type":"ImageObject","inLanguage":"pt-BR","@id":"https:\/\/www.notibras.com\/site\/alta-densidade-populacional-da-um-no-na-mobilidade-urbana\/#primaryimage","url":"https:\/\/www.notibras.com\/site\/wp-content\/uploads\/2015\/11\/SESS\u00c3O-MOBILIDADE.jpg","contentUrl":"https:\/\/www.notibras.com\/site\/wp-content\/uploads\/2015\/11\/SESS\u00c3O-MOBILIDADE.jpg","width":1193,"height":779},{"@type":"BreadcrumbList","@id":"https:\/\/www.notibras.com\/site\/alta-densidade-populacional-da-um-no-na-mobilidade-urbana\/#breadcrumb","itemListElement":[{"@type":"ListItem","position":1,"name":"In\u00edcio","item":"https:\/\/www.notibras.com\/site\/"},{"@type":"ListItem","position":2,"name":"Alta densidade populacional d\u00e1 um n\u00f3 na mobilidade urbana"}]},{"@type":"WebSite","@id":"https:\/\/www.notibras.com\/site\/#website","url":"https:\/\/www.notibras.com\/site\/","name":"Notibras","description":"Not\u00edcias de Bras\u00edlia, do Brasil e do Mundo","publisher":{"@id":"https:\/\/www.notibras.com\/site\/#organization"},"potentialAction":[{"@type":"SearchAction","target":{"@type":"EntryPoint","urlTemplate":"https:\/\/www.notibras.com\/site\/?s={search_term_string}"},"query-input":{"@type":"PropertyValueSpecification","valueRequired":true,"valueName":"search_term_string"}}],"inLanguage":"pt-BR"},{"@type":"Organization","@id":"https:\/\/www.notibras.com\/site\/#organization","name":"Grupo Notibras de Comunica\u00e7\u00e3o","url":"https:\/\/www.notibras.com\/site\/","logo":{"@type":"ImageObject","inLanguage":"pt-BR","@id":"https:\/\/www.notibras.com\/site\/#\/schema\/logo\/image\/","url":"https:\/\/www.notibras.com\/site\/wp-content\/uploads\/2023\/01\/notibras23.png","contentUrl":"https:\/\/www.notibras.com\/site\/wp-content\/uploads\/2023\/01\/notibras23.png","width":350,"height":87,"caption":"Grupo Notibras de Comunica\u00e7\u00e3o"},"image":{"@id":"https:\/\/www.notibras.com\/site\/#\/schema\/logo\/image\/"},"sameAs":["https:\/\/www.facebook.com\/notibras\/","https:\/\/x.com\/Notibras","https:\/\/www.instagram.com\/notibras\/"]},{"@type":"Person","@id":"https:\/\/www.notibras.com\/site\/#\/schema\/person\/36ab0979449956132d3e5b517ea76ac8","name":"Reda\u00e7\u00e3o","image":{"@type":"ImageObject","inLanguage":"pt-BR","@id":"https:\/\/secure.gravatar.com\/avatar\/e0a867bdedb85fd243eadf09663511f96fc81e0720a4a42581f334ad4303aa6b?s=96&d=mm&r=g","url":"https:\/\/secure.gravatar.com\/avatar\/e0a867bdedb85fd243eadf09663511f96fc81e0720a4a42581f334ad4303aa6b?s=96&d=mm&r=g","contentUrl":"https:\/\/secure.gravatar.com\/avatar\/e0a867bdedb85fd243eadf09663511f96fc81e0720a4a42581f334ad4303aa6b?s=96&d=mm&r=g","caption":"Reda\u00e7\u00e3o"}}]}},"amp_enabled":true,"_links":{"self":[{"href":"https:\/\/www.notibras.com\/site\/wp-json\/wp\/v2\/posts\/75803","targetHints":{"allow":["GET"]}}],"collection":[{"href":"https:\/\/www.notibras.com\/site\/wp-json\/wp\/v2\/posts"}],"about":[{"href":"https:\/\/www.notibras.com\/site\/wp-json\/wp\/v2\/types\/post"}],"author":[{"embeddable":true,"href":"https:\/\/www.notibras.com\/site\/wp-json\/wp\/v2\/users\/2"}],"replies":[{"embeddable":true,"href":"https:\/\/www.notibras.com\/site\/wp-json\/wp\/v2\/comments?post=75803"}],"version-history":[{"count":2,"href":"https:\/\/www.notibras.com\/site\/wp-json\/wp\/v2\/posts\/75803\/revisions"}],"predecessor-version":[{"id":75806,"href":"https:\/\/www.notibras.com\/site\/wp-json\/wp\/v2\/posts\/75803\/revisions\/75806"}],"wp:featuredmedia":[{"embeddable":true,"href":"https:\/\/www.notibras.com\/site\/wp-json\/wp\/v2\/media\/75804"}],"wp:attachment":[{"href":"https:\/\/www.notibras.com\/site\/wp-json\/wp\/v2\/media?parent=75803"}],"wp:term":[{"taxonomy":"category","embeddable":true,"href":"https:\/\/www.notibras.com\/site\/wp-json\/wp\/v2\/categories?post=75803"},{"taxonomy":"post_tag","embeddable":true,"href":"https:\/\/www.notibras.com\/site\/wp-json\/wp\/v2\/tags?post=75803"}],"curies":[{"name":"wp","href":"https:\/\/api.w.org\/{rel}","templated":true}]}}