{"id":75830,"date":"2015-11-11T16:28:22","date_gmt":"2015-11-11T18:28:22","guid":{"rendered":"http:\/\/www.notibras.com\/site\/?p=75830"},"modified":"2015-11-12T20:16:52","modified_gmt":"2015-11-12T22:16:52","slug":"mobral-politico-psb-de-rr-quer-fazer-do-vice-seu-malvado-favorito","status":"publish","type":"post","link":"https:\/\/www.notibras.com\/site\/mobral-politico-psb-de-rr-quer-fazer-do-vice-seu-malvado-favorito\/","title":{"rendered":"Mobral pol\u00edtico, PSB de RR quer fazer do vice o Malvado Favorito, e vai atacando"},"content":{"rendered":"<p>A nota infeliz do PSB de Rodrigo Rollemberg, colocando o vice-governador Renato Santana (PSD) como &#8220;o malvado favorito\u201d por suposta ordem ao Bope para agir na manifesta\u00e7\u00e3o dos professores, n\u00e3o foi bem vista. O texto, apresentando Renato Santana como &#8220;o menino de recado&#8221; do deputado federal Rog\u00e9rio Rosso, quando cita que vozes de deputados federais foram ouvidas, \u00e9 sin\u00f4nimo de uma atitude infantil no meio do Butant\u00e3 pol\u00edtico em que se transformou a pol\u00edtica partid\u00e1ria no Distrito Federal. Vale ressaltar, por\u00e9m, que enquanto criadouro de cobras, o Butant\u00e3 tamb\u00e9m produz o ant\u00eddoto se contrapor ao veneno de animais pe\u00e7onhentos.<\/p>\n<p>Renato Santana, que ainda mant\u00e9m a fama de &#8220;super vice&#8221; por acumular cargos de administrador interino de tr\u00eas cidades, est\u00e1 levando a fama de ser um gestor p\u00fablico de pouca proje\u00e7\u00e3o. Isso porque, \u00e9 not\u00f3rio em toda Bras\u00edlia, o seu espa\u00e7o vem sendo tomado pela deputada Celina Le\u00e3o (PDT) conselheira N\u00famero 1 de Rollemberg.<\/p>\n<p>Sobre a mesma Celina, ela tem se destacado por manobras mirabolantes, em v\u00e3s tentativas de ajudar o governador em suas desastrosas e destrutivas decis\u00f5es. Exemplos disso s\u00e3o os aumentos de impostos embutidos em projetos de leis enviados \u00e0 C\u00e2mara Legislativa que a deputada preside aos trancos e barrancos. S\u00e3o textos que sequer t\u00eam uma reda\u00e7\u00e3o n\u00edtida de suas finalidades. Ou, como se diz por a\u00ed, parece mesmo que continuam aplicando a manobra do Enrollemberg, que somente as autoridades da base aliada entendem.<\/p>\n<p>O PSB que critica o vice-governador n\u00e3o agiu de boa f\u00e9 com a popula\u00e7\u00e3o, quando apresentou um plano de governo ilus\u00f3rio na campanha. E agora promove um &#8220;super assessor&#8221; palaciano, que se acha no direito de continuar enganando os l\u00edderes das cidades, usando seu poder de futuro candidato a deputado do partido do Governo de Bras\u00edlia para convocar lideran\u00e7as das cidades a ajudar a eleger seus pupilos conselheiros, com a renova\u00e7\u00e3o da promessa de um &#8220;carguinho&#8221; no desgoverno reinante, que s\u00f3 serve mesmo como cabide de emprego. A isso devem ser somadas licita\u00e7\u00f5es camufladas que contemplam tr\u00eas empresas de filiados ex-candidatos, que emergem da lama como novos ricos da noite para o dia.<\/p>\n<p>Se Renato Santana, que tem muitos compromissos n\u00e3o cumpridos, conseguiu ser ouvido na PM para agir com viol\u00eancia na greve dos professores, algo est\u00e1 errado novamente. Porque o vice-governador, que ainda n\u00e3o mostrou a que veio, sempre defendeu em seus poucos discursos que n\u00e3o aceitava demiss\u00e3o de servidores e a\u00e7\u00f5es que pudessem atrapalhar o servi\u00e7o p\u00fablico. J\u00e1 Rollemberg, o governador que tinha um mega plano de governo planejado h\u00e1 dois anos, n\u00e3o cumpriu em seus dez meses de administra\u00e7\u00e3o nenhuma das promessas de campanha, o que nos traz a sensa\u00e7\u00e3o de Calote Eleitoral no povo da capital da Rep\u00fablica.<\/p>\n<p>Rog\u00e9rio Rosso, presidente do PSD do vice-governador, respondeu com acidez peculiar \u00e0s cr\u00edticas dos (ainda) aliados socialistas. O deputado, conhecido por saber o que faz e o que diz, usa de met\u00e1fora ao se referir a Renato Santana: meu amigo \u00e9 um touro e vem carregando a carga sozinho.<\/p>\n<p>O pobre PSB contou com o apadrinhamento de v\u00e1rios avalistas pol\u00edticos na campanha, como o senador pedetista campe\u00e3o de votos Ant\u00f4nio Reguffe, que usufruiu do nome do morador de Ceil\u00e2ndia e dos ricos minutos de inser\u00e7\u00e3o na TV do PSD durante a campanha. Reguffe \u00e9 um bumerangue no atual cen\u00e1rio pol\u00edtico. Quanto ao PSB, \u00e9 pura demagogia. Isso ficou claro na infantil nota tornada p\u00fablica no fim de semana. Por ter pecado nos gestos e nas palavras, passou a ser visto como Ilustre Mobral Pol\u00edtico.<\/p>\n<p>A sensa\u00e7\u00e3o que se tem \u00e9 a de que o partido do governador aplica o vers\u00edculo b\u00edblico, de Lucas 11:23: <em>Quem n\u00e3o \u00e9 comigo \u00e9 contra mim; e quem comigo n\u00e3o junta, espalha.<\/em><\/p>\n","protected":false},"excerpt":{"rendered":"<p>A nota infeliz do PSB de Rodrigo Rollemberg, colocando o vice-governador Renato Santana (PSD) como &#8220;o malvado favorito\u201d por suposta ordem ao Bope para agir na manifesta\u00e7\u00e3o dos professores, n\u00e3o foi bem vista. O texto, apresentando Renato Santana como &#8220;o menino de recado&#8221; do deputado federal Rog\u00e9rio Rosso, quando cita que vozes de deputados federais [&hellip;]<\/p>\n","protected":false},"author":2,"featured_media":75831,"comment_status":"open","ping_status":"closed","sticky":false,"template":"","format":"standard","meta":{"_acf_changed":false,"footnotes":""},"categories":[45],"tags":[],"class_list":["post-75830","post","type-post","status-publish","format-standard","has-post-thumbnail","hentry","category-cris"],"acf":[],"yoast_head":"<!-- This site is optimized with the Yoast SEO plugin v27.2 - https:\/\/yoast.com\/product\/yoast-seo-wordpress\/ -->\n<title>Mobral pol\u00edtico, PSB de RR quer fazer do vice o Malvado Favorito, e vai atacando - Notibras<\/title>\n<meta name=\"robots\" content=\"index, follow, max-snippet:-1, max-image-preview:large, max-video-preview:-1\" \/>\n<link rel=\"canonical\" href=\"https:\/\/www.notibras.com\/site\/mobral-politico-psb-de-rr-quer-fazer-do-vice-seu-malvado-favorito\/\" \/>\n<meta property=\"og:locale\" content=\"pt_BR\" \/>\n<meta property=\"og:type\" content=\"article\" \/>\n<meta property=\"og:title\" content=\"Mobral pol\u00edtico, PSB de RR quer fazer do vice o Malvado Favorito, e vai atacando - Notibras\" \/>\n<meta property=\"og:description\" content=\"A nota infeliz do PSB de Rodrigo Rollemberg, colocando o vice-governador Renato Santana (PSD) como &#8220;o malvado favorito\u201d por suposta ordem ao Bope para agir na manifesta\u00e7\u00e3o dos professores, n\u00e3o foi bem vista. O texto, apresentando Renato Santana como &#8220;o menino de recado&#8221; do deputado federal Rog\u00e9rio Rosso, quando cita que vozes de deputados federais [&hellip;]\" \/>\n<meta property=\"og:url\" content=\"https:\/\/www.notibras.com\/site\/mobral-politico-psb-de-rr-quer-fazer-do-vice-seu-malvado-favorito\/\" \/>\n<meta property=\"og:site_name\" content=\"Notibras\" \/>\n<meta property=\"article:publisher\" content=\"https:\/\/www.facebook.com\/notibras\/\" \/>\n<meta property=\"article:published_time\" content=\"2015-11-11T18:28:22+00:00\" \/>\n<meta property=\"article:modified_time\" content=\"2015-11-12T22:16:52+00:00\" \/>\n<meta property=\"og:image\" content=\"https:\/\/www.notibras.com\/site\/wp-content\/uploads\/2015\/11\/renato-san.jpg\" \/>\n\t<meta property=\"og:image:width\" content=\"500\" \/>\n\t<meta property=\"og:image:height\" content=\"332\" \/>\n\t<meta property=\"og:image:type\" content=\"image\/jpeg\" \/>\n<meta name=\"author\" content=\"Reda\u00e7\u00e3o\" \/>\n<meta name=\"twitter:card\" content=\"summary_large_image\" \/>\n<meta name=\"twitter:creator\" content=\"@Notibras\" \/>\n<meta name=\"twitter:site\" content=\"@Notibras\" \/>\n<meta name=\"twitter:label1\" content=\"Escrito por\" \/>\n\t<meta name=\"twitter:data1\" content=\"Reda\u00e7\u00e3o\" \/>\n\t<meta name=\"twitter:label2\" content=\"Est. tempo de leitura\" \/>\n\t<meta name=\"twitter:data2\" content=\"3 minutos\" \/>\n<script type=\"application\/ld+json\" class=\"yoast-schema-graph\">{\"@context\":\"https:\/\/schema.org\",\"@graph\":[{\"@type\":\"Article\",\"@id\":\"https:\/\/www.notibras.com\/site\/mobral-politico-psb-de-rr-quer-fazer-do-vice-seu-malvado-favorito\/#article\",\"isPartOf\":{\"@id\":\"https:\/\/www.notibras.com\/site\/mobral-politico-psb-de-rr-quer-fazer-do-vice-seu-malvado-favorito\/\"},\"author\":{\"name\":\"Reda\u00e7\u00e3o\",\"@id\":\"https:\/\/www.notibras.com\/site\/#\/schema\/person\/36ab0979449956132d3e5b517ea76ac8\"},\"headline\":\"Mobral pol\u00edtico, PSB de RR quer fazer do vice o Malvado Favorito, e vai atacando\",\"datePublished\":\"2015-11-11T18:28:22+00:00\",\"dateModified\":\"2015-11-12T22:16:52+00:00\",\"mainEntityOfPage\":{\"@id\":\"https:\/\/www.notibras.com\/site\/mobral-politico-psb-de-rr-quer-fazer-do-vice-seu-malvado-favorito\/\"},\"wordCount\":686,\"commentCount\":0,\"publisher\":{\"@id\":\"https:\/\/www.notibras.com\/site\/#organization\"},\"image\":{\"@id\":\"https:\/\/www.notibras.com\/site\/mobral-politico-psb-de-rr-quer-fazer-do-vice-seu-malvado-favorito\/#primaryimage\"},\"thumbnailUrl\":\"https:\/\/www.notibras.com\/site\/wp-content\/uploads\/2015\/11\/renato-san.jpg\",\"articleSection\":[\"Cris Oliveira\"],\"inLanguage\":\"pt-BR\",\"potentialAction\":[{\"@type\":\"CommentAction\",\"name\":\"Comment\",\"target\":[\"https:\/\/www.notibras.com\/site\/mobral-politico-psb-de-rr-quer-fazer-do-vice-seu-malvado-favorito\/#respond\"]}]},{\"@type\":\"WebPage\",\"@id\":\"https:\/\/www.notibras.com\/site\/mobral-politico-psb-de-rr-quer-fazer-do-vice-seu-malvado-favorito\/\",\"url\":\"https:\/\/www.notibras.com\/site\/mobral-politico-psb-de-rr-quer-fazer-do-vice-seu-malvado-favorito\/\",\"name\":\"Mobral pol\u00edtico, PSB de RR quer fazer do vice o Malvado Favorito, e vai atacando - Notibras\",\"isPartOf\":{\"@id\":\"https:\/\/www.notibras.com\/site\/#website\"},\"primaryImageOfPage\":{\"@id\":\"https:\/\/www.notibras.com\/site\/mobral-politico-psb-de-rr-quer-fazer-do-vice-seu-malvado-favorito\/#primaryimage\"},\"image\":{\"@id\":\"https:\/\/www.notibras.com\/site\/mobral-politico-psb-de-rr-quer-fazer-do-vice-seu-malvado-favorito\/#primaryimage\"},\"thumbnailUrl\":\"https:\/\/www.notibras.com\/site\/wp-content\/uploads\/2015\/11\/renato-san.jpg\",\"datePublished\":\"2015-11-11T18:28:22+00:00\",\"dateModified\":\"2015-11-12T22:16:52+00:00\",\"breadcrumb\":{\"@id\":\"https:\/\/www.notibras.com\/site\/mobral-politico-psb-de-rr-quer-fazer-do-vice-seu-malvado-favorito\/#breadcrumb\"},\"inLanguage\":\"pt-BR\",\"potentialAction\":[{\"@type\":\"ReadAction\",\"target\":[\"https:\/\/www.notibras.com\/site\/mobral-politico-psb-de-rr-quer-fazer-do-vice-seu-malvado-favorito\/\"]}]},{\"@type\":\"ImageObject\",\"inLanguage\":\"pt-BR\",\"@id\":\"https:\/\/www.notibras.com\/site\/mobral-politico-psb-de-rr-quer-fazer-do-vice-seu-malvado-favorito\/#primaryimage\",\"url\":\"https:\/\/www.notibras.com\/site\/wp-content\/uploads\/2015\/11\/renato-san.jpg\",\"contentUrl\":\"https:\/\/www.notibras.com\/site\/wp-content\/uploads\/2015\/11\/renato-san.jpg\",\"width\":500,\"height\":332},{\"@type\":\"BreadcrumbList\",\"@id\":\"https:\/\/www.notibras.com\/site\/mobral-politico-psb-de-rr-quer-fazer-do-vice-seu-malvado-favorito\/#breadcrumb\",\"itemListElement\":[{\"@type\":\"ListItem\",\"position\":1,\"name\":\"In\u00edcio\",\"item\":\"https:\/\/www.notibras.com\/site\/\"},{\"@type\":\"ListItem\",\"position\":2,\"name\":\"Mobral pol\u00edtico, PSB de RR quer fazer do vice o Malvado Favorito, e vai atacando\"}]},{\"@type\":\"WebSite\",\"@id\":\"https:\/\/www.notibras.com\/site\/#website\",\"url\":\"https:\/\/www.notibras.com\/site\/\",\"name\":\"Notibras\",\"description\":\"Not\u00edcias de Bras\u00edlia, do Brasil e do Mundo\",\"publisher\":{\"@id\":\"https:\/\/www.notibras.com\/site\/#organization\"},\"potentialAction\":[{\"@type\":\"SearchAction\",\"target\":{\"@type\":\"EntryPoint\",\"urlTemplate\":\"https:\/\/www.notibras.com\/site\/?s={search_term_string}\"},\"query-input\":{\"@type\":\"PropertyValueSpecification\",\"valueRequired\":true,\"valueName\":\"search_term_string\"}}],\"inLanguage\":\"pt-BR\"},{\"@type\":\"Organization\",\"@id\":\"https:\/\/www.notibras.com\/site\/#organization\",\"name\":\"Grupo Notibras de Comunica\u00e7\u00e3o\",\"url\":\"https:\/\/www.notibras.com\/site\/\",\"logo\":{\"@type\":\"ImageObject\",\"inLanguage\":\"pt-BR\",\"@id\":\"https:\/\/www.notibras.com\/site\/#\/schema\/logo\/image\/\",\"url\":\"https:\/\/www.notibras.com\/site\/wp-content\/uploads\/2023\/01\/notibras23.png\",\"contentUrl\":\"https:\/\/www.notibras.com\/site\/wp-content\/uploads\/2023\/01\/notibras23.png\",\"width\":350,\"height\":87,\"caption\":\"Grupo Notibras de Comunica\u00e7\u00e3o\"},\"image\":{\"@id\":\"https:\/\/www.notibras.com\/site\/#\/schema\/logo\/image\/\"},\"sameAs\":[\"https:\/\/www.facebook.com\/notibras\/\",\"https:\/\/x.com\/Notibras\",\"https:\/\/www.instagram.com\/notibras\/\"]},{\"@type\":\"Person\",\"@id\":\"https:\/\/www.notibras.com\/site\/#\/schema\/person\/36ab0979449956132d3e5b517ea76ac8\",\"name\":\"Reda\u00e7\u00e3o\",\"image\":{\"@type\":\"ImageObject\",\"inLanguage\":\"pt-BR\",\"@id\":\"https:\/\/secure.gravatar.com\/avatar\/e0a867bdedb85fd243eadf09663511f96fc81e0720a4a42581f334ad4303aa6b?s=96&d=mm&r=g\",\"url\":\"https:\/\/secure.gravatar.com\/avatar\/e0a867bdedb85fd243eadf09663511f96fc81e0720a4a42581f334ad4303aa6b?s=96&d=mm&r=g\",\"contentUrl\":\"https:\/\/secure.gravatar.com\/avatar\/e0a867bdedb85fd243eadf09663511f96fc81e0720a4a42581f334ad4303aa6b?s=96&d=mm&r=g\",\"caption\":\"Reda\u00e7\u00e3o\"}}]}<\/script>\n<!-- \/ Yoast SEO plugin. -->","yoast_head_json":{"title":"Mobral pol\u00edtico, PSB de RR quer fazer do vice o Malvado Favorito, e vai atacando - Notibras","robots":{"index":"index","follow":"follow","max-snippet":"max-snippet:-1","max-image-preview":"max-image-preview:large","max-video-preview":"max-video-preview:-1"},"canonical":"https:\/\/www.notibras.com\/site\/mobral-politico-psb-de-rr-quer-fazer-do-vice-seu-malvado-favorito\/","og_locale":"pt_BR","og_type":"article","og_title":"Mobral pol\u00edtico, PSB de RR quer fazer do vice o Malvado Favorito, e vai atacando - Notibras","og_description":"A nota infeliz do PSB de Rodrigo Rollemberg, colocando o vice-governador Renato Santana (PSD) como &#8220;o malvado favorito\u201d por suposta ordem ao Bope para agir na manifesta\u00e7\u00e3o dos professores, n\u00e3o foi bem vista. O texto, apresentando Renato Santana como &#8220;o menino de recado&#8221; do deputado federal Rog\u00e9rio Rosso, quando cita que vozes de deputados federais [&hellip;]","og_url":"https:\/\/www.notibras.com\/site\/mobral-politico-psb-de-rr-quer-fazer-do-vice-seu-malvado-favorito\/","og_site_name":"Notibras","article_publisher":"https:\/\/www.facebook.com\/notibras\/","article_published_time":"2015-11-11T18:28:22+00:00","article_modified_time":"2015-11-12T22:16:52+00:00","og_image":[{"width":500,"height":332,"url":"https:\/\/www.notibras.com\/site\/wp-content\/uploads\/2015\/11\/renato-san.jpg","type":"image\/jpeg"}],"author":"Reda\u00e7\u00e3o","twitter_card":"summary_large_image","twitter_creator":"@Notibras","twitter_site":"@Notibras","twitter_misc":{"Escrito por":"Reda\u00e7\u00e3o","Est. tempo de leitura":"3 minutos"},"schema":{"@context":"https:\/\/schema.org","@graph":[{"@type":"Article","@id":"https:\/\/www.notibras.com\/site\/mobral-politico-psb-de-rr-quer-fazer-do-vice-seu-malvado-favorito\/#article","isPartOf":{"@id":"https:\/\/www.notibras.com\/site\/mobral-politico-psb-de-rr-quer-fazer-do-vice-seu-malvado-favorito\/"},"author":{"name":"Reda\u00e7\u00e3o","@id":"https:\/\/www.notibras.com\/site\/#\/schema\/person\/36ab0979449956132d3e5b517ea76ac8"},"headline":"Mobral pol\u00edtico, PSB de RR quer fazer do vice o Malvado Favorito, e vai atacando","datePublished":"2015-11-11T18:28:22+00:00","dateModified":"2015-11-12T22:16:52+00:00","mainEntityOfPage":{"@id":"https:\/\/www.notibras.com\/site\/mobral-politico-psb-de-rr-quer-fazer-do-vice-seu-malvado-favorito\/"},"wordCount":686,"commentCount":0,"publisher":{"@id":"https:\/\/www.notibras.com\/site\/#organization"},"image":{"@id":"https:\/\/www.notibras.com\/site\/mobral-politico-psb-de-rr-quer-fazer-do-vice-seu-malvado-favorito\/#primaryimage"},"thumbnailUrl":"https:\/\/www.notibras.com\/site\/wp-content\/uploads\/2015\/11\/renato-san.jpg","articleSection":["Cris Oliveira"],"inLanguage":"pt-BR","potentialAction":[{"@type":"CommentAction","name":"Comment","target":["https:\/\/www.notibras.com\/site\/mobral-politico-psb-de-rr-quer-fazer-do-vice-seu-malvado-favorito\/#respond"]}]},{"@type":"WebPage","@id":"https:\/\/www.notibras.com\/site\/mobral-politico-psb-de-rr-quer-fazer-do-vice-seu-malvado-favorito\/","url":"https:\/\/www.notibras.com\/site\/mobral-politico-psb-de-rr-quer-fazer-do-vice-seu-malvado-favorito\/","name":"Mobral pol\u00edtico, PSB de RR quer fazer do vice o Malvado Favorito, e vai atacando - Notibras","isPartOf":{"@id":"https:\/\/www.notibras.com\/site\/#website"},"primaryImageOfPage":{"@id":"https:\/\/www.notibras.com\/site\/mobral-politico-psb-de-rr-quer-fazer-do-vice-seu-malvado-favorito\/#primaryimage"},"image":{"@id":"https:\/\/www.notibras.com\/site\/mobral-politico-psb-de-rr-quer-fazer-do-vice-seu-malvado-favorito\/#primaryimage"},"thumbnailUrl":"https:\/\/www.notibras.com\/site\/wp-content\/uploads\/2015\/11\/renato-san.jpg","datePublished":"2015-11-11T18:28:22+00:00","dateModified":"2015-11-12T22:16:52+00:00","breadcrumb":{"@id":"https:\/\/www.notibras.com\/site\/mobral-politico-psb-de-rr-quer-fazer-do-vice-seu-malvado-favorito\/#breadcrumb"},"inLanguage":"pt-BR","potentialAction":[{"@type":"ReadAction","target":["https:\/\/www.notibras.com\/site\/mobral-politico-psb-de-rr-quer-fazer-do-vice-seu-malvado-favorito\/"]}]},{"@type":"ImageObject","inLanguage":"pt-BR","@id":"https:\/\/www.notibras.com\/site\/mobral-politico-psb-de-rr-quer-fazer-do-vice-seu-malvado-favorito\/#primaryimage","url":"https:\/\/www.notibras.com\/site\/wp-content\/uploads\/2015\/11\/renato-san.jpg","contentUrl":"https:\/\/www.notibras.com\/site\/wp-content\/uploads\/2015\/11\/renato-san.jpg","width":500,"height":332},{"@type":"BreadcrumbList","@id":"https:\/\/www.notibras.com\/site\/mobral-politico-psb-de-rr-quer-fazer-do-vice-seu-malvado-favorito\/#breadcrumb","itemListElement":[{"@type":"ListItem","position":1,"name":"In\u00edcio","item":"https:\/\/www.notibras.com\/site\/"},{"@type":"ListItem","position":2,"name":"Mobral pol\u00edtico, PSB de RR quer fazer do vice o Malvado Favorito, e vai atacando"}]},{"@type":"WebSite","@id":"https:\/\/www.notibras.com\/site\/#website","url":"https:\/\/www.notibras.com\/site\/","name":"Notibras","description":"Not\u00edcias de Bras\u00edlia, do Brasil e do Mundo","publisher":{"@id":"https:\/\/www.notibras.com\/site\/#organization"},"potentialAction":[{"@type":"SearchAction","target":{"@type":"EntryPoint","urlTemplate":"https:\/\/www.notibras.com\/site\/?s={search_term_string}"},"query-input":{"@type":"PropertyValueSpecification","valueRequired":true,"valueName":"search_term_string"}}],"inLanguage":"pt-BR"},{"@type":"Organization","@id":"https:\/\/www.notibras.com\/site\/#organization","name":"Grupo Notibras de Comunica\u00e7\u00e3o","url":"https:\/\/www.notibras.com\/site\/","logo":{"@type":"ImageObject","inLanguage":"pt-BR","@id":"https:\/\/www.notibras.com\/site\/#\/schema\/logo\/image\/","url":"https:\/\/www.notibras.com\/site\/wp-content\/uploads\/2023\/01\/notibras23.png","contentUrl":"https:\/\/www.notibras.com\/site\/wp-content\/uploads\/2023\/01\/notibras23.png","width":350,"height":87,"caption":"Grupo Notibras de Comunica\u00e7\u00e3o"},"image":{"@id":"https:\/\/www.notibras.com\/site\/#\/schema\/logo\/image\/"},"sameAs":["https:\/\/www.facebook.com\/notibras\/","https:\/\/x.com\/Notibras","https:\/\/www.instagram.com\/notibras\/"]},{"@type":"Person","@id":"https:\/\/www.notibras.com\/site\/#\/schema\/person\/36ab0979449956132d3e5b517ea76ac8","name":"Reda\u00e7\u00e3o","image":{"@type":"ImageObject","inLanguage":"pt-BR","@id":"https:\/\/secure.gravatar.com\/avatar\/e0a867bdedb85fd243eadf09663511f96fc81e0720a4a42581f334ad4303aa6b?s=96&d=mm&r=g","url":"https:\/\/secure.gravatar.com\/avatar\/e0a867bdedb85fd243eadf09663511f96fc81e0720a4a42581f334ad4303aa6b?s=96&d=mm&r=g","contentUrl":"https:\/\/secure.gravatar.com\/avatar\/e0a867bdedb85fd243eadf09663511f96fc81e0720a4a42581f334ad4303aa6b?s=96&d=mm&r=g","caption":"Reda\u00e7\u00e3o"}}]}},"amp_enabled":true,"_links":{"self":[{"href":"https:\/\/www.notibras.com\/site\/wp-json\/wp\/v2\/posts\/75830","targetHints":{"allow":["GET"]}}],"collection":[{"href":"https:\/\/www.notibras.com\/site\/wp-json\/wp\/v2\/posts"}],"about":[{"href":"https:\/\/www.notibras.com\/site\/wp-json\/wp\/v2\/types\/post"}],"author":[{"embeddable":true,"href":"https:\/\/www.notibras.com\/site\/wp-json\/wp\/v2\/users\/2"}],"replies":[{"embeddable":true,"href":"https:\/\/www.notibras.com\/site\/wp-json\/wp\/v2\/comments?post=75830"}],"version-history":[{"count":3,"href":"https:\/\/www.notibras.com\/site\/wp-json\/wp\/v2\/posts\/75830\/revisions"}],"predecessor-version":[{"id":75992,"href":"https:\/\/www.notibras.com\/site\/wp-json\/wp\/v2\/posts\/75830\/revisions\/75992"}],"wp:featuredmedia":[{"embeddable":true,"href":"https:\/\/www.notibras.com\/site\/wp-json\/wp\/v2\/media\/75831"}],"wp:attachment":[{"href":"https:\/\/www.notibras.com\/site\/wp-json\/wp\/v2\/media?parent=75830"}],"wp:term":[{"taxonomy":"category","embeddable":true,"href":"https:\/\/www.notibras.com\/site\/wp-json\/wp\/v2\/categories?post=75830"},{"taxonomy":"post_tag","embeddable":true,"href":"https:\/\/www.notibras.com\/site\/wp-json\/wp\/v2\/tags?post=75830"}],"curies":[{"name":"wp","href":"https:\/\/api.w.org\/{rel}","templated":true}]}}