{"id":75966,"date":"2015-11-12T11:52:57","date_gmt":"2015-11-12T13:52:57","guid":{"rendered":"http:\/\/www.notibras.com\/site\/?p=75966"},"modified":"2015-11-13T00:07:24","modified_gmt":"2015-11-13T02:07:24","slug":"rr-quebra-imagem-do-espelho-e-empurra-brasilia-para-o-abismo","status":"publish","type":"post","link":"https:\/\/www.notibras.com\/site\/rr-quebra-imagem-do-espelho-e-empurra-brasilia-para-o-abismo\/","title":{"rendered":"RR quebra imagem do espelho e empurra Bras\u00edlia para o abismo"},"content":{"rendered":"<p>Formado no pensamento de esquerda, mas usufruidor das benesses da direita, o governador Rodrigo Rollmberg \u00e9 o que podemos chamar de a imagem que partiu o espelho.<\/p>\n<p>Ap\u00f3s vencer as elei\u00e7\u00f5es de 2014, contra um combalido advers\u00e1rio que n\u00e3o conseguiu respirar um segundo turno, RR, que \u00e9 um pol\u00edtico de grandes projetos e realiza\u00e7\u00f5es truncadas, governa atrav\u00e9s de uma estrat\u00e9gia de assimila\u00e7\u00e3o.<\/p>\n<p>O que se observa \u00e9 que ele n\u00e3o sabia o que o esperava no Pal\u00e1cio do Buriti, porque se soubesse n\u00e3o estaria ali ou, se estivesse, seria por outras formas, como o foi na gest\u00e3o malfadada de Cristovam Buarque, hoje seu aliado sem demonstra\u00e7\u00f5es emocionais.<\/p>\n<p>O antecessor de RR seria, tamb\u00e9m, o que podemos chamar de um sujeito vil negro, mas de alma branca? Talvez! Odiosamente ridicularizado pela opini\u00e3o p\u00fablica e execrado das urnas pelos eleitores que o consagraram no cargo de governador, Agnelo Queiroz deve estar dando risadas do governo de Rodrigo Rollemberg, mesmo com um monte de problemas que deve ter sobre as costas que merecem \u2013 e necessitam \u2013 de explica\u00e7\u00f5es \u00e0 sociedade brasiliense. Por\u00e9m, sua imagem n\u00e3o \u00e9 a que est\u00e1 partindo o espelho de agora como quer RR.<\/p>\n<p>Paralelos entre o passado e o presente s\u00e3o t\u00e3o perigosos quanto irresist\u00edveis. Sobre a necessidade e uma administra\u00e7\u00e3o p\u00fablica profissional e respons\u00e1vel, passados 11 meses de governo, RR ainda chama Agnelo Queiroz \u00e0 responsabilidade para o que est\u00e1 posto na capital da Rep\u00fablica: inefici\u00eancia dos servi\u00e7os p\u00fablicos, sa\u00fade abandonada, transporte ca\u00f3tico, educa\u00e7\u00e3o desprezada, greves&#8230;<\/p>\n<p>O agora ocupante palaciano e da resid\u00eancia oficial de \u00c1guas Claras, exerce despoticamente toda a soma da autocracia governamental, mas quer viver sempre de cr\u00e9ditos suplementares e extraordin\u00e1rios. Mesmo sem Lei e Or\u00e7amento, RR ganhou a elei\u00e7\u00e3o de 2014. Onde foram parar seus discursos e programas de governo de \u00e9poca eleitoral? Tudo aquilo foi real ou inven\u00e7\u00e3o interesseira?<\/p>\n<p>Sem enxergar horizonte, sem plano sensato ou a\u00e7\u00e3o concreta que nos deem esperan\u00e7a, RR faz previs\u00f5es. As piores poss\u00edveis. Mas, como uma imagem que partiu o espelho, leva o DF nas bordas do abismo e da bancarrota, acumulando desilus\u00f5es e \u00f3dio popular.<\/p>\n<p>Rollemberg sabe que \u00e0s vezes decidimos quando queremos morrer, mesmo n\u00e3o sendo a hora certa para isso.<\/p>\n","protected":false},"excerpt":{"rendered":"<p>Formado no pensamento de esquerda, mas usufruidor das benesses da direita, o governador Rodrigo Rollmberg \u00e9 o que podemos chamar de a imagem que partiu o espelho. Ap\u00f3s vencer as elei\u00e7\u00f5es de 2014, contra um combalido advers\u00e1rio que n\u00e3o conseguiu respirar um segundo turno, RR, que \u00e9 um pol\u00edtico de grandes projetos e realiza\u00e7\u00f5es truncadas, [&hellip;]<\/p>\n","protected":false},"author":2,"featured_media":75967,"comment_status":"open","ping_status":"closed","sticky":false,"template":"","format":"standard","meta":{"_acf_changed":false,"footnotes":""},"categories":[62],"tags":[],"class_list":["post-75966","post","type-post","status-publish","format-standard","has-post-thumbnail","hentry","category-joao-moura"],"acf":[],"yoast_head":"<!-- This site is optimized with the Yoast SEO plugin v27.2 - https:\/\/yoast.com\/product\/yoast-seo-wordpress\/ -->\n<title>RR quebra imagem do espelho e empurra Bras\u00edlia para o abismo - Notibras<\/title>\n<meta name=\"robots\" content=\"index, follow, max-snippet:-1, max-image-preview:large, max-video-preview:-1\" \/>\n<link rel=\"canonical\" href=\"https:\/\/www.notibras.com\/site\/rr-quebra-imagem-do-espelho-e-empurra-brasilia-para-o-abismo\/\" \/>\n<meta property=\"og:locale\" content=\"pt_BR\" \/>\n<meta property=\"og:type\" content=\"article\" \/>\n<meta property=\"og:title\" content=\"RR quebra imagem do espelho e empurra Bras\u00edlia para o abismo - Notibras\" \/>\n<meta property=\"og:description\" content=\"Formado no pensamento de esquerda, mas usufruidor das benesses da direita, o governador Rodrigo Rollmberg \u00e9 o que podemos chamar de a imagem que partiu o espelho. Ap\u00f3s vencer as elei\u00e7\u00f5es de 2014, contra um combalido advers\u00e1rio que n\u00e3o conseguiu respirar um segundo turno, RR, que \u00e9 um pol\u00edtico de grandes projetos e realiza\u00e7\u00f5es truncadas, [&hellip;]\" \/>\n<meta property=\"og:url\" content=\"https:\/\/www.notibras.com\/site\/rr-quebra-imagem-do-espelho-e-empurra-brasilia-para-o-abismo\/\" \/>\n<meta property=\"og:site_name\" content=\"Notibras\" \/>\n<meta property=\"article:publisher\" content=\"https:\/\/www.facebook.com\/notibras\/\" \/>\n<meta property=\"article:published_time\" content=\"2015-11-12T13:52:57+00:00\" \/>\n<meta property=\"article:modified_time\" content=\"2015-11-13T02:07:24+00:00\" \/>\n<meta property=\"og:image\" content=\"https:\/\/www.notibras.com\/site\/wp-content\/uploads\/2015\/11\/professores-fim-greve-620.jpg\" \/>\n\t<meta property=\"og:image:width\" content=\"620\" \/>\n\t<meta property=\"og:image:height\" content=\"465\" \/>\n\t<meta property=\"og:image:type\" content=\"image\/jpeg\" \/>\n<meta name=\"author\" content=\"Reda\u00e7\u00e3o\" \/>\n<meta name=\"twitter:card\" content=\"summary_large_image\" \/>\n<meta name=\"twitter:creator\" content=\"@Notibras\" \/>\n<meta name=\"twitter:site\" content=\"@Notibras\" \/>\n<meta name=\"twitter:label1\" content=\"Escrito por\" \/>\n\t<meta name=\"twitter:data1\" content=\"Reda\u00e7\u00e3o\" \/>\n\t<meta name=\"twitter:label2\" content=\"Est. tempo de leitura\" \/>\n\t<meta name=\"twitter:data2\" content=\"2 minutos\" \/>\n<script type=\"application\/ld+json\" class=\"yoast-schema-graph\">{\"@context\":\"https:\/\/schema.org\",\"@graph\":[{\"@type\":\"Article\",\"@id\":\"https:\/\/www.notibras.com\/site\/rr-quebra-imagem-do-espelho-e-empurra-brasilia-para-o-abismo\/#article\",\"isPartOf\":{\"@id\":\"https:\/\/www.notibras.com\/site\/rr-quebra-imagem-do-espelho-e-empurra-brasilia-para-o-abismo\/\"},\"author\":{\"name\":\"Reda\u00e7\u00e3o\",\"@id\":\"https:\/\/www.notibras.com\/site\/#\/schema\/person\/36ab0979449956132d3e5b517ea76ac8\"},\"headline\":\"RR quebra imagem do espelho e empurra Bras\u00edlia para o abismo\",\"datePublished\":\"2015-11-12T13:52:57+00:00\",\"dateModified\":\"2015-11-13T02:07:24+00:00\",\"mainEntityOfPage\":{\"@id\":\"https:\/\/www.notibras.com\/site\/rr-quebra-imagem-do-espelho-e-empurra-brasilia-para-o-abismo\/\"},\"wordCount\":412,\"commentCount\":0,\"publisher\":{\"@id\":\"https:\/\/www.notibras.com\/site\/#organization\"},\"image\":{\"@id\":\"https:\/\/www.notibras.com\/site\/rr-quebra-imagem-do-espelho-e-empurra-brasilia-para-o-abismo\/#primaryimage\"},\"thumbnailUrl\":\"https:\/\/www.notibras.com\/site\/wp-content\/uploads\/2015\/11\/professores-fim-greve-620.jpg\",\"articleSection\":[\"Jo\u00e3o Moura\"],\"inLanguage\":\"pt-BR\",\"potentialAction\":[{\"@type\":\"CommentAction\",\"name\":\"Comment\",\"target\":[\"https:\/\/www.notibras.com\/site\/rr-quebra-imagem-do-espelho-e-empurra-brasilia-para-o-abismo\/#respond\"]}]},{\"@type\":\"WebPage\",\"@id\":\"https:\/\/www.notibras.com\/site\/rr-quebra-imagem-do-espelho-e-empurra-brasilia-para-o-abismo\/\",\"url\":\"https:\/\/www.notibras.com\/site\/rr-quebra-imagem-do-espelho-e-empurra-brasilia-para-o-abismo\/\",\"name\":\"RR quebra imagem do espelho e empurra Bras\u00edlia para o abismo - Notibras\",\"isPartOf\":{\"@id\":\"https:\/\/www.notibras.com\/site\/#website\"},\"primaryImageOfPage\":{\"@id\":\"https:\/\/www.notibras.com\/site\/rr-quebra-imagem-do-espelho-e-empurra-brasilia-para-o-abismo\/#primaryimage\"},\"image\":{\"@id\":\"https:\/\/www.notibras.com\/site\/rr-quebra-imagem-do-espelho-e-empurra-brasilia-para-o-abismo\/#primaryimage\"},\"thumbnailUrl\":\"https:\/\/www.notibras.com\/site\/wp-content\/uploads\/2015\/11\/professores-fim-greve-620.jpg\",\"datePublished\":\"2015-11-12T13:52:57+00:00\",\"dateModified\":\"2015-11-13T02:07:24+00:00\",\"breadcrumb\":{\"@id\":\"https:\/\/www.notibras.com\/site\/rr-quebra-imagem-do-espelho-e-empurra-brasilia-para-o-abismo\/#breadcrumb\"},\"inLanguage\":\"pt-BR\",\"potentialAction\":[{\"@type\":\"ReadAction\",\"target\":[\"https:\/\/www.notibras.com\/site\/rr-quebra-imagem-do-espelho-e-empurra-brasilia-para-o-abismo\/\"]}]},{\"@type\":\"ImageObject\",\"inLanguage\":\"pt-BR\",\"@id\":\"https:\/\/www.notibras.com\/site\/rr-quebra-imagem-do-espelho-e-empurra-brasilia-para-o-abismo\/#primaryimage\",\"url\":\"https:\/\/www.notibras.com\/site\/wp-content\/uploads\/2015\/11\/professores-fim-greve-620.jpg\",\"contentUrl\":\"https:\/\/www.notibras.com\/site\/wp-content\/uploads\/2015\/11\/professores-fim-greve-620.jpg\",\"width\":620,\"height\":465},{\"@type\":\"BreadcrumbList\",\"@id\":\"https:\/\/www.notibras.com\/site\/rr-quebra-imagem-do-espelho-e-empurra-brasilia-para-o-abismo\/#breadcrumb\",\"itemListElement\":[{\"@type\":\"ListItem\",\"position\":1,\"name\":\"In\u00edcio\",\"item\":\"https:\/\/www.notibras.com\/site\/\"},{\"@type\":\"ListItem\",\"position\":2,\"name\":\"RR quebra imagem do espelho e empurra Bras\u00edlia para o abismo\"}]},{\"@type\":\"WebSite\",\"@id\":\"https:\/\/www.notibras.com\/site\/#website\",\"url\":\"https:\/\/www.notibras.com\/site\/\",\"name\":\"Notibras\",\"description\":\"Not\u00edcias de Bras\u00edlia, do Brasil e do Mundo\",\"publisher\":{\"@id\":\"https:\/\/www.notibras.com\/site\/#organization\"},\"potentialAction\":[{\"@type\":\"SearchAction\",\"target\":{\"@type\":\"EntryPoint\",\"urlTemplate\":\"https:\/\/www.notibras.com\/site\/?s={search_term_string}\"},\"query-input\":{\"@type\":\"PropertyValueSpecification\",\"valueRequired\":true,\"valueName\":\"search_term_string\"}}],\"inLanguage\":\"pt-BR\"},{\"@type\":\"Organization\",\"@id\":\"https:\/\/www.notibras.com\/site\/#organization\",\"name\":\"Grupo Notibras de Comunica\u00e7\u00e3o\",\"url\":\"https:\/\/www.notibras.com\/site\/\",\"logo\":{\"@type\":\"ImageObject\",\"inLanguage\":\"pt-BR\",\"@id\":\"https:\/\/www.notibras.com\/site\/#\/schema\/logo\/image\/\",\"url\":\"https:\/\/www.notibras.com\/site\/wp-content\/uploads\/2023\/01\/notibras23.png\",\"contentUrl\":\"https:\/\/www.notibras.com\/site\/wp-content\/uploads\/2023\/01\/notibras23.png\",\"width\":350,\"height\":87,\"caption\":\"Grupo Notibras de Comunica\u00e7\u00e3o\"},\"image\":{\"@id\":\"https:\/\/www.notibras.com\/site\/#\/schema\/logo\/image\/\"},\"sameAs\":[\"https:\/\/www.facebook.com\/notibras\/\",\"https:\/\/x.com\/Notibras\",\"https:\/\/www.instagram.com\/notibras\/\"]},{\"@type\":\"Person\",\"@id\":\"https:\/\/www.notibras.com\/site\/#\/schema\/person\/36ab0979449956132d3e5b517ea76ac8\",\"name\":\"Reda\u00e7\u00e3o\",\"image\":{\"@type\":\"ImageObject\",\"inLanguage\":\"pt-BR\",\"@id\":\"https:\/\/secure.gravatar.com\/avatar\/e0a867bdedb85fd243eadf09663511f96fc81e0720a4a42581f334ad4303aa6b?s=96&d=mm&r=g\",\"url\":\"https:\/\/secure.gravatar.com\/avatar\/e0a867bdedb85fd243eadf09663511f96fc81e0720a4a42581f334ad4303aa6b?s=96&d=mm&r=g\",\"contentUrl\":\"https:\/\/secure.gravatar.com\/avatar\/e0a867bdedb85fd243eadf09663511f96fc81e0720a4a42581f334ad4303aa6b?s=96&d=mm&r=g\",\"caption\":\"Reda\u00e7\u00e3o\"}}]}<\/script>\n<!-- \/ Yoast SEO plugin. -->","yoast_head_json":{"title":"RR quebra imagem do espelho e empurra Bras\u00edlia para o abismo - Notibras","robots":{"index":"index","follow":"follow","max-snippet":"max-snippet:-1","max-image-preview":"max-image-preview:large","max-video-preview":"max-video-preview:-1"},"canonical":"https:\/\/www.notibras.com\/site\/rr-quebra-imagem-do-espelho-e-empurra-brasilia-para-o-abismo\/","og_locale":"pt_BR","og_type":"article","og_title":"RR quebra imagem do espelho e empurra Bras\u00edlia para o abismo - Notibras","og_description":"Formado no pensamento de esquerda, mas usufruidor das benesses da direita, o governador Rodrigo Rollmberg \u00e9 o que podemos chamar de a imagem que partiu o espelho. Ap\u00f3s vencer as elei\u00e7\u00f5es de 2014, contra um combalido advers\u00e1rio que n\u00e3o conseguiu respirar um segundo turno, RR, que \u00e9 um pol\u00edtico de grandes projetos e realiza\u00e7\u00f5es truncadas, [&hellip;]","og_url":"https:\/\/www.notibras.com\/site\/rr-quebra-imagem-do-espelho-e-empurra-brasilia-para-o-abismo\/","og_site_name":"Notibras","article_publisher":"https:\/\/www.facebook.com\/notibras\/","article_published_time":"2015-11-12T13:52:57+00:00","article_modified_time":"2015-11-13T02:07:24+00:00","og_image":[{"width":620,"height":465,"url":"https:\/\/www.notibras.com\/site\/wp-content\/uploads\/2015\/11\/professores-fim-greve-620.jpg","type":"image\/jpeg"}],"author":"Reda\u00e7\u00e3o","twitter_card":"summary_large_image","twitter_creator":"@Notibras","twitter_site":"@Notibras","twitter_misc":{"Escrito por":"Reda\u00e7\u00e3o","Est. tempo de leitura":"2 minutos"},"schema":{"@context":"https:\/\/schema.org","@graph":[{"@type":"Article","@id":"https:\/\/www.notibras.com\/site\/rr-quebra-imagem-do-espelho-e-empurra-brasilia-para-o-abismo\/#article","isPartOf":{"@id":"https:\/\/www.notibras.com\/site\/rr-quebra-imagem-do-espelho-e-empurra-brasilia-para-o-abismo\/"},"author":{"name":"Reda\u00e7\u00e3o","@id":"https:\/\/www.notibras.com\/site\/#\/schema\/person\/36ab0979449956132d3e5b517ea76ac8"},"headline":"RR quebra imagem do espelho e empurra Bras\u00edlia para o abismo","datePublished":"2015-11-12T13:52:57+00:00","dateModified":"2015-11-13T02:07:24+00:00","mainEntityOfPage":{"@id":"https:\/\/www.notibras.com\/site\/rr-quebra-imagem-do-espelho-e-empurra-brasilia-para-o-abismo\/"},"wordCount":412,"commentCount":0,"publisher":{"@id":"https:\/\/www.notibras.com\/site\/#organization"},"image":{"@id":"https:\/\/www.notibras.com\/site\/rr-quebra-imagem-do-espelho-e-empurra-brasilia-para-o-abismo\/#primaryimage"},"thumbnailUrl":"https:\/\/www.notibras.com\/site\/wp-content\/uploads\/2015\/11\/professores-fim-greve-620.jpg","articleSection":["Jo\u00e3o Moura"],"inLanguage":"pt-BR","potentialAction":[{"@type":"CommentAction","name":"Comment","target":["https:\/\/www.notibras.com\/site\/rr-quebra-imagem-do-espelho-e-empurra-brasilia-para-o-abismo\/#respond"]}]},{"@type":"WebPage","@id":"https:\/\/www.notibras.com\/site\/rr-quebra-imagem-do-espelho-e-empurra-brasilia-para-o-abismo\/","url":"https:\/\/www.notibras.com\/site\/rr-quebra-imagem-do-espelho-e-empurra-brasilia-para-o-abismo\/","name":"RR quebra imagem do espelho e empurra Bras\u00edlia para o abismo - Notibras","isPartOf":{"@id":"https:\/\/www.notibras.com\/site\/#website"},"primaryImageOfPage":{"@id":"https:\/\/www.notibras.com\/site\/rr-quebra-imagem-do-espelho-e-empurra-brasilia-para-o-abismo\/#primaryimage"},"image":{"@id":"https:\/\/www.notibras.com\/site\/rr-quebra-imagem-do-espelho-e-empurra-brasilia-para-o-abismo\/#primaryimage"},"thumbnailUrl":"https:\/\/www.notibras.com\/site\/wp-content\/uploads\/2015\/11\/professores-fim-greve-620.jpg","datePublished":"2015-11-12T13:52:57+00:00","dateModified":"2015-11-13T02:07:24+00:00","breadcrumb":{"@id":"https:\/\/www.notibras.com\/site\/rr-quebra-imagem-do-espelho-e-empurra-brasilia-para-o-abismo\/#breadcrumb"},"inLanguage":"pt-BR","potentialAction":[{"@type":"ReadAction","target":["https:\/\/www.notibras.com\/site\/rr-quebra-imagem-do-espelho-e-empurra-brasilia-para-o-abismo\/"]}]},{"@type":"ImageObject","inLanguage":"pt-BR","@id":"https:\/\/www.notibras.com\/site\/rr-quebra-imagem-do-espelho-e-empurra-brasilia-para-o-abismo\/#primaryimage","url":"https:\/\/www.notibras.com\/site\/wp-content\/uploads\/2015\/11\/professores-fim-greve-620.jpg","contentUrl":"https:\/\/www.notibras.com\/site\/wp-content\/uploads\/2015\/11\/professores-fim-greve-620.jpg","width":620,"height":465},{"@type":"BreadcrumbList","@id":"https:\/\/www.notibras.com\/site\/rr-quebra-imagem-do-espelho-e-empurra-brasilia-para-o-abismo\/#breadcrumb","itemListElement":[{"@type":"ListItem","position":1,"name":"In\u00edcio","item":"https:\/\/www.notibras.com\/site\/"},{"@type":"ListItem","position":2,"name":"RR quebra imagem do espelho e empurra Bras\u00edlia para o abismo"}]},{"@type":"WebSite","@id":"https:\/\/www.notibras.com\/site\/#website","url":"https:\/\/www.notibras.com\/site\/","name":"Notibras","description":"Not\u00edcias de Bras\u00edlia, do Brasil e do Mundo","publisher":{"@id":"https:\/\/www.notibras.com\/site\/#organization"},"potentialAction":[{"@type":"SearchAction","target":{"@type":"EntryPoint","urlTemplate":"https:\/\/www.notibras.com\/site\/?s={search_term_string}"},"query-input":{"@type":"PropertyValueSpecification","valueRequired":true,"valueName":"search_term_string"}}],"inLanguage":"pt-BR"},{"@type":"Organization","@id":"https:\/\/www.notibras.com\/site\/#organization","name":"Grupo Notibras de Comunica\u00e7\u00e3o","url":"https:\/\/www.notibras.com\/site\/","logo":{"@type":"ImageObject","inLanguage":"pt-BR","@id":"https:\/\/www.notibras.com\/site\/#\/schema\/logo\/image\/","url":"https:\/\/www.notibras.com\/site\/wp-content\/uploads\/2023\/01\/notibras23.png","contentUrl":"https:\/\/www.notibras.com\/site\/wp-content\/uploads\/2023\/01\/notibras23.png","width":350,"height":87,"caption":"Grupo Notibras de Comunica\u00e7\u00e3o"},"image":{"@id":"https:\/\/www.notibras.com\/site\/#\/schema\/logo\/image\/"},"sameAs":["https:\/\/www.facebook.com\/notibras\/","https:\/\/x.com\/Notibras","https:\/\/www.instagram.com\/notibras\/"]},{"@type":"Person","@id":"https:\/\/www.notibras.com\/site\/#\/schema\/person\/36ab0979449956132d3e5b517ea76ac8","name":"Reda\u00e7\u00e3o","image":{"@type":"ImageObject","inLanguage":"pt-BR","@id":"https:\/\/secure.gravatar.com\/avatar\/e0a867bdedb85fd243eadf09663511f96fc81e0720a4a42581f334ad4303aa6b?s=96&d=mm&r=g","url":"https:\/\/secure.gravatar.com\/avatar\/e0a867bdedb85fd243eadf09663511f96fc81e0720a4a42581f334ad4303aa6b?s=96&d=mm&r=g","contentUrl":"https:\/\/secure.gravatar.com\/avatar\/e0a867bdedb85fd243eadf09663511f96fc81e0720a4a42581f334ad4303aa6b?s=96&d=mm&r=g","caption":"Reda\u00e7\u00e3o"}}]}},"amp_enabled":true,"_links":{"self":[{"href":"https:\/\/www.notibras.com\/site\/wp-json\/wp\/v2\/posts\/75966","targetHints":{"allow":["GET"]}}],"collection":[{"href":"https:\/\/www.notibras.com\/site\/wp-json\/wp\/v2\/posts"}],"about":[{"href":"https:\/\/www.notibras.com\/site\/wp-json\/wp\/v2\/types\/post"}],"author":[{"embeddable":true,"href":"https:\/\/www.notibras.com\/site\/wp-json\/wp\/v2\/users\/2"}],"replies":[{"embeddable":true,"href":"https:\/\/www.notibras.com\/site\/wp-json\/wp\/v2\/comments?post=75966"}],"version-history":[{"count":1,"href":"https:\/\/www.notibras.com\/site\/wp-json\/wp\/v2\/posts\/75966\/revisions"}],"predecessor-version":[{"id":75968,"href":"https:\/\/www.notibras.com\/site\/wp-json\/wp\/v2\/posts\/75966\/revisions\/75968"}],"wp:featuredmedia":[{"embeddable":true,"href":"https:\/\/www.notibras.com\/site\/wp-json\/wp\/v2\/media\/75967"}],"wp:attachment":[{"href":"https:\/\/www.notibras.com\/site\/wp-json\/wp\/v2\/media?parent=75966"}],"wp:term":[{"taxonomy":"category","embeddable":true,"href":"https:\/\/www.notibras.com\/site\/wp-json\/wp\/v2\/categories?post=75966"},{"taxonomy":"post_tag","embeddable":true,"href":"https:\/\/www.notibras.com\/site\/wp-json\/wp\/v2\/tags?post=75966"}],"curies":[{"name":"wp","href":"https:\/\/api.w.org\/{rel}","templated":true}]}}