{"id":7599,"date":"2014-04-25T15:40:21","date_gmt":"2014-04-25T18:40:21","guid":{"rendered":"http:\/\/www.notibras.com\/site\/?p=7599"},"modified":"2014-04-25T20:36:47","modified_gmt":"2014-04-25T23:36:47","slug":"malhaes-coronel-que-assumiu-matar-e-torturar-na-ditadura-e-morto-por-asfixia","status":"publish","type":"post","link":"https:\/\/www.notibras.com\/site\/malhaes-coronel-que-assumiu-matar-e-torturar-na-ditadura-e-morto-por-asfixia\/","title":{"rendered":"Malh\u00e3es, coronel que assumiu matar e torturar na ditadura, \u00e9 morto em casa por asfixia"},"content":{"rendered":"<p>O coronel reformado do Ex\u00e9rcito Paulo Malh\u00e3es foi encontrado morto na manh\u00e3 desta sexta-feira, 25, no s\u00edtio em que morava em Nova Igua\u00e7u (cidade na Baixada Fluminense). O corpo apresentava marcas de asfixia, segundo a Pol\u00edcia Civil.<\/p>\n<p>Malh\u00e3es prestou depoimento em mar\u00e7o \u00e0 Comiss\u00e3o Nacional da Verdade em que relatava ter participado de pris\u00f5es e torturas durante a ditadura militar. Dias antes, \u00e0 Comiss\u00e3o Estadual da Verdade do Rio, afirmou ter sido um dos chefes do grupo envolvido com a pris\u00e3o do ex-deputado Rubens Paiva, morto sob tortura em depend\u00eancias do Ex\u00e9rcito em 1971. Na ocasi\u00e3o, admitiu ter participado da opera\u00e7\u00e3o de sumi\u00e7o do corpo do parlamentar, mas ao falar \u00e0 Comiss\u00e3o Nacional voltou atr\u00e1s nas declara\u00e7\u00f5es e negou envolvimento no caso.<\/p>\n<p>De acordo com o relato da vi\u00fava do coronoel Cristina Batista Malh\u00e3es, tr\u00eas homens invadiram o s\u00edtio de Malh\u00e3es na noite desta quinta-feira, 24, \u00e0 procura de armas. O coronel seria colecionador de armamentos, disse a mulher aos policiais da Divis\u00e3o de Homic\u00eddios da Baixada que estiveram na propriedade.<\/p>\n<p>Cristina disse que ela e o caseiro foram amarrados e trancados em um c\u00f4modo, das 13h \u00e0s 22h desta quinta-feira pelos invasores.<\/p>\n<p>Em seu blog, o coronel reformado do Ex\u00e9rcito Carlos Alberto Brilhante Ustra, afirmou que Malh\u00e3es foi assassinado e, no mesmo texto, lembrou a morte de outro coronel, tamb\u00e9m ex-agente da ditadura, J\u00falio Miguel Molina Dias, ocorrida em 2012. Ustra comandou o DOI-CODI, em S\u00e3o Paulo, entre 1970 e 1974. No fim de mar\u00e7o, durante atos que lembraram os 50 anos do golpe militar, Ustra foi alvo de manifesta\u00e7\u00f5es de grupos de direitos humanos que pedem a puni\u00e7\u00e3o de ex-agentes da ditadura.<\/p>\n","protected":false},"excerpt":{"rendered":"<p>O coronel reformado do Ex\u00e9rcito Paulo Malh\u00e3es foi encontrado morto na manh\u00e3 desta sexta-feira, 25, no s\u00edtio em que morava em Nova Igua\u00e7u (cidade na Baixada Fluminense). O corpo apresentava marcas de asfixia, segundo a Pol\u00edcia Civil. Malh\u00e3es prestou depoimento em mar\u00e7o \u00e0 Comiss\u00e3o Nacional da Verdade em que relatava ter participado de pris\u00f5es e [&hellip;]<\/p>\n","protected":false},"author":2,"featured_media":7600,"comment_status":"open","ping_status":"closed","sticky":false,"template":"","format":"standard","meta":{"_acf_changed":false,"footnotes":""},"categories":[16],"tags":[],"class_list":["post-7599","post","type-post","status-publish","format-standard","has-post-thumbnail","hentry","category-brasil"],"acf":[],"yoast_head":"<!-- This site is optimized with the Yoast SEO plugin v27.2 - https:\/\/yoast.com\/product\/yoast-seo-wordpress\/ -->\n<title>Malh\u00e3es, coronel que assumiu matar e torturar na ditadura, \u00e9 morto em casa por asfixia - Notibras<\/title>\n<meta name=\"robots\" content=\"index, follow, max-snippet:-1, max-image-preview:large, max-video-preview:-1\" \/>\n<link rel=\"canonical\" href=\"https:\/\/www.notibras.com\/site\/malhaes-coronel-que-assumiu-matar-e-torturar-na-ditadura-e-morto-por-asfixia\/\" \/>\n<meta property=\"og:locale\" content=\"pt_BR\" \/>\n<meta property=\"og:type\" content=\"article\" \/>\n<meta property=\"og:title\" content=\"Malh\u00e3es, coronel que assumiu matar e torturar na ditadura, \u00e9 morto em casa por asfixia - Notibras\" \/>\n<meta property=\"og:description\" content=\"O coronel reformado do Ex\u00e9rcito Paulo Malh\u00e3es foi encontrado morto na manh\u00e3 desta sexta-feira, 25, no s\u00edtio em que morava em Nova Igua\u00e7u (cidade na Baixada Fluminense). O corpo apresentava marcas de asfixia, segundo a Pol\u00edcia Civil. Malh\u00e3es prestou depoimento em mar\u00e7o \u00e0 Comiss\u00e3o Nacional da Verdade em que relatava ter participado de pris\u00f5es e [&hellip;]\" \/>\n<meta property=\"og:url\" content=\"https:\/\/www.notibras.com\/site\/malhaes-coronel-que-assumiu-matar-e-torturar-na-ditadura-e-morto-por-asfixia\/\" \/>\n<meta property=\"og:site_name\" content=\"Notibras\" \/>\n<meta property=\"article:publisher\" content=\"https:\/\/www.facebook.com\/notibras\/\" \/>\n<meta property=\"article:published_time\" content=\"2014-04-25T18:40:21+00:00\" \/>\n<meta property=\"article:modified_time\" content=\"2014-04-25T23:36:47+00:00\" \/>\n<meta property=\"og:image\" content=\"https:\/\/www.notibras.com\/site\/wp-content\/uploads\/2014\/04\/paulo-malhaes.jpg\" \/>\n\t<meta property=\"og:image:width\" content=\"620\" \/>\n\t<meta property=\"og:image:height\" content=\"465\" \/>\n\t<meta property=\"og:image:type\" content=\"image\/jpeg\" \/>\n<meta name=\"author\" content=\"Reda\u00e7\u00e3o\" \/>\n<meta name=\"twitter:card\" content=\"summary_large_image\" \/>\n<meta name=\"twitter:creator\" content=\"@Notibras\" \/>\n<meta name=\"twitter:site\" content=\"@Notibras\" \/>\n<meta name=\"twitter:label1\" content=\"Escrito por\" \/>\n\t<meta name=\"twitter:data1\" content=\"Reda\u00e7\u00e3o\" \/>\n\t<meta name=\"twitter:label2\" content=\"Est. tempo de leitura\" \/>\n\t<meta name=\"twitter:data2\" content=\"1 minuto\" \/>\n<script type=\"application\/ld+json\" class=\"yoast-schema-graph\">{\"@context\":\"https:\/\/schema.org\",\"@graph\":[{\"@type\":\"Article\",\"@id\":\"https:\/\/www.notibras.com\/site\/malhaes-coronel-que-assumiu-matar-e-torturar-na-ditadura-e-morto-por-asfixia\/#article\",\"isPartOf\":{\"@id\":\"https:\/\/www.notibras.com\/site\/malhaes-coronel-que-assumiu-matar-e-torturar-na-ditadura-e-morto-por-asfixia\/\"},\"author\":{\"name\":\"Reda\u00e7\u00e3o\",\"@id\":\"https:\/\/www.notibras.com\/site\/#\/schema\/person\/36ab0979449956132d3e5b517ea76ac8\"},\"headline\":\"Malh\u00e3es, coronel que assumiu matar e torturar na ditadura, \u00e9 morto em casa por asfixia\",\"datePublished\":\"2014-04-25T18:40:21+00:00\",\"dateModified\":\"2014-04-25T23:36:47+00:00\",\"mainEntityOfPage\":{\"@id\":\"https:\/\/www.notibras.com\/site\/malhaes-coronel-que-assumiu-matar-e-torturar-na-ditadura-e-morto-por-asfixia\/\"},\"wordCount\":313,\"commentCount\":0,\"publisher\":{\"@id\":\"https:\/\/www.notibras.com\/site\/#organization\"},\"image\":{\"@id\":\"https:\/\/www.notibras.com\/site\/malhaes-coronel-que-assumiu-matar-e-torturar-na-ditadura-e-morto-por-asfixia\/#primaryimage\"},\"thumbnailUrl\":\"https:\/\/www.notibras.com\/site\/wp-content\/uploads\/2014\/04\/paulo-malhaes.jpg\",\"articleSection\":[\"Brasil\"],\"inLanguage\":\"pt-BR\",\"potentialAction\":[{\"@type\":\"CommentAction\",\"name\":\"Comment\",\"target\":[\"https:\/\/www.notibras.com\/site\/malhaes-coronel-que-assumiu-matar-e-torturar-na-ditadura-e-morto-por-asfixia\/#respond\"]}]},{\"@type\":\"WebPage\",\"@id\":\"https:\/\/www.notibras.com\/site\/malhaes-coronel-que-assumiu-matar-e-torturar-na-ditadura-e-morto-por-asfixia\/\",\"url\":\"https:\/\/www.notibras.com\/site\/malhaes-coronel-que-assumiu-matar-e-torturar-na-ditadura-e-morto-por-asfixia\/\",\"name\":\"Malh\u00e3es, coronel que assumiu matar e torturar na ditadura, \u00e9 morto em casa por asfixia - Notibras\",\"isPartOf\":{\"@id\":\"https:\/\/www.notibras.com\/site\/#website\"},\"primaryImageOfPage\":{\"@id\":\"https:\/\/www.notibras.com\/site\/malhaes-coronel-que-assumiu-matar-e-torturar-na-ditadura-e-morto-por-asfixia\/#primaryimage\"},\"image\":{\"@id\":\"https:\/\/www.notibras.com\/site\/malhaes-coronel-que-assumiu-matar-e-torturar-na-ditadura-e-morto-por-asfixia\/#primaryimage\"},\"thumbnailUrl\":\"https:\/\/www.notibras.com\/site\/wp-content\/uploads\/2014\/04\/paulo-malhaes.jpg\",\"datePublished\":\"2014-04-25T18:40:21+00:00\",\"dateModified\":\"2014-04-25T23:36:47+00:00\",\"breadcrumb\":{\"@id\":\"https:\/\/www.notibras.com\/site\/malhaes-coronel-que-assumiu-matar-e-torturar-na-ditadura-e-morto-por-asfixia\/#breadcrumb\"},\"inLanguage\":\"pt-BR\",\"potentialAction\":[{\"@type\":\"ReadAction\",\"target\":[\"https:\/\/www.notibras.com\/site\/malhaes-coronel-que-assumiu-matar-e-torturar-na-ditadura-e-morto-por-asfixia\/\"]}]},{\"@type\":\"ImageObject\",\"inLanguage\":\"pt-BR\",\"@id\":\"https:\/\/www.notibras.com\/site\/malhaes-coronel-que-assumiu-matar-e-torturar-na-ditadura-e-morto-por-asfixia\/#primaryimage\",\"url\":\"https:\/\/www.notibras.com\/site\/wp-content\/uploads\/2014\/04\/paulo-malhaes.jpg\",\"contentUrl\":\"https:\/\/www.notibras.com\/site\/wp-content\/uploads\/2014\/04\/paulo-malhaes.jpg\",\"width\":620,\"height\":465},{\"@type\":\"BreadcrumbList\",\"@id\":\"https:\/\/www.notibras.com\/site\/malhaes-coronel-que-assumiu-matar-e-torturar-na-ditadura-e-morto-por-asfixia\/#breadcrumb\",\"itemListElement\":[{\"@type\":\"ListItem\",\"position\":1,\"name\":\"In\u00edcio\",\"item\":\"https:\/\/www.notibras.com\/site\/\"},{\"@type\":\"ListItem\",\"position\":2,\"name\":\"Malh\u00e3es, coronel que assumiu matar e torturar na ditadura, \u00e9 morto em casa por asfixia\"}]},{\"@type\":\"WebSite\",\"@id\":\"https:\/\/www.notibras.com\/site\/#website\",\"url\":\"https:\/\/www.notibras.com\/site\/\",\"name\":\"Notibras\",\"description\":\"Not\u00edcias de Bras\u00edlia, do Brasil e do Mundo\",\"publisher\":{\"@id\":\"https:\/\/www.notibras.com\/site\/#organization\"},\"potentialAction\":[{\"@type\":\"SearchAction\",\"target\":{\"@type\":\"EntryPoint\",\"urlTemplate\":\"https:\/\/www.notibras.com\/site\/?s={search_term_string}\"},\"query-input\":{\"@type\":\"PropertyValueSpecification\",\"valueRequired\":true,\"valueName\":\"search_term_string\"}}],\"inLanguage\":\"pt-BR\"},{\"@type\":\"Organization\",\"@id\":\"https:\/\/www.notibras.com\/site\/#organization\",\"name\":\"Grupo Notibras de Comunica\u00e7\u00e3o\",\"url\":\"https:\/\/www.notibras.com\/site\/\",\"logo\":{\"@type\":\"ImageObject\",\"inLanguage\":\"pt-BR\",\"@id\":\"https:\/\/www.notibras.com\/site\/#\/schema\/logo\/image\/\",\"url\":\"https:\/\/www.notibras.com\/site\/wp-content\/uploads\/2023\/01\/notibras23.png\",\"contentUrl\":\"https:\/\/www.notibras.com\/site\/wp-content\/uploads\/2023\/01\/notibras23.png\",\"width\":350,\"height\":87,\"caption\":\"Grupo Notibras de Comunica\u00e7\u00e3o\"},\"image\":{\"@id\":\"https:\/\/www.notibras.com\/site\/#\/schema\/logo\/image\/\"},\"sameAs\":[\"https:\/\/www.facebook.com\/notibras\/\",\"https:\/\/x.com\/Notibras\",\"https:\/\/www.instagram.com\/notibras\/\"]},{\"@type\":\"Person\",\"@id\":\"https:\/\/www.notibras.com\/site\/#\/schema\/person\/36ab0979449956132d3e5b517ea76ac8\",\"name\":\"Reda\u00e7\u00e3o\",\"image\":{\"@type\":\"ImageObject\",\"inLanguage\":\"pt-BR\",\"@id\":\"https:\/\/secure.gravatar.com\/avatar\/e0a867bdedb85fd243eadf09663511f96fc81e0720a4a42581f334ad4303aa6b?s=96&d=mm&r=g\",\"url\":\"https:\/\/secure.gravatar.com\/avatar\/e0a867bdedb85fd243eadf09663511f96fc81e0720a4a42581f334ad4303aa6b?s=96&d=mm&r=g\",\"contentUrl\":\"https:\/\/secure.gravatar.com\/avatar\/e0a867bdedb85fd243eadf09663511f96fc81e0720a4a42581f334ad4303aa6b?s=96&d=mm&r=g\",\"caption\":\"Reda\u00e7\u00e3o\"}}]}<\/script>\n<!-- \/ Yoast SEO plugin. -->","yoast_head_json":{"title":"Malh\u00e3es, coronel que assumiu matar e torturar na ditadura, \u00e9 morto em casa por asfixia - Notibras","robots":{"index":"index","follow":"follow","max-snippet":"max-snippet:-1","max-image-preview":"max-image-preview:large","max-video-preview":"max-video-preview:-1"},"canonical":"https:\/\/www.notibras.com\/site\/malhaes-coronel-que-assumiu-matar-e-torturar-na-ditadura-e-morto-por-asfixia\/","og_locale":"pt_BR","og_type":"article","og_title":"Malh\u00e3es, coronel que assumiu matar e torturar na ditadura, \u00e9 morto em casa por asfixia - Notibras","og_description":"O coronel reformado do Ex\u00e9rcito Paulo Malh\u00e3es foi encontrado morto na manh\u00e3 desta sexta-feira, 25, no s\u00edtio em que morava em Nova Igua\u00e7u (cidade na Baixada Fluminense). O corpo apresentava marcas de asfixia, segundo a Pol\u00edcia Civil. Malh\u00e3es prestou depoimento em mar\u00e7o \u00e0 Comiss\u00e3o Nacional da Verdade em que relatava ter participado de pris\u00f5es e [&hellip;]","og_url":"https:\/\/www.notibras.com\/site\/malhaes-coronel-que-assumiu-matar-e-torturar-na-ditadura-e-morto-por-asfixia\/","og_site_name":"Notibras","article_publisher":"https:\/\/www.facebook.com\/notibras\/","article_published_time":"2014-04-25T18:40:21+00:00","article_modified_time":"2014-04-25T23:36:47+00:00","og_image":[{"width":620,"height":465,"url":"https:\/\/www.notibras.com\/site\/wp-content\/uploads\/2014\/04\/paulo-malhaes.jpg","type":"image\/jpeg"}],"author":"Reda\u00e7\u00e3o","twitter_card":"summary_large_image","twitter_creator":"@Notibras","twitter_site":"@Notibras","twitter_misc":{"Escrito por":"Reda\u00e7\u00e3o","Est. tempo de leitura":"1 minuto"},"schema":{"@context":"https:\/\/schema.org","@graph":[{"@type":"Article","@id":"https:\/\/www.notibras.com\/site\/malhaes-coronel-que-assumiu-matar-e-torturar-na-ditadura-e-morto-por-asfixia\/#article","isPartOf":{"@id":"https:\/\/www.notibras.com\/site\/malhaes-coronel-que-assumiu-matar-e-torturar-na-ditadura-e-morto-por-asfixia\/"},"author":{"name":"Reda\u00e7\u00e3o","@id":"https:\/\/www.notibras.com\/site\/#\/schema\/person\/36ab0979449956132d3e5b517ea76ac8"},"headline":"Malh\u00e3es, coronel que assumiu matar e torturar na ditadura, \u00e9 morto em casa por asfixia","datePublished":"2014-04-25T18:40:21+00:00","dateModified":"2014-04-25T23:36:47+00:00","mainEntityOfPage":{"@id":"https:\/\/www.notibras.com\/site\/malhaes-coronel-que-assumiu-matar-e-torturar-na-ditadura-e-morto-por-asfixia\/"},"wordCount":313,"commentCount":0,"publisher":{"@id":"https:\/\/www.notibras.com\/site\/#organization"},"image":{"@id":"https:\/\/www.notibras.com\/site\/malhaes-coronel-que-assumiu-matar-e-torturar-na-ditadura-e-morto-por-asfixia\/#primaryimage"},"thumbnailUrl":"https:\/\/www.notibras.com\/site\/wp-content\/uploads\/2014\/04\/paulo-malhaes.jpg","articleSection":["Brasil"],"inLanguage":"pt-BR","potentialAction":[{"@type":"CommentAction","name":"Comment","target":["https:\/\/www.notibras.com\/site\/malhaes-coronel-que-assumiu-matar-e-torturar-na-ditadura-e-morto-por-asfixia\/#respond"]}]},{"@type":"WebPage","@id":"https:\/\/www.notibras.com\/site\/malhaes-coronel-que-assumiu-matar-e-torturar-na-ditadura-e-morto-por-asfixia\/","url":"https:\/\/www.notibras.com\/site\/malhaes-coronel-que-assumiu-matar-e-torturar-na-ditadura-e-morto-por-asfixia\/","name":"Malh\u00e3es, coronel que assumiu matar e torturar na ditadura, \u00e9 morto em casa por asfixia - Notibras","isPartOf":{"@id":"https:\/\/www.notibras.com\/site\/#website"},"primaryImageOfPage":{"@id":"https:\/\/www.notibras.com\/site\/malhaes-coronel-que-assumiu-matar-e-torturar-na-ditadura-e-morto-por-asfixia\/#primaryimage"},"image":{"@id":"https:\/\/www.notibras.com\/site\/malhaes-coronel-que-assumiu-matar-e-torturar-na-ditadura-e-morto-por-asfixia\/#primaryimage"},"thumbnailUrl":"https:\/\/www.notibras.com\/site\/wp-content\/uploads\/2014\/04\/paulo-malhaes.jpg","datePublished":"2014-04-25T18:40:21+00:00","dateModified":"2014-04-25T23:36:47+00:00","breadcrumb":{"@id":"https:\/\/www.notibras.com\/site\/malhaes-coronel-que-assumiu-matar-e-torturar-na-ditadura-e-morto-por-asfixia\/#breadcrumb"},"inLanguage":"pt-BR","potentialAction":[{"@type":"ReadAction","target":["https:\/\/www.notibras.com\/site\/malhaes-coronel-que-assumiu-matar-e-torturar-na-ditadura-e-morto-por-asfixia\/"]}]},{"@type":"ImageObject","inLanguage":"pt-BR","@id":"https:\/\/www.notibras.com\/site\/malhaes-coronel-que-assumiu-matar-e-torturar-na-ditadura-e-morto-por-asfixia\/#primaryimage","url":"https:\/\/www.notibras.com\/site\/wp-content\/uploads\/2014\/04\/paulo-malhaes.jpg","contentUrl":"https:\/\/www.notibras.com\/site\/wp-content\/uploads\/2014\/04\/paulo-malhaes.jpg","width":620,"height":465},{"@type":"BreadcrumbList","@id":"https:\/\/www.notibras.com\/site\/malhaes-coronel-que-assumiu-matar-e-torturar-na-ditadura-e-morto-por-asfixia\/#breadcrumb","itemListElement":[{"@type":"ListItem","position":1,"name":"In\u00edcio","item":"https:\/\/www.notibras.com\/site\/"},{"@type":"ListItem","position":2,"name":"Malh\u00e3es, coronel que assumiu matar e torturar na ditadura, \u00e9 morto em casa por asfixia"}]},{"@type":"WebSite","@id":"https:\/\/www.notibras.com\/site\/#website","url":"https:\/\/www.notibras.com\/site\/","name":"Notibras","description":"Not\u00edcias de Bras\u00edlia, do Brasil e do Mundo","publisher":{"@id":"https:\/\/www.notibras.com\/site\/#organization"},"potentialAction":[{"@type":"SearchAction","target":{"@type":"EntryPoint","urlTemplate":"https:\/\/www.notibras.com\/site\/?s={search_term_string}"},"query-input":{"@type":"PropertyValueSpecification","valueRequired":true,"valueName":"search_term_string"}}],"inLanguage":"pt-BR"},{"@type":"Organization","@id":"https:\/\/www.notibras.com\/site\/#organization","name":"Grupo Notibras de Comunica\u00e7\u00e3o","url":"https:\/\/www.notibras.com\/site\/","logo":{"@type":"ImageObject","inLanguage":"pt-BR","@id":"https:\/\/www.notibras.com\/site\/#\/schema\/logo\/image\/","url":"https:\/\/www.notibras.com\/site\/wp-content\/uploads\/2023\/01\/notibras23.png","contentUrl":"https:\/\/www.notibras.com\/site\/wp-content\/uploads\/2023\/01\/notibras23.png","width":350,"height":87,"caption":"Grupo Notibras de Comunica\u00e7\u00e3o"},"image":{"@id":"https:\/\/www.notibras.com\/site\/#\/schema\/logo\/image\/"},"sameAs":["https:\/\/www.facebook.com\/notibras\/","https:\/\/x.com\/Notibras","https:\/\/www.instagram.com\/notibras\/"]},{"@type":"Person","@id":"https:\/\/www.notibras.com\/site\/#\/schema\/person\/36ab0979449956132d3e5b517ea76ac8","name":"Reda\u00e7\u00e3o","image":{"@type":"ImageObject","inLanguage":"pt-BR","@id":"https:\/\/secure.gravatar.com\/avatar\/e0a867bdedb85fd243eadf09663511f96fc81e0720a4a42581f334ad4303aa6b?s=96&d=mm&r=g","url":"https:\/\/secure.gravatar.com\/avatar\/e0a867bdedb85fd243eadf09663511f96fc81e0720a4a42581f334ad4303aa6b?s=96&d=mm&r=g","contentUrl":"https:\/\/secure.gravatar.com\/avatar\/e0a867bdedb85fd243eadf09663511f96fc81e0720a4a42581f334ad4303aa6b?s=96&d=mm&r=g","caption":"Reda\u00e7\u00e3o"}}]}},"amp_enabled":true,"_links":{"self":[{"href":"https:\/\/www.notibras.com\/site\/wp-json\/wp\/v2\/posts\/7599","targetHints":{"allow":["GET"]}}],"collection":[{"href":"https:\/\/www.notibras.com\/site\/wp-json\/wp\/v2\/posts"}],"about":[{"href":"https:\/\/www.notibras.com\/site\/wp-json\/wp\/v2\/types\/post"}],"author":[{"embeddable":true,"href":"https:\/\/www.notibras.com\/site\/wp-json\/wp\/v2\/users\/2"}],"replies":[{"embeddable":true,"href":"https:\/\/www.notibras.com\/site\/wp-json\/wp\/v2\/comments?post=7599"}],"version-history":[{"count":0,"href":"https:\/\/www.notibras.com\/site\/wp-json\/wp\/v2\/posts\/7599\/revisions"}],"wp:featuredmedia":[{"embeddable":true,"href":"https:\/\/www.notibras.com\/site\/wp-json\/wp\/v2\/media\/7600"}],"wp:attachment":[{"href":"https:\/\/www.notibras.com\/site\/wp-json\/wp\/v2\/media?parent=7599"}],"wp:term":[{"taxonomy":"category","embeddable":true,"href":"https:\/\/www.notibras.com\/site\/wp-json\/wp\/v2\/categories?post=7599"},{"taxonomy":"post_tag","embeddable":true,"href":"https:\/\/www.notibras.com\/site\/wp-json\/wp\/v2\/tags?post=7599"}],"curies":[{"name":"wp","href":"https:\/\/api.w.org\/{rel}","templated":true}]}}