{"id":76158,"date":"2015-11-13T17:16:30","date_gmt":"2015-11-13T19:16:30","guid":{"rendered":"http:\/\/www.notibras.com\/site\/?p=76158"},"modified":"2015-11-14T19:40:11","modified_gmt":"2015-11-14T21:40:11","slug":"sucateada-saude-publica-em-brasilia-vive-nos-tempos-da-idade-media","status":"publish","type":"post","link":"https:\/\/www.notibras.com\/site\/sucateada-saude-publica-em-brasilia-vive-nos-tempos-da-idade-media\/","title":{"rendered":"Sucateada, sa\u00fade p\u00fablica em Bras\u00edlia vive como na Idade M\u00e9dia"},"content":{"rendered":"<p>Dirigentes p\u00fablicos do setor de sa\u00fade do Distrito Federal estudam atualmente as t\u00e9cnicas do grego Hip\u00f3crates e do romano Galeno, pioneiros da medicina. A mumifica\u00e7\u00e3o de cad\u00e1veres tamb\u00e9m \u00e9 um tema inspirador aos atuais executivos que t\u00eam praticado muito mais o nepotismo cruzado do que o aparelhamento da rede que deveria atender ao cidad\u00e3o enfermo.<\/p>\n<p>\u00c9 que na medicina antiga n\u00e3o existiam autoclave, parafusos, hastes met\u00e1licas, salas cir\u00fargicas, anestesistas, enfermeiros, fixadores externos para fraturas expostas ou les\u00f5es osteovasculares. S\u00f3 para elencar uma \u00fanica especialidade que \u00e9 a da Ortopedia e Traumatologia.<\/p>\n<p>S\u00e3o itens denunciados como inexistentes pela dire\u00e7\u00e3o do Hospital Regional do Parano\u00e1, que encaminhou of\u00edcio ao CRM-DF e ao Minist\u00e9rio P\u00fablico, relatando que, embora tenham feito o juramento de Hip\u00f3crates, n\u00e3o s\u00e3o capazes de incorporar \u00e0s suas t\u00e9cnicas modernas apenas a talhadeira e a marreta. O documento ressalta o descumprimento ao Estatuto do Idoso que determina o atendimento em no m\u00e1ximo 72 horas. E estamos falando de uma \u00fanica especialidade e de um \u00fanico hospital.<\/p>\n<p>A classe m\u00e9dica foi rebaixada e os pacientes s\u00e3o ignorados. Ambos est\u00e3o em desespero. Cenas da revolta de profissionais foram flagradas pela imprensa, mas n\u00e3o \u00e9 incomum que m\u00e9dicos e t\u00e9cnicos em sa\u00fade cheguem ao limite da paci\u00eancia diariamente. Pode ser que os dirigentes p\u00fablicos estejam nesse momento \u00e0 procura de sanguessugas para resgatar a t\u00e9cnica da sangria, que era o rem\u00e9dio adotado na antiguidade para qualquer problema de sa\u00fade. Mas nesse setor, se h\u00e1 algo f\u00e1cil de encontrar, s\u00e3o exatamente sanguessugas. S\u00f3 que est\u00e3o levando na bagagem milhares de vidas.<\/p>\n<p>Um m\u00e9dico anestesista comentou: \u201cChegamos ao absurdo de ter que fazer a escolha entre dois pacientes, como se fosse nossa a decis\u00e3o de quem vai viver ou morrer, por falta de estrutura, medicamentos e instrumentos. \u00c9 desesperador!\u201d.<\/p>\n<p>O presidente do Sindicato dos M\u00e9dicos do Distrito Federal, doutor Gutemberg Fialho, nesta semana foi gravado afirmando que os profissionais da sa\u00fade iriam boicotar o governo de Rollemberg. A declara\u00e7\u00e3o provocou indigna\u00e7\u00e3o e muitos jornalistas sa\u00edram em defesa do Buriti, inclusive oferecendo espa\u00e7o em telejornais para que um porta-voz com plano de sa\u00fade privado, afirmasse que o m\u00e9dico deveria atender de qualquer maneira: sem hospitais e sem aparelhamento porque fizeram um juramento.<\/p>\n<p>Ent\u00e3o fica a pergunta: N\u00e3o deveriam tamb\u00e9m eles, executivos p\u00fablicos, fazer um juramento de atender aos profissionais e pacientes da rede p\u00fablica e o seu provimento? Quem sabe assim os governantes se vissem obrigados a acolher seus doentes com dignidade.<\/p>\n<p>O SindM\u00e9dico DF publicou manifesto nesta sexta, 13, com o comunicado de suspens\u00e3o da greve que havia mais de 30 dias. Enquanto isso, nos bastidores do Pal\u00e1cio do Buriti, o conselho \u00e9 n\u00e3o olhar pelas janelas. S\u00f3 assim \u00e9 poss\u00edvel n\u00e3o perceber que estamos em 2015 e sonhar com as t\u00e9cnicas de Hip\u00f3crates e Galeno, de um tempo em que a idade m\u00e9dia n\u00e3o ultrapassava 30 anos. Ah&#8230; ent\u00e3o, t\u00e1 explicado!<\/p>\n","protected":false},"excerpt":{"rendered":"<p>Dirigentes p\u00fablicos do setor de sa\u00fade do Distrito Federal estudam atualmente as t\u00e9cnicas do grego Hip\u00f3crates e do romano Galeno, pioneiros da medicina. A mumifica\u00e7\u00e3o de cad\u00e1veres tamb\u00e9m \u00e9 um tema inspirador aos atuais executivos que t\u00eam praticado muito mais o nepotismo cruzado do que o aparelhamento da rede que deveria atender ao cidad\u00e3o enfermo. [&hellip;]<\/p>\n","protected":false},"author":2,"featured_media":76159,"comment_status":"open","ping_status":"closed","sticky":false,"template":"","format":"standard","meta":{"_acf_changed":false,"footnotes":""},"categories":[48],"tags":[],"class_list":["post-76158","post","type-post","status-publish","format-standard","has-post-thumbnail","hentry","category-ferriche"],"acf":[],"yoast_head":"<!-- This site is optimized with the Yoast SEO plugin v27.2 - https:\/\/yoast.com\/product\/yoast-seo-wordpress\/ -->\n<title>Sucateada, sa\u00fade p\u00fablica em Bras\u00edlia vive como na Idade M\u00e9dia - Notibras<\/title>\n<meta name=\"robots\" content=\"index, follow, max-snippet:-1, max-image-preview:large, max-video-preview:-1\" \/>\n<link rel=\"canonical\" href=\"https:\/\/www.notibras.com\/site\/sucateada-saude-publica-em-brasilia-vive-nos-tempos-da-idade-media\/\" \/>\n<meta property=\"og:locale\" content=\"pt_BR\" \/>\n<meta property=\"og:type\" content=\"article\" \/>\n<meta property=\"og:title\" content=\"Sucateada, sa\u00fade p\u00fablica em Bras\u00edlia vive como na Idade M\u00e9dia - Notibras\" \/>\n<meta property=\"og:description\" content=\"Dirigentes p\u00fablicos do setor de sa\u00fade do Distrito Federal estudam atualmente as t\u00e9cnicas do grego Hip\u00f3crates e do romano Galeno, pioneiros da medicina. A mumifica\u00e7\u00e3o de cad\u00e1veres tamb\u00e9m \u00e9 um tema inspirador aos atuais executivos que t\u00eam praticado muito mais o nepotismo cruzado do que o aparelhamento da rede que deveria atender ao cidad\u00e3o enfermo. [&hellip;]\" \/>\n<meta property=\"og:url\" content=\"https:\/\/www.notibras.com\/site\/sucateada-saude-publica-em-brasilia-vive-nos-tempos-da-idade-media\/\" \/>\n<meta property=\"og:site_name\" content=\"Notibras\" \/>\n<meta property=\"article:publisher\" content=\"https:\/\/www.facebook.com\/notibras\/\" \/>\n<meta property=\"article:published_time\" content=\"2015-11-13T19:16:30+00:00\" \/>\n<meta property=\"article:modified_time\" content=\"2015-11-14T21:40:11+00:00\" \/>\n<meta property=\"og:image\" content=\"https:\/\/www.notibras.com\/site\/wp-content\/uploads\/2015\/11\/ssad.jpg\" \/>\n\t<meta property=\"og:image:width\" content=\"588\" \/>\n\t<meta property=\"og:image:height\" content=\"353\" \/>\n\t<meta property=\"og:image:type\" content=\"image\/jpeg\" \/>\n<meta name=\"author\" content=\"Reda\u00e7\u00e3o\" \/>\n<meta name=\"twitter:card\" content=\"summary_large_image\" \/>\n<meta name=\"twitter:creator\" content=\"@Notibras\" \/>\n<meta name=\"twitter:site\" content=\"@Notibras\" \/>\n<meta name=\"twitter:label1\" content=\"Escrito por\" \/>\n\t<meta name=\"twitter:data1\" content=\"Reda\u00e7\u00e3o\" \/>\n\t<meta name=\"twitter:label2\" content=\"Est. tempo de leitura\" \/>\n\t<meta name=\"twitter:data2\" content=\"3 minutos\" \/>\n<script type=\"application\/ld+json\" class=\"yoast-schema-graph\">{\"@context\":\"https:\/\/schema.org\",\"@graph\":[{\"@type\":\"Article\",\"@id\":\"https:\/\/www.notibras.com\/site\/sucateada-saude-publica-em-brasilia-vive-nos-tempos-da-idade-media\/#article\",\"isPartOf\":{\"@id\":\"https:\/\/www.notibras.com\/site\/sucateada-saude-publica-em-brasilia-vive-nos-tempos-da-idade-media\/\"},\"author\":{\"name\":\"Reda\u00e7\u00e3o\",\"@id\":\"https:\/\/www.notibras.com\/site\/#\/schema\/person\/36ab0979449956132d3e5b517ea76ac8\"},\"headline\":\"Sucateada, sa\u00fade p\u00fablica em Bras\u00edlia vive como na Idade M\u00e9dia\",\"datePublished\":\"2015-11-13T19:16:30+00:00\",\"dateModified\":\"2015-11-14T21:40:11+00:00\",\"mainEntityOfPage\":{\"@id\":\"https:\/\/www.notibras.com\/site\/sucateada-saude-publica-em-brasilia-vive-nos-tempos-da-idade-media\/\"},\"wordCount\":542,\"commentCount\":0,\"publisher\":{\"@id\":\"https:\/\/www.notibras.com\/site\/#organization\"},\"image\":{\"@id\":\"https:\/\/www.notibras.com\/site\/sucateada-saude-publica-em-brasilia-vive-nos-tempos-da-idade-media\/#primaryimage\"},\"thumbnailUrl\":\"https:\/\/www.notibras.com\/site\/wp-content\/uploads\/2015\/11\/ssad.jpg\",\"articleSection\":[\"Kleber Ferriche\"],\"inLanguage\":\"pt-BR\",\"potentialAction\":[{\"@type\":\"CommentAction\",\"name\":\"Comment\",\"target\":[\"https:\/\/www.notibras.com\/site\/sucateada-saude-publica-em-brasilia-vive-nos-tempos-da-idade-media\/#respond\"]}]},{\"@type\":\"WebPage\",\"@id\":\"https:\/\/www.notibras.com\/site\/sucateada-saude-publica-em-brasilia-vive-nos-tempos-da-idade-media\/\",\"url\":\"https:\/\/www.notibras.com\/site\/sucateada-saude-publica-em-brasilia-vive-nos-tempos-da-idade-media\/\",\"name\":\"Sucateada, sa\u00fade p\u00fablica em Bras\u00edlia vive como na Idade M\u00e9dia - Notibras\",\"isPartOf\":{\"@id\":\"https:\/\/www.notibras.com\/site\/#website\"},\"primaryImageOfPage\":{\"@id\":\"https:\/\/www.notibras.com\/site\/sucateada-saude-publica-em-brasilia-vive-nos-tempos-da-idade-media\/#primaryimage\"},\"image\":{\"@id\":\"https:\/\/www.notibras.com\/site\/sucateada-saude-publica-em-brasilia-vive-nos-tempos-da-idade-media\/#primaryimage\"},\"thumbnailUrl\":\"https:\/\/www.notibras.com\/site\/wp-content\/uploads\/2015\/11\/ssad.jpg\",\"datePublished\":\"2015-11-13T19:16:30+00:00\",\"dateModified\":\"2015-11-14T21:40:11+00:00\",\"breadcrumb\":{\"@id\":\"https:\/\/www.notibras.com\/site\/sucateada-saude-publica-em-brasilia-vive-nos-tempos-da-idade-media\/#breadcrumb\"},\"inLanguage\":\"pt-BR\",\"potentialAction\":[{\"@type\":\"ReadAction\",\"target\":[\"https:\/\/www.notibras.com\/site\/sucateada-saude-publica-em-brasilia-vive-nos-tempos-da-idade-media\/\"]}]},{\"@type\":\"ImageObject\",\"inLanguage\":\"pt-BR\",\"@id\":\"https:\/\/www.notibras.com\/site\/sucateada-saude-publica-em-brasilia-vive-nos-tempos-da-idade-media\/#primaryimage\",\"url\":\"https:\/\/www.notibras.com\/site\/wp-content\/uploads\/2015\/11\/ssad.jpg\",\"contentUrl\":\"https:\/\/www.notibras.com\/site\/wp-content\/uploads\/2015\/11\/ssad.jpg\",\"width\":588,\"height\":353},{\"@type\":\"BreadcrumbList\",\"@id\":\"https:\/\/www.notibras.com\/site\/sucateada-saude-publica-em-brasilia-vive-nos-tempos-da-idade-media\/#breadcrumb\",\"itemListElement\":[{\"@type\":\"ListItem\",\"position\":1,\"name\":\"In\u00edcio\",\"item\":\"https:\/\/www.notibras.com\/site\/\"},{\"@type\":\"ListItem\",\"position\":2,\"name\":\"Sucateada, sa\u00fade p\u00fablica em Bras\u00edlia vive como na Idade M\u00e9dia\"}]},{\"@type\":\"WebSite\",\"@id\":\"https:\/\/www.notibras.com\/site\/#website\",\"url\":\"https:\/\/www.notibras.com\/site\/\",\"name\":\"Notibras\",\"description\":\"Not\u00edcias de Bras\u00edlia, do Brasil e do Mundo\",\"publisher\":{\"@id\":\"https:\/\/www.notibras.com\/site\/#organization\"},\"potentialAction\":[{\"@type\":\"SearchAction\",\"target\":{\"@type\":\"EntryPoint\",\"urlTemplate\":\"https:\/\/www.notibras.com\/site\/?s={search_term_string}\"},\"query-input\":{\"@type\":\"PropertyValueSpecification\",\"valueRequired\":true,\"valueName\":\"search_term_string\"}}],\"inLanguage\":\"pt-BR\"},{\"@type\":\"Organization\",\"@id\":\"https:\/\/www.notibras.com\/site\/#organization\",\"name\":\"Grupo Notibras de Comunica\u00e7\u00e3o\",\"url\":\"https:\/\/www.notibras.com\/site\/\",\"logo\":{\"@type\":\"ImageObject\",\"inLanguage\":\"pt-BR\",\"@id\":\"https:\/\/www.notibras.com\/site\/#\/schema\/logo\/image\/\",\"url\":\"https:\/\/www.notibras.com\/site\/wp-content\/uploads\/2023\/01\/notibras23.png\",\"contentUrl\":\"https:\/\/www.notibras.com\/site\/wp-content\/uploads\/2023\/01\/notibras23.png\",\"width\":350,\"height\":87,\"caption\":\"Grupo Notibras de Comunica\u00e7\u00e3o\"},\"image\":{\"@id\":\"https:\/\/www.notibras.com\/site\/#\/schema\/logo\/image\/\"},\"sameAs\":[\"https:\/\/www.facebook.com\/notibras\/\",\"https:\/\/x.com\/Notibras\",\"https:\/\/www.instagram.com\/notibras\/\"]},{\"@type\":\"Person\",\"@id\":\"https:\/\/www.notibras.com\/site\/#\/schema\/person\/36ab0979449956132d3e5b517ea76ac8\",\"name\":\"Reda\u00e7\u00e3o\",\"image\":{\"@type\":\"ImageObject\",\"inLanguage\":\"pt-BR\",\"@id\":\"https:\/\/secure.gravatar.com\/avatar\/e0a867bdedb85fd243eadf09663511f96fc81e0720a4a42581f334ad4303aa6b?s=96&d=mm&r=g\",\"url\":\"https:\/\/secure.gravatar.com\/avatar\/e0a867bdedb85fd243eadf09663511f96fc81e0720a4a42581f334ad4303aa6b?s=96&d=mm&r=g\",\"contentUrl\":\"https:\/\/secure.gravatar.com\/avatar\/e0a867bdedb85fd243eadf09663511f96fc81e0720a4a42581f334ad4303aa6b?s=96&d=mm&r=g\",\"caption\":\"Reda\u00e7\u00e3o\"}}]}<\/script>\n<!-- \/ Yoast SEO plugin. -->","yoast_head_json":{"title":"Sucateada, sa\u00fade p\u00fablica em Bras\u00edlia vive como na Idade M\u00e9dia - Notibras","robots":{"index":"index","follow":"follow","max-snippet":"max-snippet:-1","max-image-preview":"max-image-preview:large","max-video-preview":"max-video-preview:-1"},"canonical":"https:\/\/www.notibras.com\/site\/sucateada-saude-publica-em-brasilia-vive-nos-tempos-da-idade-media\/","og_locale":"pt_BR","og_type":"article","og_title":"Sucateada, sa\u00fade p\u00fablica em Bras\u00edlia vive como na Idade M\u00e9dia - Notibras","og_description":"Dirigentes p\u00fablicos do setor de sa\u00fade do Distrito Federal estudam atualmente as t\u00e9cnicas do grego Hip\u00f3crates e do romano Galeno, pioneiros da medicina. A mumifica\u00e7\u00e3o de cad\u00e1veres tamb\u00e9m \u00e9 um tema inspirador aos atuais executivos que t\u00eam praticado muito mais o nepotismo cruzado do que o aparelhamento da rede que deveria atender ao cidad\u00e3o enfermo. [&hellip;]","og_url":"https:\/\/www.notibras.com\/site\/sucateada-saude-publica-em-brasilia-vive-nos-tempos-da-idade-media\/","og_site_name":"Notibras","article_publisher":"https:\/\/www.facebook.com\/notibras\/","article_published_time":"2015-11-13T19:16:30+00:00","article_modified_time":"2015-11-14T21:40:11+00:00","og_image":[{"width":588,"height":353,"url":"https:\/\/www.notibras.com\/site\/wp-content\/uploads\/2015\/11\/ssad.jpg","type":"image\/jpeg"}],"author":"Reda\u00e7\u00e3o","twitter_card":"summary_large_image","twitter_creator":"@Notibras","twitter_site":"@Notibras","twitter_misc":{"Escrito por":"Reda\u00e7\u00e3o","Est. tempo de leitura":"3 minutos"},"schema":{"@context":"https:\/\/schema.org","@graph":[{"@type":"Article","@id":"https:\/\/www.notibras.com\/site\/sucateada-saude-publica-em-brasilia-vive-nos-tempos-da-idade-media\/#article","isPartOf":{"@id":"https:\/\/www.notibras.com\/site\/sucateada-saude-publica-em-brasilia-vive-nos-tempos-da-idade-media\/"},"author":{"name":"Reda\u00e7\u00e3o","@id":"https:\/\/www.notibras.com\/site\/#\/schema\/person\/36ab0979449956132d3e5b517ea76ac8"},"headline":"Sucateada, sa\u00fade p\u00fablica em Bras\u00edlia vive como na Idade M\u00e9dia","datePublished":"2015-11-13T19:16:30+00:00","dateModified":"2015-11-14T21:40:11+00:00","mainEntityOfPage":{"@id":"https:\/\/www.notibras.com\/site\/sucateada-saude-publica-em-brasilia-vive-nos-tempos-da-idade-media\/"},"wordCount":542,"commentCount":0,"publisher":{"@id":"https:\/\/www.notibras.com\/site\/#organization"},"image":{"@id":"https:\/\/www.notibras.com\/site\/sucateada-saude-publica-em-brasilia-vive-nos-tempos-da-idade-media\/#primaryimage"},"thumbnailUrl":"https:\/\/www.notibras.com\/site\/wp-content\/uploads\/2015\/11\/ssad.jpg","articleSection":["Kleber Ferriche"],"inLanguage":"pt-BR","potentialAction":[{"@type":"CommentAction","name":"Comment","target":["https:\/\/www.notibras.com\/site\/sucateada-saude-publica-em-brasilia-vive-nos-tempos-da-idade-media\/#respond"]}]},{"@type":"WebPage","@id":"https:\/\/www.notibras.com\/site\/sucateada-saude-publica-em-brasilia-vive-nos-tempos-da-idade-media\/","url":"https:\/\/www.notibras.com\/site\/sucateada-saude-publica-em-brasilia-vive-nos-tempos-da-idade-media\/","name":"Sucateada, sa\u00fade p\u00fablica em Bras\u00edlia vive como na Idade M\u00e9dia - Notibras","isPartOf":{"@id":"https:\/\/www.notibras.com\/site\/#website"},"primaryImageOfPage":{"@id":"https:\/\/www.notibras.com\/site\/sucateada-saude-publica-em-brasilia-vive-nos-tempos-da-idade-media\/#primaryimage"},"image":{"@id":"https:\/\/www.notibras.com\/site\/sucateada-saude-publica-em-brasilia-vive-nos-tempos-da-idade-media\/#primaryimage"},"thumbnailUrl":"https:\/\/www.notibras.com\/site\/wp-content\/uploads\/2015\/11\/ssad.jpg","datePublished":"2015-11-13T19:16:30+00:00","dateModified":"2015-11-14T21:40:11+00:00","breadcrumb":{"@id":"https:\/\/www.notibras.com\/site\/sucateada-saude-publica-em-brasilia-vive-nos-tempos-da-idade-media\/#breadcrumb"},"inLanguage":"pt-BR","potentialAction":[{"@type":"ReadAction","target":["https:\/\/www.notibras.com\/site\/sucateada-saude-publica-em-brasilia-vive-nos-tempos-da-idade-media\/"]}]},{"@type":"ImageObject","inLanguage":"pt-BR","@id":"https:\/\/www.notibras.com\/site\/sucateada-saude-publica-em-brasilia-vive-nos-tempos-da-idade-media\/#primaryimage","url":"https:\/\/www.notibras.com\/site\/wp-content\/uploads\/2015\/11\/ssad.jpg","contentUrl":"https:\/\/www.notibras.com\/site\/wp-content\/uploads\/2015\/11\/ssad.jpg","width":588,"height":353},{"@type":"BreadcrumbList","@id":"https:\/\/www.notibras.com\/site\/sucateada-saude-publica-em-brasilia-vive-nos-tempos-da-idade-media\/#breadcrumb","itemListElement":[{"@type":"ListItem","position":1,"name":"In\u00edcio","item":"https:\/\/www.notibras.com\/site\/"},{"@type":"ListItem","position":2,"name":"Sucateada, sa\u00fade p\u00fablica em Bras\u00edlia vive como na Idade M\u00e9dia"}]},{"@type":"WebSite","@id":"https:\/\/www.notibras.com\/site\/#website","url":"https:\/\/www.notibras.com\/site\/","name":"Notibras","description":"Not\u00edcias de Bras\u00edlia, do Brasil e do Mundo","publisher":{"@id":"https:\/\/www.notibras.com\/site\/#organization"},"potentialAction":[{"@type":"SearchAction","target":{"@type":"EntryPoint","urlTemplate":"https:\/\/www.notibras.com\/site\/?s={search_term_string}"},"query-input":{"@type":"PropertyValueSpecification","valueRequired":true,"valueName":"search_term_string"}}],"inLanguage":"pt-BR"},{"@type":"Organization","@id":"https:\/\/www.notibras.com\/site\/#organization","name":"Grupo Notibras de Comunica\u00e7\u00e3o","url":"https:\/\/www.notibras.com\/site\/","logo":{"@type":"ImageObject","inLanguage":"pt-BR","@id":"https:\/\/www.notibras.com\/site\/#\/schema\/logo\/image\/","url":"https:\/\/www.notibras.com\/site\/wp-content\/uploads\/2023\/01\/notibras23.png","contentUrl":"https:\/\/www.notibras.com\/site\/wp-content\/uploads\/2023\/01\/notibras23.png","width":350,"height":87,"caption":"Grupo Notibras de Comunica\u00e7\u00e3o"},"image":{"@id":"https:\/\/www.notibras.com\/site\/#\/schema\/logo\/image\/"},"sameAs":["https:\/\/www.facebook.com\/notibras\/","https:\/\/x.com\/Notibras","https:\/\/www.instagram.com\/notibras\/"]},{"@type":"Person","@id":"https:\/\/www.notibras.com\/site\/#\/schema\/person\/36ab0979449956132d3e5b517ea76ac8","name":"Reda\u00e7\u00e3o","image":{"@type":"ImageObject","inLanguage":"pt-BR","@id":"https:\/\/secure.gravatar.com\/avatar\/e0a867bdedb85fd243eadf09663511f96fc81e0720a4a42581f334ad4303aa6b?s=96&d=mm&r=g","url":"https:\/\/secure.gravatar.com\/avatar\/e0a867bdedb85fd243eadf09663511f96fc81e0720a4a42581f334ad4303aa6b?s=96&d=mm&r=g","contentUrl":"https:\/\/secure.gravatar.com\/avatar\/e0a867bdedb85fd243eadf09663511f96fc81e0720a4a42581f334ad4303aa6b?s=96&d=mm&r=g","caption":"Reda\u00e7\u00e3o"}}]}},"amp_enabled":true,"_links":{"self":[{"href":"https:\/\/www.notibras.com\/site\/wp-json\/wp\/v2\/posts\/76158","targetHints":{"allow":["GET"]}}],"collection":[{"href":"https:\/\/www.notibras.com\/site\/wp-json\/wp\/v2\/posts"}],"about":[{"href":"https:\/\/www.notibras.com\/site\/wp-json\/wp\/v2\/types\/post"}],"author":[{"embeddable":true,"href":"https:\/\/www.notibras.com\/site\/wp-json\/wp\/v2\/users\/2"}],"replies":[{"embeddable":true,"href":"https:\/\/www.notibras.com\/site\/wp-json\/wp\/v2\/comments?post=76158"}],"version-history":[{"count":2,"href":"https:\/\/www.notibras.com\/site\/wp-json\/wp\/v2\/posts\/76158\/revisions"}],"predecessor-version":[{"id":76161,"href":"https:\/\/www.notibras.com\/site\/wp-json\/wp\/v2\/posts\/76158\/revisions\/76161"}],"wp:featuredmedia":[{"embeddable":true,"href":"https:\/\/www.notibras.com\/site\/wp-json\/wp\/v2\/media\/76159"}],"wp:attachment":[{"href":"https:\/\/www.notibras.com\/site\/wp-json\/wp\/v2\/media?parent=76158"}],"wp:term":[{"taxonomy":"category","embeddable":true,"href":"https:\/\/www.notibras.com\/site\/wp-json\/wp\/v2\/categories?post=76158"},{"taxonomy":"post_tag","embeddable":true,"href":"https:\/\/www.notibras.com\/site\/wp-json\/wp\/v2\/tags?post=76158"}],"curies":[{"name":"wp","href":"https:\/\/api.w.org\/{rel}","templated":true}]}}