{"id":7628,"date":"2014-04-25T22:07:02","date_gmt":"2014-04-26T01:07:02","guid":{"rendered":"http:\/\/www.notibras.com\/site\/?p=7628"},"modified":"2014-04-25T22:14:19","modified_gmt":"2014-04-26T01:14:19","slug":"ameaca-de-cair-para-c-portuguesa-cobra-etica-aos-cartolas-da-cbf","status":"publish","type":"post","link":"https:\/\/www.notibras.com\/site\/ameaca-de-cair-para-c-portuguesa-cobra-etica-aos-cartolas-da-cbf\/","title":{"rendered":"Amea\u00e7ada de cair para C, Lusa cobra \u00e9tica aos cartolas da CBF"},"content":{"rendered":"<p>A Portuguesa entra em campo contra o Santa Cruz neste s\u00e1bado, no Canind\u00e9, mas a partida est\u00e1 em segundo plano no clube. A agremia\u00e7\u00e3o rubro-verde vive expectativa com a den\u00fancia que ser\u00e1 feita pelo STJD por abandono de partida ocorrido na \u00faltima sexta, contra o Joinville, quando uma liminar motivou a equipe a sair de campo ainda aos 17min do primeiro tempo. E a acusa\u00e7\u00e3o ser\u00e1 feita nesta sexta e pode excluir o clube paulista da S\u00e9rie B do Campeonato Brasileiro.<\/p>\n<p>&#8220;Vai sair. Mas ser\u00e1 feito. A\u00ed vamos aguardar o julgamento para ver se ser\u00e1 aceita a den\u00fancia. O julgamento acontece semana que vem&#8221;, disse o presidente do STJD, Paulo Schmitt, em contato com o Terra na tarde desta quinta-feira. A entidade ir\u00e1 entrar com o pedido com base na s\u00famula do \u00e1rbitro Marcos Andr\u00e9 Gomes da Penha, que relatou abandono de jogo contra o Joinville por parte do clube lusitano.<\/p>\n<p>Do lado da Portuguesa, o clima \u00e9 de apreens\u00e3o. Nenhum jogador est\u00e1 autorizado a falar sobre assuntos extracampo. Em contato com a reportagem por telefone, o presidente Il\u00eddio Lico pediu \u00e9tica por parte do STJD, especialmente porque a equipe tinha uma liminar conseguida por um torcedor que a impedia de atuar na \u00faltima sexta.<\/p>\n<p>&#8220;Acho que falta \u00e9tica da parte dele. Pois \u00e0s vezes est\u00e1 falando algo e nem vai fazer nada. Portanto n\u00f3s vamos aguardar, se chegar a notifica\u00e7\u00e3o vamos nos defender, mas acho que isso que ele est\u00e1 falando n\u00e3o vai acontecer nada n\u00e3o&#8221;, disse o presidente. &#8220;Eu tinha uma liminar e n\u00e3o ia arriscar ser preso. Mandei pedido de adiamento para a CBF e n\u00e3o obtive resposta. T\u00ednhamos o respaldo jur\u00eddico da liminar, ainda entramos em campo&#8221;, continuou.<\/p>\n","protected":false},"excerpt":{"rendered":"<p>A Portuguesa entra em campo contra o Santa Cruz neste s\u00e1bado, no Canind\u00e9, mas a partida est\u00e1 em segundo plano no clube. A agremia\u00e7\u00e3o rubro-verde vive expectativa com a den\u00fancia que ser\u00e1 feita pelo STJD por abandono de partida ocorrido na \u00faltima sexta, contra o Joinville, quando uma liminar motivou a equipe a sair de [&hellip;]<\/p>\n","protected":false},"author":2,"featured_media":7629,"comment_status":"open","ping_status":"closed","sticky":false,"template":"","format":"standard","meta":{"_acf_changed":false,"footnotes":""},"categories":[19],"tags":[],"class_list":["post-7628","post","type-post","status-publish","format-standard","has-post-thumbnail","hentry","category-esportes"],"acf":[],"yoast_head":"<!-- This site is optimized with the Yoast SEO plugin v27.2 - https:\/\/yoast.com\/product\/yoast-seo-wordpress\/ -->\n<title>Amea\u00e7ada de cair para C, Lusa cobra \u00e9tica aos cartolas da CBF - Notibras<\/title>\n<meta name=\"robots\" content=\"index, follow, max-snippet:-1, max-image-preview:large, max-video-preview:-1\" \/>\n<link rel=\"canonical\" href=\"https:\/\/www.notibras.com\/site\/ameaca-de-cair-para-c-portuguesa-cobra-etica-aos-cartolas-da-cbf\/\" \/>\n<meta property=\"og:locale\" content=\"pt_BR\" \/>\n<meta property=\"og:type\" content=\"article\" \/>\n<meta property=\"og:title\" content=\"Amea\u00e7ada de cair para C, Lusa cobra \u00e9tica aos cartolas da CBF - Notibras\" \/>\n<meta property=\"og:description\" content=\"A Portuguesa entra em campo contra o Santa Cruz neste s\u00e1bado, no Canind\u00e9, mas a partida est\u00e1 em segundo plano no clube. A agremia\u00e7\u00e3o rubro-verde vive expectativa com a den\u00fancia que ser\u00e1 feita pelo STJD por abandono de partida ocorrido na \u00faltima sexta, contra o Joinville, quando uma liminar motivou a equipe a sair de [&hellip;]\" \/>\n<meta property=\"og:url\" content=\"https:\/\/www.notibras.com\/site\/ameaca-de-cair-para-c-portuguesa-cobra-etica-aos-cartolas-da-cbf\/\" \/>\n<meta property=\"og:site_name\" content=\"Notibras\" \/>\n<meta property=\"article:publisher\" content=\"https:\/\/www.facebook.com\/notibras\/\" \/>\n<meta property=\"article:published_time\" content=\"2014-04-26T01:07:02+00:00\" \/>\n<meta property=\"article:modified_time\" content=\"2014-04-26T01:14:19+00:00\" \/>\n<meta property=\"og:image\" content=\"https:\/\/www.notibras.com\/site\/wp-content\/uploads\/2014\/04\/ilidiolicowagnermeieragifgazeta.jpg\" \/>\n\t<meta property=\"og:image:width\" content=\"460\" \/>\n\t<meta property=\"og:image:height\" content=\"340\" \/>\n\t<meta property=\"og:image:type\" content=\"image\/jpeg\" \/>\n<meta name=\"author\" content=\"Reda\u00e7\u00e3o\" \/>\n<meta name=\"twitter:card\" content=\"summary_large_image\" \/>\n<meta name=\"twitter:creator\" content=\"@Notibras\" \/>\n<meta name=\"twitter:site\" content=\"@Notibras\" \/>\n<meta name=\"twitter:label1\" content=\"Escrito por\" \/>\n\t<meta name=\"twitter:data1\" content=\"Reda\u00e7\u00e3o\" \/>\n\t<meta name=\"twitter:label2\" content=\"Est. tempo de leitura\" \/>\n\t<meta name=\"twitter:data2\" content=\"1 minuto\" \/>\n<script type=\"application\/ld+json\" class=\"yoast-schema-graph\">{\"@context\":\"https:\/\/schema.org\",\"@graph\":[{\"@type\":\"Article\",\"@id\":\"https:\/\/www.notibras.com\/site\/ameaca-de-cair-para-c-portuguesa-cobra-etica-aos-cartolas-da-cbf\/#article\",\"isPartOf\":{\"@id\":\"https:\/\/www.notibras.com\/site\/ameaca-de-cair-para-c-portuguesa-cobra-etica-aos-cartolas-da-cbf\/\"},\"author\":{\"name\":\"Reda\u00e7\u00e3o\",\"@id\":\"https:\/\/www.notibras.com\/site\/#\/schema\/person\/36ab0979449956132d3e5b517ea76ac8\"},\"headline\":\"Amea\u00e7ada de cair para C, Lusa cobra \u00e9tica aos cartolas da CBF\",\"datePublished\":\"2014-04-26T01:07:02+00:00\",\"dateModified\":\"2014-04-26T01:14:19+00:00\",\"mainEntityOfPage\":{\"@id\":\"https:\/\/www.notibras.com\/site\/ameaca-de-cair-para-c-portuguesa-cobra-etica-aos-cartolas-da-cbf\/\"},\"wordCount\":311,\"commentCount\":0,\"publisher\":{\"@id\":\"https:\/\/www.notibras.com\/site\/#organization\"},\"image\":{\"@id\":\"https:\/\/www.notibras.com\/site\/ameaca-de-cair-para-c-portuguesa-cobra-etica-aos-cartolas-da-cbf\/#primaryimage\"},\"thumbnailUrl\":\"https:\/\/www.notibras.com\/site\/wp-content\/uploads\/2014\/04\/ilidiolicowagnermeieragifgazeta.jpg\",\"articleSection\":[\"Esportes\"],\"inLanguage\":\"pt-BR\",\"potentialAction\":[{\"@type\":\"CommentAction\",\"name\":\"Comment\",\"target\":[\"https:\/\/www.notibras.com\/site\/ameaca-de-cair-para-c-portuguesa-cobra-etica-aos-cartolas-da-cbf\/#respond\"]}]},{\"@type\":\"WebPage\",\"@id\":\"https:\/\/www.notibras.com\/site\/ameaca-de-cair-para-c-portuguesa-cobra-etica-aos-cartolas-da-cbf\/\",\"url\":\"https:\/\/www.notibras.com\/site\/ameaca-de-cair-para-c-portuguesa-cobra-etica-aos-cartolas-da-cbf\/\",\"name\":\"Amea\u00e7ada de cair para C, Lusa cobra \u00e9tica aos cartolas da CBF - Notibras\",\"isPartOf\":{\"@id\":\"https:\/\/www.notibras.com\/site\/#website\"},\"primaryImageOfPage\":{\"@id\":\"https:\/\/www.notibras.com\/site\/ameaca-de-cair-para-c-portuguesa-cobra-etica-aos-cartolas-da-cbf\/#primaryimage\"},\"image\":{\"@id\":\"https:\/\/www.notibras.com\/site\/ameaca-de-cair-para-c-portuguesa-cobra-etica-aos-cartolas-da-cbf\/#primaryimage\"},\"thumbnailUrl\":\"https:\/\/www.notibras.com\/site\/wp-content\/uploads\/2014\/04\/ilidiolicowagnermeieragifgazeta.jpg\",\"datePublished\":\"2014-04-26T01:07:02+00:00\",\"dateModified\":\"2014-04-26T01:14:19+00:00\",\"breadcrumb\":{\"@id\":\"https:\/\/www.notibras.com\/site\/ameaca-de-cair-para-c-portuguesa-cobra-etica-aos-cartolas-da-cbf\/#breadcrumb\"},\"inLanguage\":\"pt-BR\",\"potentialAction\":[{\"@type\":\"ReadAction\",\"target\":[\"https:\/\/www.notibras.com\/site\/ameaca-de-cair-para-c-portuguesa-cobra-etica-aos-cartolas-da-cbf\/\"]}]},{\"@type\":\"ImageObject\",\"inLanguage\":\"pt-BR\",\"@id\":\"https:\/\/www.notibras.com\/site\/ameaca-de-cair-para-c-portuguesa-cobra-etica-aos-cartolas-da-cbf\/#primaryimage\",\"url\":\"https:\/\/www.notibras.com\/site\/wp-content\/uploads\/2014\/04\/ilidiolicowagnermeieragifgazeta.jpg\",\"contentUrl\":\"https:\/\/www.notibras.com\/site\/wp-content\/uploads\/2014\/04\/ilidiolicowagnermeieragifgazeta.jpg\",\"width\":460,\"height\":340},{\"@type\":\"BreadcrumbList\",\"@id\":\"https:\/\/www.notibras.com\/site\/ameaca-de-cair-para-c-portuguesa-cobra-etica-aos-cartolas-da-cbf\/#breadcrumb\",\"itemListElement\":[{\"@type\":\"ListItem\",\"position\":1,\"name\":\"In\u00edcio\",\"item\":\"https:\/\/www.notibras.com\/site\/\"},{\"@type\":\"ListItem\",\"position\":2,\"name\":\"Amea\u00e7ada de cair para C, Lusa cobra \u00e9tica aos cartolas da CBF\"}]},{\"@type\":\"WebSite\",\"@id\":\"https:\/\/www.notibras.com\/site\/#website\",\"url\":\"https:\/\/www.notibras.com\/site\/\",\"name\":\"Notibras\",\"description\":\"Not\u00edcias de Bras\u00edlia, do Brasil e do Mundo\",\"publisher\":{\"@id\":\"https:\/\/www.notibras.com\/site\/#organization\"},\"potentialAction\":[{\"@type\":\"SearchAction\",\"target\":{\"@type\":\"EntryPoint\",\"urlTemplate\":\"https:\/\/www.notibras.com\/site\/?s={search_term_string}\"},\"query-input\":{\"@type\":\"PropertyValueSpecification\",\"valueRequired\":true,\"valueName\":\"search_term_string\"}}],\"inLanguage\":\"pt-BR\"},{\"@type\":\"Organization\",\"@id\":\"https:\/\/www.notibras.com\/site\/#organization\",\"name\":\"Grupo Notibras de Comunica\u00e7\u00e3o\",\"url\":\"https:\/\/www.notibras.com\/site\/\",\"logo\":{\"@type\":\"ImageObject\",\"inLanguage\":\"pt-BR\",\"@id\":\"https:\/\/www.notibras.com\/site\/#\/schema\/logo\/image\/\",\"url\":\"https:\/\/www.notibras.com\/site\/wp-content\/uploads\/2023\/01\/notibras23.png\",\"contentUrl\":\"https:\/\/www.notibras.com\/site\/wp-content\/uploads\/2023\/01\/notibras23.png\",\"width\":350,\"height\":87,\"caption\":\"Grupo Notibras de Comunica\u00e7\u00e3o\"},\"image\":{\"@id\":\"https:\/\/www.notibras.com\/site\/#\/schema\/logo\/image\/\"},\"sameAs\":[\"https:\/\/www.facebook.com\/notibras\/\",\"https:\/\/x.com\/Notibras\",\"https:\/\/www.instagram.com\/notibras\/\"]},{\"@type\":\"Person\",\"@id\":\"https:\/\/www.notibras.com\/site\/#\/schema\/person\/36ab0979449956132d3e5b517ea76ac8\",\"name\":\"Reda\u00e7\u00e3o\",\"image\":{\"@type\":\"ImageObject\",\"inLanguage\":\"pt-BR\",\"@id\":\"https:\/\/secure.gravatar.com\/avatar\/e0a867bdedb85fd243eadf09663511f96fc81e0720a4a42581f334ad4303aa6b?s=96&d=mm&r=g\",\"url\":\"https:\/\/secure.gravatar.com\/avatar\/e0a867bdedb85fd243eadf09663511f96fc81e0720a4a42581f334ad4303aa6b?s=96&d=mm&r=g\",\"contentUrl\":\"https:\/\/secure.gravatar.com\/avatar\/e0a867bdedb85fd243eadf09663511f96fc81e0720a4a42581f334ad4303aa6b?s=96&d=mm&r=g\",\"caption\":\"Reda\u00e7\u00e3o\"}}]}<\/script>\n<!-- \/ Yoast SEO plugin. -->","yoast_head_json":{"title":"Amea\u00e7ada de cair para C, Lusa cobra \u00e9tica aos cartolas da CBF - Notibras","robots":{"index":"index","follow":"follow","max-snippet":"max-snippet:-1","max-image-preview":"max-image-preview:large","max-video-preview":"max-video-preview:-1"},"canonical":"https:\/\/www.notibras.com\/site\/ameaca-de-cair-para-c-portuguesa-cobra-etica-aos-cartolas-da-cbf\/","og_locale":"pt_BR","og_type":"article","og_title":"Amea\u00e7ada de cair para C, Lusa cobra \u00e9tica aos cartolas da CBF - Notibras","og_description":"A Portuguesa entra em campo contra o Santa Cruz neste s\u00e1bado, no Canind\u00e9, mas a partida est\u00e1 em segundo plano no clube. A agremia\u00e7\u00e3o rubro-verde vive expectativa com a den\u00fancia que ser\u00e1 feita pelo STJD por abandono de partida ocorrido na \u00faltima sexta, contra o Joinville, quando uma liminar motivou a equipe a sair de [&hellip;]","og_url":"https:\/\/www.notibras.com\/site\/ameaca-de-cair-para-c-portuguesa-cobra-etica-aos-cartolas-da-cbf\/","og_site_name":"Notibras","article_publisher":"https:\/\/www.facebook.com\/notibras\/","article_published_time":"2014-04-26T01:07:02+00:00","article_modified_time":"2014-04-26T01:14:19+00:00","og_image":[{"width":460,"height":340,"url":"https:\/\/www.notibras.com\/site\/wp-content\/uploads\/2014\/04\/ilidiolicowagnermeieragifgazeta.jpg","type":"image\/jpeg"}],"author":"Reda\u00e7\u00e3o","twitter_card":"summary_large_image","twitter_creator":"@Notibras","twitter_site":"@Notibras","twitter_misc":{"Escrito por":"Reda\u00e7\u00e3o","Est. tempo de leitura":"1 minuto"},"schema":{"@context":"https:\/\/schema.org","@graph":[{"@type":"Article","@id":"https:\/\/www.notibras.com\/site\/ameaca-de-cair-para-c-portuguesa-cobra-etica-aos-cartolas-da-cbf\/#article","isPartOf":{"@id":"https:\/\/www.notibras.com\/site\/ameaca-de-cair-para-c-portuguesa-cobra-etica-aos-cartolas-da-cbf\/"},"author":{"name":"Reda\u00e7\u00e3o","@id":"https:\/\/www.notibras.com\/site\/#\/schema\/person\/36ab0979449956132d3e5b517ea76ac8"},"headline":"Amea\u00e7ada de cair para C, Lusa cobra \u00e9tica aos cartolas da CBF","datePublished":"2014-04-26T01:07:02+00:00","dateModified":"2014-04-26T01:14:19+00:00","mainEntityOfPage":{"@id":"https:\/\/www.notibras.com\/site\/ameaca-de-cair-para-c-portuguesa-cobra-etica-aos-cartolas-da-cbf\/"},"wordCount":311,"commentCount":0,"publisher":{"@id":"https:\/\/www.notibras.com\/site\/#organization"},"image":{"@id":"https:\/\/www.notibras.com\/site\/ameaca-de-cair-para-c-portuguesa-cobra-etica-aos-cartolas-da-cbf\/#primaryimage"},"thumbnailUrl":"https:\/\/www.notibras.com\/site\/wp-content\/uploads\/2014\/04\/ilidiolicowagnermeieragifgazeta.jpg","articleSection":["Esportes"],"inLanguage":"pt-BR","potentialAction":[{"@type":"CommentAction","name":"Comment","target":["https:\/\/www.notibras.com\/site\/ameaca-de-cair-para-c-portuguesa-cobra-etica-aos-cartolas-da-cbf\/#respond"]}]},{"@type":"WebPage","@id":"https:\/\/www.notibras.com\/site\/ameaca-de-cair-para-c-portuguesa-cobra-etica-aos-cartolas-da-cbf\/","url":"https:\/\/www.notibras.com\/site\/ameaca-de-cair-para-c-portuguesa-cobra-etica-aos-cartolas-da-cbf\/","name":"Amea\u00e7ada de cair para C, Lusa cobra \u00e9tica aos cartolas da CBF - Notibras","isPartOf":{"@id":"https:\/\/www.notibras.com\/site\/#website"},"primaryImageOfPage":{"@id":"https:\/\/www.notibras.com\/site\/ameaca-de-cair-para-c-portuguesa-cobra-etica-aos-cartolas-da-cbf\/#primaryimage"},"image":{"@id":"https:\/\/www.notibras.com\/site\/ameaca-de-cair-para-c-portuguesa-cobra-etica-aos-cartolas-da-cbf\/#primaryimage"},"thumbnailUrl":"https:\/\/www.notibras.com\/site\/wp-content\/uploads\/2014\/04\/ilidiolicowagnermeieragifgazeta.jpg","datePublished":"2014-04-26T01:07:02+00:00","dateModified":"2014-04-26T01:14:19+00:00","breadcrumb":{"@id":"https:\/\/www.notibras.com\/site\/ameaca-de-cair-para-c-portuguesa-cobra-etica-aos-cartolas-da-cbf\/#breadcrumb"},"inLanguage":"pt-BR","potentialAction":[{"@type":"ReadAction","target":["https:\/\/www.notibras.com\/site\/ameaca-de-cair-para-c-portuguesa-cobra-etica-aos-cartolas-da-cbf\/"]}]},{"@type":"ImageObject","inLanguage":"pt-BR","@id":"https:\/\/www.notibras.com\/site\/ameaca-de-cair-para-c-portuguesa-cobra-etica-aos-cartolas-da-cbf\/#primaryimage","url":"https:\/\/www.notibras.com\/site\/wp-content\/uploads\/2014\/04\/ilidiolicowagnermeieragifgazeta.jpg","contentUrl":"https:\/\/www.notibras.com\/site\/wp-content\/uploads\/2014\/04\/ilidiolicowagnermeieragifgazeta.jpg","width":460,"height":340},{"@type":"BreadcrumbList","@id":"https:\/\/www.notibras.com\/site\/ameaca-de-cair-para-c-portuguesa-cobra-etica-aos-cartolas-da-cbf\/#breadcrumb","itemListElement":[{"@type":"ListItem","position":1,"name":"In\u00edcio","item":"https:\/\/www.notibras.com\/site\/"},{"@type":"ListItem","position":2,"name":"Amea\u00e7ada de cair para C, Lusa cobra \u00e9tica aos cartolas da CBF"}]},{"@type":"WebSite","@id":"https:\/\/www.notibras.com\/site\/#website","url":"https:\/\/www.notibras.com\/site\/","name":"Notibras","description":"Not\u00edcias de Bras\u00edlia, do Brasil e do Mundo","publisher":{"@id":"https:\/\/www.notibras.com\/site\/#organization"},"potentialAction":[{"@type":"SearchAction","target":{"@type":"EntryPoint","urlTemplate":"https:\/\/www.notibras.com\/site\/?s={search_term_string}"},"query-input":{"@type":"PropertyValueSpecification","valueRequired":true,"valueName":"search_term_string"}}],"inLanguage":"pt-BR"},{"@type":"Organization","@id":"https:\/\/www.notibras.com\/site\/#organization","name":"Grupo Notibras de Comunica\u00e7\u00e3o","url":"https:\/\/www.notibras.com\/site\/","logo":{"@type":"ImageObject","inLanguage":"pt-BR","@id":"https:\/\/www.notibras.com\/site\/#\/schema\/logo\/image\/","url":"https:\/\/www.notibras.com\/site\/wp-content\/uploads\/2023\/01\/notibras23.png","contentUrl":"https:\/\/www.notibras.com\/site\/wp-content\/uploads\/2023\/01\/notibras23.png","width":350,"height":87,"caption":"Grupo Notibras de Comunica\u00e7\u00e3o"},"image":{"@id":"https:\/\/www.notibras.com\/site\/#\/schema\/logo\/image\/"},"sameAs":["https:\/\/www.facebook.com\/notibras\/","https:\/\/x.com\/Notibras","https:\/\/www.instagram.com\/notibras\/"]},{"@type":"Person","@id":"https:\/\/www.notibras.com\/site\/#\/schema\/person\/36ab0979449956132d3e5b517ea76ac8","name":"Reda\u00e7\u00e3o","image":{"@type":"ImageObject","inLanguage":"pt-BR","@id":"https:\/\/secure.gravatar.com\/avatar\/e0a867bdedb85fd243eadf09663511f96fc81e0720a4a42581f334ad4303aa6b?s=96&d=mm&r=g","url":"https:\/\/secure.gravatar.com\/avatar\/e0a867bdedb85fd243eadf09663511f96fc81e0720a4a42581f334ad4303aa6b?s=96&d=mm&r=g","contentUrl":"https:\/\/secure.gravatar.com\/avatar\/e0a867bdedb85fd243eadf09663511f96fc81e0720a4a42581f334ad4303aa6b?s=96&d=mm&r=g","caption":"Reda\u00e7\u00e3o"}}]}},"amp_enabled":true,"_links":{"self":[{"href":"https:\/\/www.notibras.com\/site\/wp-json\/wp\/v2\/posts\/7628","targetHints":{"allow":["GET"]}}],"collection":[{"href":"https:\/\/www.notibras.com\/site\/wp-json\/wp\/v2\/posts"}],"about":[{"href":"https:\/\/www.notibras.com\/site\/wp-json\/wp\/v2\/types\/post"}],"author":[{"embeddable":true,"href":"https:\/\/www.notibras.com\/site\/wp-json\/wp\/v2\/users\/2"}],"replies":[{"embeddable":true,"href":"https:\/\/www.notibras.com\/site\/wp-json\/wp\/v2\/comments?post=7628"}],"version-history":[{"count":0,"href":"https:\/\/www.notibras.com\/site\/wp-json\/wp\/v2\/posts\/7628\/revisions"}],"wp:featuredmedia":[{"embeddable":true,"href":"https:\/\/www.notibras.com\/site\/wp-json\/wp\/v2\/media\/7629"}],"wp:attachment":[{"href":"https:\/\/www.notibras.com\/site\/wp-json\/wp\/v2\/media?parent=7628"}],"wp:term":[{"taxonomy":"category","embeddable":true,"href":"https:\/\/www.notibras.com\/site\/wp-json\/wp\/v2\/categories?post=7628"},{"taxonomy":"post_tag","embeddable":true,"href":"https:\/\/www.notibras.com\/site\/wp-json\/wp\/v2\/tags?post=7628"}],"curies":[{"name":"wp","href":"https:\/\/api.w.org\/{rel}","templated":true}]}}