{"id":7632,"date":"2014-04-25T20:08:57","date_gmt":"2014-04-25T23:08:57","guid":{"rendered":"http:\/\/www.notibras.com\/site\/?p=7632"},"modified":"2014-05-07T21:23:34","modified_gmt":"2014-05-08T00:23:34","slug":"levir-cupi-e-anunciado-para-o-lugar-de-autuori-no-atletico-mineiro","status":"publish","type":"post","link":"https:\/\/www.notibras.com\/site\/levir-cupi-e-anunciado-para-o-lugar-de-autuori-no-atletico-mineiro\/","title":{"rendered":"Levir Cupi \u00e9 anunciado para vaga de Autuori no Atl\u00e9tico Mineiro"},"content":{"rendered":"<p class=\"text\">O Atl\u00e9tico-MG apresentou, bem distante do seu torcedor, o novo t\u00e9cnico do clube.\u00a0Levir Culpi assumiu o comando do time em Porto Alegre, onde o grupo faz um treino visando o jogo contra o Gr\u00eamio, no domingo, pelo Campeonato Brasileiro. O treinador chegou ao sul do pa\u00eds com o presidente Alexandre Kalil e foi para uma conversa com os jogadores. Depois, orientou um treinamento e em seguida foi apresentado de forma oficial.<\/p>\n<p class=\"text\">O novo comandante alvinegro, que \u00e9 um velho conhecido dos atleticanos, se mostrou contente em retornar para a agremia\u00e7\u00e3o e j\u00e1 fala em conquistar t\u00edtulos. \u201c\u00c9 muito bom. Estou muito feliz, embora estejamos em Porto Alegre, em terra inimigas\u201d, brincou. \u201cEm breve estarei em Belo Horizonte. \u00c9 um prazer muito grande, pude rever amigos. Estou trabalhando em um clube que tem ambi\u00e7\u00e3o de ser campe\u00e3o\u201d, acrescentou.<\/p>\n<p class=\"text\">Contratado de \u00faltima hora ap\u00f3s a demiss\u00e3o de Paulo Autuori, Culpi reconheceu que est\u00e1 ainda um pouco perdido e precisar\u00e1 de um tempo para se adaptar. Levir disse ainda que o tempo \u00e9 curto, j\u00e1 que o Atl\u00e9tico-MG joga no domingo contra o Gr\u00eamio e j\u00e1 na pr\u00f3xima quinta-feira, pela decis\u00e3o das oitavas de final da Copa Libertadores contra o Nacional, no Independ\u00eancia.<\/p>\n","protected":false},"excerpt":{"rendered":"<p>O Atl\u00e9tico-MG apresentou, bem distante do seu torcedor, o novo t\u00e9cnico do clube.\u00a0Levir Culpi assumiu o comando do time em Porto Alegre, onde o grupo faz um treino visando o jogo contra o Gr\u00eamio, no domingo, pelo Campeonato Brasileiro. O treinador chegou ao sul do pa\u00eds com o presidente Alexandre Kalil e foi para uma [&hellip;]<\/p>\n","protected":false},"author":2,"featured_media":7633,"comment_status":"open","ping_status":"closed","sticky":false,"template":"","format":"standard","meta":{"_acf_changed":false,"footnotes":""},"categories":[19,29],"tags":[],"class_list":["post-7632","post","type-post","status-publish","format-standard","has-post-thumbnail","hentry","category-esportes","category-futebol"],"acf":[],"yoast_head":"<!-- This site is optimized with the Yoast SEO plugin v27.2 - https:\/\/yoast.com\/product\/yoast-seo-wordpress\/ -->\n<title>Levir Cupi \u00e9 anunciado para vaga de Autuori no Atl\u00e9tico Mineiro - Notibras<\/title>\n<meta name=\"robots\" content=\"index, follow, max-snippet:-1, max-image-preview:large, max-video-preview:-1\" \/>\n<link rel=\"canonical\" href=\"https:\/\/www.notibras.com\/site\/levir-cupi-e-anunciado-para-o-lugar-de-autuori-no-atletico-mineiro\/\" \/>\n<meta property=\"og:locale\" content=\"pt_BR\" \/>\n<meta property=\"og:type\" content=\"article\" \/>\n<meta property=\"og:title\" content=\"Levir Cupi \u00e9 anunciado para vaga de Autuori no Atl\u00e9tico Mineiro - Notibras\" \/>\n<meta property=\"og:description\" content=\"O Atl\u00e9tico-MG apresentou, bem distante do seu torcedor, o novo t\u00e9cnico do clube.\u00a0Levir Culpi assumiu o comando do time em Porto Alegre, onde o grupo faz um treino visando o jogo contra o Gr\u00eamio, no domingo, pelo Campeonato Brasileiro. O treinador chegou ao sul do pa\u00eds com o presidente Alexandre Kalil e foi para uma [&hellip;]\" \/>\n<meta property=\"og:url\" content=\"https:\/\/www.notibras.com\/site\/levir-cupi-e-anunciado-para-o-lugar-de-autuori-no-atletico-mineiro\/\" \/>\n<meta property=\"og:site_name\" content=\"Notibras\" \/>\n<meta property=\"article:publisher\" content=\"https:\/\/www.facebook.com\/notibras\/\" \/>\n<meta property=\"article:published_time\" content=\"2014-04-25T23:08:57+00:00\" \/>\n<meta property=\"article:modified_time\" content=\"2014-05-08T00:23:34+00:00\" \/>\n<meta property=\"og:image\" content=\"https:\/\/www.notibras.com\/site\/wp-content\/uploads\/2014\/04\/levirolhaatleticomgdiv.jpg\" \/>\n\t<meta property=\"og:image:width\" content=\"460\" \/>\n\t<meta property=\"og:image:height\" content=\"340\" \/>\n\t<meta property=\"og:image:type\" content=\"image\/jpeg\" \/>\n<meta name=\"author\" content=\"Reda\u00e7\u00e3o\" \/>\n<meta name=\"twitter:card\" content=\"summary_large_image\" \/>\n<meta name=\"twitter:creator\" content=\"@Notibras\" \/>\n<meta name=\"twitter:site\" content=\"@Notibras\" \/>\n<meta name=\"twitter:label1\" content=\"Escrito por\" \/>\n\t<meta name=\"twitter:data1\" content=\"Reda\u00e7\u00e3o\" \/>\n\t<meta name=\"twitter:label2\" content=\"Est. tempo de leitura\" \/>\n\t<meta name=\"twitter:data2\" content=\"1 minuto\" \/>\n<script type=\"application\/ld+json\" class=\"yoast-schema-graph\">{\"@context\":\"https:\/\/schema.org\",\"@graph\":[{\"@type\":\"Article\",\"@id\":\"https:\/\/www.notibras.com\/site\/levir-cupi-e-anunciado-para-o-lugar-de-autuori-no-atletico-mineiro\/#article\",\"isPartOf\":{\"@id\":\"https:\/\/www.notibras.com\/site\/levir-cupi-e-anunciado-para-o-lugar-de-autuori-no-atletico-mineiro\/\"},\"author\":{\"name\":\"Reda\u00e7\u00e3o\",\"@id\":\"https:\/\/www.notibras.com\/site\/#\/schema\/person\/36ab0979449956132d3e5b517ea76ac8\"},\"headline\":\"Levir Cupi \u00e9 anunciado para vaga de Autuori no Atl\u00e9tico Mineiro\",\"datePublished\":\"2014-04-25T23:08:57+00:00\",\"dateModified\":\"2014-05-08T00:23:34+00:00\",\"mainEntityOfPage\":{\"@id\":\"https:\/\/www.notibras.com\/site\/levir-cupi-e-anunciado-para-o-lugar-de-autuori-no-atletico-mineiro\/\"},\"wordCount\":223,\"commentCount\":0,\"publisher\":{\"@id\":\"https:\/\/www.notibras.com\/site\/#organization\"},\"image\":{\"@id\":\"https:\/\/www.notibras.com\/site\/levir-cupi-e-anunciado-para-o-lugar-de-autuori-no-atletico-mineiro\/#primaryimage\"},\"thumbnailUrl\":\"https:\/\/www.notibras.com\/site\/wp-content\/uploads\/2014\/04\/levirolhaatleticomgdiv.jpg\",\"articleSection\":[\"Esportes\",\"Futebol\"],\"inLanguage\":\"pt-BR\",\"potentialAction\":[{\"@type\":\"CommentAction\",\"name\":\"Comment\",\"target\":[\"https:\/\/www.notibras.com\/site\/levir-cupi-e-anunciado-para-o-lugar-de-autuori-no-atletico-mineiro\/#respond\"]}]},{\"@type\":\"WebPage\",\"@id\":\"https:\/\/www.notibras.com\/site\/levir-cupi-e-anunciado-para-o-lugar-de-autuori-no-atletico-mineiro\/\",\"url\":\"https:\/\/www.notibras.com\/site\/levir-cupi-e-anunciado-para-o-lugar-de-autuori-no-atletico-mineiro\/\",\"name\":\"Levir Cupi \u00e9 anunciado para vaga de Autuori no Atl\u00e9tico Mineiro - Notibras\",\"isPartOf\":{\"@id\":\"https:\/\/www.notibras.com\/site\/#website\"},\"primaryImageOfPage\":{\"@id\":\"https:\/\/www.notibras.com\/site\/levir-cupi-e-anunciado-para-o-lugar-de-autuori-no-atletico-mineiro\/#primaryimage\"},\"image\":{\"@id\":\"https:\/\/www.notibras.com\/site\/levir-cupi-e-anunciado-para-o-lugar-de-autuori-no-atletico-mineiro\/#primaryimage\"},\"thumbnailUrl\":\"https:\/\/www.notibras.com\/site\/wp-content\/uploads\/2014\/04\/levirolhaatleticomgdiv.jpg\",\"datePublished\":\"2014-04-25T23:08:57+00:00\",\"dateModified\":\"2014-05-08T00:23:34+00:00\",\"breadcrumb\":{\"@id\":\"https:\/\/www.notibras.com\/site\/levir-cupi-e-anunciado-para-o-lugar-de-autuori-no-atletico-mineiro\/#breadcrumb\"},\"inLanguage\":\"pt-BR\",\"potentialAction\":[{\"@type\":\"ReadAction\",\"target\":[\"https:\/\/www.notibras.com\/site\/levir-cupi-e-anunciado-para-o-lugar-de-autuori-no-atletico-mineiro\/\"]}]},{\"@type\":\"ImageObject\",\"inLanguage\":\"pt-BR\",\"@id\":\"https:\/\/www.notibras.com\/site\/levir-cupi-e-anunciado-para-o-lugar-de-autuori-no-atletico-mineiro\/#primaryimage\",\"url\":\"https:\/\/www.notibras.com\/site\/wp-content\/uploads\/2014\/04\/levirolhaatleticomgdiv.jpg\",\"contentUrl\":\"https:\/\/www.notibras.com\/site\/wp-content\/uploads\/2014\/04\/levirolhaatleticomgdiv.jpg\",\"width\":460,\"height\":340},{\"@type\":\"BreadcrumbList\",\"@id\":\"https:\/\/www.notibras.com\/site\/levir-cupi-e-anunciado-para-o-lugar-de-autuori-no-atletico-mineiro\/#breadcrumb\",\"itemListElement\":[{\"@type\":\"ListItem\",\"position\":1,\"name\":\"In\u00edcio\",\"item\":\"https:\/\/www.notibras.com\/site\/\"},{\"@type\":\"ListItem\",\"position\":2,\"name\":\"Levir Cupi \u00e9 anunciado para vaga de Autuori no Atl\u00e9tico Mineiro\"}]},{\"@type\":\"WebSite\",\"@id\":\"https:\/\/www.notibras.com\/site\/#website\",\"url\":\"https:\/\/www.notibras.com\/site\/\",\"name\":\"Notibras\",\"description\":\"Not\u00edcias de Bras\u00edlia, do Brasil e do Mundo\",\"publisher\":{\"@id\":\"https:\/\/www.notibras.com\/site\/#organization\"},\"potentialAction\":[{\"@type\":\"SearchAction\",\"target\":{\"@type\":\"EntryPoint\",\"urlTemplate\":\"https:\/\/www.notibras.com\/site\/?s={search_term_string}\"},\"query-input\":{\"@type\":\"PropertyValueSpecification\",\"valueRequired\":true,\"valueName\":\"search_term_string\"}}],\"inLanguage\":\"pt-BR\"},{\"@type\":\"Organization\",\"@id\":\"https:\/\/www.notibras.com\/site\/#organization\",\"name\":\"Grupo Notibras de Comunica\u00e7\u00e3o\",\"url\":\"https:\/\/www.notibras.com\/site\/\",\"logo\":{\"@type\":\"ImageObject\",\"inLanguage\":\"pt-BR\",\"@id\":\"https:\/\/www.notibras.com\/site\/#\/schema\/logo\/image\/\",\"url\":\"https:\/\/www.notibras.com\/site\/wp-content\/uploads\/2023\/01\/notibras23.png\",\"contentUrl\":\"https:\/\/www.notibras.com\/site\/wp-content\/uploads\/2023\/01\/notibras23.png\",\"width\":350,\"height\":87,\"caption\":\"Grupo Notibras de Comunica\u00e7\u00e3o\"},\"image\":{\"@id\":\"https:\/\/www.notibras.com\/site\/#\/schema\/logo\/image\/\"},\"sameAs\":[\"https:\/\/www.facebook.com\/notibras\/\",\"https:\/\/x.com\/Notibras\",\"https:\/\/www.instagram.com\/notibras\/\"]},{\"@type\":\"Person\",\"@id\":\"https:\/\/www.notibras.com\/site\/#\/schema\/person\/36ab0979449956132d3e5b517ea76ac8\",\"name\":\"Reda\u00e7\u00e3o\",\"image\":{\"@type\":\"ImageObject\",\"inLanguage\":\"pt-BR\",\"@id\":\"https:\/\/secure.gravatar.com\/avatar\/e0a867bdedb85fd243eadf09663511f96fc81e0720a4a42581f334ad4303aa6b?s=96&d=mm&r=g\",\"url\":\"https:\/\/secure.gravatar.com\/avatar\/e0a867bdedb85fd243eadf09663511f96fc81e0720a4a42581f334ad4303aa6b?s=96&d=mm&r=g\",\"contentUrl\":\"https:\/\/secure.gravatar.com\/avatar\/e0a867bdedb85fd243eadf09663511f96fc81e0720a4a42581f334ad4303aa6b?s=96&d=mm&r=g\",\"caption\":\"Reda\u00e7\u00e3o\"}}]}<\/script>\n<!-- \/ Yoast SEO plugin. -->","yoast_head_json":{"title":"Levir Cupi \u00e9 anunciado para vaga de Autuori no Atl\u00e9tico Mineiro - Notibras","robots":{"index":"index","follow":"follow","max-snippet":"max-snippet:-1","max-image-preview":"max-image-preview:large","max-video-preview":"max-video-preview:-1"},"canonical":"https:\/\/www.notibras.com\/site\/levir-cupi-e-anunciado-para-o-lugar-de-autuori-no-atletico-mineiro\/","og_locale":"pt_BR","og_type":"article","og_title":"Levir Cupi \u00e9 anunciado para vaga de Autuori no Atl\u00e9tico Mineiro - Notibras","og_description":"O Atl\u00e9tico-MG apresentou, bem distante do seu torcedor, o novo t\u00e9cnico do clube.\u00a0Levir Culpi assumiu o comando do time em Porto Alegre, onde o grupo faz um treino visando o jogo contra o Gr\u00eamio, no domingo, pelo Campeonato Brasileiro. O treinador chegou ao sul do pa\u00eds com o presidente Alexandre Kalil e foi para uma [&hellip;]","og_url":"https:\/\/www.notibras.com\/site\/levir-cupi-e-anunciado-para-o-lugar-de-autuori-no-atletico-mineiro\/","og_site_name":"Notibras","article_publisher":"https:\/\/www.facebook.com\/notibras\/","article_published_time":"2014-04-25T23:08:57+00:00","article_modified_time":"2014-05-08T00:23:34+00:00","og_image":[{"width":460,"height":340,"url":"https:\/\/www.notibras.com\/site\/wp-content\/uploads\/2014\/04\/levirolhaatleticomgdiv.jpg","type":"image\/jpeg"}],"author":"Reda\u00e7\u00e3o","twitter_card":"summary_large_image","twitter_creator":"@Notibras","twitter_site":"@Notibras","twitter_misc":{"Escrito por":"Reda\u00e7\u00e3o","Est. tempo de leitura":"1 minuto"},"schema":{"@context":"https:\/\/schema.org","@graph":[{"@type":"Article","@id":"https:\/\/www.notibras.com\/site\/levir-cupi-e-anunciado-para-o-lugar-de-autuori-no-atletico-mineiro\/#article","isPartOf":{"@id":"https:\/\/www.notibras.com\/site\/levir-cupi-e-anunciado-para-o-lugar-de-autuori-no-atletico-mineiro\/"},"author":{"name":"Reda\u00e7\u00e3o","@id":"https:\/\/www.notibras.com\/site\/#\/schema\/person\/36ab0979449956132d3e5b517ea76ac8"},"headline":"Levir Cupi \u00e9 anunciado para vaga de Autuori no Atl\u00e9tico Mineiro","datePublished":"2014-04-25T23:08:57+00:00","dateModified":"2014-05-08T00:23:34+00:00","mainEntityOfPage":{"@id":"https:\/\/www.notibras.com\/site\/levir-cupi-e-anunciado-para-o-lugar-de-autuori-no-atletico-mineiro\/"},"wordCount":223,"commentCount":0,"publisher":{"@id":"https:\/\/www.notibras.com\/site\/#organization"},"image":{"@id":"https:\/\/www.notibras.com\/site\/levir-cupi-e-anunciado-para-o-lugar-de-autuori-no-atletico-mineiro\/#primaryimage"},"thumbnailUrl":"https:\/\/www.notibras.com\/site\/wp-content\/uploads\/2014\/04\/levirolhaatleticomgdiv.jpg","articleSection":["Esportes","Futebol"],"inLanguage":"pt-BR","potentialAction":[{"@type":"CommentAction","name":"Comment","target":["https:\/\/www.notibras.com\/site\/levir-cupi-e-anunciado-para-o-lugar-de-autuori-no-atletico-mineiro\/#respond"]}]},{"@type":"WebPage","@id":"https:\/\/www.notibras.com\/site\/levir-cupi-e-anunciado-para-o-lugar-de-autuori-no-atletico-mineiro\/","url":"https:\/\/www.notibras.com\/site\/levir-cupi-e-anunciado-para-o-lugar-de-autuori-no-atletico-mineiro\/","name":"Levir Cupi \u00e9 anunciado para vaga de Autuori no Atl\u00e9tico Mineiro - Notibras","isPartOf":{"@id":"https:\/\/www.notibras.com\/site\/#website"},"primaryImageOfPage":{"@id":"https:\/\/www.notibras.com\/site\/levir-cupi-e-anunciado-para-o-lugar-de-autuori-no-atletico-mineiro\/#primaryimage"},"image":{"@id":"https:\/\/www.notibras.com\/site\/levir-cupi-e-anunciado-para-o-lugar-de-autuori-no-atletico-mineiro\/#primaryimage"},"thumbnailUrl":"https:\/\/www.notibras.com\/site\/wp-content\/uploads\/2014\/04\/levirolhaatleticomgdiv.jpg","datePublished":"2014-04-25T23:08:57+00:00","dateModified":"2014-05-08T00:23:34+00:00","breadcrumb":{"@id":"https:\/\/www.notibras.com\/site\/levir-cupi-e-anunciado-para-o-lugar-de-autuori-no-atletico-mineiro\/#breadcrumb"},"inLanguage":"pt-BR","potentialAction":[{"@type":"ReadAction","target":["https:\/\/www.notibras.com\/site\/levir-cupi-e-anunciado-para-o-lugar-de-autuori-no-atletico-mineiro\/"]}]},{"@type":"ImageObject","inLanguage":"pt-BR","@id":"https:\/\/www.notibras.com\/site\/levir-cupi-e-anunciado-para-o-lugar-de-autuori-no-atletico-mineiro\/#primaryimage","url":"https:\/\/www.notibras.com\/site\/wp-content\/uploads\/2014\/04\/levirolhaatleticomgdiv.jpg","contentUrl":"https:\/\/www.notibras.com\/site\/wp-content\/uploads\/2014\/04\/levirolhaatleticomgdiv.jpg","width":460,"height":340},{"@type":"BreadcrumbList","@id":"https:\/\/www.notibras.com\/site\/levir-cupi-e-anunciado-para-o-lugar-de-autuori-no-atletico-mineiro\/#breadcrumb","itemListElement":[{"@type":"ListItem","position":1,"name":"In\u00edcio","item":"https:\/\/www.notibras.com\/site\/"},{"@type":"ListItem","position":2,"name":"Levir Cupi \u00e9 anunciado para vaga de Autuori no Atl\u00e9tico Mineiro"}]},{"@type":"WebSite","@id":"https:\/\/www.notibras.com\/site\/#website","url":"https:\/\/www.notibras.com\/site\/","name":"Notibras","description":"Not\u00edcias de Bras\u00edlia, do Brasil e do Mundo","publisher":{"@id":"https:\/\/www.notibras.com\/site\/#organization"},"potentialAction":[{"@type":"SearchAction","target":{"@type":"EntryPoint","urlTemplate":"https:\/\/www.notibras.com\/site\/?s={search_term_string}"},"query-input":{"@type":"PropertyValueSpecification","valueRequired":true,"valueName":"search_term_string"}}],"inLanguage":"pt-BR"},{"@type":"Organization","@id":"https:\/\/www.notibras.com\/site\/#organization","name":"Grupo Notibras de Comunica\u00e7\u00e3o","url":"https:\/\/www.notibras.com\/site\/","logo":{"@type":"ImageObject","inLanguage":"pt-BR","@id":"https:\/\/www.notibras.com\/site\/#\/schema\/logo\/image\/","url":"https:\/\/www.notibras.com\/site\/wp-content\/uploads\/2023\/01\/notibras23.png","contentUrl":"https:\/\/www.notibras.com\/site\/wp-content\/uploads\/2023\/01\/notibras23.png","width":350,"height":87,"caption":"Grupo Notibras de Comunica\u00e7\u00e3o"},"image":{"@id":"https:\/\/www.notibras.com\/site\/#\/schema\/logo\/image\/"},"sameAs":["https:\/\/www.facebook.com\/notibras\/","https:\/\/x.com\/Notibras","https:\/\/www.instagram.com\/notibras\/"]},{"@type":"Person","@id":"https:\/\/www.notibras.com\/site\/#\/schema\/person\/36ab0979449956132d3e5b517ea76ac8","name":"Reda\u00e7\u00e3o","image":{"@type":"ImageObject","inLanguage":"pt-BR","@id":"https:\/\/secure.gravatar.com\/avatar\/e0a867bdedb85fd243eadf09663511f96fc81e0720a4a42581f334ad4303aa6b?s=96&d=mm&r=g","url":"https:\/\/secure.gravatar.com\/avatar\/e0a867bdedb85fd243eadf09663511f96fc81e0720a4a42581f334ad4303aa6b?s=96&d=mm&r=g","contentUrl":"https:\/\/secure.gravatar.com\/avatar\/e0a867bdedb85fd243eadf09663511f96fc81e0720a4a42581f334ad4303aa6b?s=96&d=mm&r=g","caption":"Reda\u00e7\u00e3o"}}]}},"amp_enabled":true,"_links":{"self":[{"href":"https:\/\/www.notibras.com\/site\/wp-json\/wp\/v2\/posts\/7632","targetHints":{"allow":["GET"]}}],"collection":[{"href":"https:\/\/www.notibras.com\/site\/wp-json\/wp\/v2\/posts"}],"about":[{"href":"https:\/\/www.notibras.com\/site\/wp-json\/wp\/v2\/types\/post"}],"author":[{"embeddable":true,"href":"https:\/\/www.notibras.com\/site\/wp-json\/wp\/v2\/users\/2"}],"replies":[{"embeddable":true,"href":"https:\/\/www.notibras.com\/site\/wp-json\/wp\/v2\/comments?post=7632"}],"version-history":[{"count":0,"href":"https:\/\/www.notibras.com\/site\/wp-json\/wp\/v2\/posts\/7632\/revisions"}],"wp:featuredmedia":[{"embeddable":true,"href":"https:\/\/www.notibras.com\/site\/wp-json\/wp\/v2\/media\/7633"}],"wp:attachment":[{"href":"https:\/\/www.notibras.com\/site\/wp-json\/wp\/v2\/media?parent=7632"}],"wp:term":[{"taxonomy":"category","embeddable":true,"href":"https:\/\/www.notibras.com\/site\/wp-json\/wp\/v2\/categories?post=7632"},{"taxonomy":"post_tag","embeddable":true,"href":"https:\/\/www.notibras.com\/site\/wp-json\/wp\/v2\/tags?post=7632"}],"curies":[{"name":"wp","href":"https:\/\/api.w.org\/{rel}","templated":true}]}}