{"id":76464,"date":"2015-11-15T21:18:58","date_gmt":"2015-11-15T23:18:58","guid":{"rendered":"http:\/\/www.notibras.com\/site\/?p=76464"},"modified":"2015-11-17T00:12:04","modified_gmt":"2015-11-17T02:12:04","slug":"terror-atrai-jovens-sem-futuro-e-preciso-olhar-para-o-nosso-umbigo","status":"publish","type":"post","link":"https:\/\/www.notibras.com\/site\/terror-atrai-jovens-sem-futuro-e-preciso-olhar-para-o-nosso-umbigo\/","title":{"rendered":"Terror atrai jovens sem futuro; \u00e9 preciso olhar para nosso pr\u00f3prio umbigo"},"content":{"rendered":"<p>Fico contente quando no meio de opini\u00f5es ideologizadas, incapazes de an\u00e1lises mais sofisticadas, aparecem pessoas dispostas a pensar. Visto que a luta desesperada dos ve\u00edculos de comunica\u00e7\u00e3o, para passar mensagem d\u00fabia, que confunde islamismo com terrorismo de modo ideol\u00f3gico-proposital, diz que o recente atentado em Paris \u00e9 culpa dos Estados Unidos. Como pode isso?! Al\u00e9m do mais, os terroristas n\u00e3o conseguem armas sempre com a CIA. Esse mito \u00e9 uma conversa que sobrou dos tempos da Guerra Fria.<\/p>\n<p>O grupo autodenominado &#8220;Estado Isl\u00e2mico&#8221; assumiu a autoria dos ataques na capital francesa na sexta-feira (13), que deixaram pelo menos 129 mortos e 352 feridos. O grupo disse que os atos foram &#8220;cuidadosamente estudados&#8221;, mas ainda est\u00e3o emergindo os detalhes sobre como eles foram concretizados.<\/p>\n<p>Mas, como s\u00e3o as entranhas e por que desses atentados, e mais ainda, por que a Fran\u00e7a novamente?<\/p>\n<p>Fric\u00e7\u00f5es \u00e9tnicas, radicaliza\u00e7\u00e3o, extremismo e imigra\u00e7\u00e3o s\u00e3o pontas das ra\u00edzes que confundem a verdadeira face desses atentados e misturam religi\u00e3o, pol\u00edtica e economia, propositadamente. Fracasso educacional, problemas de fam\u00edlia e emprego est\u00e3o na outra ponta.<\/p>\n<p>Na Fran\u00e7a de Paris, que foi alvejada mais uma vez por ser um &#8220;s\u00edmbolo de liberdade&#8221; e que por muitos anos os sub\u00farbios parisienses e de outras cidades foram vistos como terreno f\u00e9rtil para extremistas, que recrutavam jovens descontentes com desemprego e ostracismo.<\/p>\n<p>Por\u00e9m, os racioc\u00ednios n\u00e3o podem ser simplistas assim. At\u00e9 porque o terrorismo n\u00e3o quer o terror em geral, mas o terror dirigido. Hoje, a foice e o martelo, marcas do comunismo, n\u00e3o s\u00e3o mais grife entre os jovens rebeldes desse e dos pr\u00f3ximos s\u00e9culos.<\/p>\n<p>Uma li\u00e7\u00e3o que fica, nesse momento, \u00e9 a de que se faz necess\u00e1rio identificar quais redes de indiv\u00edduos merecem aten\u00e7\u00e3o especial nesse momento dram\u00e1tico vivido em Paris. A Fran\u00e7a possui ag\u00eancias de intelig\u00eancia poderos\u00edssimas, mas nenhuma delas tem condi\u00e7\u00f5es legais ou log\u00edsticas de realizar a vigil\u00e2ncia intrusiva e constante de milhares de cidad\u00e3os que n\u00e3o foram acusados de nenhum crime, mas que s\u00e3o alvos potenciais, gestados nas entranhas dos extremistas radicais e ideol\u00f3gicos.<\/p>\n<p>No Brasil, como na Fran\u00e7a, perdemos jovens para o submundo do crime, narcotr\u00e1fico e outras mazelas sociais. Menos para o terrorismo. S\u00e3o descontentes e marginalizados, vitimados pelo fracasso das pol\u00edticas p\u00fablicas que se arrastam por esse pa\u00eds Continente. E como uma coisa leva a outra, \u00e9 preciso refletir e olhar para o nosso pr\u00f3prio umbigo.<\/p>\n<p><em>\u201cAquele que est\u00e1 privado daquilo que permite viver prudentemente, belamente e justamente, n\u00e3o pode viver feliz, mesmo se for correto e justo.\u201d (Ep\u00edcuro).<\/em><\/p>\n","protected":false},"excerpt":{"rendered":"<p>Fico contente quando no meio de opini\u00f5es ideologizadas, incapazes de an\u00e1lises mais sofisticadas, aparecem pessoas dispostas a pensar. Visto que a luta desesperada dos ve\u00edculos de comunica\u00e7\u00e3o, para passar mensagem d\u00fabia, que confunde islamismo com terrorismo de modo ideol\u00f3gico-proposital, diz que o recente atentado em Paris \u00e9 culpa dos Estados Unidos. Como pode isso?! Al\u00e9m [&hellip;]<\/p>\n","protected":false},"author":2,"featured_media":76465,"comment_status":"open","ping_status":"closed","sticky":false,"template":"","format":"standard","meta":{"_acf_changed":false,"footnotes":""},"categories":[62],"tags":[],"class_list":["post-76464","post","type-post","status-publish","format-standard","has-post-thumbnail","hentry","category-joao-moura"],"acf":[],"yoast_head":"<!-- This site is optimized with the Yoast SEO plugin v27.2 - https:\/\/yoast.com\/product\/yoast-seo-wordpress\/ -->\n<title>Terror atrai jovens sem futuro; \u00e9 preciso olhar para nosso pr\u00f3prio umbigo - Notibras<\/title>\n<meta name=\"robots\" content=\"index, follow, max-snippet:-1, max-image-preview:large, max-video-preview:-1\" \/>\n<link rel=\"canonical\" href=\"https:\/\/www.notibras.com\/site\/terror-atrai-jovens-sem-futuro-e-preciso-olhar-para-o-nosso-umbigo\/\" \/>\n<meta property=\"og:locale\" content=\"pt_BR\" \/>\n<meta property=\"og:type\" content=\"article\" \/>\n<meta property=\"og:title\" content=\"Terror atrai jovens sem futuro; \u00e9 preciso olhar para nosso pr\u00f3prio umbigo - Notibras\" \/>\n<meta property=\"og:description\" content=\"Fico contente quando no meio de opini\u00f5es ideologizadas, incapazes de an\u00e1lises mais sofisticadas, aparecem pessoas dispostas a pensar. Visto que a luta desesperada dos ve\u00edculos de comunica\u00e7\u00e3o, para passar mensagem d\u00fabia, que confunde islamismo com terrorismo de modo ideol\u00f3gico-proposital, diz que o recente atentado em Paris \u00e9 culpa dos Estados Unidos. Como pode isso?! Al\u00e9m [&hellip;]\" \/>\n<meta property=\"og:url\" content=\"https:\/\/www.notibras.com\/site\/terror-atrai-jovens-sem-futuro-e-preciso-olhar-para-o-nosso-umbigo\/\" \/>\n<meta property=\"og:site_name\" content=\"Notibras\" \/>\n<meta property=\"article:publisher\" content=\"https:\/\/www.facebook.com\/notibras\/\" \/>\n<meta property=\"article:published_time\" content=\"2015-11-15T23:18:58+00:00\" \/>\n<meta property=\"article:modified_time\" content=\"2015-11-17T02:12:04+00:00\" \/>\n<meta property=\"og:image\" content=\"https:\/\/www.notibras.com\/site\/wp-content\/uploads\/2015\/11\/bijo.jpg\" \/>\n\t<meta property=\"og:image:width\" content=\"388\" \/>\n\t<meta property=\"og:image:height\" content=\"526\" \/>\n\t<meta property=\"og:image:type\" content=\"image\/jpeg\" \/>\n<meta name=\"author\" content=\"Reda\u00e7\u00e3o\" \/>\n<meta name=\"twitter:card\" content=\"summary_large_image\" \/>\n<meta name=\"twitter:creator\" content=\"@Notibras\" \/>\n<meta name=\"twitter:site\" content=\"@Notibras\" \/>\n<meta name=\"twitter:label1\" content=\"Escrito por\" \/>\n\t<meta name=\"twitter:data1\" content=\"Reda\u00e7\u00e3o\" \/>\n\t<meta name=\"twitter:label2\" content=\"Est. tempo de leitura\" \/>\n\t<meta name=\"twitter:data2\" content=\"2 minutos\" \/>\n<script type=\"application\/ld+json\" class=\"yoast-schema-graph\">{\"@context\":\"https:\/\/schema.org\",\"@graph\":[{\"@type\":\"Article\",\"@id\":\"https:\/\/www.notibras.com\/site\/terror-atrai-jovens-sem-futuro-e-preciso-olhar-para-o-nosso-umbigo\/#article\",\"isPartOf\":{\"@id\":\"https:\/\/www.notibras.com\/site\/terror-atrai-jovens-sem-futuro-e-preciso-olhar-para-o-nosso-umbigo\/\"},\"author\":{\"name\":\"Reda\u00e7\u00e3o\",\"@id\":\"https:\/\/www.notibras.com\/site\/#\/schema\/person\/36ab0979449956132d3e5b517ea76ac8\"},\"headline\":\"Terror atrai jovens sem futuro; \u00e9 preciso olhar para nosso pr\u00f3prio umbigo\",\"datePublished\":\"2015-11-15T23:18:58+00:00\",\"dateModified\":\"2015-11-17T02:12:04+00:00\",\"mainEntityOfPage\":{\"@id\":\"https:\/\/www.notibras.com\/site\/terror-atrai-jovens-sem-futuro-e-preciso-olhar-para-o-nosso-umbigo\/\"},\"wordCount\":477,\"commentCount\":0,\"publisher\":{\"@id\":\"https:\/\/www.notibras.com\/site\/#organization\"},\"image\":{\"@id\":\"https:\/\/www.notibras.com\/site\/terror-atrai-jovens-sem-futuro-e-preciso-olhar-para-o-nosso-umbigo\/#primaryimage\"},\"thumbnailUrl\":\"https:\/\/www.notibras.com\/site\/wp-content\/uploads\/2015\/11\/bijo.jpg\",\"articleSection\":[\"Jo\u00e3o Moura\"],\"inLanguage\":\"pt-BR\",\"potentialAction\":[{\"@type\":\"CommentAction\",\"name\":\"Comment\",\"target\":[\"https:\/\/www.notibras.com\/site\/terror-atrai-jovens-sem-futuro-e-preciso-olhar-para-o-nosso-umbigo\/#respond\"]}]},{\"@type\":\"WebPage\",\"@id\":\"https:\/\/www.notibras.com\/site\/terror-atrai-jovens-sem-futuro-e-preciso-olhar-para-o-nosso-umbigo\/\",\"url\":\"https:\/\/www.notibras.com\/site\/terror-atrai-jovens-sem-futuro-e-preciso-olhar-para-o-nosso-umbigo\/\",\"name\":\"Terror atrai jovens sem futuro; \u00e9 preciso olhar para nosso pr\u00f3prio umbigo - Notibras\",\"isPartOf\":{\"@id\":\"https:\/\/www.notibras.com\/site\/#website\"},\"primaryImageOfPage\":{\"@id\":\"https:\/\/www.notibras.com\/site\/terror-atrai-jovens-sem-futuro-e-preciso-olhar-para-o-nosso-umbigo\/#primaryimage\"},\"image\":{\"@id\":\"https:\/\/www.notibras.com\/site\/terror-atrai-jovens-sem-futuro-e-preciso-olhar-para-o-nosso-umbigo\/#primaryimage\"},\"thumbnailUrl\":\"https:\/\/www.notibras.com\/site\/wp-content\/uploads\/2015\/11\/bijo.jpg\",\"datePublished\":\"2015-11-15T23:18:58+00:00\",\"dateModified\":\"2015-11-17T02:12:04+00:00\",\"breadcrumb\":{\"@id\":\"https:\/\/www.notibras.com\/site\/terror-atrai-jovens-sem-futuro-e-preciso-olhar-para-o-nosso-umbigo\/#breadcrumb\"},\"inLanguage\":\"pt-BR\",\"potentialAction\":[{\"@type\":\"ReadAction\",\"target\":[\"https:\/\/www.notibras.com\/site\/terror-atrai-jovens-sem-futuro-e-preciso-olhar-para-o-nosso-umbigo\/\"]}]},{\"@type\":\"ImageObject\",\"inLanguage\":\"pt-BR\",\"@id\":\"https:\/\/www.notibras.com\/site\/terror-atrai-jovens-sem-futuro-e-preciso-olhar-para-o-nosso-umbigo\/#primaryimage\",\"url\":\"https:\/\/www.notibras.com\/site\/wp-content\/uploads\/2015\/11\/bijo.jpg\",\"contentUrl\":\"https:\/\/www.notibras.com\/site\/wp-content\/uploads\/2015\/11\/bijo.jpg\",\"width\":388,\"height\":526},{\"@type\":\"BreadcrumbList\",\"@id\":\"https:\/\/www.notibras.com\/site\/terror-atrai-jovens-sem-futuro-e-preciso-olhar-para-o-nosso-umbigo\/#breadcrumb\",\"itemListElement\":[{\"@type\":\"ListItem\",\"position\":1,\"name\":\"In\u00edcio\",\"item\":\"https:\/\/www.notibras.com\/site\/\"},{\"@type\":\"ListItem\",\"position\":2,\"name\":\"Terror atrai jovens sem futuro; \u00e9 preciso olhar para nosso pr\u00f3prio umbigo\"}]},{\"@type\":\"WebSite\",\"@id\":\"https:\/\/www.notibras.com\/site\/#website\",\"url\":\"https:\/\/www.notibras.com\/site\/\",\"name\":\"Notibras\",\"description\":\"Not\u00edcias de Bras\u00edlia, do Brasil e do Mundo\",\"publisher\":{\"@id\":\"https:\/\/www.notibras.com\/site\/#organization\"},\"potentialAction\":[{\"@type\":\"SearchAction\",\"target\":{\"@type\":\"EntryPoint\",\"urlTemplate\":\"https:\/\/www.notibras.com\/site\/?s={search_term_string}\"},\"query-input\":{\"@type\":\"PropertyValueSpecification\",\"valueRequired\":true,\"valueName\":\"search_term_string\"}}],\"inLanguage\":\"pt-BR\"},{\"@type\":\"Organization\",\"@id\":\"https:\/\/www.notibras.com\/site\/#organization\",\"name\":\"Grupo Notibras de Comunica\u00e7\u00e3o\",\"url\":\"https:\/\/www.notibras.com\/site\/\",\"logo\":{\"@type\":\"ImageObject\",\"inLanguage\":\"pt-BR\",\"@id\":\"https:\/\/www.notibras.com\/site\/#\/schema\/logo\/image\/\",\"url\":\"https:\/\/www.notibras.com\/site\/wp-content\/uploads\/2023\/01\/notibras23.png\",\"contentUrl\":\"https:\/\/www.notibras.com\/site\/wp-content\/uploads\/2023\/01\/notibras23.png\",\"width\":350,\"height\":87,\"caption\":\"Grupo Notibras de Comunica\u00e7\u00e3o\"},\"image\":{\"@id\":\"https:\/\/www.notibras.com\/site\/#\/schema\/logo\/image\/\"},\"sameAs\":[\"https:\/\/www.facebook.com\/notibras\/\",\"https:\/\/x.com\/Notibras\",\"https:\/\/www.instagram.com\/notibras\/\"]},{\"@type\":\"Person\",\"@id\":\"https:\/\/www.notibras.com\/site\/#\/schema\/person\/36ab0979449956132d3e5b517ea76ac8\",\"name\":\"Reda\u00e7\u00e3o\",\"image\":{\"@type\":\"ImageObject\",\"inLanguage\":\"pt-BR\",\"@id\":\"https:\/\/secure.gravatar.com\/avatar\/e0a867bdedb85fd243eadf09663511f96fc81e0720a4a42581f334ad4303aa6b?s=96&d=mm&r=g\",\"url\":\"https:\/\/secure.gravatar.com\/avatar\/e0a867bdedb85fd243eadf09663511f96fc81e0720a4a42581f334ad4303aa6b?s=96&d=mm&r=g\",\"contentUrl\":\"https:\/\/secure.gravatar.com\/avatar\/e0a867bdedb85fd243eadf09663511f96fc81e0720a4a42581f334ad4303aa6b?s=96&d=mm&r=g\",\"caption\":\"Reda\u00e7\u00e3o\"}}]}<\/script>\n<!-- \/ Yoast SEO plugin. -->","yoast_head_json":{"title":"Terror atrai jovens sem futuro; \u00e9 preciso olhar para nosso pr\u00f3prio umbigo - Notibras","robots":{"index":"index","follow":"follow","max-snippet":"max-snippet:-1","max-image-preview":"max-image-preview:large","max-video-preview":"max-video-preview:-1"},"canonical":"https:\/\/www.notibras.com\/site\/terror-atrai-jovens-sem-futuro-e-preciso-olhar-para-o-nosso-umbigo\/","og_locale":"pt_BR","og_type":"article","og_title":"Terror atrai jovens sem futuro; \u00e9 preciso olhar para nosso pr\u00f3prio umbigo - Notibras","og_description":"Fico contente quando no meio de opini\u00f5es ideologizadas, incapazes de an\u00e1lises mais sofisticadas, aparecem pessoas dispostas a pensar. Visto que a luta desesperada dos ve\u00edculos de comunica\u00e7\u00e3o, para passar mensagem d\u00fabia, que confunde islamismo com terrorismo de modo ideol\u00f3gico-proposital, diz que o recente atentado em Paris \u00e9 culpa dos Estados Unidos. Como pode isso?! Al\u00e9m [&hellip;]","og_url":"https:\/\/www.notibras.com\/site\/terror-atrai-jovens-sem-futuro-e-preciso-olhar-para-o-nosso-umbigo\/","og_site_name":"Notibras","article_publisher":"https:\/\/www.facebook.com\/notibras\/","article_published_time":"2015-11-15T23:18:58+00:00","article_modified_time":"2015-11-17T02:12:04+00:00","og_image":[{"width":388,"height":526,"url":"https:\/\/www.notibras.com\/site\/wp-content\/uploads\/2015\/11\/bijo.jpg","type":"image\/jpeg"}],"author":"Reda\u00e7\u00e3o","twitter_card":"summary_large_image","twitter_creator":"@Notibras","twitter_site":"@Notibras","twitter_misc":{"Escrito por":"Reda\u00e7\u00e3o","Est. tempo de leitura":"2 minutos"},"schema":{"@context":"https:\/\/schema.org","@graph":[{"@type":"Article","@id":"https:\/\/www.notibras.com\/site\/terror-atrai-jovens-sem-futuro-e-preciso-olhar-para-o-nosso-umbigo\/#article","isPartOf":{"@id":"https:\/\/www.notibras.com\/site\/terror-atrai-jovens-sem-futuro-e-preciso-olhar-para-o-nosso-umbigo\/"},"author":{"name":"Reda\u00e7\u00e3o","@id":"https:\/\/www.notibras.com\/site\/#\/schema\/person\/36ab0979449956132d3e5b517ea76ac8"},"headline":"Terror atrai jovens sem futuro; \u00e9 preciso olhar para nosso pr\u00f3prio umbigo","datePublished":"2015-11-15T23:18:58+00:00","dateModified":"2015-11-17T02:12:04+00:00","mainEntityOfPage":{"@id":"https:\/\/www.notibras.com\/site\/terror-atrai-jovens-sem-futuro-e-preciso-olhar-para-o-nosso-umbigo\/"},"wordCount":477,"commentCount":0,"publisher":{"@id":"https:\/\/www.notibras.com\/site\/#organization"},"image":{"@id":"https:\/\/www.notibras.com\/site\/terror-atrai-jovens-sem-futuro-e-preciso-olhar-para-o-nosso-umbigo\/#primaryimage"},"thumbnailUrl":"https:\/\/www.notibras.com\/site\/wp-content\/uploads\/2015\/11\/bijo.jpg","articleSection":["Jo\u00e3o Moura"],"inLanguage":"pt-BR","potentialAction":[{"@type":"CommentAction","name":"Comment","target":["https:\/\/www.notibras.com\/site\/terror-atrai-jovens-sem-futuro-e-preciso-olhar-para-o-nosso-umbigo\/#respond"]}]},{"@type":"WebPage","@id":"https:\/\/www.notibras.com\/site\/terror-atrai-jovens-sem-futuro-e-preciso-olhar-para-o-nosso-umbigo\/","url":"https:\/\/www.notibras.com\/site\/terror-atrai-jovens-sem-futuro-e-preciso-olhar-para-o-nosso-umbigo\/","name":"Terror atrai jovens sem futuro; \u00e9 preciso olhar para nosso pr\u00f3prio umbigo - Notibras","isPartOf":{"@id":"https:\/\/www.notibras.com\/site\/#website"},"primaryImageOfPage":{"@id":"https:\/\/www.notibras.com\/site\/terror-atrai-jovens-sem-futuro-e-preciso-olhar-para-o-nosso-umbigo\/#primaryimage"},"image":{"@id":"https:\/\/www.notibras.com\/site\/terror-atrai-jovens-sem-futuro-e-preciso-olhar-para-o-nosso-umbigo\/#primaryimage"},"thumbnailUrl":"https:\/\/www.notibras.com\/site\/wp-content\/uploads\/2015\/11\/bijo.jpg","datePublished":"2015-11-15T23:18:58+00:00","dateModified":"2015-11-17T02:12:04+00:00","breadcrumb":{"@id":"https:\/\/www.notibras.com\/site\/terror-atrai-jovens-sem-futuro-e-preciso-olhar-para-o-nosso-umbigo\/#breadcrumb"},"inLanguage":"pt-BR","potentialAction":[{"@type":"ReadAction","target":["https:\/\/www.notibras.com\/site\/terror-atrai-jovens-sem-futuro-e-preciso-olhar-para-o-nosso-umbigo\/"]}]},{"@type":"ImageObject","inLanguage":"pt-BR","@id":"https:\/\/www.notibras.com\/site\/terror-atrai-jovens-sem-futuro-e-preciso-olhar-para-o-nosso-umbigo\/#primaryimage","url":"https:\/\/www.notibras.com\/site\/wp-content\/uploads\/2015\/11\/bijo.jpg","contentUrl":"https:\/\/www.notibras.com\/site\/wp-content\/uploads\/2015\/11\/bijo.jpg","width":388,"height":526},{"@type":"BreadcrumbList","@id":"https:\/\/www.notibras.com\/site\/terror-atrai-jovens-sem-futuro-e-preciso-olhar-para-o-nosso-umbigo\/#breadcrumb","itemListElement":[{"@type":"ListItem","position":1,"name":"In\u00edcio","item":"https:\/\/www.notibras.com\/site\/"},{"@type":"ListItem","position":2,"name":"Terror atrai jovens sem futuro; \u00e9 preciso olhar para nosso pr\u00f3prio umbigo"}]},{"@type":"WebSite","@id":"https:\/\/www.notibras.com\/site\/#website","url":"https:\/\/www.notibras.com\/site\/","name":"Notibras","description":"Not\u00edcias de Bras\u00edlia, do Brasil e do Mundo","publisher":{"@id":"https:\/\/www.notibras.com\/site\/#organization"},"potentialAction":[{"@type":"SearchAction","target":{"@type":"EntryPoint","urlTemplate":"https:\/\/www.notibras.com\/site\/?s={search_term_string}"},"query-input":{"@type":"PropertyValueSpecification","valueRequired":true,"valueName":"search_term_string"}}],"inLanguage":"pt-BR"},{"@type":"Organization","@id":"https:\/\/www.notibras.com\/site\/#organization","name":"Grupo Notibras de Comunica\u00e7\u00e3o","url":"https:\/\/www.notibras.com\/site\/","logo":{"@type":"ImageObject","inLanguage":"pt-BR","@id":"https:\/\/www.notibras.com\/site\/#\/schema\/logo\/image\/","url":"https:\/\/www.notibras.com\/site\/wp-content\/uploads\/2023\/01\/notibras23.png","contentUrl":"https:\/\/www.notibras.com\/site\/wp-content\/uploads\/2023\/01\/notibras23.png","width":350,"height":87,"caption":"Grupo Notibras de Comunica\u00e7\u00e3o"},"image":{"@id":"https:\/\/www.notibras.com\/site\/#\/schema\/logo\/image\/"},"sameAs":["https:\/\/www.facebook.com\/notibras\/","https:\/\/x.com\/Notibras","https:\/\/www.instagram.com\/notibras\/"]},{"@type":"Person","@id":"https:\/\/www.notibras.com\/site\/#\/schema\/person\/36ab0979449956132d3e5b517ea76ac8","name":"Reda\u00e7\u00e3o","image":{"@type":"ImageObject","inLanguage":"pt-BR","@id":"https:\/\/secure.gravatar.com\/avatar\/e0a867bdedb85fd243eadf09663511f96fc81e0720a4a42581f334ad4303aa6b?s=96&d=mm&r=g","url":"https:\/\/secure.gravatar.com\/avatar\/e0a867bdedb85fd243eadf09663511f96fc81e0720a4a42581f334ad4303aa6b?s=96&d=mm&r=g","contentUrl":"https:\/\/secure.gravatar.com\/avatar\/e0a867bdedb85fd243eadf09663511f96fc81e0720a4a42581f334ad4303aa6b?s=96&d=mm&r=g","caption":"Reda\u00e7\u00e3o"}}]}},"amp_enabled":true,"_links":{"self":[{"href":"https:\/\/www.notibras.com\/site\/wp-json\/wp\/v2\/posts\/76464","targetHints":{"allow":["GET"]}}],"collection":[{"href":"https:\/\/www.notibras.com\/site\/wp-json\/wp\/v2\/posts"}],"about":[{"href":"https:\/\/www.notibras.com\/site\/wp-json\/wp\/v2\/types\/post"}],"author":[{"embeddable":true,"href":"https:\/\/www.notibras.com\/site\/wp-json\/wp\/v2\/users\/2"}],"replies":[{"embeddable":true,"href":"https:\/\/www.notibras.com\/site\/wp-json\/wp\/v2\/comments?post=76464"}],"version-history":[{"count":3,"href":"https:\/\/www.notibras.com\/site\/wp-json\/wp\/v2\/posts\/76464\/revisions"}],"predecessor-version":[{"id":76640,"href":"https:\/\/www.notibras.com\/site\/wp-json\/wp\/v2\/posts\/76464\/revisions\/76640"}],"wp:featuredmedia":[{"embeddable":true,"href":"https:\/\/www.notibras.com\/site\/wp-json\/wp\/v2\/media\/76465"}],"wp:attachment":[{"href":"https:\/\/www.notibras.com\/site\/wp-json\/wp\/v2\/media?parent=76464"}],"wp:term":[{"taxonomy":"category","embeddable":true,"href":"https:\/\/www.notibras.com\/site\/wp-json\/wp\/v2\/categories?post=76464"},{"taxonomy":"post_tag","embeddable":true,"href":"https:\/\/www.notibras.com\/site\/wp-json\/wp\/v2\/tags?post=76464"}],"curies":[{"name":"wp","href":"https:\/\/api.w.org\/{rel}","templated":true}]}}