{"id":76471,"date":"2015-11-15T22:52:44","date_gmt":"2015-11-16T00:52:44","guid":{"rendered":"http:\/\/www.notibras.com\/site\/?p=76471"},"modified":"2015-11-15T23:53:14","modified_gmt":"2015-11-16T01:53:14","slug":"tragedia-em-mariana-mostra-que-barragens-sao-bombas-armadas","status":"publish","type":"post","link":"https:\/\/www.notibras.com\/site\/tragedia-em-mariana-mostra-que-barragens-sao-bombas-armadas\/","title":{"rendered":"Trag\u00e9dia em Mariana mostra que barragens s\u00e3o bombas armadas"},"content":{"rendered":"<p>N\u00e3o resta d\u00favida sobre a determinante participa\u00e7\u00e3o de inaceit\u00e1veis descuidos com fatores de ordem hidr\u00e1ulica e geot\u00e9cnica entre as causas essenciais do rompimento de duas barragens de rejeitos da Samarco (Vale + BHP Billiton) no munic\u00edpio de Mariana (MG). Esse epis\u00f3dio vai tragicamente se consagrando como um dos mais graves desastres em obras da engenharia brasileira.<\/p>\n<p>No entanto, h\u00e1 um fator important\u00edssimo que n\u00e3o vem sendo considerado com rela\u00e7\u00e3o \u00e0 inadmiss\u00edvel aus\u00eancia, por parte da empresa, de procedimentos inerentes a um plano de gest\u00e3o de riscos. Uma barragem, por maiores e mais confi\u00e1veis que sejam os cuidados com sua seguran\u00e7a, ser\u00e1 sempre uma bomba armada. As \u00e1reas do vale a jusante das barragens, que teoricamente pudessem ser atingidas pelas \u00e1guas e detritos liberados por uma eventual ruptura, devem ser sempre consideradas na classifica\u00e7\u00e3o internacional de riscos como de muito alto perigo (risco 4, o mais elevado).<\/p>\n<p>Esse n\u00edvel de preocupa\u00e7\u00e3o com as \u00e1reas a jusante de barragens foi especialmente agu\u00e7ado ap\u00f3s a cat\u00e1strofe de Banqiao. Em agosto de 1975, na prov\u00edncia de Henan, na China, ocorreu um dos mais graves e espetaculares acidentes em obras e engenharia da hist\u00f3ria humana. Os rompimentos das barragens de regulariza\u00e7\u00e3o de cheias de Banqiao, no rio Ru, e Shimatan, no rio Hong, provocaram a morte de mais de 230 mil pessoas, sendo 145 mil diretamente e 85 mil em consequ\u00eancia de uma s\u00e9rie de desgra\u00e7as que se seguiram (fome, falta de atendimentos de emerg\u00eancia, doen\u00e7as etc.).<\/p>\n<p>Com isso, salta aos olhos o absurdo da inexist\u00eancia de um plano de gest\u00e3o de riscos que levasse em considera\u00e7\u00e3o as atividades humanas e os fatores ambientais no vale atingido em Minas Gerais, com especial aten\u00e7\u00e3o para a ocupa\u00e7\u00e3o urbana representada pelo distrito de Bento Rodrigues.<\/p>\n<p>Se houvesse aten\u00e7\u00e3o para esses cuidados, h\u00e1 muito, a empresa Samarco deveria ter providenciado a desocupa\u00e7\u00e3o das \u00e1reas potencialmente mais vulner\u00e1veis, com o deslocamento de seus ocupantes para \u00e1reas pr\u00f3ximas seguras. Essas \u00e1reas ent\u00e3o desocupadas, que coincidem hoje com a mancha de lama que pode ser vista em imagens a\u00e9reas p\u00f3s-rompimento, seriam ent\u00e3o utilizadas para fun\u00e7\u00f5es de baixa presen\u00e7a humana, como bosques florestados e parques. Ou seja, \u00e9 inaceit\u00e1vel que nessas regi\u00f5es de extremo risco tenha-se convivido durante todo esse tempo com a instala\u00e7\u00e3o urbana de resid\u00eancias, escolas, com\u00e9rcio etc.<\/p>\n<p>Da mesma forma, chama a aten\u00e7\u00e3o a aus\u00eancia de um plano de conting\u00eancia no qual cada cidad\u00e3o saberia de antem\u00e3o como agir ante qualquer evid\u00eancia de acidente com a barragem.<\/p>\n<p>De imediato, talvez essa seja a maior li\u00e7\u00e3o que situa\u00e7\u00f5es similares que se espalham por todo o territ\u00f3rio brasileiro possam tirar do doloroso desastre de Mariana: com a maior urg\u00eancia poss\u00edvel, \u00e9 preciso estruturar planos de gest\u00e3o de riscos que, por determina\u00e7\u00f5es de car\u00e1ter preventivo de relativamente f\u00e1cil implementa\u00e7\u00e3o, possam ao menos evitar que vidas humanas sejam t\u00e3o gratuita e estupidamente ceifadas.<\/p>\n<p><strong>\u00c1lvaro Rodrigues dos Santos<\/strong><\/p>\n","protected":false},"excerpt":{"rendered":"<p>N\u00e3o resta d\u00favida sobre a determinante participa\u00e7\u00e3o de inaceit\u00e1veis descuidos com fatores de ordem hidr\u00e1ulica e geot\u00e9cnica entre as causas essenciais do rompimento de duas barragens de rejeitos da Samarco (Vale + BHP Billiton) no munic\u00edpio de Mariana (MG). Esse epis\u00f3dio vai tragicamente se consagrando como um dos mais graves desastres em obras da engenharia [&hellip;]<\/p>\n","protected":false},"author":2,"featured_media":76472,"comment_status":"open","ping_status":"closed","sticky":false,"template":"","format":"standard","meta":{"_acf_changed":false,"footnotes":""},"categories":[25],"tags":[],"class_list":["post-76471","post","type-post","status-publish","format-standard","has-post-thumbnail","hentry","category-opina-ai"],"acf":[],"yoast_head":"<!-- This site is optimized with the Yoast SEO plugin v27.2 - https:\/\/yoast.com\/product\/yoast-seo-wordpress\/ -->\n<title>Trag\u00e9dia em Mariana mostra que barragens s\u00e3o bombas armadas - Notibras<\/title>\n<meta name=\"robots\" content=\"index, follow, max-snippet:-1, max-image-preview:large, max-video-preview:-1\" \/>\n<link rel=\"canonical\" href=\"https:\/\/www.notibras.com\/site\/tragedia-em-mariana-mostra-que-barragens-sao-bombas-armadas\/\" \/>\n<meta property=\"og:locale\" content=\"pt_BR\" \/>\n<meta property=\"og:type\" content=\"article\" \/>\n<meta property=\"og:title\" content=\"Trag\u00e9dia em Mariana mostra que barragens s\u00e3o bombas armadas - Notibras\" \/>\n<meta property=\"og:description\" content=\"N\u00e3o resta d\u00favida sobre a determinante participa\u00e7\u00e3o de inaceit\u00e1veis descuidos com fatores de ordem hidr\u00e1ulica e geot\u00e9cnica entre as causas essenciais do rompimento de duas barragens de rejeitos da Samarco (Vale + BHP Billiton) no munic\u00edpio de Mariana (MG). Esse epis\u00f3dio vai tragicamente se consagrando como um dos mais graves desastres em obras da engenharia [&hellip;]\" \/>\n<meta property=\"og:url\" content=\"https:\/\/www.notibras.com\/site\/tragedia-em-mariana-mostra-que-barragens-sao-bombas-armadas\/\" \/>\n<meta property=\"og:site_name\" content=\"Notibras\" \/>\n<meta property=\"article:publisher\" content=\"https:\/\/www.facebook.com\/notibras\/\" \/>\n<meta property=\"article:published_time\" content=\"2015-11-16T00:52:44+00:00\" \/>\n<meta property=\"article:modified_time\" content=\"2015-11-16T01:53:14+00:00\" \/>\n<meta property=\"og:image\" content=\"https:\/\/www.notibras.com\/site\/wp-content\/uploads\/2015\/11\/mariana.jpg\" \/>\n\t<meta property=\"og:image:width\" content=\"750\" \/>\n\t<meta property=\"og:image:height\" content=\"450\" \/>\n\t<meta property=\"og:image:type\" content=\"image\/jpeg\" \/>\n<meta name=\"author\" content=\"Reda\u00e7\u00e3o\" \/>\n<meta name=\"twitter:card\" content=\"summary_large_image\" \/>\n<meta name=\"twitter:creator\" content=\"@Notibras\" \/>\n<meta name=\"twitter:site\" content=\"@Notibras\" \/>\n<meta name=\"twitter:label1\" content=\"Escrito por\" \/>\n\t<meta name=\"twitter:data1\" content=\"Reda\u00e7\u00e3o\" \/>\n\t<meta name=\"twitter:label2\" content=\"Est. tempo de leitura\" \/>\n\t<meta name=\"twitter:data2\" content=\"3 minutos\" \/>\n<script type=\"application\/ld+json\" class=\"yoast-schema-graph\">{\"@context\":\"https:\/\/schema.org\",\"@graph\":[{\"@type\":\"Article\",\"@id\":\"https:\/\/www.notibras.com\/site\/tragedia-em-mariana-mostra-que-barragens-sao-bombas-armadas\/#article\",\"isPartOf\":{\"@id\":\"https:\/\/www.notibras.com\/site\/tragedia-em-mariana-mostra-que-barragens-sao-bombas-armadas\/\"},\"author\":{\"name\":\"Reda\u00e7\u00e3o\",\"@id\":\"https:\/\/www.notibras.com\/site\/#\/schema\/person\/36ab0979449956132d3e5b517ea76ac8\"},\"headline\":\"Trag\u00e9dia em Mariana mostra que barragens s\u00e3o bombas armadas\",\"datePublished\":\"2015-11-16T00:52:44+00:00\",\"dateModified\":\"2015-11-16T01:53:14+00:00\",\"mainEntityOfPage\":{\"@id\":\"https:\/\/www.notibras.com\/site\/tragedia-em-mariana-mostra-que-barragens-sao-bombas-armadas\/\"},\"wordCount\":543,\"commentCount\":0,\"publisher\":{\"@id\":\"https:\/\/www.notibras.com\/site\/#organization\"},\"image\":{\"@id\":\"https:\/\/www.notibras.com\/site\/tragedia-em-mariana-mostra-que-barragens-sao-bombas-armadas\/#primaryimage\"},\"thumbnailUrl\":\"https:\/\/www.notibras.com\/site\/wp-content\/uploads\/2015\/11\/mariana.jpg\",\"articleSection\":[\"Opina a\u00ed\"],\"inLanguage\":\"pt-BR\",\"potentialAction\":[{\"@type\":\"CommentAction\",\"name\":\"Comment\",\"target\":[\"https:\/\/www.notibras.com\/site\/tragedia-em-mariana-mostra-que-barragens-sao-bombas-armadas\/#respond\"]}]},{\"@type\":\"WebPage\",\"@id\":\"https:\/\/www.notibras.com\/site\/tragedia-em-mariana-mostra-que-barragens-sao-bombas-armadas\/\",\"url\":\"https:\/\/www.notibras.com\/site\/tragedia-em-mariana-mostra-que-barragens-sao-bombas-armadas\/\",\"name\":\"Trag\u00e9dia em Mariana mostra que barragens s\u00e3o bombas armadas - Notibras\",\"isPartOf\":{\"@id\":\"https:\/\/www.notibras.com\/site\/#website\"},\"primaryImageOfPage\":{\"@id\":\"https:\/\/www.notibras.com\/site\/tragedia-em-mariana-mostra-que-barragens-sao-bombas-armadas\/#primaryimage\"},\"image\":{\"@id\":\"https:\/\/www.notibras.com\/site\/tragedia-em-mariana-mostra-que-barragens-sao-bombas-armadas\/#primaryimage\"},\"thumbnailUrl\":\"https:\/\/www.notibras.com\/site\/wp-content\/uploads\/2015\/11\/mariana.jpg\",\"datePublished\":\"2015-11-16T00:52:44+00:00\",\"dateModified\":\"2015-11-16T01:53:14+00:00\",\"breadcrumb\":{\"@id\":\"https:\/\/www.notibras.com\/site\/tragedia-em-mariana-mostra-que-barragens-sao-bombas-armadas\/#breadcrumb\"},\"inLanguage\":\"pt-BR\",\"potentialAction\":[{\"@type\":\"ReadAction\",\"target\":[\"https:\/\/www.notibras.com\/site\/tragedia-em-mariana-mostra-que-barragens-sao-bombas-armadas\/\"]}]},{\"@type\":\"ImageObject\",\"inLanguage\":\"pt-BR\",\"@id\":\"https:\/\/www.notibras.com\/site\/tragedia-em-mariana-mostra-que-barragens-sao-bombas-armadas\/#primaryimage\",\"url\":\"https:\/\/www.notibras.com\/site\/wp-content\/uploads\/2015\/11\/mariana.jpg\",\"contentUrl\":\"https:\/\/www.notibras.com\/site\/wp-content\/uploads\/2015\/11\/mariana.jpg\",\"width\":750,\"height\":450},{\"@type\":\"BreadcrumbList\",\"@id\":\"https:\/\/www.notibras.com\/site\/tragedia-em-mariana-mostra-que-barragens-sao-bombas-armadas\/#breadcrumb\",\"itemListElement\":[{\"@type\":\"ListItem\",\"position\":1,\"name\":\"In\u00edcio\",\"item\":\"https:\/\/www.notibras.com\/site\/\"},{\"@type\":\"ListItem\",\"position\":2,\"name\":\"Trag\u00e9dia em Mariana mostra que barragens s\u00e3o bombas armadas\"}]},{\"@type\":\"WebSite\",\"@id\":\"https:\/\/www.notibras.com\/site\/#website\",\"url\":\"https:\/\/www.notibras.com\/site\/\",\"name\":\"Notibras\",\"description\":\"Not\u00edcias de Bras\u00edlia, do Brasil e do Mundo\",\"publisher\":{\"@id\":\"https:\/\/www.notibras.com\/site\/#organization\"},\"potentialAction\":[{\"@type\":\"SearchAction\",\"target\":{\"@type\":\"EntryPoint\",\"urlTemplate\":\"https:\/\/www.notibras.com\/site\/?s={search_term_string}\"},\"query-input\":{\"@type\":\"PropertyValueSpecification\",\"valueRequired\":true,\"valueName\":\"search_term_string\"}}],\"inLanguage\":\"pt-BR\"},{\"@type\":\"Organization\",\"@id\":\"https:\/\/www.notibras.com\/site\/#organization\",\"name\":\"Grupo Notibras de Comunica\u00e7\u00e3o\",\"url\":\"https:\/\/www.notibras.com\/site\/\",\"logo\":{\"@type\":\"ImageObject\",\"inLanguage\":\"pt-BR\",\"@id\":\"https:\/\/www.notibras.com\/site\/#\/schema\/logo\/image\/\",\"url\":\"https:\/\/www.notibras.com\/site\/wp-content\/uploads\/2023\/01\/notibras23.png\",\"contentUrl\":\"https:\/\/www.notibras.com\/site\/wp-content\/uploads\/2023\/01\/notibras23.png\",\"width\":350,\"height\":87,\"caption\":\"Grupo Notibras de Comunica\u00e7\u00e3o\"},\"image\":{\"@id\":\"https:\/\/www.notibras.com\/site\/#\/schema\/logo\/image\/\"},\"sameAs\":[\"https:\/\/www.facebook.com\/notibras\/\",\"https:\/\/x.com\/Notibras\",\"https:\/\/www.instagram.com\/notibras\/\"]},{\"@type\":\"Person\",\"@id\":\"https:\/\/www.notibras.com\/site\/#\/schema\/person\/36ab0979449956132d3e5b517ea76ac8\",\"name\":\"Reda\u00e7\u00e3o\",\"image\":{\"@type\":\"ImageObject\",\"inLanguage\":\"pt-BR\",\"@id\":\"https:\/\/secure.gravatar.com\/avatar\/e0a867bdedb85fd243eadf09663511f96fc81e0720a4a42581f334ad4303aa6b?s=96&d=mm&r=g\",\"url\":\"https:\/\/secure.gravatar.com\/avatar\/e0a867bdedb85fd243eadf09663511f96fc81e0720a4a42581f334ad4303aa6b?s=96&d=mm&r=g\",\"contentUrl\":\"https:\/\/secure.gravatar.com\/avatar\/e0a867bdedb85fd243eadf09663511f96fc81e0720a4a42581f334ad4303aa6b?s=96&d=mm&r=g\",\"caption\":\"Reda\u00e7\u00e3o\"}}]}<\/script>\n<!-- \/ Yoast SEO plugin. -->","yoast_head_json":{"title":"Trag\u00e9dia em Mariana mostra que barragens s\u00e3o bombas armadas - Notibras","robots":{"index":"index","follow":"follow","max-snippet":"max-snippet:-1","max-image-preview":"max-image-preview:large","max-video-preview":"max-video-preview:-1"},"canonical":"https:\/\/www.notibras.com\/site\/tragedia-em-mariana-mostra-que-barragens-sao-bombas-armadas\/","og_locale":"pt_BR","og_type":"article","og_title":"Trag\u00e9dia em Mariana mostra que barragens s\u00e3o bombas armadas - Notibras","og_description":"N\u00e3o resta d\u00favida sobre a determinante participa\u00e7\u00e3o de inaceit\u00e1veis descuidos com fatores de ordem hidr\u00e1ulica e geot\u00e9cnica entre as causas essenciais do rompimento de duas barragens de rejeitos da Samarco (Vale + BHP Billiton) no munic\u00edpio de Mariana (MG). Esse epis\u00f3dio vai tragicamente se consagrando como um dos mais graves desastres em obras da engenharia [&hellip;]","og_url":"https:\/\/www.notibras.com\/site\/tragedia-em-mariana-mostra-que-barragens-sao-bombas-armadas\/","og_site_name":"Notibras","article_publisher":"https:\/\/www.facebook.com\/notibras\/","article_published_time":"2015-11-16T00:52:44+00:00","article_modified_time":"2015-11-16T01:53:14+00:00","og_image":[{"width":750,"height":450,"url":"https:\/\/www.notibras.com\/site\/wp-content\/uploads\/2015\/11\/mariana.jpg","type":"image\/jpeg"}],"author":"Reda\u00e7\u00e3o","twitter_card":"summary_large_image","twitter_creator":"@Notibras","twitter_site":"@Notibras","twitter_misc":{"Escrito por":"Reda\u00e7\u00e3o","Est. tempo de leitura":"3 minutos"},"schema":{"@context":"https:\/\/schema.org","@graph":[{"@type":"Article","@id":"https:\/\/www.notibras.com\/site\/tragedia-em-mariana-mostra-que-barragens-sao-bombas-armadas\/#article","isPartOf":{"@id":"https:\/\/www.notibras.com\/site\/tragedia-em-mariana-mostra-que-barragens-sao-bombas-armadas\/"},"author":{"name":"Reda\u00e7\u00e3o","@id":"https:\/\/www.notibras.com\/site\/#\/schema\/person\/36ab0979449956132d3e5b517ea76ac8"},"headline":"Trag\u00e9dia em Mariana mostra que barragens s\u00e3o bombas armadas","datePublished":"2015-11-16T00:52:44+00:00","dateModified":"2015-11-16T01:53:14+00:00","mainEntityOfPage":{"@id":"https:\/\/www.notibras.com\/site\/tragedia-em-mariana-mostra-que-barragens-sao-bombas-armadas\/"},"wordCount":543,"commentCount":0,"publisher":{"@id":"https:\/\/www.notibras.com\/site\/#organization"},"image":{"@id":"https:\/\/www.notibras.com\/site\/tragedia-em-mariana-mostra-que-barragens-sao-bombas-armadas\/#primaryimage"},"thumbnailUrl":"https:\/\/www.notibras.com\/site\/wp-content\/uploads\/2015\/11\/mariana.jpg","articleSection":["Opina a\u00ed"],"inLanguage":"pt-BR","potentialAction":[{"@type":"CommentAction","name":"Comment","target":["https:\/\/www.notibras.com\/site\/tragedia-em-mariana-mostra-que-barragens-sao-bombas-armadas\/#respond"]}]},{"@type":"WebPage","@id":"https:\/\/www.notibras.com\/site\/tragedia-em-mariana-mostra-que-barragens-sao-bombas-armadas\/","url":"https:\/\/www.notibras.com\/site\/tragedia-em-mariana-mostra-que-barragens-sao-bombas-armadas\/","name":"Trag\u00e9dia em Mariana mostra que barragens s\u00e3o bombas armadas - Notibras","isPartOf":{"@id":"https:\/\/www.notibras.com\/site\/#website"},"primaryImageOfPage":{"@id":"https:\/\/www.notibras.com\/site\/tragedia-em-mariana-mostra-que-barragens-sao-bombas-armadas\/#primaryimage"},"image":{"@id":"https:\/\/www.notibras.com\/site\/tragedia-em-mariana-mostra-que-barragens-sao-bombas-armadas\/#primaryimage"},"thumbnailUrl":"https:\/\/www.notibras.com\/site\/wp-content\/uploads\/2015\/11\/mariana.jpg","datePublished":"2015-11-16T00:52:44+00:00","dateModified":"2015-11-16T01:53:14+00:00","breadcrumb":{"@id":"https:\/\/www.notibras.com\/site\/tragedia-em-mariana-mostra-que-barragens-sao-bombas-armadas\/#breadcrumb"},"inLanguage":"pt-BR","potentialAction":[{"@type":"ReadAction","target":["https:\/\/www.notibras.com\/site\/tragedia-em-mariana-mostra-que-barragens-sao-bombas-armadas\/"]}]},{"@type":"ImageObject","inLanguage":"pt-BR","@id":"https:\/\/www.notibras.com\/site\/tragedia-em-mariana-mostra-que-barragens-sao-bombas-armadas\/#primaryimage","url":"https:\/\/www.notibras.com\/site\/wp-content\/uploads\/2015\/11\/mariana.jpg","contentUrl":"https:\/\/www.notibras.com\/site\/wp-content\/uploads\/2015\/11\/mariana.jpg","width":750,"height":450},{"@type":"BreadcrumbList","@id":"https:\/\/www.notibras.com\/site\/tragedia-em-mariana-mostra-que-barragens-sao-bombas-armadas\/#breadcrumb","itemListElement":[{"@type":"ListItem","position":1,"name":"In\u00edcio","item":"https:\/\/www.notibras.com\/site\/"},{"@type":"ListItem","position":2,"name":"Trag\u00e9dia em Mariana mostra que barragens s\u00e3o bombas armadas"}]},{"@type":"WebSite","@id":"https:\/\/www.notibras.com\/site\/#website","url":"https:\/\/www.notibras.com\/site\/","name":"Notibras","description":"Not\u00edcias de Bras\u00edlia, do Brasil e do Mundo","publisher":{"@id":"https:\/\/www.notibras.com\/site\/#organization"},"potentialAction":[{"@type":"SearchAction","target":{"@type":"EntryPoint","urlTemplate":"https:\/\/www.notibras.com\/site\/?s={search_term_string}"},"query-input":{"@type":"PropertyValueSpecification","valueRequired":true,"valueName":"search_term_string"}}],"inLanguage":"pt-BR"},{"@type":"Organization","@id":"https:\/\/www.notibras.com\/site\/#organization","name":"Grupo Notibras de Comunica\u00e7\u00e3o","url":"https:\/\/www.notibras.com\/site\/","logo":{"@type":"ImageObject","inLanguage":"pt-BR","@id":"https:\/\/www.notibras.com\/site\/#\/schema\/logo\/image\/","url":"https:\/\/www.notibras.com\/site\/wp-content\/uploads\/2023\/01\/notibras23.png","contentUrl":"https:\/\/www.notibras.com\/site\/wp-content\/uploads\/2023\/01\/notibras23.png","width":350,"height":87,"caption":"Grupo Notibras de Comunica\u00e7\u00e3o"},"image":{"@id":"https:\/\/www.notibras.com\/site\/#\/schema\/logo\/image\/"},"sameAs":["https:\/\/www.facebook.com\/notibras\/","https:\/\/x.com\/Notibras","https:\/\/www.instagram.com\/notibras\/"]},{"@type":"Person","@id":"https:\/\/www.notibras.com\/site\/#\/schema\/person\/36ab0979449956132d3e5b517ea76ac8","name":"Reda\u00e7\u00e3o","image":{"@type":"ImageObject","inLanguage":"pt-BR","@id":"https:\/\/secure.gravatar.com\/avatar\/e0a867bdedb85fd243eadf09663511f96fc81e0720a4a42581f334ad4303aa6b?s=96&d=mm&r=g","url":"https:\/\/secure.gravatar.com\/avatar\/e0a867bdedb85fd243eadf09663511f96fc81e0720a4a42581f334ad4303aa6b?s=96&d=mm&r=g","contentUrl":"https:\/\/secure.gravatar.com\/avatar\/e0a867bdedb85fd243eadf09663511f96fc81e0720a4a42581f334ad4303aa6b?s=96&d=mm&r=g","caption":"Reda\u00e7\u00e3o"}}]}},"amp_enabled":true,"_links":{"self":[{"href":"https:\/\/www.notibras.com\/site\/wp-json\/wp\/v2\/posts\/76471","targetHints":{"allow":["GET"]}}],"collection":[{"href":"https:\/\/www.notibras.com\/site\/wp-json\/wp\/v2\/posts"}],"about":[{"href":"https:\/\/www.notibras.com\/site\/wp-json\/wp\/v2\/types\/post"}],"author":[{"embeddable":true,"href":"https:\/\/www.notibras.com\/site\/wp-json\/wp\/v2\/users\/2"}],"replies":[{"embeddable":true,"href":"https:\/\/www.notibras.com\/site\/wp-json\/wp\/v2\/comments?post=76471"}],"version-history":[{"count":1,"href":"https:\/\/www.notibras.com\/site\/wp-json\/wp\/v2\/posts\/76471\/revisions"}],"predecessor-version":[{"id":76473,"href":"https:\/\/www.notibras.com\/site\/wp-json\/wp\/v2\/posts\/76471\/revisions\/76473"}],"wp:featuredmedia":[{"embeddable":true,"href":"https:\/\/www.notibras.com\/site\/wp-json\/wp\/v2\/media\/76472"}],"wp:attachment":[{"href":"https:\/\/www.notibras.com\/site\/wp-json\/wp\/v2\/media?parent=76471"}],"wp:term":[{"taxonomy":"category","embeddable":true,"href":"https:\/\/www.notibras.com\/site\/wp-json\/wp\/v2\/categories?post=76471"},{"taxonomy":"post_tag","embeddable":true,"href":"https:\/\/www.notibras.com\/site\/wp-json\/wp\/v2\/tags?post=76471"}],"curies":[{"name":"wp","href":"https:\/\/api.w.org\/{rel}","templated":true}]}}