{"id":7653,"date":"2014-04-26T16:52:21","date_gmt":"2014-04-26T19:52:21","guid":{"rendered":"http:\/\/www.notibras.com\/site\/?p=7653"},"modified":"2014-04-26T16:52:21","modified_gmt":"2014-04-26T19:52:21","slug":"incendio-mata-quatro-criancas-carbonizadas-dentro-de-casa","status":"publish","type":"post","link":"https:\/\/www.notibras.com\/site\/incendio-mata-quatro-criancas-carbonizadas-dentro-de-casa\/","title":{"rendered":"Inc\u00eandio mata quatro crian\u00e7as carbonizadas dentro de casa"},"content":{"rendered":"<p>Um inc\u00eandio em uma casa\u00a0em Barroso, na regi\u00e3o central de Minas Gerais, causou a morte de quatro crian\u00e7as\u00a0na manh\u00e3 deste s\u00e1bado. As v\u00edtimas,\u00a0com idades entre um e quatro anos, tiveram os corpos carbonizados, segundo a Pol\u00edcia Militar. Outra crian\u00e7a que tamb\u00e9m estava na resid\u00eancia foi retirada do local com ferimentos leves.<\/p>\n<p class=\"text\">Um beb\u00ea de um ano e seis meses foi socorrido\u00a0em estado grave e encaminhado de helic\u00f3ptero\u00a0para o hospital Jo\u00e3o XXIII, em Belo Horizonte.\u00a0Uma mulher &#8211; que a PM n\u00e3o soube precisar se \u00e9 a m\u00e3e das crian\u00e7as &#8211;\u00a0inalou fuma\u00e7a e sofreu intoxica\u00e7\u00e3o, por\u00e9m n\u00e3o apresenta risco de morte.\u00a0Ela foi atendida no local por uma equipe do Servi\u00e7o M\u00f3vel de Atendimento de Urg\u00eancia (Samu) e levada ao\u00a0Hospital Municipal de Barroso.<\/p>\n<p class=\"text\">As causas do inc\u00eandio ainda s\u00e3o desconhecidas. O fogo irrompeu em uma resid\u00eancia no bairro Jardim Europa. Uma equipe da per\u00edcia da Pol\u00edcia Civil de S\u00e3o Jo\u00e3o del Rei\u00a0 est\u00e1 no local para investigar o que provocou a trag\u00e9dia.<\/p>\n","protected":false},"excerpt":{"rendered":"<p>Um inc\u00eandio em uma casa\u00a0em Barroso, na regi\u00e3o central de Minas Gerais, causou a morte de quatro crian\u00e7as\u00a0na manh\u00e3 deste s\u00e1bado. As v\u00edtimas,\u00a0com idades entre um e quatro anos, tiveram os corpos carbonizados, segundo a Pol\u00edcia Militar. Outra crian\u00e7a que tamb\u00e9m estava na resid\u00eancia foi retirada do local com ferimentos leves. Um beb\u00ea de um [&hellip;]<\/p>\n","protected":false},"author":2,"featured_media":7654,"comment_status":"open","ping_status":"closed","sticky":false,"template":"","format":"standard","meta":{"_acf_changed":false,"footnotes":""},"categories":[16],"tags":[],"class_list":["post-7653","post","type-post","status-publish","format-standard","has-post-thumbnail","hentry","category-brasil"],"acf":[],"yoast_head":"<!-- This site is optimized with the Yoast SEO plugin v27.2 - https:\/\/yoast.com\/product\/yoast-seo-wordpress\/ -->\n<title>Inc\u00eandio mata quatro crian\u00e7as carbonizadas dentro de casa - Notibras<\/title>\n<meta name=\"robots\" content=\"index, follow, max-snippet:-1, max-image-preview:large, max-video-preview:-1\" \/>\n<link rel=\"canonical\" href=\"https:\/\/www.notibras.com\/site\/incendio-mata-quatro-criancas-carbonizadas-dentro-de-casa\/\" \/>\n<meta property=\"og:locale\" content=\"pt_BR\" \/>\n<meta property=\"og:type\" content=\"article\" \/>\n<meta property=\"og:title\" content=\"Inc\u00eandio mata quatro crian\u00e7as carbonizadas dentro de casa - Notibras\" \/>\n<meta property=\"og:description\" content=\"Um inc\u00eandio em uma casa\u00a0em Barroso, na regi\u00e3o central de Minas Gerais, causou a morte de quatro crian\u00e7as\u00a0na manh\u00e3 deste s\u00e1bado. As v\u00edtimas,\u00a0com idades entre um e quatro anos, tiveram os corpos carbonizados, segundo a Pol\u00edcia Militar. Outra crian\u00e7a que tamb\u00e9m estava na resid\u00eancia foi retirada do local com ferimentos leves. Um beb\u00ea de um [&hellip;]\" \/>\n<meta property=\"og:url\" content=\"https:\/\/www.notibras.com\/site\/incendio-mata-quatro-criancas-carbonizadas-dentro-de-casa\/\" \/>\n<meta property=\"og:site_name\" content=\"Notibras\" \/>\n<meta property=\"article:publisher\" content=\"https:\/\/www.facebook.com\/notibras\/\" \/>\n<meta property=\"article:published_time\" content=\"2014-04-26T19:52:21+00:00\" \/>\n<meta property=\"og:image\" content=\"https:\/\/www.notibras.com\/site\/wp-content\/uploads\/2014\/04\/incendio_ok_1.jpg\" \/>\n\t<meta property=\"og:image:width\" content=\"620\" \/>\n\t<meta property=\"og:image:height\" content=\"439\" \/>\n\t<meta property=\"og:image:type\" content=\"image\/jpeg\" \/>\n<meta name=\"author\" content=\"Reda\u00e7\u00e3o\" \/>\n<meta name=\"twitter:card\" content=\"summary_large_image\" \/>\n<meta name=\"twitter:creator\" content=\"@Notibras\" \/>\n<meta name=\"twitter:site\" content=\"@Notibras\" \/>\n<meta name=\"twitter:label1\" content=\"Escrito por\" \/>\n\t<meta name=\"twitter:data1\" content=\"Reda\u00e7\u00e3o\" \/>\n\t<meta name=\"twitter:label2\" content=\"Est. tempo de leitura\" \/>\n\t<meta name=\"twitter:data2\" content=\"1 minuto\" \/>\n<script type=\"application\/ld+json\" class=\"yoast-schema-graph\">{\"@context\":\"https:\/\/schema.org\",\"@graph\":[{\"@type\":\"Article\",\"@id\":\"https:\/\/www.notibras.com\/site\/incendio-mata-quatro-criancas-carbonizadas-dentro-de-casa\/#article\",\"isPartOf\":{\"@id\":\"https:\/\/www.notibras.com\/site\/incendio-mata-quatro-criancas-carbonizadas-dentro-de-casa\/\"},\"author\":{\"name\":\"Reda\u00e7\u00e3o\",\"@id\":\"https:\/\/www.notibras.com\/site\/#\/schema\/person\/36ab0979449956132d3e5b517ea76ac8\"},\"headline\":\"Inc\u00eandio mata quatro crian\u00e7as carbonizadas dentro de casa\",\"datePublished\":\"2014-04-26T19:52:21+00:00\",\"mainEntityOfPage\":{\"@id\":\"https:\/\/www.notibras.com\/site\/incendio-mata-quatro-criancas-carbonizadas-dentro-de-casa\/\"},\"wordCount\":206,\"commentCount\":0,\"publisher\":{\"@id\":\"https:\/\/www.notibras.com\/site\/#organization\"},\"image\":{\"@id\":\"https:\/\/www.notibras.com\/site\/incendio-mata-quatro-criancas-carbonizadas-dentro-de-casa\/#primaryimage\"},\"thumbnailUrl\":\"https:\/\/www.notibras.com\/site\/wp-content\/uploads\/2014\/04\/incendio_ok_1.jpg\",\"articleSection\":[\"Brasil\"],\"inLanguage\":\"pt-BR\",\"potentialAction\":[{\"@type\":\"CommentAction\",\"name\":\"Comment\",\"target\":[\"https:\/\/www.notibras.com\/site\/incendio-mata-quatro-criancas-carbonizadas-dentro-de-casa\/#respond\"]}]},{\"@type\":\"WebPage\",\"@id\":\"https:\/\/www.notibras.com\/site\/incendio-mata-quatro-criancas-carbonizadas-dentro-de-casa\/\",\"url\":\"https:\/\/www.notibras.com\/site\/incendio-mata-quatro-criancas-carbonizadas-dentro-de-casa\/\",\"name\":\"Inc\u00eandio mata quatro crian\u00e7as carbonizadas dentro de casa - Notibras\",\"isPartOf\":{\"@id\":\"https:\/\/www.notibras.com\/site\/#website\"},\"primaryImageOfPage\":{\"@id\":\"https:\/\/www.notibras.com\/site\/incendio-mata-quatro-criancas-carbonizadas-dentro-de-casa\/#primaryimage\"},\"image\":{\"@id\":\"https:\/\/www.notibras.com\/site\/incendio-mata-quatro-criancas-carbonizadas-dentro-de-casa\/#primaryimage\"},\"thumbnailUrl\":\"https:\/\/www.notibras.com\/site\/wp-content\/uploads\/2014\/04\/incendio_ok_1.jpg\",\"datePublished\":\"2014-04-26T19:52:21+00:00\",\"breadcrumb\":{\"@id\":\"https:\/\/www.notibras.com\/site\/incendio-mata-quatro-criancas-carbonizadas-dentro-de-casa\/#breadcrumb\"},\"inLanguage\":\"pt-BR\",\"potentialAction\":[{\"@type\":\"ReadAction\",\"target\":[\"https:\/\/www.notibras.com\/site\/incendio-mata-quatro-criancas-carbonizadas-dentro-de-casa\/\"]}]},{\"@type\":\"ImageObject\",\"inLanguage\":\"pt-BR\",\"@id\":\"https:\/\/www.notibras.com\/site\/incendio-mata-quatro-criancas-carbonizadas-dentro-de-casa\/#primaryimage\",\"url\":\"https:\/\/www.notibras.com\/site\/wp-content\/uploads\/2014\/04\/incendio_ok_1.jpg\",\"contentUrl\":\"https:\/\/www.notibras.com\/site\/wp-content\/uploads\/2014\/04\/incendio_ok_1.jpg\",\"width\":620,\"height\":439},{\"@type\":\"BreadcrumbList\",\"@id\":\"https:\/\/www.notibras.com\/site\/incendio-mata-quatro-criancas-carbonizadas-dentro-de-casa\/#breadcrumb\",\"itemListElement\":[{\"@type\":\"ListItem\",\"position\":1,\"name\":\"In\u00edcio\",\"item\":\"https:\/\/www.notibras.com\/site\/\"},{\"@type\":\"ListItem\",\"position\":2,\"name\":\"Inc\u00eandio mata quatro crian\u00e7as carbonizadas dentro de casa\"}]},{\"@type\":\"WebSite\",\"@id\":\"https:\/\/www.notibras.com\/site\/#website\",\"url\":\"https:\/\/www.notibras.com\/site\/\",\"name\":\"Notibras\",\"description\":\"Not\u00edcias de Bras\u00edlia, do Brasil e do Mundo\",\"publisher\":{\"@id\":\"https:\/\/www.notibras.com\/site\/#organization\"},\"potentialAction\":[{\"@type\":\"SearchAction\",\"target\":{\"@type\":\"EntryPoint\",\"urlTemplate\":\"https:\/\/www.notibras.com\/site\/?s={search_term_string}\"},\"query-input\":{\"@type\":\"PropertyValueSpecification\",\"valueRequired\":true,\"valueName\":\"search_term_string\"}}],\"inLanguage\":\"pt-BR\"},{\"@type\":\"Organization\",\"@id\":\"https:\/\/www.notibras.com\/site\/#organization\",\"name\":\"Grupo Notibras de Comunica\u00e7\u00e3o\",\"url\":\"https:\/\/www.notibras.com\/site\/\",\"logo\":{\"@type\":\"ImageObject\",\"inLanguage\":\"pt-BR\",\"@id\":\"https:\/\/www.notibras.com\/site\/#\/schema\/logo\/image\/\",\"url\":\"https:\/\/www.notibras.com\/site\/wp-content\/uploads\/2023\/01\/notibras23.png\",\"contentUrl\":\"https:\/\/www.notibras.com\/site\/wp-content\/uploads\/2023\/01\/notibras23.png\",\"width\":350,\"height\":87,\"caption\":\"Grupo Notibras de Comunica\u00e7\u00e3o\"},\"image\":{\"@id\":\"https:\/\/www.notibras.com\/site\/#\/schema\/logo\/image\/\"},\"sameAs\":[\"https:\/\/www.facebook.com\/notibras\/\",\"https:\/\/x.com\/Notibras\",\"https:\/\/www.instagram.com\/notibras\/\"]},{\"@type\":\"Person\",\"@id\":\"https:\/\/www.notibras.com\/site\/#\/schema\/person\/36ab0979449956132d3e5b517ea76ac8\",\"name\":\"Reda\u00e7\u00e3o\",\"image\":{\"@type\":\"ImageObject\",\"inLanguage\":\"pt-BR\",\"@id\":\"https:\/\/secure.gravatar.com\/avatar\/e0a867bdedb85fd243eadf09663511f96fc81e0720a4a42581f334ad4303aa6b?s=96&d=mm&r=g\",\"url\":\"https:\/\/secure.gravatar.com\/avatar\/e0a867bdedb85fd243eadf09663511f96fc81e0720a4a42581f334ad4303aa6b?s=96&d=mm&r=g\",\"contentUrl\":\"https:\/\/secure.gravatar.com\/avatar\/e0a867bdedb85fd243eadf09663511f96fc81e0720a4a42581f334ad4303aa6b?s=96&d=mm&r=g\",\"caption\":\"Reda\u00e7\u00e3o\"}}]}<\/script>\n<!-- \/ Yoast SEO plugin. -->","yoast_head_json":{"title":"Inc\u00eandio mata quatro crian\u00e7as carbonizadas dentro de casa - Notibras","robots":{"index":"index","follow":"follow","max-snippet":"max-snippet:-1","max-image-preview":"max-image-preview:large","max-video-preview":"max-video-preview:-1"},"canonical":"https:\/\/www.notibras.com\/site\/incendio-mata-quatro-criancas-carbonizadas-dentro-de-casa\/","og_locale":"pt_BR","og_type":"article","og_title":"Inc\u00eandio mata quatro crian\u00e7as carbonizadas dentro de casa - Notibras","og_description":"Um inc\u00eandio em uma casa\u00a0em Barroso, na regi\u00e3o central de Minas Gerais, causou a morte de quatro crian\u00e7as\u00a0na manh\u00e3 deste s\u00e1bado. As v\u00edtimas,\u00a0com idades entre um e quatro anos, tiveram os corpos carbonizados, segundo a Pol\u00edcia Militar. Outra crian\u00e7a que tamb\u00e9m estava na resid\u00eancia foi retirada do local com ferimentos leves. Um beb\u00ea de um [&hellip;]","og_url":"https:\/\/www.notibras.com\/site\/incendio-mata-quatro-criancas-carbonizadas-dentro-de-casa\/","og_site_name":"Notibras","article_publisher":"https:\/\/www.facebook.com\/notibras\/","article_published_time":"2014-04-26T19:52:21+00:00","og_image":[{"width":620,"height":439,"url":"https:\/\/www.notibras.com\/site\/wp-content\/uploads\/2014\/04\/incendio_ok_1.jpg","type":"image\/jpeg"}],"author":"Reda\u00e7\u00e3o","twitter_card":"summary_large_image","twitter_creator":"@Notibras","twitter_site":"@Notibras","twitter_misc":{"Escrito por":"Reda\u00e7\u00e3o","Est. tempo de leitura":"1 minuto"},"schema":{"@context":"https:\/\/schema.org","@graph":[{"@type":"Article","@id":"https:\/\/www.notibras.com\/site\/incendio-mata-quatro-criancas-carbonizadas-dentro-de-casa\/#article","isPartOf":{"@id":"https:\/\/www.notibras.com\/site\/incendio-mata-quatro-criancas-carbonizadas-dentro-de-casa\/"},"author":{"name":"Reda\u00e7\u00e3o","@id":"https:\/\/www.notibras.com\/site\/#\/schema\/person\/36ab0979449956132d3e5b517ea76ac8"},"headline":"Inc\u00eandio mata quatro crian\u00e7as carbonizadas dentro de casa","datePublished":"2014-04-26T19:52:21+00:00","mainEntityOfPage":{"@id":"https:\/\/www.notibras.com\/site\/incendio-mata-quatro-criancas-carbonizadas-dentro-de-casa\/"},"wordCount":206,"commentCount":0,"publisher":{"@id":"https:\/\/www.notibras.com\/site\/#organization"},"image":{"@id":"https:\/\/www.notibras.com\/site\/incendio-mata-quatro-criancas-carbonizadas-dentro-de-casa\/#primaryimage"},"thumbnailUrl":"https:\/\/www.notibras.com\/site\/wp-content\/uploads\/2014\/04\/incendio_ok_1.jpg","articleSection":["Brasil"],"inLanguage":"pt-BR","potentialAction":[{"@type":"CommentAction","name":"Comment","target":["https:\/\/www.notibras.com\/site\/incendio-mata-quatro-criancas-carbonizadas-dentro-de-casa\/#respond"]}]},{"@type":"WebPage","@id":"https:\/\/www.notibras.com\/site\/incendio-mata-quatro-criancas-carbonizadas-dentro-de-casa\/","url":"https:\/\/www.notibras.com\/site\/incendio-mata-quatro-criancas-carbonizadas-dentro-de-casa\/","name":"Inc\u00eandio mata quatro crian\u00e7as carbonizadas dentro de casa - Notibras","isPartOf":{"@id":"https:\/\/www.notibras.com\/site\/#website"},"primaryImageOfPage":{"@id":"https:\/\/www.notibras.com\/site\/incendio-mata-quatro-criancas-carbonizadas-dentro-de-casa\/#primaryimage"},"image":{"@id":"https:\/\/www.notibras.com\/site\/incendio-mata-quatro-criancas-carbonizadas-dentro-de-casa\/#primaryimage"},"thumbnailUrl":"https:\/\/www.notibras.com\/site\/wp-content\/uploads\/2014\/04\/incendio_ok_1.jpg","datePublished":"2014-04-26T19:52:21+00:00","breadcrumb":{"@id":"https:\/\/www.notibras.com\/site\/incendio-mata-quatro-criancas-carbonizadas-dentro-de-casa\/#breadcrumb"},"inLanguage":"pt-BR","potentialAction":[{"@type":"ReadAction","target":["https:\/\/www.notibras.com\/site\/incendio-mata-quatro-criancas-carbonizadas-dentro-de-casa\/"]}]},{"@type":"ImageObject","inLanguage":"pt-BR","@id":"https:\/\/www.notibras.com\/site\/incendio-mata-quatro-criancas-carbonizadas-dentro-de-casa\/#primaryimage","url":"https:\/\/www.notibras.com\/site\/wp-content\/uploads\/2014\/04\/incendio_ok_1.jpg","contentUrl":"https:\/\/www.notibras.com\/site\/wp-content\/uploads\/2014\/04\/incendio_ok_1.jpg","width":620,"height":439},{"@type":"BreadcrumbList","@id":"https:\/\/www.notibras.com\/site\/incendio-mata-quatro-criancas-carbonizadas-dentro-de-casa\/#breadcrumb","itemListElement":[{"@type":"ListItem","position":1,"name":"In\u00edcio","item":"https:\/\/www.notibras.com\/site\/"},{"@type":"ListItem","position":2,"name":"Inc\u00eandio mata quatro crian\u00e7as carbonizadas dentro de casa"}]},{"@type":"WebSite","@id":"https:\/\/www.notibras.com\/site\/#website","url":"https:\/\/www.notibras.com\/site\/","name":"Notibras","description":"Not\u00edcias de Bras\u00edlia, do Brasil e do Mundo","publisher":{"@id":"https:\/\/www.notibras.com\/site\/#organization"},"potentialAction":[{"@type":"SearchAction","target":{"@type":"EntryPoint","urlTemplate":"https:\/\/www.notibras.com\/site\/?s={search_term_string}"},"query-input":{"@type":"PropertyValueSpecification","valueRequired":true,"valueName":"search_term_string"}}],"inLanguage":"pt-BR"},{"@type":"Organization","@id":"https:\/\/www.notibras.com\/site\/#organization","name":"Grupo Notibras de Comunica\u00e7\u00e3o","url":"https:\/\/www.notibras.com\/site\/","logo":{"@type":"ImageObject","inLanguage":"pt-BR","@id":"https:\/\/www.notibras.com\/site\/#\/schema\/logo\/image\/","url":"https:\/\/www.notibras.com\/site\/wp-content\/uploads\/2023\/01\/notibras23.png","contentUrl":"https:\/\/www.notibras.com\/site\/wp-content\/uploads\/2023\/01\/notibras23.png","width":350,"height":87,"caption":"Grupo Notibras de Comunica\u00e7\u00e3o"},"image":{"@id":"https:\/\/www.notibras.com\/site\/#\/schema\/logo\/image\/"},"sameAs":["https:\/\/www.facebook.com\/notibras\/","https:\/\/x.com\/Notibras","https:\/\/www.instagram.com\/notibras\/"]},{"@type":"Person","@id":"https:\/\/www.notibras.com\/site\/#\/schema\/person\/36ab0979449956132d3e5b517ea76ac8","name":"Reda\u00e7\u00e3o","image":{"@type":"ImageObject","inLanguage":"pt-BR","@id":"https:\/\/secure.gravatar.com\/avatar\/e0a867bdedb85fd243eadf09663511f96fc81e0720a4a42581f334ad4303aa6b?s=96&d=mm&r=g","url":"https:\/\/secure.gravatar.com\/avatar\/e0a867bdedb85fd243eadf09663511f96fc81e0720a4a42581f334ad4303aa6b?s=96&d=mm&r=g","contentUrl":"https:\/\/secure.gravatar.com\/avatar\/e0a867bdedb85fd243eadf09663511f96fc81e0720a4a42581f334ad4303aa6b?s=96&d=mm&r=g","caption":"Reda\u00e7\u00e3o"}}]}},"amp_enabled":true,"_links":{"self":[{"href":"https:\/\/www.notibras.com\/site\/wp-json\/wp\/v2\/posts\/7653","targetHints":{"allow":["GET"]}}],"collection":[{"href":"https:\/\/www.notibras.com\/site\/wp-json\/wp\/v2\/posts"}],"about":[{"href":"https:\/\/www.notibras.com\/site\/wp-json\/wp\/v2\/types\/post"}],"author":[{"embeddable":true,"href":"https:\/\/www.notibras.com\/site\/wp-json\/wp\/v2\/users\/2"}],"replies":[{"embeddable":true,"href":"https:\/\/www.notibras.com\/site\/wp-json\/wp\/v2\/comments?post=7653"}],"version-history":[{"count":0,"href":"https:\/\/www.notibras.com\/site\/wp-json\/wp\/v2\/posts\/7653\/revisions"}],"wp:featuredmedia":[{"embeddable":true,"href":"https:\/\/www.notibras.com\/site\/wp-json\/wp\/v2\/media\/7654"}],"wp:attachment":[{"href":"https:\/\/www.notibras.com\/site\/wp-json\/wp\/v2\/media?parent=7653"}],"wp:term":[{"taxonomy":"category","embeddable":true,"href":"https:\/\/www.notibras.com\/site\/wp-json\/wp\/v2\/categories?post=7653"},{"taxonomy":"post_tag","embeddable":true,"href":"https:\/\/www.notibras.com\/site\/wp-json\/wp\/v2\/tags?post=7653"}],"curies":[{"name":"wp","href":"https:\/\/api.w.org\/{rel}","templated":true}]}}