{"id":76574,"date":"2015-11-16T16:09:17","date_gmt":"2015-11-16T18:09:17","guid":{"rendered":"http:\/\/www.notibras.com\/site\/?p=76574"},"modified":"2015-11-17T12:34:11","modified_gmt":"2015-11-17T14:34:11","slug":"assossiacao-politica-esquenta-a-gastanca-dos-cofres-publicos","status":"publish","type":"post","link":"https:\/\/www.notibras.com\/site\/assossiacao-politica-esquenta-a-gastanca-dos-cofres-publicos\/","title":{"rendered":"&#8216;Assossia\u00e7\u00e3o&#8217; pol\u00edtica inventa evento e esquenta gastan\u00e7a dos cofres p\u00fablicos"},"content":{"rendered":"<p>O Brasil continua produzindo oportunidades para a gastan\u00e7a p\u00fablica. Um dos mecanismos mais utilizados na Esplanada dos Minist\u00e9rios e difundido em todo o pa\u00eds \u00e9 o que ficou conhecido nos bastidores do poder como \u201ceventograma\u201d. \u00c9 um setor oficioso (com carimbo oficial) da atividade p\u00fablica que movimenta milh\u00f5es de reais anualmente.<\/p>\n<p>Ningu\u00e9m sabe os objetivos e o que de \u00fatil produz o eventograma nos governos municipais, estaduais e federal. Mas \u00e9 pr\u00e1tica comum h\u00e1 muitos anos o universo de palestras, semin\u00e1rios, conven\u00e7\u00f5es, jornadas e outras denomina\u00e7\u00f5es para a mesma coisa. Ou coisa nenhuma.<\/p>\n<p>Alguns surpreendem pela originalidade. No s\u00edtio de uma organiza\u00e7\u00e3o de nome Astral \u2013 Assossia\u00e7\u00e3o (sic; \u00e9 assim mesmo que consta no convite distribu\u00eddo, com dois esses) Brasileira de Televis\u00f5es e R\u00e1dios Legislativas, cujo endere\u00e7o \u00e9 <a href=\"http:\/\/www.astralbrasil.org\" target=\"_blank\">www.astralbrasil.org<\/a>, existe a convoca\u00e7\u00e3o para um encontro na ter\u00e7a, 17 de novembro, quando ser\u00e3o revelados os segredos para que assembleias e c\u00e2maras legislativas aprendam como instalar emissoras de TV e r\u00e1dio nos munic\u00edpios.<\/p>\n<p>O hist\u00f3rico do setor traz pouca contribui\u00e7\u00e3o \u00e0 sociedade. O Ibope desses canais \u00e9 pr\u00f3ximo de zero. Mas custa muito caro aos contribuintes a instala\u00e7\u00e3o e manuten\u00e7\u00e3o desse recurso de m\u00eddia que pouca ou nenhuma utilidade comprovada oferecem.<\/p>\n<p>O que surpreende \u00e9 a rela\u00e7\u00e3o de palestrantes e celebridades que aparece na programa\u00e7\u00e3o do evento: Renan Calheiros, Eduardo Cunha, Edinho Silva, deputado federal Cleber Verde \u2013 este assumiu o controle da comunica\u00e7\u00e3o da C\u00e2mara dos Deputados -, alguns ministros e a presidente da C\u00e2mara Legislativa do Distrito Federal, Celina Le\u00e3o.<\/p>\n<p>Ao que consta em seus curr\u00edculos, nenhum deles \u00e9 especialista em ve\u00edculos de comunica\u00e7\u00e3o. A conclus\u00e3o, portanto, \u00e9 a de que os segredos que ser\u00e3o revelados est\u00e3o restritos aos caminhos de como obter a concess\u00e3o dos canais televisivos e radiof\u00f4nicos. E de como mergulhar na milion\u00e1ria atividade da difus\u00e3o gratuita de seus rostos e feitos.<\/p>\n<p>As maiores emissoras de TV e r\u00e1dio brasileiras lutam para obter um ponto a mais nas suas audi\u00eancias. A diferen\u00e7a \u00e9 que suas estruturas n\u00e3o s\u00e3o mantidas com dinheiro do contribuinte. As emissoras privadas produzem uma vasta grade de programas que tamb\u00e9m n\u00e3o \u00e9 barata. Mas como as emissoras legislativas torram dinheiro p\u00fablico, ent\u00e3o tanto faz.<\/p>\n<p>Revelar caminhos para chegar ao cofre dever\u00e1 ser a miss\u00e3o do evento programado pela Astral e outras organiza\u00e7\u00f5es que afirmam fazer a mesma coisa, como a Rede Legislativa, a Unale \u2013 Uni\u00e3o Nacional dos Legisladores e Legislativos Estaduais e a Abracam \u2013 Associa\u00e7\u00e3o das C\u00e2maras Municipais.<\/p>\n<p>Se os acampados em frente ao Congresso Nacional perceberem onde estar\u00e3o os protagonistas nacionais das telinhas reunidos na ter\u00e7a, 17, a partir das 9h30, ent\u00e3o \u00e9 para o Centro de Conven\u00e7\u00f5es que levar\u00e3o suas barracas. Porque l\u00e1 o barraco j\u00e1 est\u00e1 armado e \u201cassossiado\u201d&#8230;<\/p>\n","protected":false},"excerpt":{"rendered":"<p>O Brasil continua produzindo oportunidades para a gastan\u00e7a p\u00fablica. Um dos mecanismos mais utilizados na Esplanada dos Minist\u00e9rios e difundido em todo o pa\u00eds \u00e9 o que ficou conhecido nos bastidores do poder como \u201ceventograma\u201d. \u00c9 um setor oficioso (com carimbo oficial) da atividade p\u00fablica que movimenta milh\u00f5es de reais anualmente. Ningu\u00e9m sabe os objetivos [&hellip;]<\/p>\n","protected":false},"author":2,"featured_media":76576,"comment_status":"open","ping_status":"closed","sticky":false,"template":"","format":"standard","meta":{"_acf_changed":false,"footnotes":""},"categories":[49],"tags":[],"class_list":["post-76574","post","type-post","status-publish","format-standard","has-post-thumbnail","hentry","category-max"],"acf":[],"yoast_head":"<!-- This site is optimized with the Yoast SEO plugin v27.2 - https:\/\/yoast.com\/product\/yoast-seo-wordpress\/ -->\n<title>&#039;Assossia\u00e7\u00e3o&#039; pol\u00edtica inventa evento e esquenta gastan\u00e7a dos cofres p\u00fablicos - Notibras<\/title>\n<meta name=\"robots\" content=\"index, follow, max-snippet:-1, max-image-preview:large, max-video-preview:-1\" \/>\n<link rel=\"canonical\" href=\"https:\/\/www.notibras.com\/site\/assossiacao-politica-esquenta-a-gastanca-dos-cofres-publicos\/\" \/>\n<meta property=\"og:locale\" content=\"pt_BR\" \/>\n<meta property=\"og:type\" content=\"article\" \/>\n<meta property=\"og:title\" content=\"&#039;Assossia\u00e7\u00e3o&#039; pol\u00edtica inventa evento e esquenta gastan\u00e7a dos cofres p\u00fablicos - Notibras\" \/>\n<meta property=\"og:description\" content=\"O Brasil continua produzindo oportunidades para a gastan\u00e7a p\u00fablica. Um dos mecanismos mais utilizados na Esplanada dos Minist\u00e9rios e difundido em todo o pa\u00eds \u00e9 o que ficou conhecido nos bastidores do poder como \u201ceventograma\u201d. \u00c9 um setor oficioso (com carimbo oficial) da atividade p\u00fablica que movimenta milh\u00f5es de reais anualmente. Ningu\u00e9m sabe os objetivos [&hellip;]\" \/>\n<meta property=\"og:url\" content=\"https:\/\/www.notibras.com\/site\/assossiacao-politica-esquenta-a-gastanca-dos-cofres-publicos\/\" \/>\n<meta property=\"og:site_name\" content=\"Notibras\" \/>\n<meta property=\"article:publisher\" content=\"https:\/\/www.facebook.com\/notibras\/\" \/>\n<meta property=\"article:published_time\" content=\"2015-11-16T18:09:17+00:00\" \/>\n<meta property=\"article:modified_time\" content=\"2015-11-17T14:34:11+00:00\" \/>\n<meta property=\"og:image\" content=\"https:\/\/www.notibras.com\/site\/wp-content\/uploads\/2015\/11\/9eeb889b-ced5-4afb-9032-b89d4427ca94.jpg\" \/>\n\t<meta property=\"og:image:width\" content=\"793\" \/>\n\t<meta property=\"og:image:height\" content=\"583\" \/>\n\t<meta property=\"og:image:type\" content=\"image\/jpeg\" \/>\n<meta name=\"author\" content=\"Reda\u00e7\u00e3o\" \/>\n<meta name=\"twitter:card\" content=\"summary_large_image\" \/>\n<meta name=\"twitter:creator\" content=\"@Notibras\" \/>\n<meta name=\"twitter:site\" content=\"@Notibras\" \/>\n<meta name=\"twitter:label1\" content=\"Escrito por\" \/>\n\t<meta name=\"twitter:data1\" content=\"Reda\u00e7\u00e3o\" \/>\n\t<meta name=\"twitter:label2\" content=\"Est. tempo de leitura\" \/>\n\t<meta name=\"twitter:data2\" content=\"2 minutos\" \/>\n<script type=\"application\/ld+json\" class=\"yoast-schema-graph\">{\"@context\":\"https:\/\/schema.org\",\"@graph\":[{\"@type\":\"Article\",\"@id\":\"https:\/\/www.notibras.com\/site\/assossiacao-politica-esquenta-a-gastanca-dos-cofres-publicos\/#article\",\"isPartOf\":{\"@id\":\"https:\/\/www.notibras.com\/site\/assossiacao-politica-esquenta-a-gastanca-dos-cofres-publicos\/\"},\"author\":{\"name\":\"Reda\u00e7\u00e3o\",\"@id\":\"https:\/\/www.notibras.com\/site\/#\/schema\/person\/36ab0979449956132d3e5b517ea76ac8\"},\"headline\":\"&#8216;Assossia\u00e7\u00e3o&#8217; pol\u00edtica inventa evento e esquenta gastan\u00e7a dos cofres p\u00fablicos\",\"datePublished\":\"2015-11-16T18:09:17+00:00\",\"dateModified\":\"2015-11-17T14:34:11+00:00\",\"mainEntityOfPage\":{\"@id\":\"https:\/\/www.notibras.com\/site\/assossiacao-politica-esquenta-a-gastanca-dos-cofres-publicos\/\"},\"wordCount\":513,\"commentCount\":0,\"publisher\":{\"@id\":\"https:\/\/www.notibras.com\/site\/#organization\"},\"image\":{\"@id\":\"https:\/\/www.notibras.com\/site\/assossiacao-politica-esquenta-a-gastanca-dos-cofres-publicos\/#primaryimage\"},\"thumbnailUrl\":\"https:\/\/www.notibras.com\/site\/wp-content\/uploads\/2015\/11\/9eeb889b-ced5-4afb-9032-b89d4427ca94.jpg\",\"articleSection\":[\"Max de Quental\"],\"inLanguage\":\"pt-BR\",\"potentialAction\":[{\"@type\":\"CommentAction\",\"name\":\"Comment\",\"target\":[\"https:\/\/www.notibras.com\/site\/assossiacao-politica-esquenta-a-gastanca-dos-cofres-publicos\/#respond\"]}]},{\"@type\":\"WebPage\",\"@id\":\"https:\/\/www.notibras.com\/site\/assossiacao-politica-esquenta-a-gastanca-dos-cofres-publicos\/\",\"url\":\"https:\/\/www.notibras.com\/site\/assossiacao-politica-esquenta-a-gastanca-dos-cofres-publicos\/\",\"name\":\"'Assossia\u00e7\u00e3o' pol\u00edtica inventa evento e esquenta gastan\u00e7a dos cofres p\u00fablicos - Notibras\",\"isPartOf\":{\"@id\":\"https:\/\/www.notibras.com\/site\/#website\"},\"primaryImageOfPage\":{\"@id\":\"https:\/\/www.notibras.com\/site\/assossiacao-politica-esquenta-a-gastanca-dos-cofres-publicos\/#primaryimage\"},\"image\":{\"@id\":\"https:\/\/www.notibras.com\/site\/assossiacao-politica-esquenta-a-gastanca-dos-cofres-publicos\/#primaryimage\"},\"thumbnailUrl\":\"https:\/\/www.notibras.com\/site\/wp-content\/uploads\/2015\/11\/9eeb889b-ced5-4afb-9032-b89d4427ca94.jpg\",\"datePublished\":\"2015-11-16T18:09:17+00:00\",\"dateModified\":\"2015-11-17T14:34:11+00:00\",\"breadcrumb\":{\"@id\":\"https:\/\/www.notibras.com\/site\/assossiacao-politica-esquenta-a-gastanca-dos-cofres-publicos\/#breadcrumb\"},\"inLanguage\":\"pt-BR\",\"potentialAction\":[{\"@type\":\"ReadAction\",\"target\":[\"https:\/\/www.notibras.com\/site\/assossiacao-politica-esquenta-a-gastanca-dos-cofres-publicos\/\"]}]},{\"@type\":\"ImageObject\",\"inLanguage\":\"pt-BR\",\"@id\":\"https:\/\/www.notibras.com\/site\/assossiacao-politica-esquenta-a-gastanca-dos-cofres-publicos\/#primaryimage\",\"url\":\"https:\/\/www.notibras.com\/site\/wp-content\/uploads\/2015\/11\/9eeb889b-ced5-4afb-9032-b89d4427ca94.jpg\",\"contentUrl\":\"https:\/\/www.notibras.com\/site\/wp-content\/uploads\/2015\/11\/9eeb889b-ced5-4afb-9032-b89d4427ca94.jpg\",\"width\":793,\"height\":583},{\"@type\":\"BreadcrumbList\",\"@id\":\"https:\/\/www.notibras.com\/site\/assossiacao-politica-esquenta-a-gastanca-dos-cofres-publicos\/#breadcrumb\",\"itemListElement\":[{\"@type\":\"ListItem\",\"position\":1,\"name\":\"In\u00edcio\",\"item\":\"https:\/\/www.notibras.com\/site\/\"},{\"@type\":\"ListItem\",\"position\":2,\"name\":\"&#8216;Assossia\u00e7\u00e3o&#8217; pol\u00edtica inventa evento e esquenta gastan\u00e7a dos cofres p\u00fablicos\"}]},{\"@type\":\"WebSite\",\"@id\":\"https:\/\/www.notibras.com\/site\/#website\",\"url\":\"https:\/\/www.notibras.com\/site\/\",\"name\":\"Notibras\",\"description\":\"Not\u00edcias de Bras\u00edlia, do Brasil e do Mundo\",\"publisher\":{\"@id\":\"https:\/\/www.notibras.com\/site\/#organization\"},\"potentialAction\":[{\"@type\":\"SearchAction\",\"target\":{\"@type\":\"EntryPoint\",\"urlTemplate\":\"https:\/\/www.notibras.com\/site\/?s={search_term_string}\"},\"query-input\":{\"@type\":\"PropertyValueSpecification\",\"valueRequired\":true,\"valueName\":\"search_term_string\"}}],\"inLanguage\":\"pt-BR\"},{\"@type\":\"Organization\",\"@id\":\"https:\/\/www.notibras.com\/site\/#organization\",\"name\":\"Grupo Notibras de Comunica\u00e7\u00e3o\",\"url\":\"https:\/\/www.notibras.com\/site\/\",\"logo\":{\"@type\":\"ImageObject\",\"inLanguage\":\"pt-BR\",\"@id\":\"https:\/\/www.notibras.com\/site\/#\/schema\/logo\/image\/\",\"url\":\"https:\/\/www.notibras.com\/site\/wp-content\/uploads\/2023\/01\/notibras23.png\",\"contentUrl\":\"https:\/\/www.notibras.com\/site\/wp-content\/uploads\/2023\/01\/notibras23.png\",\"width\":350,\"height\":87,\"caption\":\"Grupo Notibras de Comunica\u00e7\u00e3o\"},\"image\":{\"@id\":\"https:\/\/www.notibras.com\/site\/#\/schema\/logo\/image\/\"},\"sameAs\":[\"https:\/\/www.facebook.com\/notibras\/\",\"https:\/\/x.com\/Notibras\",\"https:\/\/www.instagram.com\/notibras\/\"]},{\"@type\":\"Person\",\"@id\":\"https:\/\/www.notibras.com\/site\/#\/schema\/person\/36ab0979449956132d3e5b517ea76ac8\",\"name\":\"Reda\u00e7\u00e3o\",\"image\":{\"@type\":\"ImageObject\",\"inLanguage\":\"pt-BR\",\"@id\":\"https:\/\/secure.gravatar.com\/avatar\/e0a867bdedb85fd243eadf09663511f96fc81e0720a4a42581f334ad4303aa6b?s=96&d=mm&r=g\",\"url\":\"https:\/\/secure.gravatar.com\/avatar\/e0a867bdedb85fd243eadf09663511f96fc81e0720a4a42581f334ad4303aa6b?s=96&d=mm&r=g\",\"contentUrl\":\"https:\/\/secure.gravatar.com\/avatar\/e0a867bdedb85fd243eadf09663511f96fc81e0720a4a42581f334ad4303aa6b?s=96&d=mm&r=g\",\"caption\":\"Reda\u00e7\u00e3o\"}}]}<\/script>\n<!-- \/ Yoast SEO plugin. -->","yoast_head_json":{"title":"'Assossia\u00e7\u00e3o' pol\u00edtica inventa evento e esquenta gastan\u00e7a dos cofres p\u00fablicos - Notibras","robots":{"index":"index","follow":"follow","max-snippet":"max-snippet:-1","max-image-preview":"max-image-preview:large","max-video-preview":"max-video-preview:-1"},"canonical":"https:\/\/www.notibras.com\/site\/assossiacao-politica-esquenta-a-gastanca-dos-cofres-publicos\/","og_locale":"pt_BR","og_type":"article","og_title":"'Assossia\u00e7\u00e3o' pol\u00edtica inventa evento e esquenta gastan\u00e7a dos cofres p\u00fablicos - Notibras","og_description":"O Brasil continua produzindo oportunidades para a gastan\u00e7a p\u00fablica. Um dos mecanismos mais utilizados na Esplanada dos Minist\u00e9rios e difundido em todo o pa\u00eds \u00e9 o que ficou conhecido nos bastidores do poder como \u201ceventograma\u201d. \u00c9 um setor oficioso (com carimbo oficial) da atividade p\u00fablica que movimenta milh\u00f5es de reais anualmente. Ningu\u00e9m sabe os objetivos [&hellip;]","og_url":"https:\/\/www.notibras.com\/site\/assossiacao-politica-esquenta-a-gastanca-dos-cofres-publicos\/","og_site_name":"Notibras","article_publisher":"https:\/\/www.facebook.com\/notibras\/","article_published_time":"2015-11-16T18:09:17+00:00","article_modified_time":"2015-11-17T14:34:11+00:00","og_image":[{"width":793,"height":583,"url":"https:\/\/www.notibras.com\/site\/wp-content\/uploads\/2015\/11\/9eeb889b-ced5-4afb-9032-b89d4427ca94.jpg","type":"image\/jpeg"}],"author":"Reda\u00e7\u00e3o","twitter_card":"summary_large_image","twitter_creator":"@Notibras","twitter_site":"@Notibras","twitter_misc":{"Escrito por":"Reda\u00e7\u00e3o","Est. tempo de leitura":"2 minutos"},"schema":{"@context":"https:\/\/schema.org","@graph":[{"@type":"Article","@id":"https:\/\/www.notibras.com\/site\/assossiacao-politica-esquenta-a-gastanca-dos-cofres-publicos\/#article","isPartOf":{"@id":"https:\/\/www.notibras.com\/site\/assossiacao-politica-esquenta-a-gastanca-dos-cofres-publicos\/"},"author":{"name":"Reda\u00e7\u00e3o","@id":"https:\/\/www.notibras.com\/site\/#\/schema\/person\/36ab0979449956132d3e5b517ea76ac8"},"headline":"&#8216;Assossia\u00e7\u00e3o&#8217; pol\u00edtica inventa evento e esquenta gastan\u00e7a dos cofres p\u00fablicos","datePublished":"2015-11-16T18:09:17+00:00","dateModified":"2015-11-17T14:34:11+00:00","mainEntityOfPage":{"@id":"https:\/\/www.notibras.com\/site\/assossiacao-politica-esquenta-a-gastanca-dos-cofres-publicos\/"},"wordCount":513,"commentCount":0,"publisher":{"@id":"https:\/\/www.notibras.com\/site\/#organization"},"image":{"@id":"https:\/\/www.notibras.com\/site\/assossiacao-politica-esquenta-a-gastanca-dos-cofres-publicos\/#primaryimage"},"thumbnailUrl":"https:\/\/www.notibras.com\/site\/wp-content\/uploads\/2015\/11\/9eeb889b-ced5-4afb-9032-b89d4427ca94.jpg","articleSection":["Max de Quental"],"inLanguage":"pt-BR","potentialAction":[{"@type":"CommentAction","name":"Comment","target":["https:\/\/www.notibras.com\/site\/assossiacao-politica-esquenta-a-gastanca-dos-cofres-publicos\/#respond"]}]},{"@type":"WebPage","@id":"https:\/\/www.notibras.com\/site\/assossiacao-politica-esquenta-a-gastanca-dos-cofres-publicos\/","url":"https:\/\/www.notibras.com\/site\/assossiacao-politica-esquenta-a-gastanca-dos-cofres-publicos\/","name":"'Assossia\u00e7\u00e3o' pol\u00edtica inventa evento e esquenta gastan\u00e7a dos cofres p\u00fablicos - Notibras","isPartOf":{"@id":"https:\/\/www.notibras.com\/site\/#website"},"primaryImageOfPage":{"@id":"https:\/\/www.notibras.com\/site\/assossiacao-politica-esquenta-a-gastanca-dos-cofres-publicos\/#primaryimage"},"image":{"@id":"https:\/\/www.notibras.com\/site\/assossiacao-politica-esquenta-a-gastanca-dos-cofres-publicos\/#primaryimage"},"thumbnailUrl":"https:\/\/www.notibras.com\/site\/wp-content\/uploads\/2015\/11\/9eeb889b-ced5-4afb-9032-b89d4427ca94.jpg","datePublished":"2015-11-16T18:09:17+00:00","dateModified":"2015-11-17T14:34:11+00:00","breadcrumb":{"@id":"https:\/\/www.notibras.com\/site\/assossiacao-politica-esquenta-a-gastanca-dos-cofres-publicos\/#breadcrumb"},"inLanguage":"pt-BR","potentialAction":[{"@type":"ReadAction","target":["https:\/\/www.notibras.com\/site\/assossiacao-politica-esquenta-a-gastanca-dos-cofres-publicos\/"]}]},{"@type":"ImageObject","inLanguage":"pt-BR","@id":"https:\/\/www.notibras.com\/site\/assossiacao-politica-esquenta-a-gastanca-dos-cofres-publicos\/#primaryimage","url":"https:\/\/www.notibras.com\/site\/wp-content\/uploads\/2015\/11\/9eeb889b-ced5-4afb-9032-b89d4427ca94.jpg","contentUrl":"https:\/\/www.notibras.com\/site\/wp-content\/uploads\/2015\/11\/9eeb889b-ced5-4afb-9032-b89d4427ca94.jpg","width":793,"height":583},{"@type":"BreadcrumbList","@id":"https:\/\/www.notibras.com\/site\/assossiacao-politica-esquenta-a-gastanca-dos-cofres-publicos\/#breadcrumb","itemListElement":[{"@type":"ListItem","position":1,"name":"In\u00edcio","item":"https:\/\/www.notibras.com\/site\/"},{"@type":"ListItem","position":2,"name":"&#8216;Assossia\u00e7\u00e3o&#8217; pol\u00edtica inventa evento e esquenta gastan\u00e7a dos cofres p\u00fablicos"}]},{"@type":"WebSite","@id":"https:\/\/www.notibras.com\/site\/#website","url":"https:\/\/www.notibras.com\/site\/","name":"Notibras","description":"Not\u00edcias de Bras\u00edlia, do Brasil e do Mundo","publisher":{"@id":"https:\/\/www.notibras.com\/site\/#organization"},"potentialAction":[{"@type":"SearchAction","target":{"@type":"EntryPoint","urlTemplate":"https:\/\/www.notibras.com\/site\/?s={search_term_string}"},"query-input":{"@type":"PropertyValueSpecification","valueRequired":true,"valueName":"search_term_string"}}],"inLanguage":"pt-BR"},{"@type":"Organization","@id":"https:\/\/www.notibras.com\/site\/#organization","name":"Grupo Notibras de Comunica\u00e7\u00e3o","url":"https:\/\/www.notibras.com\/site\/","logo":{"@type":"ImageObject","inLanguage":"pt-BR","@id":"https:\/\/www.notibras.com\/site\/#\/schema\/logo\/image\/","url":"https:\/\/www.notibras.com\/site\/wp-content\/uploads\/2023\/01\/notibras23.png","contentUrl":"https:\/\/www.notibras.com\/site\/wp-content\/uploads\/2023\/01\/notibras23.png","width":350,"height":87,"caption":"Grupo Notibras de Comunica\u00e7\u00e3o"},"image":{"@id":"https:\/\/www.notibras.com\/site\/#\/schema\/logo\/image\/"},"sameAs":["https:\/\/www.facebook.com\/notibras\/","https:\/\/x.com\/Notibras","https:\/\/www.instagram.com\/notibras\/"]},{"@type":"Person","@id":"https:\/\/www.notibras.com\/site\/#\/schema\/person\/36ab0979449956132d3e5b517ea76ac8","name":"Reda\u00e7\u00e3o","image":{"@type":"ImageObject","inLanguage":"pt-BR","@id":"https:\/\/secure.gravatar.com\/avatar\/e0a867bdedb85fd243eadf09663511f96fc81e0720a4a42581f334ad4303aa6b?s=96&d=mm&r=g","url":"https:\/\/secure.gravatar.com\/avatar\/e0a867bdedb85fd243eadf09663511f96fc81e0720a4a42581f334ad4303aa6b?s=96&d=mm&r=g","contentUrl":"https:\/\/secure.gravatar.com\/avatar\/e0a867bdedb85fd243eadf09663511f96fc81e0720a4a42581f334ad4303aa6b?s=96&d=mm&r=g","caption":"Reda\u00e7\u00e3o"}}]}},"amp_enabled":true,"_links":{"self":[{"href":"https:\/\/www.notibras.com\/site\/wp-json\/wp\/v2\/posts\/76574","targetHints":{"allow":["GET"]}}],"collection":[{"href":"https:\/\/www.notibras.com\/site\/wp-json\/wp\/v2\/posts"}],"about":[{"href":"https:\/\/www.notibras.com\/site\/wp-json\/wp\/v2\/types\/post"}],"author":[{"embeddable":true,"href":"https:\/\/www.notibras.com\/site\/wp-json\/wp\/v2\/users\/2"}],"replies":[{"embeddable":true,"href":"https:\/\/www.notibras.com\/site\/wp-json\/wp\/v2\/comments?post=76574"}],"version-history":[{"count":3,"href":"https:\/\/www.notibras.com\/site\/wp-json\/wp\/v2\/posts\/76574\/revisions"}],"predecessor-version":[{"id":76720,"href":"https:\/\/www.notibras.com\/site\/wp-json\/wp\/v2\/posts\/76574\/revisions\/76720"}],"wp:featuredmedia":[{"embeddable":true,"href":"https:\/\/www.notibras.com\/site\/wp-json\/wp\/v2\/media\/76576"}],"wp:attachment":[{"href":"https:\/\/www.notibras.com\/site\/wp-json\/wp\/v2\/media?parent=76574"}],"wp:term":[{"taxonomy":"category","embeddable":true,"href":"https:\/\/www.notibras.com\/site\/wp-json\/wp\/v2\/categories?post=76574"},{"taxonomy":"post_tag","embeddable":true,"href":"https:\/\/www.notibras.com\/site\/wp-json\/wp\/v2\/tags?post=76574"}],"curies":[{"name":"wp","href":"https:\/\/api.w.org\/{rel}","templated":true}]}}