{"id":7663,"date":"2014-04-26T18:25:40","date_gmt":"2014-04-26T21:25:40","guid":{"rendered":"http:\/\/www.notibras.com\/site\/?p=7663"},"modified":"2014-05-07T21:01:44","modified_gmt":"2014-05-08T00:01:44","slug":"vasco-e-atropelado-pela-luverdense-por-2-a-1-na-arena-pantanal","status":"publish","type":"post","link":"https:\/\/www.notibras.com\/site\/vasco-e-atropelado-pela-luverdense-por-2-a-1-na-arena-pantanal\/","title":{"rendered":"Vasco \u00e9 atropelado pela Luverdense na Arena Pantanal"},"content":{"rendered":"<p>Na Arena Pantanal, o Vasco teve a oportunidade de jogar\u00a0fora de casa neste s\u00e1bado com torcida a seu favor. Contra o Luverdense, pela segunda rodada da S\u00e9rie B do Campeonato Brasileiro, o clube cruzmaltino n\u00e3o conseguiu aproveitar o apoio vindo das arquibancadas e acabou derrotado pelo advers\u00e1rio matogrossense por 2 a 1. Reinaldo e Rubinho marcaram para os mandantes, enquanto Yago diminuiu.<\/p>\n<p class=\"text\">A derrota deixa o Vasco na 17\u00aa coloca\u00e7\u00e3o da segunda divis\u00e3o nacional, enquanto o Luverdense subiu para a terceira posi\u00e7\u00e3o, com apenas dois jogos realizados.<\/p>\n<p class=\"text\">Diante de um p\u00fablico amplamente favor\u00e1vel, o Vasco teve a oportunidade de sair na frente no marcador aos 11min, quando Montoya recebeu passe em profundidade, driblou duas vezes o goleiro Gabriel Leite para finalmente finalizar na rede, pelo lado de fora.<\/p>\n<p class=\"text\">O atacante Reinaldo, ex-Santos, S\u00e3o Paulo e Flamengo, foi o respons\u00e1vel por abrir o placar para o Luverdense. Aos 21min, o lateral direito Raul Prata se antecipou no meio-campo e roubou a bola do Vasco, armando sozinho o contra-ataque dos mandantes ao dar uma meia-lua em um marcador e uma finta no segundo. O defensor bateu de p\u00e9 esquerdo para defesa de Diogo Silva, que espalmou nos p\u00e9s do centroavante rival, que n\u00e3o desperdi\u00e7ou.<\/p>\n<p class=\"text\">No come\u00e7o do segundo tempo, o time matogrossense ampliou a sua vantagem ap\u00f3s p\u00eanalti sofrido pelo atacante Misael, que foi derrubado dentro da \u00e1rea por Andr\u00e9 Rocha.\u00a0Rubinho, camisa 10 do Luverdense, se encarregou da cobran\u00e7a e marcou o segundo\u00a0aos 10min. Depois de um escanteio, Gilson quase fez o terceiro dos mandantes de cabe\u00e7a, mas acabou acertando a trave direita de Diogo Silva.<\/p>\n<p class=\"text\">O Vasco n\u00e3o desistiu do jogo e diminuiu a desvantagem aos 25min, quando o jovem Yago, que entrou no lugar do centroavante Reginaldo, acertou um belo chute da entrada da \u00e1rea, sem chances para Gabriel Leite. O empate por pouco n\u00e3o saiu tr\u00eas minutos depois, quando Diego Renan tabelou com Thalles e chutou na trave do goleiro advers\u00e1rio, que chegou a desviar enquanto fechava o \u00e2ngulo para a finaliza\u00e7\u00e3o do lateral esquerdo.<\/p>\n<p class=\"text\">Na terceira rodada da S\u00e9rie B, o Vasco receber\u00e1 no pr\u00f3ximo dia 3 de maio o Atl\u00e9tico-GO em S\u00e3o Janu\u00e1rio, \u00e0s 16h20. J\u00e1 o Luverdense viaja a Campinas, onde enfrentar\u00e1 no Mois\u00e9s Lucarelli a Ponte Preta no mesmo dia e hor\u00e1rio da partida do clube cruzmaltino.<\/p>\n","protected":false},"excerpt":{"rendered":"<p>Na Arena Pantanal, o Vasco teve a oportunidade de jogar\u00a0fora de casa neste s\u00e1bado com torcida a seu favor. Contra o Luverdense, pela segunda rodada da S\u00e9rie B do Campeonato Brasileiro, o clube cruzmaltino n\u00e3o conseguiu aproveitar o apoio vindo das arquibancadas e acabou derrotado pelo advers\u00e1rio matogrossense por 2 a 1. Reinaldo e Rubinho [&hellip;]<\/p>\n","protected":false},"author":2,"featured_media":7664,"comment_status":"open","ping_status":"closed","sticky":false,"template":"","format":"standard","meta":{"_acf_changed":false,"footnotes":""},"categories":[19,29],"tags":[],"class_list":["post-7663","post","type-post","status-publish","format-standard","has-post-thumbnail","hentry","category-esportes","category-futebol"],"acf":[],"yoast_head":"<!-- This site is optimized with the Yoast SEO plugin v27.2 - https:\/\/yoast.com\/product\/yoast-seo-wordpress\/ -->\n<title>Vasco \u00e9 atropelado pela Luverdense na Arena Pantanal - Notibras<\/title>\n<meta name=\"robots\" content=\"index, follow, max-snippet:-1, max-image-preview:large, max-video-preview:-1\" \/>\n<link rel=\"canonical\" href=\"https:\/\/www.notibras.com\/site\/vasco-e-atropelado-pela-luverdense-por-2-a-1-na-arena-pantanal\/\" \/>\n<meta property=\"og:locale\" content=\"pt_BR\" \/>\n<meta property=\"og:type\" content=\"article\" \/>\n<meta property=\"og:title\" content=\"Vasco \u00e9 atropelado pela Luverdense na Arena Pantanal - Notibras\" \/>\n<meta property=\"og:description\" content=\"Na Arena Pantanal, o Vasco teve a oportunidade de jogar\u00a0fora de casa neste s\u00e1bado com torcida a seu favor. Contra o Luverdense, pela segunda rodada da S\u00e9rie B do Campeonato Brasileiro, o clube cruzmaltino n\u00e3o conseguiu aproveitar o apoio vindo das arquibancadas e acabou derrotado pelo advers\u00e1rio matogrossense por 2 a 1. Reinaldo e Rubinho [&hellip;]\" \/>\n<meta property=\"og:url\" content=\"https:\/\/www.notibras.com\/site\/vasco-e-atropelado-pela-luverdense-por-2-a-1-na-arena-pantanal\/\" \/>\n<meta property=\"og:site_name\" content=\"Notibras\" \/>\n<meta property=\"article:publisher\" content=\"https:\/\/www.facebook.com\/notibras\/\" \/>\n<meta property=\"article:published_time\" content=\"2014-04-26T21:25:40+00:00\" \/>\n<meta property=\"article:modified_time\" content=\"2014-05-08T00:01:44+00:00\" \/>\n<meta property=\"og:image\" content=\"https:\/\/www.notibras.com\/site\/wp-content\/uploads\/2014\/04\/reinaldochicoferreirafutura.jpg\" \/>\n\t<meta property=\"og:image:width\" content=\"460\" \/>\n\t<meta property=\"og:image:height\" content=\"340\" \/>\n\t<meta property=\"og:image:type\" content=\"image\/jpeg\" \/>\n<meta name=\"author\" content=\"Reda\u00e7\u00e3o\" \/>\n<meta name=\"twitter:card\" content=\"summary_large_image\" \/>\n<meta name=\"twitter:creator\" content=\"@Notibras\" \/>\n<meta name=\"twitter:site\" content=\"@Notibras\" \/>\n<meta name=\"twitter:label1\" content=\"Escrito por\" \/>\n\t<meta name=\"twitter:data1\" content=\"Reda\u00e7\u00e3o\" \/>\n\t<meta name=\"twitter:label2\" content=\"Est. tempo de leitura\" \/>\n\t<meta name=\"twitter:data2\" content=\"2 minutos\" \/>\n<script type=\"application\/ld+json\" class=\"yoast-schema-graph\">{\"@context\":\"https:\/\/schema.org\",\"@graph\":[{\"@type\":\"Article\",\"@id\":\"https:\/\/www.notibras.com\/site\/vasco-e-atropelado-pela-luverdense-por-2-a-1-na-arena-pantanal\/#article\",\"isPartOf\":{\"@id\":\"https:\/\/www.notibras.com\/site\/vasco-e-atropelado-pela-luverdense-por-2-a-1-na-arena-pantanal\/\"},\"author\":{\"name\":\"Reda\u00e7\u00e3o\",\"@id\":\"https:\/\/www.notibras.com\/site\/#\/schema\/person\/36ab0979449956132d3e5b517ea76ac8\"},\"headline\":\"Vasco \u00e9 atropelado pela Luverdense na Arena Pantanal\",\"datePublished\":\"2014-04-26T21:25:40+00:00\",\"dateModified\":\"2014-05-08T00:01:44+00:00\",\"mainEntityOfPage\":{\"@id\":\"https:\/\/www.notibras.com\/site\/vasco-e-atropelado-pela-luverdense-por-2-a-1-na-arena-pantanal\/\"},\"wordCount\":418,\"commentCount\":0,\"publisher\":{\"@id\":\"https:\/\/www.notibras.com\/site\/#organization\"},\"image\":{\"@id\":\"https:\/\/www.notibras.com\/site\/vasco-e-atropelado-pela-luverdense-por-2-a-1-na-arena-pantanal\/#primaryimage\"},\"thumbnailUrl\":\"https:\/\/www.notibras.com\/site\/wp-content\/uploads\/2014\/04\/reinaldochicoferreirafutura.jpg\",\"articleSection\":[\"Esportes\",\"Futebol\"],\"inLanguage\":\"pt-BR\",\"potentialAction\":[{\"@type\":\"CommentAction\",\"name\":\"Comment\",\"target\":[\"https:\/\/www.notibras.com\/site\/vasco-e-atropelado-pela-luverdense-por-2-a-1-na-arena-pantanal\/#respond\"]}]},{\"@type\":\"WebPage\",\"@id\":\"https:\/\/www.notibras.com\/site\/vasco-e-atropelado-pela-luverdense-por-2-a-1-na-arena-pantanal\/\",\"url\":\"https:\/\/www.notibras.com\/site\/vasco-e-atropelado-pela-luverdense-por-2-a-1-na-arena-pantanal\/\",\"name\":\"Vasco \u00e9 atropelado pela Luverdense na Arena Pantanal - Notibras\",\"isPartOf\":{\"@id\":\"https:\/\/www.notibras.com\/site\/#website\"},\"primaryImageOfPage\":{\"@id\":\"https:\/\/www.notibras.com\/site\/vasco-e-atropelado-pela-luverdense-por-2-a-1-na-arena-pantanal\/#primaryimage\"},\"image\":{\"@id\":\"https:\/\/www.notibras.com\/site\/vasco-e-atropelado-pela-luverdense-por-2-a-1-na-arena-pantanal\/#primaryimage\"},\"thumbnailUrl\":\"https:\/\/www.notibras.com\/site\/wp-content\/uploads\/2014\/04\/reinaldochicoferreirafutura.jpg\",\"datePublished\":\"2014-04-26T21:25:40+00:00\",\"dateModified\":\"2014-05-08T00:01:44+00:00\",\"breadcrumb\":{\"@id\":\"https:\/\/www.notibras.com\/site\/vasco-e-atropelado-pela-luverdense-por-2-a-1-na-arena-pantanal\/#breadcrumb\"},\"inLanguage\":\"pt-BR\",\"potentialAction\":[{\"@type\":\"ReadAction\",\"target\":[\"https:\/\/www.notibras.com\/site\/vasco-e-atropelado-pela-luverdense-por-2-a-1-na-arena-pantanal\/\"]}]},{\"@type\":\"ImageObject\",\"inLanguage\":\"pt-BR\",\"@id\":\"https:\/\/www.notibras.com\/site\/vasco-e-atropelado-pela-luverdense-por-2-a-1-na-arena-pantanal\/#primaryimage\",\"url\":\"https:\/\/www.notibras.com\/site\/wp-content\/uploads\/2014\/04\/reinaldochicoferreirafutura.jpg\",\"contentUrl\":\"https:\/\/www.notibras.com\/site\/wp-content\/uploads\/2014\/04\/reinaldochicoferreirafutura.jpg\",\"width\":460,\"height\":340},{\"@type\":\"BreadcrumbList\",\"@id\":\"https:\/\/www.notibras.com\/site\/vasco-e-atropelado-pela-luverdense-por-2-a-1-na-arena-pantanal\/#breadcrumb\",\"itemListElement\":[{\"@type\":\"ListItem\",\"position\":1,\"name\":\"In\u00edcio\",\"item\":\"https:\/\/www.notibras.com\/site\/\"},{\"@type\":\"ListItem\",\"position\":2,\"name\":\"Vasco \u00e9 atropelado pela Luverdense na Arena Pantanal\"}]},{\"@type\":\"WebSite\",\"@id\":\"https:\/\/www.notibras.com\/site\/#website\",\"url\":\"https:\/\/www.notibras.com\/site\/\",\"name\":\"Notibras\",\"description\":\"Not\u00edcias de Bras\u00edlia, do Brasil e do Mundo\",\"publisher\":{\"@id\":\"https:\/\/www.notibras.com\/site\/#organization\"},\"potentialAction\":[{\"@type\":\"SearchAction\",\"target\":{\"@type\":\"EntryPoint\",\"urlTemplate\":\"https:\/\/www.notibras.com\/site\/?s={search_term_string}\"},\"query-input\":{\"@type\":\"PropertyValueSpecification\",\"valueRequired\":true,\"valueName\":\"search_term_string\"}}],\"inLanguage\":\"pt-BR\"},{\"@type\":\"Organization\",\"@id\":\"https:\/\/www.notibras.com\/site\/#organization\",\"name\":\"Grupo Notibras de Comunica\u00e7\u00e3o\",\"url\":\"https:\/\/www.notibras.com\/site\/\",\"logo\":{\"@type\":\"ImageObject\",\"inLanguage\":\"pt-BR\",\"@id\":\"https:\/\/www.notibras.com\/site\/#\/schema\/logo\/image\/\",\"url\":\"https:\/\/www.notibras.com\/site\/wp-content\/uploads\/2023\/01\/notibras23.png\",\"contentUrl\":\"https:\/\/www.notibras.com\/site\/wp-content\/uploads\/2023\/01\/notibras23.png\",\"width\":350,\"height\":87,\"caption\":\"Grupo Notibras de Comunica\u00e7\u00e3o\"},\"image\":{\"@id\":\"https:\/\/www.notibras.com\/site\/#\/schema\/logo\/image\/\"},\"sameAs\":[\"https:\/\/www.facebook.com\/notibras\/\",\"https:\/\/x.com\/Notibras\",\"https:\/\/www.instagram.com\/notibras\/\"]},{\"@type\":\"Person\",\"@id\":\"https:\/\/www.notibras.com\/site\/#\/schema\/person\/36ab0979449956132d3e5b517ea76ac8\",\"name\":\"Reda\u00e7\u00e3o\",\"image\":{\"@type\":\"ImageObject\",\"inLanguage\":\"pt-BR\",\"@id\":\"https:\/\/secure.gravatar.com\/avatar\/e0a867bdedb85fd243eadf09663511f96fc81e0720a4a42581f334ad4303aa6b?s=96&d=mm&r=g\",\"url\":\"https:\/\/secure.gravatar.com\/avatar\/e0a867bdedb85fd243eadf09663511f96fc81e0720a4a42581f334ad4303aa6b?s=96&d=mm&r=g\",\"contentUrl\":\"https:\/\/secure.gravatar.com\/avatar\/e0a867bdedb85fd243eadf09663511f96fc81e0720a4a42581f334ad4303aa6b?s=96&d=mm&r=g\",\"caption\":\"Reda\u00e7\u00e3o\"}}]}<\/script>\n<!-- \/ Yoast SEO plugin. -->","yoast_head_json":{"title":"Vasco \u00e9 atropelado pela Luverdense na Arena Pantanal - Notibras","robots":{"index":"index","follow":"follow","max-snippet":"max-snippet:-1","max-image-preview":"max-image-preview:large","max-video-preview":"max-video-preview:-1"},"canonical":"https:\/\/www.notibras.com\/site\/vasco-e-atropelado-pela-luverdense-por-2-a-1-na-arena-pantanal\/","og_locale":"pt_BR","og_type":"article","og_title":"Vasco \u00e9 atropelado pela Luverdense na Arena Pantanal - Notibras","og_description":"Na Arena Pantanal, o Vasco teve a oportunidade de jogar\u00a0fora de casa neste s\u00e1bado com torcida a seu favor. Contra o Luverdense, pela segunda rodada da S\u00e9rie B do Campeonato Brasileiro, o clube cruzmaltino n\u00e3o conseguiu aproveitar o apoio vindo das arquibancadas e acabou derrotado pelo advers\u00e1rio matogrossense por 2 a 1. Reinaldo e Rubinho [&hellip;]","og_url":"https:\/\/www.notibras.com\/site\/vasco-e-atropelado-pela-luverdense-por-2-a-1-na-arena-pantanal\/","og_site_name":"Notibras","article_publisher":"https:\/\/www.facebook.com\/notibras\/","article_published_time":"2014-04-26T21:25:40+00:00","article_modified_time":"2014-05-08T00:01:44+00:00","og_image":[{"width":460,"height":340,"url":"https:\/\/www.notibras.com\/site\/wp-content\/uploads\/2014\/04\/reinaldochicoferreirafutura.jpg","type":"image\/jpeg"}],"author":"Reda\u00e7\u00e3o","twitter_card":"summary_large_image","twitter_creator":"@Notibras","twitter_site":"@Notibras","twitter_misc":{"Escrito por":"Reda\u00e7\u00e3o","Est. tempo de leitura":"2 minutos"},"schema":{"@context":"https:\/\/schema.org","@graph":[{"@type":"Article","@id":"https:\/\/www.notibras.com\/site\/vasco-e-atropelado-pela-luverdense-por-2-a-1-na-arena-pantanal\/#article","isPartOf":{"@id":"https:\/\/www.notibras.com\/site\/vasco-e-atropelado-pela-luverdense-por-2-a-1-na-arena-pantanal\/"},"author":{"name":"Reda\u00e7\u00e3o","@id":"https:\/\/www.notibras.com\/site\/#\/schema\/person\/36ab0979449956132d3e5b517ea76ac8"},"headline":"Vasco \u00e9 atropelado pela Luverdense na Arena Pantanal","datePublished":"2014-04-26T21:25:40+00:00","dateModified":"2014-05-08T00:01:44+00:00","mainEntityOfPage":{"@id":"https:\/\/www.notibras.com\/site\/vasco-e-atropelado-pela-luverdense-por-2-a-1-na-arena-pantanal\/"},"wordCount":418,"commentCount":0,"publisher":{"@id":"https:\/\/www.notibras.com\/site\/#organization"},"image":{"@id":"https:\/\/www.notibras.com\/site\/vasco-e-atropelado-pela-luverdense-por-2-a-1-na-arena-pantanal\/#primaryimage"},"thumbnailUrl":"https:\/\/www.notibras.com\/site\/wp-content\/uploads\/2014\/04\/reinaldochicoferreirafutura.jpg","articleSection":["Esportes","Futebol"],"inLanguage":"pt-BR","potentialAction":[{"@type":"CommentAction","name":"Comment","target":["https:\/\/www.notibras.com\/site\/vasco-e-atropelado-pela-luverdense-por-2-a-1-na-arena-pantanal\/#respond"]}]},{"@type":"WebPage","@id":"https:\/\/www.notibras.com\/site\/vasco-e-atropelado-pela-luverdense-por-2-a-1-na-arena-pantanal\/","url":"https:\/\/www.notibras.com\/site\/vasco-e-atropelado-pela-luverdense-por-2-a-1-na-arena-pantanal\/","name":"Vasco \u00e9 atropelado pela Luverdense na Arena Pantanal - Notibras","isPartOf":{"@id":"https:\/\/www.notibras.com\/site\/#website"},"primaryImageOfPage":{"@id":"https:\/\/www.notibras.com\/site\/vasco-e-atropelado-pela-luverdense-por-2-a-1-na-arena-pantanal\/#primaryimage"},"image":{"@id":"https:\/\/www.notibras.com\/site\/vasco-e-atropelado-pela-luverdense-por-2-a-1-na-arena-pantanal\/#primaryimage"},"thumbnailUrl":"https:\/\/www.notibras.com\/site\/wp-content\/uploads\/2014\/04\/reinaldochicoferreirafutura.jpg","datePublished":"2014-04-26T21:25:40+00:00","dateModified":"2014-05-08T00:01:44+00:00","breadcrumb":{"@id":"https:\/\/www.notibras.com\/site\/vasco-e-atropelado-pela-luverdense-por-2-a-1-na-arena-pantanal\/#breadcrumb"},"inLanguage":"pt-BR","potentialAction":[{"@type":"ReadAction","target":["https:\/\/www.notibras.com\/site\/vasco-e-atropelado-pela-luverdense-por-2-a-1-na-arena-pantanal\/"]}]},{"@type":"ImageObject","inLanguage":"pt-BR","@id":"https:\/\/www.notibras.com\/site\/vasco-e-atropelado-pela-luverdense-por-2-a-1-na-arena-pantanal\/#primaryimage","url":"https:\/\/www.notibras.com\/site\/wp-content\/uploads\/2014\/04\/reinaldochicoferreirafutura.jpg","contentUrl":"https:\/\/www.notibras.com\/site\/wp-content\/uploads\/2014\/04\/reinaldochicoferreirafutura.jpg","width":460,"height":340},{"@type":"BreadcrumbList","@id":"https:\/\/www.notibras.com\/site\/vasco-e-atropelado-pela-luverdense-por-2-a-1-na-arena-pantanal\/#breadcrumb","itemListElement":[{"@type":"ListItem","position":1,"name":"In\u00edcio","item":"https:\/\/www.notibras.com\/site\/"},{"@type":"ListItem","position":2,"name":"Vasco \u00e9 atropelado pela Luverdense na Arena Pantanal"}]},{"@type":"WebSite","@id":"https:\/\/www.notibras.com\/site\/#website","url":"https:\/\/www.notibras.com\/site\/","name":"Notibras","description":"Not\u00edcias de Bras\u00edlia, do Brasil e do Mundo","publisher":{"@id":"https:\/\/www.notibras.com\/site\/#organization"},"potentialAction":[{"@type":"SearchAction","target":{"@type":"EntryPoint","urlTemplate":"https:\/\/www.notibras.com\/site\/?s={search_term_string}"},"query-input":{"@type":"PropertyValueSpecification","valueRequired":true,"valueName":"search_term_string"}}],"inLanguage":"pt-BR"},{"@type":"Organization","@id":"https:\/\/www.notibras.com\/site\/#organization","name":"Grupo Notibras de Comunica\u00e7\u00e3o","url":"https:\/\/www.notibras.com\/site\/","logo":{"@type":"ImageObject","inLanguage":"pt-BR","@id":"https:\/\/www.notibras.com\/site\/#\/schema\/logo\/image\/","url":"https:\/\/www.notibras.com\/site\/wp-content\/uploads\/2023\/01\/notibras23.png","contentUrl":"https:\/\/www.notibras.com\/site\/wp-content\/uploads\/2023\/01\/notibras23.png","width":350,"height":87,"caption":"Grupo Notibras de Comunica\u00e7\u00e3o"},"image":{"@id":"https:\/\/www.notibras.com\/site\/#\/schema\/logo\/image\/"},"sameAs":["https:\/\/www.facebook.com\/notibras\/","https:\/\/x.com\/Notibras","https:\/\/www.instagram.com\/notibras\/"]},{"@type":"Person","@id":"https:\/\/www.notibras.com\/site\/#\/schema\/person\/36ab0979449956132d3e5b517ea76ac8","name":"Reda\u00e7\u00e3o","image":{"@type":"ImageObject","inLanguage":"pt-BR","@id":"https:\/\/secure.gravatar.com\/avatar\/e0a867bdedb85fd243eadf09663511f96fc81e0720a4a42581f334ad4303aa6b?s=96&d=mm&r=g","url":"https:\/\/secure.gravatar.com\/avatar\/e0a867bdedb85fd243eadf09663511f96fc81e0720a4a42581f334ad4303aa6b?s=96&d=mm&r=g","contentUrl":"https:\/\/secure.gravatar.com\/avatar\/e0a867bdedb85fd243eadf09663511f96fc81e0720a4a42581f334ad4303aa6b?s=96&d=mm&r=g","caption":"Reda\u00e7\u00e3o"}}]}},"amp_enabled":true,"_links":{"self":[{"href":"https:\/\/www.notibras.com\/site\/wp-json\/wp\/v2\/posts\/7663","targetHints":{"allow":["GET"]}}],"collection":[{"href":"https:\/\/www.notibras.com\/site\/wp-json\/wp\/v2\/posts"}],"about":[{"href":"https:\/\/www.notibras.com\/site\/wp-json\/wp\/v2\/types\/post"}],"author":[{"embeddable":true,"href":"https:\/\/www.notibras.com\/site\/wp-json\/wp\/v2\/users\/2"}],"replies":[{"embeddable":true,"href":"https:\/\/www.notibras.com\/site\/wp-json\/wp\/v2\/comments?post=7663"}],"version-history":[{"count":0,"href":"https:\/\/www.notibras.com\/site\/wp-json\/wp\/v2\/posts\/7663\/revisions"}],"wp:featuredmedia":[{"embeddable":true,"href":"https:\/\/www.notibras.com\/site\/wp-json\/wp\/v2\/media\/7664"}],"wp:attachment":[{"href":"https:\/\/www.notibras.com\/site\/wp-json\/wp\/v2\/media?parent=7663"}],"wp:term":[{"taxonomy":"category","embeddable":true,"href":"https:\/\/www.notibras.com\/site\/wp-json\/wp\/v2\/categories?post=7663"},{"taxonomy":"post_tag","embeddable":true,"href":"https:\/\/www.notibras.com\/site\/wp-json\/wp\/v2\/tags?post=7663"}],"curies":[{"name":"wp","href":"https:\/\/api.w.org\/{rel}","templated":true}]}}