{"id":7710,"date":"2014-04-27T18:46:04","date_gmt":"2014-04-27T21:46:04","guid":{"rendered":"http:\/\/www.notibras.com\/site\/?p=7710"},"modified":"2014-05-07T21:12:34","modified_gmt":"2014-05-08T00:12:34","slug":"sao-paulo-corre-atras-do-prejuizo-e-empata-com-o-cruzeiro","status":"publish","type":"post","link":"https:\/\/www.notibras.com\/site\/sao-paulo-corre-atras-do-prejuizo-e-empata-com-o-cruzeiro\/","title":{"rendered":"S\u00e3o Paulo corre atr\u00e1s do preju\u00edzo e empata com o Cruzeiro"},"content":{"rendered":"<p>Em Uberl\u00e2ndia, no Est\u00e1dio Parque do Sabi\u00e1, o atual campe\u00e3o Cruzeiro recebeu o S\u00e3o Paulo diante da sua torcida e sofreu um amargo empate por 1 a 1 nos acr\u00e9scimos. J\u00falio Baptista marcou o gol que quase deu a vit\u00f3ria ao clube mineiro neste domingo, na segunda rodada do Campeonato Brasileiro, mas Antonio Carlos, no \u00faltimo ataque s\u00e3o-paulino, empatou de cabe\u00e7a.<\/p>\n<p class=\"text\">Mesmo jogando fora do Mineir\u00e3o, o Cruzeiro n\u00e3o encontrou problemas para mostrar superioridade dentro das quatro linhas, embora na primeira etapa ambas as equipes tenham criado poucas chances de gol. Coincidentemente, as melhores oportunidades de cada time vieram na bola parada.<\/p>\n<p class=\"text\">Para o Cruzeiro, o gol quase saiu aos 22min, quando \u00c9verton Ribeiro al\u00e7ou bola para a grande \u00e1rea e Ricardo Goulart, desmarcado, cabeceou \u00e0 esquerda da meta de Rog\u00e9rio Ceni. O pr\u00f3prio\u00a0goleiro-artilheiro s\u00e3o-paulino teve a oportunidade aos 41min de marcar mais uma vez contra uma de suas maiores v\u00edtimas, mas pegou muito embaixo da bola em uma falta pr\u00f3xima da meia lua e mandou por cima do gol defendido por F\u00e1bio.<\/p>\n<p class=\"text\">No retorno dos vesti\u00e1rios para a etapa complementar, o\u00a0Cruzeiro precisou de cinco minutos para abrir o marcador com J\u00falio Baptista, que cobrou falta precisa da entrada da \u00e1rea para o fundo das redes. Rog\u00e9rio Ceni nem se mexeu, apesar da bola ter passado bem pr\u00f3xima do seu posicionamento.<\/p>\n<p class=\"text\">Uma vez na frente no placar, o time da casa se soltou e come\u00e7ou a levar perigo \u00e0 meta advers\u00e1ria em jogadas de bola rolando, enquanto o clube visitante quase n\u00e3o amea\u00e7ou F\u00e1bio, que teve uma tarde tranquila no Parque do Sabi\u00e1 at\u00e9 os acr\u00e9scimos do segundo tempo, quando Antonio Carlos marcou de cabe\u00e7a ap\u00f3s uma cobran\u00e7a de falta de Osvaldo da intermedi\u00e1ria direto para a \u00e1rea cruzeirense.<\/p>\n<p class=\"text\">Na terceira rodada do Campeonato Brasileiro, o S\u00e3o Paulo recebe no pr\u00f3ximo s\u00e1bado, \u00e0s 18h30, o Coritiba no Est\u00e1dio Pacaembu. O Cruzeiro viaja para Bras\u00edlia para enfrentar o Atl\u00e9tico-PR no Est\u00e1dio Man\u00e9 Garrincha.<\/p>\n","protected":false},"excerpt":{"rendered":"<p>Em Uberl\u00e2ndia, no Est\u00e1dio Parque do Sabi\u00e1, o atual campe\u00e3o Cruzeiro recebeu o S\u00e3o Paulo diante da sua torcida e sofreu um amargo empate por 1 a 1 nos acr\u00e9scimos. J\u00falio Baptista marcou o gol que quase deu a vit\u00f3ria ao clube mineiro neste domingo, na segunda rodada do Campeonato Brasileiro, mas Antonio Carlos, no [&hellip;]<\/p>\n","protected":false},"author":2,"featured_media":7711,"comment_status":"open","ping_status":"closed","sticky":false,"template":"","format":"standard","meta":{"_acf_changed":false,"footnotes":""},"categories":[19,29],"tags":[],"class_list":["post-7710","post","type-post","status-publish","format-standard","has-post-thumbnail","hentry","category-esportes","category-futebol"],"acf":[],"yoast_head":"<!-- This site is optimized with the Yoast SEO plugin v27.2 - https:\/\/yoast.com\/product\/yoast-seo-wordpress\/ -->\n<title>S\u00e3o Paulo corre atr\u00e1s do preju\u00edzo e empata com o Cruzeiro - Notibras<\/title>\n<meta name=\"robots\" content=\"index, follow, max-snippet:-1, max-image-preview:large, max-video-preview:-1\" \/>\n<link rel=\"canonical\" href=\"https:\/\/www.notibras.com\/site\/sao-paulo-corre-atras-do-prejuizo-e-empata-com-o-cruzeiro\/\" \/>\n<meta property=\"og:locale\" content=\"pt_BR\" \/>\n<meta property=\"og:type\" content=\"article\" \/>\n<meta property=\"og:title\" content=\"S\u00e3o Paulo corre atr\u00e1s do preju\u00edzo e empata com o Cruzeiro - Notibras\" \/>\n<meta property=\"og:description\" content=\"Em Uberl\u00e2ndia, no Est\u00e1dio Parque do Sabi\u00e1, o atual campe\u00e3o Cruzeiro recebeu o S\u00e3o Paulo diante da sua torcida e sofreu um amargo empate por 1 a 1 nos acr\u00e9scimos. J\u00falio Baptista marcou o gol que quase deu a vit\u00f3ria ao clube mineiro neste domingo, na segunda rodada do Campeonato Brasileiro, mas Antonio Carlos, no [&hellip;]\" \/>\n<meta property=\"og:url\" content=\"https:\/\/www.notibras.com\/site\/sao-paulo-corre-atras-do-prejuizo-e-empata-com-o-cruzeiro\/\" \/>\n<meta property=\"og:site_name\" content=\"Notibras\" \/>\n<meta property=\"article:publisher\" content=\"https:\/\/www.facebook.com\/notibras\/\" \/>\n<meta property=\"article:published_time\" content=\"2014-04-27T21:46:04+00:00\" \/>\n<meta property=\"article:modified_time\" content=\"2014-05-08T00:12:34+00:00\" \/>\n<meta property=\"og:image\" content=\"https:\/\/www.notibras.com\/site\/wp-content\/uploads\/2014\/04\/patosaopauloceliomessiasal.jpg\" \/>\n\t<meta property=\"og:image:width\" content=\"750\" \/>\n\t<meta property=\"og:image:height\" content=\"500\" \/>\n\t<meta property=\"og:image:type\" content=\"image\/jpeg\" \/>\n<meta name=\"author\" content=\"Reda\u00e7\u00e3o\" \/>\n<meta name=\"twitter:card\" content=\"summary_large_image\" \/>\n<meta name=\"twitter:creator\" content=\"@Notibras\" \/>\n<meta name=\"twitter:site\" content=\"@Notibras\" \/>\n<meta name=\"twitter:label1\" content=\"Escrito por\" \/>\n\t<meta name=\"twitter:data1\" content=\"Reda\u00e7\u00e3o\" \/>\n\t<meta name=\"twitter:label2\" content=\"Est. tempo de leitura\" \/>\n\t<meta name=\"twitter:data2\" content=\"2 minutos\" \/>\n<script type=\"application\/ld+json\" class=\"yoast-schema-graph\">{\"@context\":\"https:\/\/schema.org\",\"@graph\":[{\"@type\":\"Article\",\"@id\":\"https:\/\/www.notibras.com\/site\/sao-paulo-corre-atras-do-prejuizo-e-empata-com-o-cruzeiro\/#article\",\"isPartOf\":{\"@id\":\"https:\/\/www.notibras.com\/site\/sao-paulo-corre-atras-do-prejuizo-e-empata-com-o-cruzeiro\/\"},\"author\":{\"name\":\"Reda\u00e7\u00e3o\",\"@id\":\"https:\/\/www.notibras.com\/site\/#\/schema\/person\/36ab0979449956132d3e5b517ea76ac8\"},\"headline\":\"S\u00e3o Paulo corre atr\u00e1s do preju\u00edzo e empata com o Cruzeiro\",\"datePublished\":\"2014-04-27T21:46:04+00:00\",\"dateModified\":\"2014-05-08T00:12:34+00:00\",\"mainEntityOfPage\":{\"@id\":\"https:\/\/www.notibras.com\/site\/sao-paulo-corre-atras-do-prejuizo-e-empata-com-o-cruzeiro\/\"},\"wordCount\":373,\"commentCount\":0,\"publisher\":{\"@id\":\"https:\/\/www.notibras.com\/site\/#organization\"},\"image\":{\"@id\":\"https:\/\/www.notibras.com\/site\/sao-paulo-corre-atras-do-prejuizo-e-empata-com-o-cruzeiro\/#primaryimage\"},\"thumbnailUrl\":\"https:\/\/www.notibras.com\/site\/wp-content\/uploads\/2014\/04\/patosaopauloceliomessiasal.jpg\",\"articleSection\":[\"Esportes\",\"Futebol\"],\"inLanguage\":\"pt-BR\",\"potentialAction\":[{\"@type\":\"CommentAction\",\"name\":\"Comment\",\"target\":[\"https:\/\/www.notibras.com\/site\/sao-paulo-corre-atras-do-prejuizo-e-empata-com-o-cruzeiro\/#respond\"]}]},{\"@type\":\"WebPage\",\"@id\":\"https:\/\/www.notibras.com\/site\/sao-paulo-corre-atras-do-prejuizo-e-empata-com-o-cruzeiro\/\",\"url\":\"https:\/\/www.notibras.com\/site\/sao-paulo-corre-atras-do-prejuizo-e-empata-com-o-cruzeiro\/\",\"name\":\"S\u00e3o Paulo corre atr\u00e1s do preju\u00edzo e empata com o Cruzeiro - Notibras\",\"isPartOf\":{\"@id\":\"https:\/\/www.notibras.com\/site\/#website\"},\"primaryImageOfPage\":{\"@id\":\"https:\/\/www.notibras.com\/site\/sao-paulo-corre-atras-do-prejuizo-e-empata-com-o-cruzeiro\/#primaryimage\"},\"image\":{\"@id\":\"https:\/\/www.notibras.com\/site\/sao-paulo-corre-atras-do-prejuizo-e-empata-com-o-cruzeiro\/#primaryimage\"},\"thumbnailUrl\":\"https:\/\/www.notibras.com\/site\/wp-content\/uploads\/2014\/04\/patosaopauloceliomessiasal.jpg\",\"datePublished\":\"2014-04-27T21:46:04+00:00\",\"dateModified\":\"2014-05-08T00:12:34+00:00\",\"breadcrumb\":{\"@id\":\"https:\/\/www.notibras.com\/site\/sao-paulo-corre-atras-do-prejuizo-e-empata-com-o-cruzeiro\/#breadcrumb\"},\"inLanguage\":\"pt-BR\",\"potentialAction\":[{\"@type\":\"ReadAction\",\"target\":[\"https:\/\/www.notibras.com\/site\/sao-paulo-corre-atras-do-prejuizo-e-empata-com-o-cruzeiro\/\"]}]},{\"@type\":\"ImageObject\",\"inLanguage\":\"pt-BR\",\"@id\":\"https:\/\/www.notibras.com\/site\/sao-paulo-corre-atras-do-prejuizo-e-empata-com-o-cruzeiro\/#primaryimage\",\"url\":\"https:\/\/www.notibras.com\/site\/wp-content\/uploads\/2014\/04\/patosaopauloceliomessiasal.jpg\",\"contentUrl\":\"https:\/\/www.notibras.com\/site\/wp-content\/uploads\/2014\/04\/patosaopauloceliomessiasal.jpg\",\"width\":750,\"height\":500},{\"@type\":\"BreadcrumbList\",\"@id\":\"https:\/\/www.notibras.com\/site\/sao-paulo-corre-atras-do-prejuizo-e-empata-com-o-cruzeiro\/#breadcrumb\",\"itemListElement\":[{\"@type\":\"ListItem\",\"position\":1,\"name\":\"In\u00edcio\",\"item\":\"https:\/\/www.notibras.com\/site\/\"},{\"@type\":\"ListItem\",\"position\":2,\"name\":\"S\u00e3o Paulo corre atr\u00e1s do preju\u00edzo e empata com o Cruzeiro\"}]},{\"@type\":\"WebSite\",\"@id\":\"https:\/\/www.notibras.com\/site\/#website\",\"url\":\"https:\/\/www.notibras.com\/site\/\",\"name\":\"Notibras\",\"description\":\"Not\u00edcias de Bras\u00edlia, do Brasil e do Mundo\",\"publisher\":{\"@id\":\"https:\/\/www.notibras.com\/site\/#organization\"},\"potentialAction\":[{\"@type\":\"SearchAction\",\"target\":{\"@type\":\"EntryPoint\",\"urlTemplate\":\"https:\/\/www.notibras.com\/site\/?s={search_term_string}\"},\"query-input\":{\"@type\":\"PropertyValueSpecification\",\"valueRequired\":true,\"valueName\":\"search_term_string\"}}],\"inLanguage\":\"pt-BR\"},{\"@type\":\"Organization\",\"@id\":\"https:\/\/www.notibras.com\/site\/#organization\",\"name\":\"Grupo Notibras de Comunica\u00e7\u00e3o\",\"url\":\"https:\/\/www.notibras.com\/site\/\",\"logo\":{\"@type\":\"ImageObject\",\"inLanguage\":\"pt-BR\",\"@id\":\"https:\/\/www.notibras.com\/site\/#\/schema\/logo\/image\/\",\"url\":\"https:\/\/www.notibras.com\/site\/wp-content\/uploads\/2023\/01\/notibras23.png\",\"contentUrl\":\"https:\/\/www.notibras.com\/site\/wp-content\/uploads\/2023\/01\/notibras23.png\",\"width\":350,\"height\":87,\"caption\":\"Grupo Notibras de Comunica\u00e7\u00e3o\"},\"image\":{\"@id\":\"https:\/\/www.notibras.com\/site\/#\/schema\/logo\/image\/\"},\"sameAs\":[\"https:\/\/www.facebook.com\/notibras\/\",\"https:\/\/x.com\/Notibras\",\"https:\/\/www.instagram.com\/notibras\/\"]},{\"@type\":\"Person\",\"@id\":\"https:\/\/www.notibras.com\/site\/#\/schema\/person\/36ab0979449956132d3e5b517ea76ac8\",\"name\":\"Reda\u00e7\u00e3o\",\"image\":{\"@type\":\"ImageObject\",\"inLanguage\":\"pt-BR\",\"@id\":\"https:\/\/secure.gravatar.com\/avatar\/e0a867bdedb85fd243eadf09663511f96fc81e0720a4a42581f334ad4303aa6b?s=96&d=mm&r=g\",\"url\":\"https:\/\/secure.gravatar.com\/avatar\/e0a867bdedb85fd243eadf09663511f96fc81e0720a4a42581f334ad4303aa6b?s=96&d=mm&r=g\",\"contentUrl\":\"https:\/\/secure.gravatar.com\/avatar\/e0a867bdedb85fd243eadf09663511f96fc81e0720a4a42581f334ad4303aa6b?s=96&d=mm&r=g\",\"caption\":\"Reda\u00e7\u00e3o\"}}]}<\/script>\n<!-- \/ Yoast SEO plugin. -->","yoast_head_json":{"title":"S\u00e3o Paulo corre atr\u00e1s do preju\u00edzo e empata com o Cruzeiro - Notibras","robots":{"index":"index","follow":"follow","max-snippet":"max-snippet:-1","max-image-preview":"max-image-preview:large","max-video-preview":"max-video-preview:-1"},"canonical":"https:\/\/www.notibras.com\/site\/sao-paulo-corre-atras-do-prejuizo-e-empata-com-o-cruzeiro\/","og_locale":"pt_BR","og_type":"article","og_title":"S\u00e3o Paulo corre atr\u00e1s do preju\u00edzo e empata com o Cruzeiro - Notibras","og_description":"Em Uberl\u00e2ndia, no Est\u00e1dio Parque do Sabi\u00e1, o atual campe\u00e3o Cruzeiro recebeu o S\u00e3o Paulo diante da sua torcida e sofreu um amargo empate por 1 a 1 nos acr\u00e9scimos. J\u00falio Baptista marcou o gol que quase deu a vit\u00f3ria ao clube mineiro neste domingo, na segunda rodada do Campeonato Brasileiro, mas Antonio Carlos, no [&hellip;]","og_url":"https:\/\/www.notibras.com\/site\/sao-paulo-corre-atras-do-prejuizo-e-empata-com-o-cruzeiro\/","og_site_name":"Notibras","article_publisher":"https:\/\/www.facebook.com\/notibras\/","article_published_time":"2014-04-27T21:46:04+00:00","article_modified_time":"2014-05-08T00:12:34+00:00","og_image":[{"width":750,"height":500,"url":"https:\/\/www.notibras.com\/site\/wp-content\/uploads\/2014\/04\/patosaopauloceliomessiasal.jpg","type":"image\/jpeg"}],"author":"Reda\u00e7\u00e3o","twitter_card":"summary_large_image","twitter_creator":"@Notibras","twitter_site":"@Notibras","twitter_misc":{"Escrito por":"Reda\u00e7\u00e3o","Est. tempo de leitura":"2 minutos"},"schema":{"@context":"https:\/\/schema.org","@graph":[{"@type":"Article","@id":"https:\/\/www.notibras.com\/site\/sao-paulo-corre-atras-do-prejuizo-e-empata-com-o-cruzeiro\/#article","isPartOf":{"@id":"https:\/\/www.notibras.com\/site\/sao-paulo-corre-atras-do-prejuizo-e-empata-com-o-cruzeiro\/"},"author":{"name":"Reda\u00e7\u00e3o","@id":"https:\/\/www.notibras.com\/site\/#\/schema\/person\/36ab0979449956132d3e5b517ea76ac8"},"headline":"S\u00e3o Paulo corre atr\u00e1s do preju\u00edzo e empata com o Cruzeiro","datePublished":"2014-04-27T21:46:04+00:00","dateModified":"2014-05-08T00:12:34+00:00","mainEntityOfPage":{"@id":"https:\/\/www.notibras.com\/site\/sao-paulo-corre-atras-do-prejuizo-e-empata-com-o-cruzeiro\/"},"wordCount":373,"commentCount":0,"publisher":{"@id":"https:\/\/www.notibras.com\/site\/#organization"},"image":{"@id":"https:\/\/www.notibras.com\/site\/sao-paulo-corre-atras-do-prejuizo-e-empata-com-o-cruzeiro\/#primaryimage"},"thumbnailUrl":"https:\/\/www.notibras.com\/site\/wp-content\/uploads\/2014\/04\/patosaopauloceliomessiasal.jpg","articleSection":["Esportes","Futebol"],"inLanguage":"pt-BR","potentialAction":[{"@type":"CommentAction","name":"Comment","target":["https:\/\/www.notibras.com\/site\/sao-paulo-corre-atras-do-prejuizo-e-empata-com-o-cruzeiro\/#respond"]}]},{"@type":"WebPage","@id":"https:\/\/www.notibras.com\/site\/sao-paulo-corre-atras-do-prejuizo-e-empata-com-o-cruzeiro\/","url":"https:\/\/www.notibras.com\/site\/sao-paulo-corre-atras-do-prejuizo-e-empata-com-o-cruzeiro\/","name":"S\u00e3o Paulo corre atr\u00e1s do preju\u00edzo e empata com o Cruzeiro - Notibras","isPartOf":{"@id":"https:\/\/www.notibras.com\/site\/#website"},"primaryImageOfPage":{"@id":"https:\/\/www.notibras.com\/site\/sao-paulo-corre-atras-do-prejuizo-e-empata-com-o-cruzeiro\/#primaryimage"},"image":{"@id":"https:\/\/www.notibras.com\/site\/sao-paulo-corre-atras-do-prejuizo-e-empata-com-o-cruzeiro\/#primaryimage"},"thumbnailUrl":"https:\/\/www.notibras.com\/site\/wp-content\/uploads\/2014\/04\/patosaopauloceliomessiasal.jpg","datePublished":"2014-04-27T21:46:04+00:00","dateModified":"2014-05-08T00:12:34+00:00","breadcrumb":{"@id":"https:\/\/www.notibras.com\/site\/sao-paulo-corre-atras-do-prejuizo-e-empata-com-o-cruzeiro\/#breadcrumb"},"inLanguage":"pt-BR","potentialAction":[{"@type":"ReadAction","target":["https:\/\/www.notibras.com\/site\/sao-paulo-corre-atras-do-prejuizo-e-empata-com-o-cruzeiro\/"]}]},{"@type":"ImageObject","inLanguage":"pt-BR","@id":"https:\/\/www.notibras.com\/site\/sao-paulo-corre-atras-do-prejuizo-e-empata-com-o-cruzeiro\/#primaryimage","url":"https:\/\/www.notibras.com\/site\/wp-content\/uploads\/2014\/04\/patosaopauloceliomessiasal.jpg","contentUrl":"https:\/\/www.notibras.com\/site\/wp-content\/uploads\/2014\/04\/patosaopauloceliomessiasal.jpg","width":750,"height":500},{"@type":"BreadcrumbList","@id":"https:\/\/www.notibras.com\/site\/sao-paulo-corre-atras-do-prejuizo-e-empata-com-o-cruzeiro\/#breadcrumb","itemListElement":[{"@type":"ListItem","position":1,"name":"In\u00edcio","item":"https:\/\/www.notibras.com\/site\/"},{"@type":"ListItem","position":2,"name":"S\u00e3o Paulo corre atr\u00e1s do preju\u00edzo e empata com o Cruzeiro"}]},{"@type":"WebSite","@id":"https:\/\/www.notibras.com\/site\/#website","url":"https:\/\/www.notibras.com\/site\/","name":"Notibras","description":"Not\u00edcias de Bras\u00edlia, do Brasil e do Mundo","publisher":{"@id":"https:\/\/www.notibras.com\/site\/#organization"},"potentialAction":[{"@type":"SearchAction","target":{"@type":"EntryPoint","urlTemplate":"https:\/\/www.notibras.com\/site\/?s={search_term_string}"},"query-input":{"@type":"PropertyValueSpecification","valueRequired":true,"valueName":"search_term_string"}}],"inLanguage":"pt-BR"},{"@type":"Organization","@id":"https:\/\/www.notibras.com\/site\/#organization","name":"Grupo Notibras de Comunica\u00e7\u00e3o","url":"https:\/\/www.notibras.com\/site\/","logo":{"@type":"ImageObject","inLanguage":"pt-BR","@id":"https:\/\/www.notibras.com\/site\/#\/schema\/logo\/image\/","url":"https:\/\/www.notibras.com\/site\/wp-content\/uploads\/2023\/01\/notibras23.png","contentUrl":"https:\/\/www.notibras.com\/site\/wp-content\/uploads\/2023\/01\/notibras23.png","width":350,"height":87,"caption":"Grupo Notibras de Comunica\u00e7\u00e3o"},"image":{"@id":"https:\/\/www.notibras.com\/site\/#\/schema\/logo\/image\/"},"sameAs":["https:\/\/www.facebook.com\/notibras\/","https:\/\/x.com\/Notibras","https:\/\/www.instagram.com\/notibras\/"]},{"@type":"Person","@id":"https:\/\/www.notibras.com\/site\/#\/schema\/person\/36ab0979449956132d3e5b517ea76ac8","name":"Reda\u00e7\u00e3o","image":{"@type":"ImageObject","inLanguage":"pt-BR","@id":"https:\/\/secure.gravatar.com\/avatar\/e0a867bdedb85fd243eadf09663511f96fc81e0720a4a42581f334ad4303aa6b?s=96&d=mm&r=g","url":"https:\/\/secure.gravatar.com\/avatar\/e0a867bdedb85fd243eadf09663511f96fc81e0720a4a42581f334ad4303aa6b?s=96&d=mm&r=g","contentUrl":"https:\/\/secure.gravatar.com\/avatar\/e0a867bdedb85fd243eadf09663511f96fc81e0720a4a42581f334ad4303aa6b?s=96&d=mm&r=g","caption":"Reda\u00e7\u00e3o"}}]}},"amp_enabled":true,"_links":{"self":[{"href":"https:\/\/www.notibras.com\/site\/wp-json\/wp\/v2\/posts\/7710","targetHints":{"allow":["GET"]}}],"collection":[{"href":"https:\/\/www.notibras.com\/site\/wp-json\/wp\/v2\/posts"}],"about":[{"href":"https:\/\/www.notibras.com\/site\/wp-json\/wp\/v2\/types\/post"}],"author":[{"embeddable":true,"href":"https:\/\/www.notibras.com\/site\/wp-json\/wp\/v2\/users\/2"}],"replies":[{"embeddable":true,"href":"https:\/\/www.notibras.com\/site\/wp-json\/wp\/v2\/comments?post=7710"}],"version-history":[{"count":0,"href":"https:\/\/www.notibras.com\/site\/wp-json\/wp\/v2\/posts\/7710\/revisions"}],"wp:featuredmedia":[{"embeddable":true,"href":"https:\/\/www.notibras.com\/site\/wp-json\/wp\/v2\/media\/7711"}],"wp:attachment":[{"href":"https:\/\/www.notibras.com\/site\/wp-json\/wp\/v2\/media?parent=7710"}],"wp:term":[{"taxonomy":"category","embeddable":true,"href":"https:\/\/www.notibras.com\/site\/wp-json\/wp\/v2\/categories?post=7710"},{"taxonomy":"post_tag","embeddable":true,"href":"https:\/\/www.notibras.com\/site\/wp-json\/wp\/v2\/tags?post=7710"}],"curies":[{"name":"wp","href":"https:\/\/api.w.org\/{rel}","templated":true}]}}