{"id":7713,"date":"2014-04-27T18:49:59","date_gmt":"2014-04-27T21:49:59","guid":{"rendered":"http:\/\/www.notibras.com\/site\/?p=7713"},"modified":"2014-05-07T21:10:19","modified_gmt":"2014-05-08T00:10:19","slug":"botafogo-se-recupera-de-susto-reage-e-empata-na-garra-com-inter","status":"publish","type":"post","link":"https:\/\/www.notibras.com\/site\/botafogo-se-recupera-de-susto-reage-e-empata-na-garra-com-inter\/","title":{"rendered":"Botafogo se recupera de susto, reage e empata na garra com Inter"},"content":{"rendered":"<p>Emerson teve uma estreia quase perfeita pelo Botafogo, neste domingo. Ap\u00f3s um primeiro tempo apagado, o atacante comandou a rea\u00e7\u00e3o do time contra o Internacional. N\u00e3o foi o bastante para conseguir a vit\u00f3ria &#8211; o jogo terminou empatado por 2 a 2.<\/p>\n<p>Mas o rec\u00e9m-contratado fez um gol, deu passe para outro e j\u00e1 ganhou moral com a torcida alvinegra do Rio. Para os ga\u00fachos o resultado foi frustrante, pois come\u00e7aram dominando o jogo, mas recuaram demais e sofreram o empate no final. Agora est\u00e3o com quatro pontos, enquanto o Botafogo tem apenas um no Campeonato Brasileiro.<\/p>\n<p class=\"text\">O Inter come\u00e7ou o jogo com um jornada inspirada dos seus meio-campistas. O jovem Valdivia foi o primeiro a se destacar, com uma boa jogada e um cabeceio perigoso. Mas foi o volante Ar\u00e1nguiz que se mostrou mais eficiente: aos 8min, ele driblou J\u00falio C\u00e9sar e fez um cruzamento perfeito para Rafael Moura finalizar para o gol.<\/p>\n<p class=\"text\">Depois do gol, o Botafogo at\u00e9 acordou, criou chances e obrigou o Inter a recuar. Teve chances com Zeballos, Lodeiro e a melhor delas com Lucas, que errou ao tentar encobrir Dida. Por\u00e9m,\u00a0apesar dos sustos, o Inter tinha seus meias inspirados e foi dos p\u00e9s de Valdivia que saiu o segundo gol. Ele aplicou um belo corte na \u00e1rea e rolou para Rafael Moura ser oportunista de novo e marcar o segundo gol.<\/p>\n<p class=\"text\">S\u00f3 sobrava ao Botafogo tentar substitui\u00e7\u00f5es para mudar o jogo.\u00a0J\u00falio C\u00e9sar e Jorge Wagner deram lugar para Junior Cesar e Daniel, respectivamente. E logo aos 3min o time j\u00e1 teve uma chance de gol, desperdi\u00e7ada por Emerson: ap\u00f3s cruzamento, o atacante ficou sozinho e dominou a bola perto da marca de p\u00eanalti, mas chutou para longe.<\/p>\n<p class=\"text\">Mas logo ele se redimiu, j\u00e1 que a rea\u00e7\u00e3o do Botafogo veio com dois jogadores que tinham errado anteriormente: Lucas fez um \u00f3timo cruzamento exatamente para Emerson, que dessa vez conseguiu finalizar para o gol, com um toque de cabe\u00e7a. Ele subiu alto,\u00a0caiu de mal jeito e nem comemorou o gol, mas ignorou as dores no ombro e continuou jogando.<\/p>\n<p class=\"text\">O gol acordou a torcida no Maracan\u00e3, o que fez o Botafogo pressionar o Inter. O time ga\u00facho at\u00e9 levou perigo em contra-ataques, mas Jefferson estava inspirado. E\u00a0ent\u00e3o foi consolidada\u00a0a rea\u00e7\u00e3o alvinegra aos 30min, ap\u00f3s outro bom cruzamento vindo da direita. Emerson lan\u00e7ou para Zeballos, que se jogou na \u00e1rea e desviou para o gol.<\/p>\n<p class=\"text\">O empate esquentou o clima no Maracan\u00e3, que passou a ser palco para provoca\u00e7\u00f5es, faltas duras e muitas discuss\u00f5es entre os dois times. O futebol foi deixado de lado e por isso finalmente as emo\u00e7\u00f5es ficaram mais controladas, deixando tudo igual no placar.<\/p>\n","protected":false},"excerpt":{"rendered":"<p>Emerson teve uma estreia quase perfeita pelo Botafogo, neste domingo. Ap\u00f3s um primeiro tempo apagado, o atacante comandou a rea\u00e7\u00e3o do time contra o Internacional. N\u00e3o foi o bastante para conseguir a vit\u00f3ria &#8211; o jogo terminou empatado por 2 a 2. Mas o rec\u00e9m-contratado fez um gol, deu passe para outro e j\u00e1 ganhou [&hellip;]<\/p>\n","protected":false},"author":2,"featured_media":7714,"comment_status":"open","ping_status":"closed","sticky":false,"template":"","format":"standard","meta":{"_acf_changed":false,"footnotes":""},"categories":[19,29],"tags":[],"class_list":["post-7713","post","type-post","status-publish","format-standard","has-post-thumbnail","hentry","category-esportes","category-futebol"],"acf":[],"yoast_head":"<!-- This site is optimized with the Yoast SEO plugin v27.2 - https:\/\/yoast.com\/product\/yoast-seo-wordpress\/ -->\n<title>Botafogo se recupera de susto, reage e empata na garra com Inter - Notibras<\/title>\n<meta name=\"robots\" content=\"index, follow, max-snippet:-1, max-image-preview:large, max-video-preview:-1\" \/>\n<link rel=\"canonical\" href=\"https:\/\/www.notibras.com\/site\/botafogo-se-recupera-de-susto-reage-e-empata-na-garra-com-inter\/\" \/>\n<meta property=\"og:locale\" content=\"pt_BR\" \/>\n<meta property=\"og:type\" content=\"article\" \/>\n<meta property=\"og:title\" content=\"Botafogo se recupera de susto, reage e empata na garra com Inter - Notibras\" \/>\n<meta property=\"og:description\" content=\"Emerson teve uma estreia quase perfeita pelo Botafogo, neste domingo. Ap\u00f3s um primeiro tempo apagado, o atacante comandou a rea\u00e7\u00e3o do time contra o Internacional. N\u00e3o foi o bastante para conseguir a vit\u00f3ria &#8211; o jogo terminou empatado por 2 a 2. Mas o rec\u00e9m-contratado fez um gol, deu passe para outro e j\u00e1 ganhou [&hellip;]\" \/>\n<meta property=\"og:url\" content=\"https:\/\/www.notibras.com\/site\/botafogo-se-recupera-de-susto-reage-e-empata-na-garra-com-inter\/\" \/>\n<meta property=\"og:site_name\" content=\"Notibras\" \/>\n<meta property=\"article:publisher\" content=\"https:\/\/www.facebook.com\/notibras\/\" \/>\n<meta property=\"article:published_time\" content=\"2014-04-27T21:49:59+00:00\" \/>\n<meta property=\"article:modified_time\" content=\"2014-05-08T00:10:19+00:00\" \/>\n<meta property=\"og:image\" content=\"https:\/\/www.notibras.com\/site\/wp-content\/uploads\/2014\/04\/emersonzeballospaulosergioal.jpg\" \/>\n\t<meta property=\"og:image:width\" content=\"460\" \/>\n\t<meta property=\"og:image:height\" content=\"340\" \/>\n\t<meta property=\"og:image:type\" content=\"image\/jpeg\" \/>\n<meta name=\"author\" content=\"Reda\u00e7\u00e3o\" \/>\n<meta name=\"twitter:card\" content=\"summary_large_image\" \/>\n<meta name=\"twitter:creator\" content=\"@Notibras\" \/>\n<meta name=\"twitter:site\" content=\"@Notibras\" \/>\n<meta name=\"twitter:label1\" content=\"Escrito por\" \/>\n\t<meta name=\"twitter:data1\" content=\"Reda\u00e7\u00e3o\" \/>\n\t<meta name=\"twitter:label2\" content=\"Est. tempo de leitura\" \/>\n\t<meta name=\"twitter:data2\" content=\"2 minutos\" \/>\n<script type=\"application\/ld+json\" class=\"yoast-schema-graph\">{\"@context\":\"https:\/\/schema.org\",\"@graph\":[{\"@type\":\"Article\",\"@id\":\"https:\/\/www.notibras.com\/site\/botafogo-se-recupera-de-susto-reage-e-empata-na-garra-com-inter\/#article\",\"isPartOf\":{\"@id\":\"https:\/\/www.notibras.com\/site\/botafogo-se-recupera-de-susto-reage-e-empata-na-garra-com-inter\/\"},\"author\":{\"name\":\"Reda\u00e7\u00e3o\",\"@id\":\"https:\/\/www.notibras.com\/site\/#\/schema\/person\/36ab0979449956132d3e5b517ea76ac8\"},\"headline\":\"Botafogo se recupera de susto, reage e empata na garra com Inter\",\"datePublished\":\"2014-04-27T21:49:59+00:00\",\"dateModified\":\"2014-05-08T00:10:19+00:00\",\"mainEntityOfPage\":{\"@id\":\"https:\/\/www.notibras.com\/site\/botafogo-se-recupera-de-susto-reage-e-empata-na-garra-com-inter\/\"},\"wordCount\":486,\"commentCount\":0,\"publisher\":{\"@id\":\"https:\/\/www.notibras.com\/site\/#organization\"},\"image\":{\"@id\":\"https:\/\/www.notibras.com\/site\/botafogo-se-recupera-de-susto-reage-e-empata-na-garra-com-inter\/#primaryimage\"},\"thumbnailUrl\":\"https:\/\/www.notibras.com\/site\/wp-content\/uploads\/2014\/04\/emersonzeballospaulosergioal.jpg\",\"articleSection\":[\"Esportes\",\"Futebol\"],\"inLanguage\":\"pt-BR\",\"potentialAction\":[{\"@type\":\"CommentAction\",\"name\":\"Comment\",\"target\":[\"https:\/\/www.notibras.com\/site\/botafogo-se-recupera-de-susto-reage-e-empata-na-garra-com-inter\/#respond\"]}]},{\"@type\":\"WebPage\",\"@id\":\"https:\/\/www.notibras.com\/site\/botafogo-se-recupera-de-susto-reage-e-empata-na-garra-com-inter\/\",\"url\":\"https:\/\/www.notibras.com\/site\/botafogo-se-recupera-de-susto-reage-e-empata-na-garra-com-inter\/\",\"name\":\"Botafogo se recupera de susto, reage e empata na garra com Inter - Notibras\",\"isPartOf\":{\"@id\":\"https:\/\/www.notibras.com\/site\/#website\"},\"primaryImageOfPage\":{\"@id\":\"https:\/\/www.notibras.com\/site\/botafogo-se-recupera-de-susto-reage-e-empata-na-garra-com-inter\/#primaryimage\"},\"image\":{\"@id\":\"https:\/\/www.notibras.com\/site\/botafogo-se-recupera-de-susto-reage-e-empata-na-garra-com-inter\/#primaryimage\"},\"thumbnailUrl\":\"https:\/\/www.notibras.com\/site\/wp-content\/uploads\/2014\/04\/emersonzeballospaulosergioal.jpg\",\"datePublished\":\"2014-04-27T21:49:59+00:00\",\"dateModified\":\"2014-05-08T00:10:19+00:00\",\"breadcrumb\":{\"@id\":\"https:\/\/www.notibras.com\/site\/botafogo-se-recupera-de-susto-reage-e-empata-na-garra-com-inter\/#breadcrumb\"},\"inLanguage\":\"pt-BR\",\"potentialAction\":[{\"@type\":\"ReadAction\",\"target\":[\"https:\/\/www.notibras.com\/site\/botafogo-se-recupera-de-susto-reage-e-empata-na-garra-com-inter\/\"]}]},{\"@type\":\"ImageObject\",\"inLanguage\":\"pt-BR\",\"@id\":\"https:\/\/www.notibras.com\/site\/botafogo-se-recupera-de-susto-reage-e-empata-na-garra-com-inter\/#primaryimage\",\"url\":\"https:\/\/www.notibras.com\/site\/wp-content\/uploads\/2014\/04\/emersonzeballospaulosergioal.jpg\",\"contentUrl\":\"https:\/\/www.notibras.com\/site\/wp-content\/uploads\/2014\/04\/emersonzeballospaulosergioal.jpg\",\"width\":460,\"height\":340},{\"@type\":\"BreadcrumbList\",\"@id\":\"https:\/\/www.notibras.com\/site\/botafogo-se-recupera-de-susto-reage-e-empata-na-garra-com-inter\/#breadcrumb\",\"itemListElement\":[{\"@type\":\"ListItem\",\"position\":1,\"name\":\"In\u00edcio\",\"item\":\"https:\/\/www.notibras.com\/site\/\"},{\"@type\":\"ListItem\",\"position\":2,\"name\":\"Botafogo se recupera de susto, reage e empata na garra com Inter\"}]},{\"@type\":\"WebSite\",\"@id\":\"https:\/\/www.notibras.com\/site\/#website\",\"url\":\"https:\/\/www.notibras.com\/site\/\",\"name\":\"Notibras\",\"description\":\"Not\u00edcias de Bras\u00edlia, do Brasil e do Mundo\",\"publisher\":{\"@id\":\"https:\/\/www.notibras.com\/site\/#organization\"},\"potentialAction\":[{\"@type\":\"SearchAction\",\"target\":{\"@type\":\"EntryPoint\",\"urlTemplate\":\"https:\/\/www.notibras.com\/site\/?s={search_term_string}\"},\"query-input\":{\"@type\":\"PropertyValueSpecification\",\"valueRequired\":true,\"valueName\":\"search_term_string\"}}],\"inLanguage\":\"pt-BR\"},{\"@type\":\"Organization\",\"@id\":\"https:\/\/www.notibras.com\/site\/#organization\",\"name\":\"Grupo Notibras de Comunica\u00e7\u00e3o\",\"url\":\"https:\/\/www.notibras.com\/site\/\",\"logo\":{\"@type\":\"ImageObject\",\"inLanguage\":\"pt-BR\",\"@id\":\"https:\/\/www.notibras.com\/site\/#\/schema\/logo\/image\/\",\"url\":\"https:\/\/www.notibras.com\/site\/wp-content\/uploads\/2023\/01\/notibras23.png\",\"contentUrl\":\"https:\/\/www.notibras.com\/site\/wp-content\/uploads\/2023\/01\/notibras23.png\",\"width\":350,\"height\":87,\"caption\":\"Grupo Notibras de Comunica\u00e7\u00e3o\"},\"image\":{\"@id\":\"https:\/\/www.notibras.com\/site\/#\/schema\/logo\/image\/\"},\"sameAs\":[\"https:\/\/www.facebook.com\/notibras\/\",\"https:\/\/x.com\/Notibras\",\"https:\/\/www.instagram.com\/notibras\/\"]},{\"@type\":\"Person\",\"@id\":\"https:\/\/www.notibras.com\/site\/#\/schema\/person\/36ab0979449956132d3e5b517ea76ac8\",\"name\":\"Reda\u00e7\u00e3o\",\"image\":{\"@type\":\"ImageObject\",\"inLanguage\":\"pt-BR\",\"@id\":\"https:\/\/secure.gravatar.com\/avatar\/e0a867bdedb85fd243eadf09663511f96fc81e0720a4a42581f334ad4303aa6b?s=96&d=mm&r=g\",\"url\":\"https:\/\/secure.gravatar.com\/avatar\/e0a867bdedb85fd243eadf09663511f96fc81e0720a4a42581f334ad4303aa6b?s=96&d=mm&r=g\",\"contentUrl\":\"https:\/\/secure.gravatar.com\/avatar\/e0a867bdedb85fd243eadf09663511f96fc81e0720a4a42581f334ad4303aa6b?s=96&d=mm&r=g\",\"caption\":\"Reda\u00e7\u00e3o\"}}]}<\/script>\n<!-- \/ Yoast SEO plugin. -->","yoast_head_json":{"title":"Botafogo se recupera de susto, reage e empata na garra com Inter - Notibras","robots":{"index":"index","follow":"follow","max-snippet":"max-snippet:-1","max-image-preview":"max-image-preview:large","max-video-preview":"max-video-preview:-1"},"canonical":"https:\/\/www.notibras.com\/site\/botafogo-se-recupera-de-susto-reage-e-empata-na-garra-com-inter\/","og_locale":"pt_BR","og_type":"article","og_title":"Botafogo se recupera de susto, reage e empata na garra com Inter - Notibras","og_description":"Emerson teve uma estreia quase perfeita pelo Botafogo, neste domingo. Ap\u00f3s um primeiro tempo apagado, o atacante comandou a rea\u00e7\u00e3o do time contra o Internacional. N\u00e3o foi o bastante para conseguir a vit\u00f3ria &#8211; o jogo terminou empatado por 2 a 2. Mas o rec\u00e9m-contratado fez um gol, deu passe para outro e j\u00e1 ganhou [&hellip;]","og_url":"https:\/\/www.notibras.com\/site\/botafogo-se-recupera-de-susto-reage-e-empata-na-garra-com-inter\/","og_site_name":"Notibras","article_publisher":"https:\/\/www.facebook.com\/notibras\/","article_published_time":"2014-04-27T21:49:59+00:00","article_modified_time":"2014-05-08T00:10:19+00:00","og_image":[{"width":460,"height":340,"url":"https:\/\/www.notibras.com\/site\/wp-content\/uploads\/2014\/04\/emersonzeballospaulosergioal.jpg","type":"image\/jpeg"}],"author":"Reda\u00e7\u00e3o","twitter_card":"summary_large_image","twitter_creator":"@Notibras","twitter_site":"@Notibras","twitter_misc":{"Escrito por":"Reda\u00e7\u00e3o","Est. tempo de leitura":"2 minutos"},"schema":{"@context":"https:\/\/schema.org","@graph":[{"@type":"Article","@id":"https:\/\/www.notibras.com\/site\/botafogo-se-recupera-de-susto-reage-e-empata-na-garra-com-inter\/#article","isPartOf":{"@id":"https:\/\/www.notibras.com\/site\/botafogo-se-recupera-de-susto-reage-e-empata-na-garra-com-inter\/"},"author":{"name":"Reda\u00e7\u00e3o","@id":"https:\/\/www.notibras.com\/site\/#\/schema\/person\/36ab0979449956132d3e5b517ea76ac8"},"headline":"Botafogo se recupera de susto, reage e empata na garra com Inter","datePublished":"2014-04-27T21:49:59+00:00","dateModified":"2014-05-08T00:10:19+00:00","mainEntityOfPage":{"@id":"https:\/\/www.notibras.com\/site\/botafogo-se-recupera-de-susto-reage-e-empata-na-garra-com-inter\/"},"wordCount":486,"commentCount":0,"publisher":{"@id":"https:\/\/www.notibras.com\/site\/#organization"},"image":{"@id":"https:\/\/www.notibras.com\/site\/botafogo-se-recupera-de-susto-reage-e-empata-na-garra-com-inter\/#primaryimage"},"thumbnailUrl":"https:\/\/www.notibras.com\/site\/wp-content\/uploads\/2014\/04\/emersonzeballospaulosergioal.jpg","articleSection":["Esportes","Futebol"],"inLanguage":"pt-BR","potentialAction":[{"@type":"CommentAction","name":"Comment","target":["https:\/\/www.notibras.com\/site\/botafogo-se-recupera-de-susto-reage-e-empata-na-garra-com-inter\/#respond"]}]},{"@type":"WebPage","@id":"https:\/\/www.notibras.com\/site\/botafogo-se-recupera-de-susto-reage-e-empata-na-garra-com-inter\/","url":"https:\/\/www.notibras.com\/site\/botafogo-se-recupera-de-susto-reage-e-empata-na-garra-com-inter\/","name":"Botafogo se recupera de susto, reage e empata na garra com Inter - Notibras","isPartOf":{"@id":"https:\/\/www.notibras.com\/site\/#website"},"primaryImageOfPage":{"@id":"https:\/\/www.notibras.com\/site\/botafogo-se-recupera-de-susto-reage-e-empata-na-garra-com-inter\/#primaryimage"},"image":{"@id":"https:\/\/www.notibras.com\/site\/botafogo-se-recupera-de-susto-reage-e-empata-na-garra-com-inter\/#primaryimage"},"thumbnailUrl":"https:\/\/www.notibras.com\/site\/wp-content\/uploads\/2014\/04\/emersonzeballospaulosergioal.jpg","datePublished":"2014-04-27T21:49:59+00:00","dateModified":"2014-05-08T00:10:19+00:00","breadcrumb":{"@id":"https:\/\/www.notibras.com\/site\/botafogo-se-recupera-de-susto-reage-e-empata-na-garra-com-inter\/#breadcrumb"},"inLanguage":"pt-BR","potentialAction":[{"@type":"ReadAction","target":["https:\/\/www.notibras.com\/site\/botafogo-se-recupera-de-susto-reage-e-empata-na-garra-com-inter\/"]}]},{"@type":"ImageObject","inLanguage":"pt-BR","@id":"https:\/\/www.notibras.com\/site\/botafogo-se-recupera-de-susto-reage-e-empata-na-garra-com-inter\/#primaryimage","url":"https:\/\/www.notibras.com\/site\/wp-content\/uploads\/2014\/04\/emersonzeballospaulosergioal.jpg","contentUrl":"https:\/\/www.notibras.com\/site\/wp-content\/uploads\/2014\/04\/emersonzeballospaulosergioal.jpg","width":460,"height":340},{"@type":"BreadcrumbList","@id":"https:\/\/www.notibras.com\/site\/botafogo-se-recupera-de-susto-reage-e-empata-na-garra-com-inter\/#breadcrumb","itemListElement":[{"@type":"ListItem","position":1,"name":"In\u00edcio","item":"https:\/\/www.notibras.com\/site\/"},{"@type":"ListItem","position":2,"name":"Botafogo se recupera de susto, reage e empata na garra com Inter"}]},{"@type":"WebSite","@id":"https:\/\/www.notibras.com\/site\/#website","url":"https:\/\/www.notibras.com\/site\/","name":"Notibras","description":"Not\u00edcias de Bras\u00edlia, do Brasil e do Mundo","publisher":{"@id":"https:\/\/www.notibras.com\/site\/#organization"},"potentialAction":[{"@type":"SearchAction","target":{"@type":"EntryPoint","urlTemplate":"https:\/\/www.notibras.com\/site\/?s={search_term_string}"},"query-input":{"@type":"PropertyValueSpecification","valueRequired":true,"valueName":"search_term_string"}}],"inLanguage":"pt-BR"},{"@type":"Organization","@id":"https:\/\/www.notibras.com\/site\/#organization","name":"Grupo Notibras de Comunica\u00e7\u00e3o","url":"https:\/\/www.notibras.com\/site\/","logo":{"@type":"ImageObject","inLanguage":"pt-BR","@id":"https:\/\/www.notibras.com\/site\/#\/schema\/logo\/image\/","url":"https:\/\/www.notibras.com\/site\/wp-content\/uploads\/2023\/01\/notibras23.png","contentUrl":"https:\/\/www.notibras.com\/site\/wp-content\/uploads\/2023\/01\/notibras23.png","width":350,"height":87,"caption":"Grupo Notibras de Comunica\u00e7\u00e3o"},"image":{"@id":"https:\/\/www.notibras.com\/site\/#\/schema\/logo\/image\/"},"sameAs":["https:\/\/www.facebook.com\/notibras\/","https:\/\/x.com\/Notibras","https:\/\/www.instagram.com\/notibras\/"]},{"@type":"Person","@id":"https:\/\/www.notibras.com\/site\/#\/schema\/person\/36ab0979449956132d3e5b517ea76ac8","name":"Reda\u00e7\u00e3o","image":{"@type":"ImageObject","inLanguage":"pt-BR","@id":"https:\/\/secure.gravatar.com\/avatar\/e0a867bdedb85fd243eadf09663511f96fc81e0720a4a42581f334ad4303aa6b?s=96&d=mm&r=g","url":"https:\/\/secure.gravatar.com\/avatar\/e0a867bdedb85fd243eadf09663511f96fc81e0720a4a42581f334ad4303aa6b?s=96&d=mm&r=g","contentUrl":"https:\/\/secure.gravatar.com\/avatar\/e0a867bdedb85fd243eadf09663511f96fc81e0720a4a42581f334ad4303aa6b?s=96&d=mm&r=g","caption":"Reda\u00e7\u00e3o"}}]}},"amp_enabled":true,"_links":{"self":[{"href":"https:\/\/www.notibras.com\/site\/wp-json\/wp\/v2\/posts\/7713","targetHints":{"allow":["GET"]}}],"collection":[{"href":"https:\/\/www.notibras.com\/site\/wp-json\/wp\/v2\/posts"}],"about":[{"href":"https:\/\/www.notibras.com\/site\/wp-json\/wp\/v2\/types\/post"}],"author":[{"embeddable":true,"href":"https:\/\/www.notibras.com\/site\/wp-json\/wp\/v2\/users\/2"}],"replies":[{"embeddable":true,"href":"https:\/\/www.notibras.com\/site\/wp-json\/wp\/v2\/comments?post=7713"}],"version-history":[{"count":0,"href":"https:\/\/www.notibras.com\/site\/wp-json\/wp\/v2\/posts\/7713\/revisions"}],"wp:featuredmedia":[{"embeddable":true,"href":"https:\/\/www.notibras.com\/site\/wp-json\/wp\/v2\/media\/7714"}],"wp:attachment":[{"href":"https:\/\/www.notibras.com\/site\/wp-json\/wp\/v2\/media?parent=7713"}],"wp:term":[{"taxonomy":"category","embeddable":true,"href":"https:\/\/www.notibras.com\/site\/wp-json\/wp\/v2\/categories?post=7713"},{"taxonomy":"post_tag","embeddable":true,"href":"https:\/\/www.notibras.com\/site\/wp-json\/wp\/v2\/tags?post=7713"}],"curies":[{"name":"wp","href":"https:\/\/api.w.org\/{rel}","templated":true}]}}