{"id":77192,"date":"2015-11-19T22:23:20","date_gmt":"2015-11-20T00:23:20","guid":{"rendered":"http:\/\/www.notibras.com\/site\/?p=77192"},"modified":"2015-11-20T19:13:24","modified_gmt":"2015-11-20T21:13:24","slug":"faroeste-caboclo-ii-fraga-a-fera-encara-assis-o-pai-da-bela","status":"publish","type":"post","link":"https:\/\/www.notibras.com\/site\/faroeste-caboclo-ii-fraga-a-fera-encara-assis-o-pai-da-bela\/","title":{"rendered":"Faroeste Caboclo, parte II. Fraga, a Fera, encara Assis, o pai da Bela"},"content":{"rendered":"<p>Vem do S\u00e9culo XVIII o conto A Bela e a Fera. O Distrito Federal \u00e9 um cen\u00e1rio perfeito para mais uma vers\u00e3o, entre tantas outras, da est\u00f3ria original de Gabrielle Barbot, a Dama de Villeneuve. Entre as vers\u00f5es, h\u00e1 pelo menos uma que acontece em um castelo encantado que serviu de ref\u00fagio para o mercador, pai de Bela, que ali encontrou abrigo e alimento.<\/p>\n<p>Bras\u00edlia oferece muitos castelos encantados, alguns servem pratos elaborados para clientes habituais com mesa cativa. Nem sempre, embora tamb\u00e9m mercadores, esses pais de belas t\u00eam comportamento acima de qualquer suspeita.<\/p>\n<p>Foi em um desses castelos da culin\u00e1ria, conhecido como Trattoria Ros\u00e1rio, instalado em bairro nobre de Bras\u00edlia, que Silvio Assis, que propaga ser pai da bela que preside a C\u00e2mara Legislativa do DF, foi encontrado pela Fera: o deputado federal Alberto Fraga.<\/p>\n<p>Na v\u00e9spera, por telefone, Assis disparou insultos que Fraga n\u00e3o engoliu. Encontrado pela Fera no dia seguinte, quando degustava focaccia e bom vinho pagos por fontes n\u00e3o reveladas, Silvio Assis engoliu em seco o dedo em riste de Fraga no seu nariz.<\/p>\n<p>O assunto da disc\u00f3rdia envolve d\u00edvidas feitas e n\u00e3o honradas pelo pai da Bela com fornecedores no Distrito Federal. Pelo hist\u00f3rico de Assis, segundo fontes, n\u00e3o h\u00e1 novidade nisso. Ele consegue, ainda, envolver incautos com bravatas e ostenta\u00e7\u00e3o.<\/p>\n<p>Sentados \u00e0 mesa, pelo menos meia d\u00fazia de renomados jornalistas presenciou o epis\u00f3dio. Esses profissionais aparentemente foram aliciados para um novo mecanismo de opera\u00e7\u00e3o de Assis e rendidos aos seus encantos. Dizem que n\u00e3o haver\u00e1 final feliz para ningu\u00e9m e que isso \u00e9 um fato.<\/p>\n<p>A trajet\u00f3ria de Silvio Assis \u00e9 conhecida e o clipping das p\u00e1ginas policiais de outros ve\u00edculos que n\u00e3o o seu, enchem uma pasta amapaense. Desarmado na ocasi\u00e3o, Fraga foi contido por amigos antes de amassar em p\u00fablico a cara amarela do pai da Bela. Por outro lado, quando percebeu que a Fera estava imobilizada por pacifistas, insurgiu-se de valentia e jurou registrar um boletim de ocorr\u00eancia na Delegacia do Lago Sul contra o coronel-deputado.<\/p>\n<p>Silvio Assis tem um padrinho, al\u00e9m da filha que comanda a CLDF, que \u00e9 Augusto Carvalho. Por meio deles \u00e9 que chegou ao menu do Trattoria, travestido de financiador de campanhas, ap\u00f3s criar cr\u00e9dito pol\u00edtico com a desgra\u00e7a alheia. E d\u00e9bitos que as feras agora cobram. Nada difere a realidade dos contos seculares. Entre a Bela e a Fera, existe uma emin\u00eancia parda a quem Celina Le\u00e3o e Augusto Carvalho deram carta branca.<\/p>\n<p>Hoje o j\u00e1 combalido governador Rodrigo Rollemberg, com 93% de n\u00e3o aprova\u00e7\u00e3o nas pesquisas, \u00edndice hist\u00f3rico de rejei\u00e7\u00e3o, est\u00e1 sem dormir enquanto o bonach\u00e3o pai da Bela se acha acima da ira da Fera. Fez um p\u00e9ssimo neg\u00f3cio. A Fera \u00e9 especialista no ramo, despachou muitos bandidos para destinos desconhecidos, sabe onde est\u00e1 pisando. Se o ousado e arrogante Assis &#8211; \u00e9 o que dizem &#8211; acha que est\u00e1 seguro na redoma de Celina e Augusto que infernizam Rollemberg, \u00e9 bom saber que n\u00e3o levou um tiro por sorte, mas deu um tiro no p\u00e9.<\/p>\n<p>Azar. Enquanto isso, s\u00f3 a lamentar \u00e9 ver a experi\u00eancia de nobres colegas da imprensa se esvaindo em cenas de Faroeste Caboclo, parte 2. Se cuida, Assis&#8230; Se cuidem, coleguinhas&#8230;<\/p>\n","protected":false},"excerpt":{"rendered":"<p>Vem do S\u00e9culo XVIII o conto A Bela e a Fera. O Distrito Federal \u00e9 um cen\u00e1rio perfeito para mais uma vers\u00e3o, entre tantas outras, da est\u00f3ria original de Gabrielle Barbot, a Dama de Villeneuve. Entre as vers\u00f5es, h\u00e1 pelo menos uma que acontece em um castelo encantado que serviu de ref\u00fagio para o mercador, [&hellip;]<\/p>\n","protected":false},"author":2,"featured_media":77193,"comment_status":"open","ping_status":"closed","sticky":false,"template":"","format":"standard","meta":{"_acf_changed":false,"footnotes":""},"categories":[49],"tags":[],"class_list":["post-77192","post","type-post","status-publish","format-standard","has-post-thumbnail","hentry","category-max"],"acf":[],"yoast_head":"<!-- This site is optimized with the Yoast SEO plugin v27.2 - https:\/\/yoast.com\/product\/yoast-seo-wordpress\/ -->\n<title>Faroeste Caboclo, parte II. Fraga, a Fera, encara Assis, o pai da Bela - Notibras<\/title>\n<meta name=\"robots\" content=\"index, follow, max-snippet:-1, max-image-preview:large, max-video-preview:-1\" \/>\n<link rel=\"canonical\" href=\"https:\/\/www.notibras.com\/site\/faroeste-caboclo-ii-fraga-a-fera-encara-assis-o-pai-da-bela\/\" \/>\n<meta property=\"og:locale\" content=\"pt_BR\" \/>\n<meta property=\"og:type\" content=\"article\" \/>\n<meta property=\"og:title\" content=\"Faroeste Caboclo, parte II. Fraga, a Fera, encara Assis, o pai da Bela - Notibras\" \/>\n<meta property=\"og:description\" content=\"Vem do S\u00e9culo XVIII o conto A Bela e a Fera. O Distrito Federal \u00e9 um cen\u00e1rio perfeito para mais uma vers\u00e3o, entre tantas outras, da est\u00f3ria original de Gabrielle Barbot, a Dama de Villeneuve. Entre as vers\u00f5es, h\u00e1 pelo menos uma que acontece em um castelo encantado que serviu de ref\u00fagio para o mercador, [&hellip;]\" \/>\n<meta property=\"og:url\" content=\"https:\/\/www.notibras.com\/site\/faroeste-caboclo-ii-fraga-a-fera-encara-assis-o-pai-da-bela\/\" \/>\n<meta property=\"og:site_name\" content=\"Notibras\" \/>\n<meta property=\"article:publisher\" content=\"https:\/\/www.facebook.com\/notibras\/\" \/>\n<meta property=\"article:published_time\" content=\"2015-11-20T00:23:20+00:00\" \/>\n<meta property=\"article:modified_time\" content=\"2015-11-20T21:13:24+00:00\" \/>\n<meta property=\"og:image\" content=\"https:\/\/www.notibras.com\/site\/wp-content\/uploads\/2015\/11\/frag..png\" \/>\n\t<meta property=\"og:image:width\" content=\"470\" \/>\n\t<meta property=\"og:image:height\" content=\"256\" \/>\n\t<meta property=\"og:image:type\" content=\"image\/png\" \/>\n<meta name=\"author\" content=\"Reda\u00e7\u00e3o\" \/>\n<meta name=\"twitter:card\" content=\"summary_large_image\" \/>\n<meta name=\"twitter:creator\" content=\"@Notibras\" \/>\n<meta name=\"twitter:site\" content=\"@Notibras\" \/>\n<meta name=\"twitter:label1\" content=\"Escrito por\" \/>\n\t<meta name=\"twitter:data1\" content=\"Reda\u00e7\u00e3o\" \/>\n\t<meta name=\"twitter:label2\" content=\"Est. tempo de leitura\" \/>\n\t<meta name=\"twitter:data2\" content=\"3 minutos\" \/>\n<script type=\"application\/ld+json\" class=\"yoast-schema-graph\">{\"@context\":\"https:\/\/schema.org\",\"@graph\":[{\"@type\":\"Article\",\"@id\":\"https:\/\/www.notibras.com\/site\/faroeste-caboclo-ii-fraga-a-fera-encara-assis-o-pai-da-bela\/#article\",\"isPartOf\":{\"@id\":\"https:\/\/www.notibras.com\/site\/faroeste-caboclo-ii-fraga-a-fera-encara-assis-o-pai-da-bela\/\"},\"author\":{\"name\":\"Reda\u00e7\u00e3o\",\"@id\":\"https:\/\/www.notibras.com\/site\/#\/schema\/person\/36ab0979449956132d3e5b517ea76ac8\"},\"headline\":\"Faroeste Caboclo, parte II. Fraga, a Fera, encara Assis, o pai da Bela\",\"datePublished\":\"2015-11-20T00:23:20+00:00\",\"dateModified\":\"2015-11-20T21:13:24+00:00\",\"mainEntityOfPage\":{\"@id\":\"https:\/\/www.notibras.com\/site\/faroeste-caboclo-ii-fraga-a-fera-encara-assis-o-pai-da-bela\/\"},\"wordCount\":585,\"commentCount\":0,\"publisher\":{\"@id\":\"https:\/\/www.notibras.com\/site\/#organization\"},\"image\":{\"@id\":\"https:\/\/www.notibras.com\/site\/faroeste-caboclo-ii-fraga-a-fera-encara-assis-o-pai-da-bela\/#primaryimage\"},\"thumbnailUrl\":\"https:\/\/www.notibras.com\/site\/wp-content\/uploads\/2015\/11\/frag..png\",\"articleSection\":[\"Max de Quental\"],\"inLanguage\":\"pt-BR\",\"potentialAction\":[{\"@type\":\"CommentAction\",\"name\":\"Comment\",\"target\":[\"https:\/\/www.notibras.com\/site\/faroeste-caboclo-ii-fraga-a-fera-encara-assis-o-pai-da-bela\/#respond\"]}]},{\"@type\":\"WebPage\",\"@id\":\"https:\/\/www.notibras.com\/site\/faroeste-caboclo-ii-fraga-a-fera-encara-assis-o-pai-da-bela\/\",\"url\":\"https:\/\/www.notibras.com\/site\/faroeste-caboclo-ii-fraga-a-fera-encara-assis-o-pai-da-bela\/\",\"name\":\"Faroeste Caboclo, parte II. Fraga, a Fera, encara Assis, o pai da Bela - Notibras\",\"isPartOf\":{\"@id\":\"https:\/\/www.notibras.com\/site\/#website\"},\"primaryImageOfPage\":{\"@id\":\"https:\/\/www.notibras.com\/site\/faroeste-caboclo-ii-fraga-a-fera-encara-assis-o-pai-da-bela\/#primaryimage\"},\"image\":{\"@id\":\"https:\/\/www.notibras.com\/site\/faroeste-caboclo-ii-fraga-a-fera-encara-assis-o-pai-da-bela\/#primaryimage\"},\"thumbnailUrl\":\"https:\/\/www.notibras.com\/site\/wp-content\/uploads\/2015\/11\/frag..png\",\"datePublished\":\"2015-11-20T00:23:20+00:00\",\"dateModified\":\"2015-11-20T21:13:24+00:00\",\"breadcrumb\":{\"@id\":\"https:\/\/www.notibras.com\/site\/faroeste-caboclo-ii-fraga-a-fera-encara-assis-o-pai-da-bela\/#breadcrumb\"},\"inLanguage\":\"pt-BR\",\"potentialAction\":[{\"@type\":\"ReadAction\",\"target\":[\"https:\/\/www.notibras.com\/site\/faroeste-caboclo-ii-fraga-a-fera-encara-assis-o-pai-da-bela\/\"]}]},{\"@type\":\"ImageObject\",\"inLanguage\":\"pt-BR\",\"@id\":\"https:\/\/www.notibras.com\/site\/faroeste-caboclo-ii-fraga-a-fera-encara-assis-o-pai-da-bela\/#primaryimage\",\"url\":\"https:\/\/www.notibras.com\/site\/wp-content\/uploads\/2015\/11\/frag..png\",\"contentUrl\":\"https:\/\/www.notibras.com\/site\/wp-content\/uploads\/2015\/11\/frag..png\",\"width\":470,\"height\":256},{\"@type\":\"BreadcrumbList\",\"@id\":\"https:\/\/www.notibras.com\/site\/faroeste-caboclo-ii-fraga-a-fera-encara-assis-o-pai-da-bela\/#breadcrumb\",\"itemListElement\":[{\"@type\":\"ListItem\",\"position\":1,\"name\":\"In\u00edcio\",\"item\":\"https:\/\/www.notibras.com\/site\/\"},{\"@type\":\"ListItem\",\"position\":2,\"name\":\"Faroeste Caboclo, parte II. Fraga, a Fera, encara Assis, o pai da Bela\"}]},{\"@type\":\"WebSite\",\"@id\":\"https:\/\/www.notibras.com\/site\/#website\",\"url\":\"https:\/\/www.notibras.com\/site\/\",\"name\":\"Notibras\",\"description\":\"Not\u00edcias de Bras\u00edlia, do Brasil e do Mundo\",\"publisher\":{\"@id\":\"https:\/\/www.notibras.com\/site\/#organization\"},\"potentialAction\":[{\"@type\":\"SearchAction\",\"target\":{\"@type\":\"EntryPoint\",\"urlTemplate\":\"https:\/\/www.notibras.com\/site\/?s={search_term_string}\"},\"query-input\":{\"@type\":\"PropertyValueSpecification\",\"valueRequired\":true,\"valueName\":\"search_term_string\"}}],\"inLanguage\":\"pt-BR\"},{\"@type\":\"Organization\",\"@id\":\"https:\/\/www.notibras.com\/site\/#organization\",\"name\":\"Grupo Notibras de Comunica\u00e7\u00e3o\",\"url\":\"https:\/\/www.notibras.com\/site\/\",\"logo\":{\"@type\":\"ImageObject\",\"inLanguage\":\"pt-BR\",\"@id\":\"https:\/\/www.notibras.com\/site\/#\/schema\/logo\/image\/\",\"url\":\"https:\/\/www.notibras.com\/site\/wp-content\/uploads\/2023\/01\/notibras23.png\",\"contentUrl\":\"https:\/\/www.notibras.com\/site\/wp-content\/uploads\/2023\/01\/notibras23.png\",\"width\":350,\"height\":87,\"caption\":\"Grupo Notibras de Comunica\u00e7\u00e3o\"},\"image\":{\"@id\":\"https:\/\/www.notibras.com\/site\/#\/schema\/logo\/image\/\"},\"sameAs\":[\"https:\/\/www.facebook.com\/notibras\/\",\"https:\/\/x.com\/Notibras\",\"https:\/\/www.instagram.com\/notibras\/\"]},{\"@type\":\"Person\",\"@id\":\"https:\/\/www.notibras.com\/site\/#\/schema\/person\/36ab0979449956132d3e5b517ea76ac8\",\"name\":\"Reda\u00e7\u00e3o\",\"image\":{\"@type\":\"ImageObject\",\"inLanguage\":\"pt-BR\",\"@id\":\"https:\/\/secure.gravatar.com\/avatar\/e0a867bdedb85fd243eadf09663511f96fc81e0720a4a42581f334ad4303aa6b?s=96&d=mm&r=g\",\"url\":\"https:\/\/secure.gravatar.com\/avatar\/e0a867bdedb85fd243eadf09663511f96fc81e0720a4a42581f334ad4303aa6b?s=96&d=mm&r=g\",\"contentUrl\":\"https:\/\/secure.gravatar.com\/avatar\/e0a867bdedb85fd243eadf09663511f96fc81e0720a4a42581f334ad4303aa6b?s=96&d=mm&r=g\",\"caption\":\"Reda\u00e7\u00e3o\"}}]}<\/script>\n<!-- \/ Yoast SEO plugin. -->","yoast_head_json":{"title":"Faroeste Caboclo, parte II. Fraga, a Fera, encara Assis, o pai da Bela - Notibras","robots":{"index":"index","follow":"follow","max-snippet":"max-snippet:-1","max-image-preview":"max-image-preview:large","max-video-preview":"max-video-preview:-1"},"canonical":"https:\/\/www.notibras.com\/site\/faroeste-caboclo-ii-fraga-a-fera-encara-assis-o-pai-da-bela\/","og_locale":"pt_BR","og_type":"article","og_title":"Faroeste Caboclo, parte II. Fraga, a Fera, encara Assis, o pai da Bela - Notibras","og_description":"Vem do S\u00e9culo XVIII o conto A Bela e a Fera. O Distrito Federal \u00e9 um cen\u00e1rio perfeito para mais uma vers\u00e3o, entre tantas outras, da est\u00f3ria original de Gabrielle Barbot, a Dama de Villeneuve. Entre as vers\u00f5es, h\u00e1 pelo menos uma que acontece em um castelo encantado que serviu de ref\u00fagio para o mercador, [&hellip;]","og_url":"https:\/\/www.notibras.com\/site\/faroeste-caboclo-ii-fraga-a-fera-encara-assis-o-pai-da-bela\/","og_site_name":"Notibras","article_publisher":"https:\/\/www.facebook.com\/notibras\/","article_published_time":"2015-11-20T00:23:20+00:00","article_modified_time":"2015-11-20T21:13:24+00:00","og_image":[{"width":470,"height":256,"url":"https:\/\/www.notibras.com\/site\/wp-content\/uploads\/2015\/11\/frag..png","type":"image\/png"}],"author":"Reda\u00e7\u00e3o","twitter_card":"summary_large_image","twitter_creator":"@Notibras","twitter_site":"@Notibras","twitter_misc":{"Escrito por":"Reda\u00e7\u00e3o","Est. tempo de leitura":"3 minutos"},"schema":{"@context":"https:\/\/schema.org","@graph":[{"@type":"Article","@id":"https:\/\/www.notibras.com\/site\/faroeste-caboclo-ii-fraga-a-fera-encara-assis-o-pai-da-bela\/#article","isPartOf":{"@id":"https:\/\/www.notibras.com\/site\/faroeste-caboclo-ii-fraga-a-fera-encara-assis-o-pai-da-bela\/"},"author":{"name":"Reda\u00e7\u00e3o","@id":"https:\/\/www.notibras.com\/site\/#\/schema\/person\/36ab0979449956132d3e5b517ea76ac8"},"headline":"Faroeste Caboclo, parte II. Fraga, a Fera, encara Assis, o pai da Bela","datePublished":"2015-11-20T00:23:20+00:00","dateModified":"2015-11-20T21:13:24+00:00","mainEntityOfPage":{"@id":"https:\/\/www.notibras.com\/site\/faroeste-caboclo-ii-fraga-a-fera-encara-assis-o-pai-da-bela\/"},"wordCount":585,"commentCount":0,"publisher":{"@id":"https:\/\/www.notibras.com\/site\/#organization"},"image":{"@id":"https:\/\/www.notibras.com\/site\/faroeste-caboclo-ii-fraga-a-fera-encara-assis-o-pai-da-bela\/#primaryimage"},"thumbnailUrl":"https:\/\/www.notibras.com\/site\/wp-content\/uploads\/2015\/11\/frag..png","articleSection":["Max de Quental"],"inLanguage":"pt-BR","potentialAction":[{"@type":"CommentAction","name":"Comment","target":["https:\/\/www.notibras.com\/site\/faroeste-caboclo-ii-fraga-a-fera-encara-assis-o-pai-da-bela\/#respond"]}]},{"@type":"WebPage","@id":"https:\/\/www.notibras.com\/site\/faroeste-caboclo-ii-fraga-a-fera-encara-assis-o-pai-da-bela\/","url":"https:\/\/www.notibras.com\/site\/faroeste-caboclo-ii-fraga-a-fera-encara-assis-o-pai-da-bela\/","name":"Faroeste Caboclo, parte II. Fraga, a Fera, encara Assis, o pai da Bela - Notibras","isPartOf":{"@id":"https:\/\/www.notibras.com\/site\/#website"},"primaryImageOfPage":{"@id":"https:\/\/www.notibras.com\/site\/faroeste-caboclo-ii-fraga-a-fera-encara-assis-o-pai-da-bela\/#primaryimage"},"image":{"@id":"https:\/\/www.notibras.com\/site\/faroeste-caboclo-ii-fraga-a-fera-encara-assis-o-pai-da-bela\/#primaryimage"},"thumbnailUrl":"https:\/\/www.notibras.com\/site\/wp-content\/uploads\/2015\/11\/frag..png","datePublished":"2015-11-20T00:23:20+00:00","dateModified":"2015-11-20T21:13:24+00:00","breadcrumb":{"@id":"https:\/\/www.notibras.com\/site\/faroeste-caboclo-ii-fraga-a-fera-encara-assis-o-pai-da-bela\/#breadcrumb"},"inLanguage":"pt-BR","potentialAction":[{"@type":"ReadAction","target":["https:\/\/www.notibras.com\/site\/faroeste-caboclo-ii-fraga-a-fera-encara-assis-o-pai-da-bela\/"]}]},{"@type":"ImageObject","inLanguage":"pt-BR","@id":"https:\/\/www.notibras.com\/site\/faroeste-caboclo-ii-fraga-a-fera-encara-assis-o-pai-da-bela\/#primaryimage","url":"https:\/\/www.notibras.com\/site\/wp-content\/uploads\/2015\/11\/frag..png","contentUrl":"https:\/\/www.notibras.com\/site\/wp-content\/uploads\/2015\/11\/frag..png","width":470,"height":256},{"@type":"BreadcrumbList","@id":"https:\/\/www.notibras.com\/site\/faroeste-caboclo-ii-fraga-a-fera-encara-assis-o-pai-da-bela\/#breadcrumb","itemListElement":[{"@type":"ListItem","position":1,"name":"In\u00edcio","item":"https:\/\/www.notibras.com\/site\/"},{"@type":"ListItem","position":2,"name":"Faroeste Caboclo, parte II. Fraga, a Fera, encara Assis, o pai da Bela"}]},{"@type":"WebSite","@id":"https:\/\/www.notibras.com\/site\/#website","url":"https:\/\/www.notibras.com\/site\/","name":"Notibras","description":"Not\u00edcias de Bras\u00edlia, do Brasil e do Mundo","publisher":{"@id":"https:\/\/www.notibras.com\/site\/#organization"},"potentialAction":[{"@type":"SearchAction","target":{"@type":"EntryPoint","urlTemplate":"https:\/\/www.notibras.com\/site\/?s={search_term_string}"},"query-input":{"@type":"PropertyValueSpecification","valueRequired":true,"valueName":"search_term_string"}}],"inLanguage":"pt-BR"},{"@type":"Organization","@id":"https:\/\/www.notibras.com\/site\/#organization","name":"Grupo Notibras de Comunica\u00e7\u00e3o","url":"https:\/\/www.notibras.com\/site\/","logo":{"@type":"ImageObject","inLanguage":"pt-BR","@id":"https:\/\/www.notibras.com\/site\/#\/schema\/logo\/image\/","url":"https:\/\/www.notibras.com\/site\/wp-content\/uploads\/2023\/01\/notibras23.png","contentUrl":"https:\/\/www.notibras.com\/site\/wp-content\/uploads\/2023\/01\/notibras23.png","width":350,"height":87,"caption":"Grupo Notibras de Comunica\u00e7\u00e3o"},"image":{"@id":"https:\/\/www.notibras.com\/site\/#\/schema\/logo\/image\/"},"sameAs":["https:\/\/www.facebook.com\/notibras\/","https:\/\/x.com\/Notibras","https:\/\/www.instagram.com\/notibras\/"]},{"@type":"Person","@id":"https:\/\/www.notibras.com\/site\/#\/schema\/person\/36ab0979449956132d3e5b517ea76ac8","name":"Reda\u00e7\u00e3o","image":{"@type":"ImageObject","inLanguage":"pt-BR","@id":"https:\/\/secure.gravatar.com\/avatar\/e0a867bdedb85fd243eadf09663511f96fc81e0720a4a42581f334ad4303aa6b?s=96&d=mm&r=g","url":"https:\/\/secure.gravatar.com\/avatar\/e0a867bdedb85fd243eadf09663511f96fc81e0720a4a42581f334ad4303aa6b?s=96&d=mm&r=g","contentUrl":"https:\/\/secure.gravatar.com\/avatar\/e0a867bdedb85fd243eadf09663511f96fc81e0720a4a42581f334ad4303aa6b?s=96&d=mm&r=g","caption":"Reda\u00e7\u00e3o"}}]}},"amp_enabled":true,"_links":{"self":[{"href":"https:\/\/www.notibras.com\/site\/wp-json\/wp\/v2\/posts\/77192","targetHints":{"allow":["GET"]}}],"collection":[{"href":"https:\/\/www.notibras.com\/site\/wp-json\/wp\/v2\/posts"}],"about":[{"href":"https:\/\/www.notibras.com\/site\/wp-json\/wp\/v2\/types\/post"}],"author":[{"embeddable":true,"href":"https:\/\/www.notibras.com\/site\/wp-json\/wp\/v2\/users\/2"}],"replies":[{"embeddable":true,"href":"https:\/\/www.notibras.com\/site\/wp-json\/wp\/v2\/comments?post=77192"}],"version-history":[{"count":2,"href":"https:\/\/www.notibras.com\/site\/wp-json\/wp\/v2\/posts\/77192\/revisions"}],"predecessor-version":[{"id":77195,"href":"https:\/\/www.notibras.com\/site\/wp-json\/wp\/v2\/posts\/77192\/revisions\/77195"}],"wp:featuredmedia":[{"embeddable":true,"href":"https:\/\/www.notibras.com\/site\/wp-json\/wp\/v2\/media\/77193"}],"wp:attachment":[{"href":"https:\/\/www.notibras.com\/site\/wp-json\/wp\/v2\/media?parent=77192"}],"wp:term":[{"taxonomy":"category","embeddable":true,"href":"https:\/\/www.notibras.com\/site\/wp-json\/wp\/v2\/categories?post=77192"},{"taxonomy":"post_tag","embeddable":true,"href":"https:\/\/www.notibras.com\/site\/wp-json\/wp\/v2\/tags?post=77192"}],"curies":[{"name":"wp","href":"https:\/\/api.w.org\/{rel}","templated":true}]}}