{"id":7755,"date":"2014-04-28T14:24:24","date_gmt":"2014-04-28T17:24:24","guid":{"rendered":"http:\/\/www.notibras.com\/site\/?p=7755"},"modified":"2014-04-28T18:14:40","modified_gmt":"2014-04-28T21:14:40","slug":"vendedor-da-cariona-estupra-e-mata-amigas-adolescentes-de-13-e-14-anos","status":"publish","type":"post","link":"https:\/\/www.notibras.com\/site\/vendedor-da-cariona-estupra-e-mata-amigas-adolescentes-de-13-e-14-anos\/","title":{"rendered":"Vendedor d\u00e1 carona, estupra e mata amigas adolescentes"},"content":{"rendered":"<p>A morte das adolescentes Yara Barbosa, 14 anos, e Jhenifer Naiara da Silva, de 13, estupradas e assassinadas na noite de 12 de abril, foi solucionada nesta segunda-feira. As duas meninas foram encontradas mortas, sem roupas, no rio Tiet\u00ea, no munic\u00edpio de Pereira Barreto, a 50 kms de Andradina, interior de S\u00e3o Paulo, onde moravam.<\/p>\n<p class=\"text\">O vendedor Edson Francisco de Souza, 38 anos, confessou ser o autor dos crimes. Ele foi preso no s\u00e1bado na cidade de Cianorte (PR), para onde fugiu ap\u00f3s a pol\u00edcia identificar o carro que ele utilizou, um Eco Sport, para dar carona \u00e0s garotas e lev\u00e1-las ao Tiet\u00ea. A pris\u00e3o ocorreu ap\u00f3s Souza receber alta do hospital. Ele foi internado depois de tentar suic\u00eddio com veneno para ratos.<\/p>\n<p class=\"text\">Segundo o titular da Delegacia de Investiga\u00e7\u00f5es Gerais (DIG), Tadeu Aparecido Coelho, Souza confessou que fez sexo com uma das garotas, estuprou outra e matou as duas, por afogamento. Ele as amarrou e depois jogou de cima da ponte sobre o rio Tiet\u00ea. Em depoimento de quatro horas, Souza disse que praticou os homic\u00eddios sozinho e em duas etapas. \u201cEle contou que, primeiro, saiu do carro com Yara para manter rela\u00e7\u00f5es sexuais com ela e depois disso, amarrou as m\u00e3os da mo\u00e7a para tr\u00e1s com uma meia e a jogou de cima da ponte\u201d. A mo\u00e7a teria tentado escapar de Souza e gritado por socorro, mas sem sucesso.<\/p>\n<p class=\"text\">Depois o acusado retornou ao carro, onde Jhenifer estava ouvindo m\u00fasica. Ele a enganou dizendo que a amiga estava nadando. Souza tamb\u00e9m teria despido a garota, feito sexo \u00e0 for\u00e7a e amarrado os seus bra\u00e7os. Jhenifer, segundo o delegado, deu chutes e cabe\u00e7adas para tentar se defender, mas n\u00e3o conseguiu.<\/p>\n<p class=\"text\">O delegado acredita que o suspeito agiu sozinho. Uma das evid\u00eancias \u00e9 que n\u00e3o existiam outras pessoas nas fotos do celular de Jhenifer, que foi encontrado por uma pescadora e entregue \u00e0 fam\u00edlia da garota no dia seguinte ao crime. Ele acredita no depoimento do suspeito porque, segundo o laudo do Instituto M\u00e9dico Legal (IML) as meninas tiveram rela\u00e7\u00f5es sexuais e possu\u00edam \u00e1gua nos pulm\u00f5es. &#8220;Ele poderia dizer que elas morreram afogadas na tentativa de uma salvar a outra&#8221;, disse o delegado.<\/p>\n<p class=\"text\">Segundo Tadeu Coelho, ele tinha passagens por estelionato e n\u00e3o conhecia as adolescentes. A aproxima\u00e7\u00e3o com elas ocorreu ap\u00f3s promessa de presente\u00e1-las com joias e celulares. \u201cNum primeiro momento, as meninas n\u00e3o aceitaram a carona, mas depois, na esquina adiante, elas acabaram entrando no carro, pois estava chovendo\u201d, explicou o delegado. Segundo ele, a pol\u00edcia realizar\u00e1 a reconstitui\u00e7\u00e3o, antes de concluir a apura\u00e7\u00e3o do caso. O prazo do inqu\u00e9rito termina em nove dias.<\/p>\n<p class=\"text\">Uma ajuda fundamental na pris\u00e3o de Souza veio da mulher do suspeito, Thais Alves de Souza, que serviu como testemunha. Outro depoimento importante foi o do dono do carro usado no crime. Ele vendeu o ve\u00edculo a Souza, mas o recuperou \u00a0por falta de pagamentos.<\/p>\n<p class=\"text\">O crime chocou a popula\u00e7\u00e3o, que saqueou e furtou a casa de Thais neste domingo. A PM chegou a tempo de impedir que v\u00e2ndalos incendiassem a resid\u00eancia, mas n\u00e3o evitou os furtos. Thais teve de fugir da cidade para se proteger. Na sexta-feira, o dono da Eco Sport e ocupantes tiveram de abandonar o ve\u00edculo com portas abertas e correr at\u00e9 a delegacia para se protegerem de v\u00e2ndalos que tentavam linch\u00e1-los.<\/p>\n<p class=\"text\">Desde a manh\u00e3 desta segunda-feira, uma multid\u00e3o se re\u00fane na frente da delegacia para pedir explica\u00e7\u00f5es ao delegado e esperar a chegada do acusado. No entanto, a pol\u00edcia, por quest\u00f5es de seguran\u00e7a, n\u00e3o vai transferir Souza para Andradina. Ele dever\u00e1 ficar numa cadeia em outra cidade.<\/p>\n","protected":false},"excerpt":{"rendered":"<p>A morte das adolescentes Yara Barbosa, 14 anos, e Jhenifer Naiara da Silva, de 13, estupradas e assassinadas na noite de 12 de abril, foi solucionada nesta segunda-feira. As duas meninas foram encontradas mortas, sem roupas, no rio Tiet\u00ea, no munic\u00edpio de Pereira Barreto, a 50 kms de Andradina, interior de S\u00e3o Paulo, onde moravam. [&hellip;]<\/p>\n","protected":false},"author":2,"featured_media":7756,"comment_status":"open","ping_status":"closed","sticky":false,"template":"","format":"standard","meta":{"_acf_changed":false,"footnotes":""},"categories":[16],"tags":[],"class_list":["post-7755","post","type-post","status-publish","format-standard","has-post-thumbnail","hentry","category-brasil"],"acf":[],"yoast_head":"<!-- This site is optimized with the Yoast SEO plugin v27.2 - https:\/\/yoast.com\/product\/yoast-seo-wordpress\/ -->\n<title>Vendedor d\u00e1 carona, estupra e mata amigas adolescentes - Notibras<\/title>\n<meta name=\"robots\" content=\"index, follow, max-snippet:-1, max-image-preview:large, max-video-preview:-1\" \/>\n<link rel=\"canonical\" href=\"https:\/\/www.notibras.com\/site\/vendedor-da-cariona-estupra-e-mata-amigas-adolescentes-de-13-e-14-anos\/\" \/>\n<meta property=\"og:locale\" content=\"pt_BR\" \/>\n<meta property=\"og:type\" content=\"article\" \/>\n<meta property=\"og:title\" content=\"Vendedor d\u00e1 carona, estupra e mata amigas adolescentes - Notibras\" \/>\n<meta property=\"og:description\" content=\"A morte das adolescentes Yara Barbosa, 14 anos, e Jhenifer Naiara da Silva, de 13, estupradas e assassinadas na noite de 12 de abril, foi solucionada nesta segunda-feira. As duas meninas foram encontradas mortas, sem roupas, no rio Tiet\u00ea, no munic\u00edpio de Pereira Barreto, a 50 kms de Andradina, interior de S\u00e3o Paulo, onde moravam. [&hellip;]\" \/>\n<meta property=\"og:url\" content=\"https:\/\/www.notibras.com\/site\/vendedor-da-cariona-estupra-e-mata-amigas-adolescentes-de-13-e-14-anos\/\" \/>\n<meta property=\"og:site_name\" content=\"Notibras\" \/>\n<meta property=\"article:publisher\" content=\"https:\/\/www.facebook.com\/notibras\/\" \/>\n<meta property=\"article:published_time\" content=\"2014-04-28T17:24:24+00:00\" \/>\n<meta property=\"article:modified_time\" content=\"2014-04-28T21:14:40+00:00\" \/>\n<meta property=\"og:image\" content=\"https:\/\/www.notibras.com\/site\/wp-content\/uploads\/2014\/04\/spsuspeitomeninastietedivulgacao.jpg\" \/>\n\t<meta property=\"og:image:width\" content=\"460\" \/>\n\t<meta property=\"og:image:height\" content=\"340\" \/>\n\t<meta property=\"og:image:type\" content=\"image\/jpeg\" \/>\n<meta name=\"author\" content=\"Reda\u00e7\u00e3o\" \/>\n<meta name=\"twitter:card\" content=\"summary_large_image\" \/>\n<meta name=\"twitter:creator\" content=\"@Notibras\" \/>\n<meta name=\"twitter:site\" content=\"@Notibras\" \/>\n<meta name=\"twitter:label1\" content=\"Escrito por\" \/>\n\t<meta name=\"twitter:data1\" content=\"Reda\u00e7\u00e3o\" \/>\n\t<meta name=\"twitter:label2\" content=\"Est. tempo de leitura\" \/>\n\t<meta name=\"twitter:data2\" content=\"3 minutos\" \/>\n<script type=\"application\/ld+json\" class=\"yoast-schema-graph\">{\"@context\":\"https:\/\/schema.org\",\"@graph\":[{\"@type\":\"Article\",\"@id\":\"https:\/\/www.notibras.com\/site\/vendedor-da-cariona-estupra-e-mata-amigas-adolescentes-de-13-e-14-anos\/#article\",\"isPartOf\":{\"@id\":\"https:\/\/www.notibras.com\/site\/vendedor-da-cariona-estupra-e-mata-amigas-adolescentes-de-13-e-14-anos\/\"},\"author\":{\"name\":\"Reda\u00e7\u00e3o\",\"@id\":\"https:\/\/www.notibras.com\/site\/#\/schema\/person\/36ab0979449956132d3e5b517ea76ac8\"},\"headline\":\"Vendedor d\u00e1 carona, estupra e mata amigas adolescentes\",\"datePublished\":\"2014-04-28T17:24:24+00:00\",\"dateModified\":\"2014-04-28T21:14:40+00:00\",\"mainEntityOfPage\":{\"@id\":\"https:\/\/www.notibras.com\/site\/vendedor-da-cariona-estupra-e-mata-amigas-adolescentes-de-13-e-14-anos\/\"},\"wordCount\":652,\"commentCount\":0,\"publisher\":{\"@id\":\"https:\/\/www.notibras.com\/site\/#organization\"},\"image\":{\"@id\":\"https:\/\/www.notibras.com\/site\/vendedor-da-cariona-estupra-e-mata-amigas-adolescentes-de-13-e-14-anos\/#primaryimage\"},\"thumbnailUrl\":\"https:\/\/www.notibras.com\/site\/wp-content\/uploads\/2014\/04\/spsuspeitomeninastietedivulgacao.jpg\",\"articleSection\":[\"Brasil\"],\"inLanguage\":\"pt-BR\",\"potentialAction\":[{\"@type\":\"CommentAction\",\"name\":\"Comment\",\"target\":[\"https:\/\/www.notibras.com\/site\/vendedor-da-cariona-estupra-e-mata-amigas-adolescentes-de-13-e-14-anos\/#respond\"]}]},{\"@type\":\"WebPage\",\"@id\":\"https:\/\/www.notibras.com\/site\/vendedor-da-cariona-estupra-e-mata-amigas-adolescentes-de-13-e-14-anos\/\",\"url\":\"https:\/\/www.notibras.com\/site\/vendedor-da-cariona-estupra-e-mata-amigas-adolescentes-de-13-e-14-anos\/\",\"name\":\"Vendedor d\u00e1 carona, estupra e mata amigas adolescentes - Notibras\",\"isPartOf\":{\"@id\":\"https:\/\/www.notibras.com\/site\/#website\"},\"primaryImageOfPage\":{\"@id\":\"https:\/\/www.notibras.com\/site\/vendedor-da-cariona-estupra-e-mata-amigas-adolescentes-de-13-e-14-anos\/#primaryimage\"},\"image\":{\"@id\":\"https:\/\/www.notibras.com\/site\/vendedor-da-cariona-estupra-e-mata-amigas-adolescentes-de-13-e-14-anos\/#primaryimage\"},\"thumbnailUrl\":\"https:\/\/www.notibras.com\/site\/wp-content\/uploads\/2014\/04\/spsuspeitomeninastietedivulgacao.jpg\",\"datePublished\":\"2014-04-28T17:24:24+00:00\",\"dateModified\":\"2014-04-28T21:14:40+00:00\",\"breadcrumb\":{\"@id\":\"https:\/\/www.notibras.com\/site\/vendedor-da-cariona-estupra-e-mata-amigas-adolescentes-de-13-e-14-anos\/#breadcrumb\"},\"inLanguage\":\"pt-BR\",\"potentialAction\":[{\"@type\":\"ReadAction\",\"target\":[\"https:\/\/www.notibras.com\/site\/vendedor-da-cariona-estupra-e-mata-amigas-adolescentes-de-13-e-14-anos\/\"]}]},{\"@type\":\"ImageObject\",\"inLanguage\":\"pt-BR\",\"@id\":\"https:\/\/www.notibras.com\/site\/vendedor-da-cariona-estupra-e-mata-amigas-adolescentes-de-13-e-14-anos\/#primaryimage\",\"url\":\"https:\/\/www.notibras.com\/site\/wp-content\/uploads\/2014\/04\/spsuspeitomeninastietedivulgacao.jpg\",\"contentUrl\":\"https:\/\/www.notibras.com\/site\/wp-content\/uploads\/2014\/04\/spsuspeitomeninastietedivulgacao.jpg\",\"width\":460,\"height\":340},{\"@type\":\"BreadcrumbList\",\"@id\":\"https:\/\/www.notibras.com\/site\/vendedor-da-cariona-estupra-e-mata-amigas-adolescentes-de-13-e-14-anos\/#breadcrumb\",\"itemListElement\":[{\"@type\":\"ListItem\",\"position\":1,\"name\":\"In\u00edcio\",\"item\":\"https:\/\/www.notibras.com\/site\/\"},{\"@type\":\"ListItem\",\"position\":2,\"name\":\"Vendedor d\u00e1 carona, estupra e mata amigas adolescentes\"}]},{\"@type\":\"WebSite\",\"@id\":\"https:\/\/www.notibras.com\/site\/#website\",\"url\":\"https:\/\/www.notibras.com\/site\/\",\"name\":\"Notibras\",\"description\":\"Not\u00edcias de Bras\u00edlia, do Brasil e do Mundo\",\"publisher\":{\"@id\":\"https:\/\/www.notibras.com\/site\/#organization\"},\"potentialAction\":[{\"@type\":\"SearchAction\",\"target\":{\"@type\":\"EntryPoint\",\"urlTemplate\":\"https:\/\/www.notibras.com\/site\/?s={search_term_string}\"},\"query-input\":{\"@type\":\"PropertyValueSpecification\",\"valueRequired\":true,\"valueName\":\"search_term_string\"}}],\"inLanguage\":\"pt-BR\"},{\"@type\":\"Organization\",\"@id\":\"https:\/\/www.notibras.com\/site\/#organization\",\"name\":\"Grupo Notibras de Comunica\u00e7\u00e3o\",\"url\":\"https:\/\/www.notibras.com\/site\/\",\"logo\":{\"@type\":\"ImageObject\",\"inLanguage\":\"pt-BR\",\"@id\":\"https:\/\/www.notibras.com\/site\/#\/schema\/logo\/image\/\",\"url\":\"https:\/\/www.notibras.com\/site\/wp-content\/uploads\/2023\/01\/notibras23.png\",\"contentUrl\":\"https:\/\/www.notibras.com\/site\/wp-content\/uploads\/2023\/01\/notibras23.png\",\"width\":350,\"height\":87,\"caption\":\"Grupo Notibras de Comunica\u00e7\u00e3o\"},\"image\":{\"@id\":\"https:\/\/www.notibras.com\/site\/#\/schema\/logo\/image\/\"},\"sameAs\":[\"https:\/\/www.facebook.com\/notibras\/\",\"https:\/\/x.com\/Notibras\",\"https:\/\/www.instagram.com\/notibras\/\"]},{\"@type\":\"Person\",\"@id\":\"https:\/\/www.notibras.com\/site\/#\/schema\/person\/36ab0979449956132d3e5b517ea76ac8\",\"name\":\"Reda\u00e7\u00e3o\",\"image\":{\"@type\":\"ImageObject\",\"inLanguage\":\"pt-BR\",\"@id\":\"https:\/\/secure.gravatar.com\/avatar\/e0a867bdedb85fd243eadf09663511f96fc81e0720a4a42581f334ad4303aa6b?s=96&d=mm&r=g\",\"url\":\"https:\/\/secure.gravatar.com\/avatar\/e0a867bdedb85fd243eadf09663511f96fc81e0720a4a42581f334ad4303aa6b?s=96&d=mm&r=g\",\"contentUrl\":\"https:\/\/secure.gravatar.com\/avatar\/e0a867bdedb85fd243eadf09663511f96fc81e0720a4a42581f334ad4303aa6b?s=96&d=mm&r=g\",\"caption\":\"Reda\u00e7\u00e3o\"}}]}<\/script>\n<!-- \/ Yoast SEO plugin. -->","yoast_head_json":{"title":"Vendedor d\u00e1 carona, estupra e mata amigas adolescentes - Notibras","robots":{"index":"index","follow":"follow","max-snippet":"max-snippet:-1","max-image-preview":"max-image-preview:large","max-video-preview":"max-video-preview:-1"},"canonical":"https:\/\/www.notibras.com\/site\/vendedor-da-cariona-estupra-e-mata-amigas-adolescentes-de-13-e-14-anos\/","og_locale":"pt_BR","og_type":"article","og_title":"Vendedor d\u00e1 carona, estupra e mata amigas adolescentes - Notibras","og_description":"A morte das adolescentes Yara Barbosa, 14 anos, e Jhenifer Naiara da Silva, de 13, estupradas e assassinadas na noite de 12 de abril, foi solucionada nesta segunda-feira. As duas meninas foram encontradas mortas, sem roupas, no rio Tiet\u00ea, no munic\u00edpio de Pereira Barreto, a 50 kms de Andradina, interior de S\u00e3o Paulo, onde moravam. [&hellip;]","og_url":"https:\/\/www.notibras.com\/site\/vendedor-da-cariona-estupra-e-mata-amigas-adolescentes-de-13-e-14-anos\/","og_site_name":"Notibras","article_publisher":"https:\/\/www.facebook.com\/notibras\/","article_published_time":"2014-04-28T17:24:24+00:00","article_modified_time":"2014-04-28T21:14:40+00:00","og_image":[{"width":460,"height":340,"url":"https:\/\/www.notibras.com\/site\/wp-content\/uploads\/2014\/04\/spsuspeitomeninastietedivulgacao.jpg","type":"image\/jpeg"}],"author":"Reda\u00e7\u00e3o","twitter_card":"summary_large_image","twitter_creator":"@Notibras","twitter_site":"@Notibras","twitter_misc":{"Escrito por":"Reda\u00e7\u00e3o","Est. tempo de leitura":"3 minutos"},"schema":{"@context":"https:\/\/schema.org","@graph":[{"@type":"Article","@id":"https:\/\/www.notibras.com\/site\/vendedor-da-cariona-estupra-e-mata-amigas-adolescentes-de-13-e-14-anos\/#article","isPartOf":{"@id":"https:\/\/www.notibras.com\/site\/vendedor-da-cariona-estupra-e-mata-amigas-adolescentes-de-13-e-14-anos\/"},"author":{"name":"Reda\u00e7\u00e3o","@id":"https:\/\/www.notibras.com\/site\/#\/schema\/person\/36ab0979449956132d3e5b517ea76ac8"},"headline":"Vendedor d\u00e1 carona, estupra e mata amigas adolescentes","datePublished":"2014-04-28T17:24:24+00:00","dateModified":"2014-04-28T21:14:40+00:00","mainEntityOfPage":{"@id":"https:\/\/www.notibras.com\/site\/vendedor-da-cariona-estupra-e-mata-amigas-adolescentes-de-13-e-14-anos\/"},"wordCount":652,"commentCount":0,"publisher":{"@id":"https:\/\/www.notibras.com\/site\/#organization"},"image":{"@id":"https:\/\/www.notibras.com\/site\/vendedor-da-cariona-estupra-e-mata-amigas-adolescentes-de-13-e-14-anos\/#primaryimage"},"thumbnailUrl":"https:\/\/www.notibras.com\/site\/wp-content\/uploads\/2014\/04\/spsuspeitomeninastietedivulgacao.jpg","articleSection":["Brasil"],"inLanguage":"pt-BR","potentialAction":[{"@type":"CommentAction","name":"Comment","target":["https:\/\/www.notibras.com\/site\/vendedor-da-cariona-estupra-e-mata-amigas-adolescentes-de-13-e-14-anos\/#respond"]}]},{"@type":"WebPage","@id":"https:\/\/www.notibras.com\/site\/vendedor-da-cariona-estupra-e-mata-amigas-adolescentes-de-13-e-14-anos\/","url":"https:\/\/www.notibras.com\/site\/vendedor-da-cariona-estupra-e-mata-amigas-adolescentes-de-13-e-14-anos\/","name":"Vendedor d\u00e1 carona, estupra e mata amigas adolescentes - Notibras","isPartOf":{"@id":"https:\/\/www.notibras.com\/site\/#website"},"primaryImageOfPage":{"@id":"https:\/\/www.notibras.com\/site\/vendedor-da-cariona-estupra-e-mata-amigas-adolescentes-de-13-e-14-anos\/#primaryimage"},"image":{"@id":"https:\/\/www.notibras.com\/site\/vendedor-da-cariona-estupra-e-mata-amigas-adolescentes-de-13-e-14-anos\/#primaryimage"},"thumbnailUrl":"https:\/\/www.notibras.com\/site\/wp-content\/uploads\/2014\/04\/spsuspeitomeninastietedivulgacao.jpg","datePublished":"2014-04-28T17:24:24+00:00","dateModified":"2014-04-28T21:14:40+00:00","breadcrumb":{"@id":"https:\/\/www.notibras.com\/site\/vendedor-da-cariona-estupra-e-mata-amigas-adolescentes-de-13-e-14-anos\/#breadcrumb"},"inLanguage":"pt-BR","potentialAction":[{"@type":"ReadAction","target":["https:\/\/www.notibras.com\/site\/vendedor-da-cariona-estupra-e-mata-amigas-adolescentes-de-13-e-14-anos\/"]}]},{"@type":"ImageObject","inLanguage":"pt-BR","@id":"https:\/\/www.notibras.com\/site\/vendedor-da-cariona-estupra-e-mata-amigas-adolescentes-de-13-e-14-anos\/#primaryimage","url":"https:\/\/www.notibras.com\/site\/wp-content\/uploads\/2014\/04\/spsuspeitomeninastietedivulgacao.jpg","contentUrl":"https:\/\/www.notibras.com\/site\/wp-content\/uploads\/2014\/04\/spsuspeitomeninastietedivulgacao.jpg","width":460,"height":340},{"@type":"BreadcrumbList","@id":"https:\/\/www.notibras.com\/site\/vendedor-da-cariona-estupra-e-mata-amigas-adolescentes-de-13-e-14-anos\/#breadcrumb","itemListElement":[{"@type":"ListItem","position":1,"name":"In\u00edcio","item":"https:\/\/www.notibras.com\/site\/"},{"@type":"ListItem","position":2,"name":"Vendedor d\u00e1 carona, estupra e mata amigas adolescentes"}]},{"@type":"WebSite","@id":"https:\/\/www.notibras.com\/site\/#website","url":"https:\/\/www.notibras.com\/site\/","name":"Notibras","description":"Not\u00edcias de Bras\u00edlia, do Brasil e do Mundo","publisher":{"@id":"https:\/\/www.notibras.com\/site\/#organization"},"potentialAction":[{"@type":"SearchAction","target":{"@type":"EntryPoint","urlTemplate":"https:\/\/www.notibras.com\/site\/?s={search_term_string}"},"query-input":{"@type":"PropertyValueSpecification","valueRequired":true,"valueName":"search_term_string"}}],"inLanguage":"pt-BR"},{"@type":"Organization","@id":"https:\/\/www.notibras.com\/site\/#organization","name":"Grupo Notibras de Comunica\u00e7\u00e3o","url":"https:\/\/www.notibras.com\/site\/","logo":{"@type":"ImageObject","inLanguage":"pt-BR","@id":"https:\/\/www.notibras.com\/site\/#\/schema\/logo\/image\/","url":"https:\/\/www.notibras.com\/site\/wp-content\/uploads\/2023\/01\/notibras23.png","contentUrl":"https:\/\/www.notibras.com\/site\/wp-content\/uploads\/2023\/01\/notibras23.png","width":350,"height":87,"caption":"Grupo Notibras de Comunica\u00e7\u00e3o"},"image":{"@id":"https:\/\/www.notibras.com\/site\/#\/schema\/logo\/image\/"},"sameAs":["https:\/\/www.facebook.com\/notibras\/","https:\/\/x.com\/Notibras","https:\/\/www.instagram.com\/notibras\/"]},{"@type":"Person","@id":"https:\/\/www.notibras.com\/site\/#\/schema\/person\/36ab0979449956132d3e5b517ea76ac8","name":"Reda\u00e7\u00e3o","image":{"@type":"ImageObject","inLanguage":"pt-BR","@id":"https:\/\/secure.gravatar.com\/avatar\/e0a867bdedb85fd243eadf09663511f96fc81e0720a4a42581f334ad4303aa6b?s=96&d=mm&r=g","url":"https:\/\/secure.gravatar.com\/avatar\/e0a867bdedb85fd243eadf09663511f96fc81e0720a4a42581f334ad4303aa6b?s=96&d=mm&r=g","contentUrl":"https:\/\/secure.gravatar.com\/avatar\/e0a867bdedb85fd243eadf09663511f96fc81e0720a4a42581f334ad4303aa6b?s=96&d=mm&r=g","caption":"Reda\u00e7\u00e3o"}}]}},"amp_enabled":true,"_links":{"self":[{"href":"https:\/\/www.notibras.com\/site\/wp-json\/wp\/v2\/posts\/7755","targetHints":{"allow":["GET"]}}],"collection":[{"href":"https:\/\/www.notibras.com\/site\/wp-json\/wp\/v2\/posts"}],"about":[{"href":"https:\/\/www.notibras.com\/site\/wp-json\/wp\/v2\/types\/post"}],"author":[{"embeddable":true,"href":"https:\/\/www.notibras.com\/site\/wp-json\/wp\/v2\/users\/2"}],"replies":[{"embeddable":true,"href":"https:\/\/www.notibras.com\/site\/wp-json\/wp\/v2\/comments?post=7755"}],"version-history":[{"count":0,"href":"https:\/\/www.notibras.com\/site\/wp-json\/wp\/v2\/posts\/7755\/revisions"}],"wp:featuredmedia":[{"embeddable":true,"href":"https:\/\/www.notibras.com\/site\/wp-json\/wp\/v2\/media\/7756"}],"wp:attachment":[{"href":"https:\/\/www.notibras.com\/site\/wp-json\/wp\/v2\/media?parent=7755"}],"wp:term":[{"taxonomy":"category","embeddable":true,"href":"https:\/\/www.notibras.com\/site\/wp-json\/wp\/v2\/categories?post=7755"},{"taxonomy":"post_tag","embeddable":true,"href":"https:\/\/www.notibras.com\/site\/wp-json\/wp\/v2\/tags?post=7755"}],"curies":[{"name":"wp","href":"https:\/\/api.w.org\/{rel}","templated":true}]}}