{"id":77625,"date":"2015-11-20T02:27:21","date_gmt":"2015-11-20T04:27:21","guid":{"rendered":"http:\/\/www.notibras.com\/site\/?p=77625"},"modified":"2015-11-23T02:35:15","modified_gmt":"2015-11-23T04:35:15","slug":"autoridades-nao-sabem-lidar-com-soldados-misturados-a-paisagem","status":"publish","type":"post","link":"https:\/\/www.notibras.com\/site\/autoridades-nao-sabem-lidar-com-soldados-misturados-a-paisagem\/","title":{"rendered":"Autoridades n\u00e3o sabem lidar com soldados misturados \u00e0 paisagem urbana"},"content":{"rendered":"<p>A repeti\u00e7\u00e3o sistem\u00e1tica com que v\u00eam ocorrendo os atentados terroristas de cunho extremista isl\u00e2mico, seja por parte da Al Qaeda, na d\u00e9cada passada, ou atualmente do EI e outros grupos, leva ao questionamento do por que \u2013apesar de tropas treinadas,\u00a0armas modernas e novas tecnologias\u2013 n\u00e3o se tem conseguido debelar tais a\u00e7\u00f5es. Isso permite questionar, inclusive, se de fato o terrorismo pode ser vencido, com base na conjuntura atual dos atentados.<\/p>\n<p>Em primeiro lugar, \u00e9 preciso dizer que as autoridades internacionais ainda n\u00e3o sabem como lidar com um conflito assim\u00e9trico, onde n\u00e3o existe um pa\u00eds envolvido e no qual seus combatentes se misturam \u00e0 paisagem urbana com naturalidade. Fomos condicionados por s\u00e9culos a lidar com guerras regulares, ex\u00e9rcitos tradicionais, comandos estabelecidos em regi\u00f5es. Basta relembramos os casos dos EUA,\u00a0que n\u00e3o conseguiram \u00eaxito no Vietn\u00e3, e dos sovi\u00e9ticos, na primeira guerra do\u00a0Afeganist\u00e3o. A retirada de tropas da coaliz\u00e3o do Iraque e do Afeganist\u00e3o tamb\u00e9m faz parte desta percep\u00e7\u00e3o.<\/p>\n<p>Um segundo fator que tamb\u00e9m \u00e9 pouco compreendido pelo Ocidente \u00e9 a disposi\u00e7\u00e3o dos terroristas de perderem a vida em suas a\u00e7\u00f5es, que faz parte da cren\u00e7a que dever\u00e3o ir para o para\u00edso quando engajados em eliminar os inimigos de sua ideologia. Isto soa incompreens\u00edvel pois a preserva\u00e7\u00e3o da vida \u00e9 o maior valor ocidental, inclusive em opera\u00e7\u00f5es militares. Suic\u00eddios em massa, baseados em cren\u00e7as extremistas e apocal\u00edpticas, n\u00e3o s\u00e3o raros, e a hist\u00f3ria traz exemplos sinistros.<\/p>\n<p>Por \u00faltimo, podemos evocar a quest\u00e3o da moral e da \u00e9tica ocidentais, nas quais n\u00e3o s\u00e3o permitidos, tampouco aceitos, atos como a queima de pessoas vivas, crucifica\u00e7\u00f5es e decapita\u00e7\u00f5es \u2013pr\u00e1ticas consideradas como tortura pelo ordenamento jur\u00eddico internacional.\u00a0 Contudo, terroristas, agindo por anomia \u2013ou seja, \u00e0 margem de qualquer legisla\u00e7\u00e3o conhecida\u2013, desconsideram essas quest\u00f5es. Pelo contr\u00e1rio, as usam\u00a0como forma de demonstra\u00e7\u00e3o de poder e intimida\u00e7\u00e3o.<\/p>\n<p>Tais m\u00e9todos t\u00eam o objetivo de desestabilizar as sociedades ocidentais e obrigar a perpetua\u00e7\u00e3o de a\u00e7\u00f5es semelhantes\u00a0por parte destas, o que s\u00f3 refor\u00e7a os sentimentos de \u00f3dio e vingan\u00e7a, num ciclo intermin\u00e1vel de viol\u00eancia. Esse contexto j\u00e1 \u00e9 reconhecido pelo Conselho de Seguran\u00e7a da ONU que, por resolu\u00e7\u00e3o, admite que o terrorismo n\u00e3o pode ser vencido exclusivamente com o uso da for\u00e7a b\u00e9lica.<\/p>\n<p>Restaria ent\u00e3o, como medida complementar, o aux\u00edlio financeiro aos pa\u00edses considerados &#8220;falidos&#8221;, onde o recrutamento torna-se mais evidente e as pessoas est\u00e3o mais propensas a abra\u00e7ar qualquer ideologia que prometa retir\u00e1-las do status em que se encontram, seja nesta ou em outra vida. Isso torna-se emblem\u00e1tico, pois a crise financeira da Comunidade Europeia e de outros pa\u00edses ainda ronda os governos e, em alguns casos, amea\u00e7a seus servi\u00e7os b\u00e1sicos.<\/p>\n<p>Assim, essa quest\u00e3o mostra-se complexa e atualmente insol\u00favel. A \u00fanica certeza que temos \u00e9 de que o aumento das opera\u00e7\u00f5es militares na S\u00edria deve acarretar novos atentados como os que ocorreram em Paris. \u00c9 uma alternativa, embora n\u00e3o a mais adequada, pois quase quinze anos da chamada guerra ao terrorismo, lan\u00e7ada pelo governo de George W. Bush ap\u00f3s os atos de 11 de setembro, trouxeram poucos resultados, como se constata.<\/p>\n<p><strong>Andr\u00e9 Luis Woloszyn<\/strong><\/p>\n","protected":false},"excerpt":{"rendered":"<p>A repeti\u00e7\u00e3o sistem\u00e1tica com que v\u00eam ocorrendo os atentados terroristas de cunho extremista isl\u00e2mico, seja por parte da Al Qaeda, na d\u00e9cada passada, ou atualmente do EI e outros grupos, leva ao questionamento do por que \u2013apesar de tropas treinadas,\u00a0armas modernas e novas tecnologias\u2013 n\u00e3o se tem conseguido debelar tais a\u00e7\u00f5es. Isso permite questionar, inclusive, [&hellip;]<\/p>\n","protected":false},"author":2,"featured_media":77626,"comment_status":"open","ping_status":"closed","sticky":false,"template":"","format":"standard","meta":{"_acf_changed":false,"footnotes":""},"categories":[25],"tags":[],"class_list":["post-77625","post","type-post","status-publish","format-standard","has-post-thumbnail","hentry","category-opina-ai"],"acf":[],"yoast_head":"<!-- This site is optimized with the Yoast SEO plugin v27.2 - https:\/\/yoast.com\/product\/yoast-seo-wordpress\/ -->\n<title>Autoridades n\u00e3o sabem lidar com soldados misturados \u00e0 paisagem urbana - Notibras<\/title>\n<meta name=\"robots\" content=\"index, follow, max-snippet:-1, max-image-preview:large, max-video-preview:-1\" \/>\n<link rel=\"canonical\" href=\"https:\/\/www.notibras.com\/site\/autoridades-nao-sabem-lidar-com-soldados-misturados-a-paisagem\/\" \/>\n<meta property=\"og:locale\" content=\"pt_BR\" \/>\n<meta property=\"og:type\" content=\"article\" \/>\n<meta property=\"og:title\" content=\"Autoridades n\u00e3o sabem lidar com soldados misturados \u00e0 paisagem urbana - Notibras\" \/>\n<meta property=\"og:description\" content=\"A repeti\u00e7\u00e3o sistem\u00e1tica com que v\u00eam ocorrendo os atentados terroristas de cunho extremista isl\u00e2mico, seja por parte da Al Qaeda, na d\u00e9cada passada, ou atualmente do EI e outros grupos, leva ao questionamento do por que \u2013apesar de tropas treinadas,\u00a0armas modernas e novas tecnologias\u2013 n\u00e3o se tem conseguido debelar tais a\u00e7\u00f5es. Isso permite questionar, inclusive, [&hellip;]\" \/>\n<meta property=\"og:url\" content=\"https:\/\/www.notibras.com\/site\/autoridades-nao-sabem-lidar-com-soldados-misturados-a-paisagem\/\" \/>\n<meta property=\"og:site_name\" content=\"Notibras\" \/>\n<meta property=\"article:publisher\" content=\"https:\/\/www.facebook.com\/notibras\/\" \/>\n<meta property=\"article:published_time\" content=\"2015-11-20T04:27:21+00:00\" \/>\n<meta property=\"article:modified_time\" content=\"2015-11-23T04:35:15+00:00\" \/>\n<meta property=\"og:image\" content=\"https:\/\/www.notibras.com\/site\/wp-content\/uploads\/2015\/11\/PM-1.jpg\" \/>\n\t<meta property=\"og:image:width\" content=\"716\" \/>\n\t<meta property=\"og:image:height\" content=\"440\" \/>\n\t<meta property=\"og:image:type\" content=\"image\/jpeg\" \/>\n<meta name=\"author\" content=\"Reda\u00e7\u00e3o\" \/>\n<meta name=\"twitter:card\" content=\"summary_large_image\" \/>\n<meta name=\"twitter:creator\" content=\"@Notibras\" \/>\n<meta name=\"twitter:site\" content=\"@Notibras\" \/>\n<meta name=\"twitter:label1\" content=\"Escrito por\" \/>\n\t<meta name=\"twitter:data1\" content=\"Reda\u00e7\u00e3o\" \/>\n\t<meta name=\"twitter:label2\" content=\"Est. tempo de leitura\" \/>\n\t<meta name=\"twitter:data2\" content=\"3 minutos\" \/>\n<script type=\"application\/ld+json\" class=\"yoast-schema-graph\">{\"@context\":\"https:\/\/schema.org\",\"@graph\":[{\"@type\":\"Article\",\"@id\":\"https:\/\/www.notibras.com\/site\/autoridades-nao-sabem-lidar-com-soldados-misturados-a-paisagem\/#article\",\"isPartOf\":{\"@id\":\"https:\/\/www.notibras.com\/site\/autoridades-nao-sabem-lidar-com-soldados-misturados-a-paisagem\/\"},\"author\":{\"name\":\"Reda\u00e7\u00e3o\",\"@id\":\"https:\/\/www.notibras.com\/site\/#\/schema\/person\/36ab0979449956132d3e5b517ea76ac8\"},\"headline\":\"Autoridades n\u00e3o sabem lidar com soldados misturados \u00e0 paisagem urbana\",\"datePublished\":\"2015-11-20T04:27:21+00:00\",\"dateModified\":\"2015-11-23T04:35:15+00:00\",\"mainEntityOfPage\":{\"@id\":\"https:\/\/www.notibras.com\/site\/autoridades-nao-sabem-lidar-com-soldados-misturados-a-paisagem\/\"},\"wordCount\":586,\"commentCount\":0,\"publisher\":{\"@id\":\"https:\/\/www.notibras.com\/site\/#organization\"},\"image\":{\"@id\":\"https:\/\/www.notibras.com\/site\/autoridades-nao-sabem-lidar-com-soldados-misturados-a-paisagem\/#primaryimage\"},\"thumbnailUrl\":\"https:\/\/www.notibras.com\/site\/wp-content\/uploads\/2015\/11\/PM-1.jpg\",\"articleSection\":[\"Opina a\u00ed\"],\"inLanguage\":\"pt-BR\",\"potentialAction\":[{\"@type\":\"CommentAction\",\"name\":\"Comment\",\"target\":[\"https:\/\/www.notibras.com\/site\/autoridades-nao-sabem-lidar-com-soldados-misturados-a-paisagem\/#respond\"]}]},{\"@type\":\"WebPage\",\"@id\":\"https:\/\/www.notibras.com\/site\/autoridades-nao-sabem-lidar-com-soldados-misturados-a-paisagem\/\",\"url\":\"https:\/\/www.notibras.com\/site\/autoridades-nao-sabem-lidar-com-soldados-misturados-a-paisagem\/\",\"name\":\"Autoridades n\u00e3o sabem lidar com soldados misturados \u00e0 paisagem urbana - Notibras\",\"isPartOf\":{\"@id\":\"https:\/\/www.notibras.com\/site\/#website\"},\"primaryImageOfPage\":{\"@id\":\"https:\/\/www.notibras.com\/site\/autoridades-nao-sabem-lidar-com-soldados-misturados-a-paisagem\/#primaryimage\"},\"image\":{\"@id\":\"https:\/\/www.notibras.com\/site\/autoridades-nao-sabem-lidar-com-soldados-misturados-a-paisagem\/#primaryimage\"},\"thumbnailUrl\":\"https:\/\/www.notibras.com\/site\/wp-content\/uploads\/2015\/11\/PM-1.jpg\",\"datePublished\":\"2015-11-20T04:27:21+00:00\",\"dateModified\":\"2015-11-23T04:35:15+00:00\",\"breadcrumb\":{\"@id\":\"https:\/\/www.notibras.com\/site\/autoridades-nao-sabem-lidar-com-soldados-misturados-a-paisagem\/#breadcrumb\"},\"inLanguage\":\"pt-BR\",\"potentialAction\":[{\"@type\":\"ReadAction\",\"target\":[\"https:\/\/www.notibras.com\/site\/autoridades-nao-sabem-lidar-com-soldados-misturados-a-paisagem\/\"]}]},{\"@type\":\"ImageObject\",\"inLanguage\":\"pt-BR\",\"@id\":\"https:\/\/www.notibras.com\/site\/autoridades-nao-sabem-lidar-com-soldados-misturados-a-paisagem\/#primaryimage\",\"url\":\"https:\/\/www.notibras.com\/site\/wp-content\/uploads\/2015\/11\/PM-1.jpg\",\"contentUrl\":\"https:\/\/www.notibras.com\/site\/wp-content\/uploads\/2015\/11\/PM-1.jpg\",\"width\":716,\"height\":440},{\"@type\":\"BreadcrumbList\",\"@id\":\"https:\/\/www.notibras.com\/site\/autoridades-nao-sabem-lidar-com-soldados-misturados-a-paisagem\/#breadcrumb\",\"itemListElement\":[{\"@type\":\"ListItem\",\"position\":1,\"name\":\"In\u00edcio\",\"item\":\"https:\/\/www.notibras.com\/site\/\"},{\"@type\":\"ListItem\",\"position\":2,\"name\":\"Autoridades n\u00e3o sabem lidar com soldados misturados \u00e0 paisagem urbana\"}]},{\"@type\":\"WebSite\",\"@id\":\"https:\/\/www.notibras.com\/site\/#website\",\"url\":\"https:\/\/www.notibras.com\/site\/\",\"name\":\"Notibras\",\"description\":\"Not\u00edcias de Bras\u00edlia, do Brasil e do Mundo\",\"publisher\":{\"@id\":\"https:\/\/www.notibras.com\/site\/#organization\"},\"potentialAction\":[{\"@type\":\"SearchAction\",\"target\":{\"@type\":\"EntryPoint\",\"urlTemplate\":\"https:\/\/www.notibras.com\/site\/?s={search_term_string}\"},\"query-input\":{\"@type\":\"PropertyValueSpecification\",\"valueRequired\":true,\"valueName\":\"search_term_string\"}}],\"inLanguage\":\"pt-BR\"},{\"@type\":\"Organization\",\"@id\":\"https:\/\/www.notibras.com\/site\/#organization\",\"name\":\"Grupo Notibras de Comunica\u00e7\u00e3o\",\"url\":\"https:\/\/www.notibras.com\/site\/\",\"logo\":{\"@type\":\"ImageObject\",\"inLanguage\":\"pt-BR\",\"@id\":\"https:\/\/www.notibras.com\/site\/#\/schema\/logo\/image\/\",\"url\":\"https:\/\/www.notibras.com\/site\/wp-content\/uploads\/2023\/01\/notibras23.png\",\"contentUrl\":\"https:\/\/www.notibras.com\/site\/wp-content\/uploads\/2023\/01\/notibras23.png\",\"width\":350,\"height\":87,\"caption\":\"Grupo Notibras de Comunica\u00e7\u00e3o\"},\"image\":{\"@id\":\"https:\/\/www.notibras.com\/site\/#\/schema\/logo\/image\/\"},\"sameAs\":[\"https:\/\/www.facebook.com\/notibras\/\",\"https:\/\/x.com\/Notibras\",\"https:\/\/www.instagram.com\/notibras\/\"]},{\"@type\":\"Person\",\"@id\":\"https:\/\/www.notibras.com\/site\/#\/schema\/person\/36ab0979449956132d3e5b517ea76ac8\",\"name\":\"Reda\u00e7\u00e3o\",\"image\":{\"@type\":\"ImageObject\",\"inLanguage\":\"pt-BR\",\"@id\":\"https:\/\/secure.gravatar.com\/avatar\/e0a867bdedb85fd243eadf09663511f96fc81e0720a4a42581f334ad4303aa6b?s=96&d=mm&r=g\",\"url\":\"https:\/\/secure.gravatar.com\/avatar\/e0a867bdedb85fd243eadf09663511f96fc81e0720a4a42581f334ad4303aa6b?s=96&d=mm&r=g\",\"contentUrl\":\"https:\/\/secure.gravatar.com\/avatar\/e0a867bdedb85fd243eadf09663511f96fc81e0720a4a42581f334ad4303aa6b?s=96&d=mm&r=g\",\"caption\":\"Reda\u00e7\u00e3o\"}}]}<\/script>\n<!-- \/ Yoast SEO plugin. -->","yoast_head_json":{"title":"Autoridades n\u00e3o sabem lidar com soldados misturados \u00e0 paisagem urbana - Notibras","robots":{"index":"index","follow":"follow","max-snippet":"max-snippet:-1","max-image-preview":"max-image-preview:large","max-video-preview":"max-video-preview:-1"},"canonical":"https:\/\/www.notibras.com\/site\/autoridades-nao-sabem-lidar-com-soldados-misturados-a-paisagem\/","og_locale":"pt_BR","og_type":"article","og_title":"Autoridades n\u00e3o sabem lidar com soldados misturados \u00e0 paisagem urbana - Notibras","og_description":"A repeti\u00e7\u00e3o sistem\u00e1tica com que v\u00eam ocorrendo os atentados terroristas de cunho extremista isl\u00e2mico, seja por parte da Al Qaeda, na d\u00e9cada passada, ou atualmente do EI e outros grupos, leva ao questionamento do por que \u2013apesar de tropas treinadas,\u00a0armas modernas e novas tecnologias\u2013 n\u00e3o se tem conseguido debelar tais a\u00e7\u00f5es. Isso permite questionar, inclusive, [&hellip;]","og_url":"https:\/\/www.notibras.com\/site\/autoridades-nao-sabem-lidar-com-soldados-misturados-a-paisagem\/","og_site_name":"Notibras","article_publisher":"https:\/\/www.facebook.com\/notibras\/","article_published_time":"2015-11-20T04:27:21+00:00","article_modified_time":"2015-11-23T04:35:15+00:00","og_image":[{"width":716,"height":440,"url":"https:\/\/www.notibras.com\/site\/wp-content\/uploads\/2015\/11\/PM-1.jpg","type":"image\/jpeg"}],"author":"Reda\u00e7\u00e3o","twitter_card":"summary_large_image","twitter_creator":"@Notibras","twitter_site":"@Notibras","twitter_misc":{"Escrito por":"Reda\u00e7\u00e3o","Est. tempo de leitura":"3 minutos"},"schema":{"@context":"https:\/\/schema.org","@graph":[{"@type":"Article","@id":"https:\/\/www.notibras.com\/site\/autoridades-nao-sabem-lidar-com-soldados-misturados-a-paisagem\/#article","isPartOf":{"@id":"https:\/\/www.notibras.com\/site\/autoridades-nao-sabem-lidar-com-soldados-misturados-a-paisagem\/"},"author":{"name":"Reda\u00e7\u00e3o","@id":"https:\/\/www.notibras.com\/site\/#\/schema\/person\/36ab0979449956132d3e5b517ea76ac8"},"headline":"Autoridades n\u00e3o sabem lidar com soldados misturados \u00e0 paisagem urbana","datePublished":"2015-11-20T04:27:21+00:00","dateModified":"2015-11-23T04:35:15+00:00","mainEntityOfPage":{"@id":"https:\/\/www.notibras.com\/site\/autoridades-nao-sabem-lidar-com-soldados-misturados-a-paisagem\/"},"wordCount":586,"commentCount":0,"publisher":{"@id":"https:\/\/www.notibras.com\/site\/#organization"},"image":{"@id":"https:\/\/www.notibras.com\/site\/autoridades-nao-sabem-lidar-com-soldados-misturados-a-paisagem\/#primaryimage"},"thumbnailUrl":"https:\/\/www.notibras.com\/site\/wp-content\/uploads\/2015\/11\/PM-1.jpg","articleSection":["Opina a\u00ed"],"inLanguage":"pt-BR","potentialAction":[{"@type":"CommentAction","name":"Comment","target":["https:\/\/www.notibras.com\/site\/autoridades-nao-sabem-lidar-com-soldados-misturados-a-paisagem\/#respond"]}]},{"@type":"WebPage","@id":"https:\/\/www.notibras.com\/site\/autoridades-nao-sabem-lidar-com-soldados-misturados-a-paisagem\/","url":"https:\/\/www.notibras.com\/site\/autoridades-nao-sabem-lidar-com-soldados-misturados-a-paisagem\/","name":"Autoridades n\u00e3o sabem lidar com soldados misturados \u00e0 paisagem urbana - Notibras","isPartOf":{"@id":"https:\/\/www.notibras.com\/site\/#website"},"primaryImageOfPage":{"@id":"https:\/\/www.notibras.com\/site\/autoridades-nao-sabem-lidar-com-soldados-misturados-a-paisagem\/#primaryimage"},"image":{"@id":"https:\/\/www.notibras.com\/site\/autoridades-nao-sabem-lidar-com-soldados-misturados-a-paisagem\/#primaryimage"},"thumbnailUrl":"https:\/\/www.notibras.com\/site\/wp-content\/uploads\/2015\/11\/PM-1.jpg","datePublished":"2015-11-20T04:27:21+00:00","dateModified":"2015-11-23T04:35:15+00:00","breadcrumb":{"@id":"https:\/\/www.notibras.com\/site\/autoridades-nao-sabem-lidar-com-soldados-misturados-a-paisagem\/#breadcrumb"},"inLanguage":"pt-BR","potentialAction":[{"@type":"ReadAction","target":["https:\/\/www.notibras.com\/site\/autoridades-nao-sabem-lidar-com-soldados-misturados-a-paisagem\/"]}]},{"@type":"ImageObject","inLanguage":"pt-BR","@id":"https:\/\/www.notibras.com\/site\/autoridades-nao-sabem-lidar-com-soldados-misturados-a-paisagem\/#primaryimage","url":"https:\/\/www.notibras.com\/site\/wp-content\/uploads\/2015\/11\/PM-1.jpg","contentUrl":"https:\/\/www.notibras.com\/site\/wp-content\/uploads\/2015\/11\/PM-1.jpg","width":716,"height":440},{"@type":"BreadcrumbList","@id":"https:\/\/www.notibras.com\/site\/autoridades-nao-sabem-lidar-com-soldados-misturados-a-paisagem\/#breadcrumb","itemListElement":[{"@type":"ListItem","position":1,"name":"In\u00edcio","item":"https:\/\/www.notibras.com\/site\/"},{"@type":"ListItem","position":2,"name":"Autoridades n\u00e3o sabem lidar com soldados misturados \u00e0 paisagem urbana"}]},{"@type":"WebSite","@id":"https:\/\/www.notibras.com\/site\/#website","url":"https:\/\/www.notibras.com\/site\/","name":"Notibras","description":"Not\u00edcias de Bras\u00edlia, do Brasil e do Mundo","publisher":{"@id":"https:\/\/www.notibras.com\/site\/#organization"},"potentialAction":[{"@type":"SearchAction","target":{"@type":"EntryPoint","urlTemplate":"https:\/\/www.notibras.com\/site\/?s={search_term_string}"},"query-input":{"@type":"PropertyValueSpecification","valueRequired":true,"valueName":"search_term_string"}}],"inLanguage":"pt-BR"},{"@type":"Organization","@id":"https:\/\/www.notibras.com\/site\/#organization","name":"Grupo Notibras de Comunica\u00e7\u00e3o","url":"https:\/\/www.notibras.com\/site\/","logo":{"@type":"ImageObject","inLanguage":"pt-BR","@id":"https:\/\/www.notibras.com\/site\/#\/schema\/logo\/image\/","url":"https:\/\/www.notibras.com\/site\/wp-content\/uploads\/2023\/01\/notibras23.png","contentUrl":"https:\/\/www.notibras.com\/site\/wp-content\/uploads\/2023\/01\/notibras23.png","width":350,"height":87,"caption":"Grupo Notibras de Comunica\u00e7\u00e3o"},"image":{"@id":"https:\/\/www.notibras.com\/site\/#\/schema\/logo\/image\/"},"sameAs":["https:\/\/www.facebook.com\/notibras\/","https:\/\/x.com\/Notibras","https:\/\/www.instagram.com\/notibras\/"]},{"@type":"Person","@id":"https:\/\/www.notibras.com\/site\/#\/schema\/person\/36ab0979449956132d3e5b517ea76ac8","name":"Reda\u00e7\u00e3o","image":{"@type":"ImageObject","inLanguage":"pt-BR","@id":"https:\/\/secure.gravatar.com\/avatar\/e0a867bdedb85fd243eadf09663511f96fc81e0720a4a42581f334ad4303aa6b?s=96&d=mm&r=g","url":"https:\/\/secure.gravatar.com\/avatar\/e0a867bdedb85fd243eadf09663511f96fc81e0720a4a42581f334ad4303aa6b?s=96&d=mm&r=g","contentUrl":"https:\/\/secure.gravatar.com\/avatar\/e0a867bdedb85fd243eadf09663511f96fc81e0720a4a42581f334ad4303aa6b?s=96&d=mm&r=g","caption":"Reda\u00e7\u00e3o"}}]}},"amp_enabled":true,"_links":{"self":[{"href":"https:\/\/www.notibras.com\/site\/wp-json\/wp\/v2\/posts\/77625","targetHints":{"allow":["GET"]}}],"collection":[{"href":"https:\/\/www.notibras.com\/site\/wp-json\/wp\/v2\/posts"}],"about":[{"href":"https:\/\/www.notibras.com\/site\/wp-json\/wp\/v2\/types\/post"}],"author":[{"embeddable":true,"href":"https:\/\/www.notibras.com\/site\/wp-json\/wp\/v2\/users\/2"}],"replies":[{"embeddable":true,"href":"https:\/\/www.notibras.com\/site\/wp-json\/wp\/v2\/comments?post=77625"}],"version-history":[{"count":2,"href":"https:\/\/www.notibras.com\/site\/wp-json\/wp\/v2\/posts\/77625\/revisions"}],"predecessor-version":[{"id":77629,"href":"https:\/\/www.notibras.com\/site\/wp-json\/wp\/v2\/posts\/77625\/revisions\/77629"}],"wp:featuredmedia":[{"embeddable":true,"href":"https:\/\/www.notibras.com\/site\/wp-json\/wp\/v2\/media\/77626"}],"wp:attachment":[{"href":"https:\/\/www.notibras.com\/site\/wp-json\/wp\/v2\/media?parent=77625"}],"wp:term":[{"taxonomy":"category","embeddable":true,"href":"https:\/\/www.notibras.com\/site\/wp-json\/wp\/v2\/categories?post=77625"},{"taxonomy":"post_tag","embeddable":true,"href":"https:\/\/www.notibras.com\/site\/wp-json\/wp\/v2\/tags?post=77625"}],"curies":[{"name":"wp","href":"https:\/\/api.w.org\/{rel}","templated":true}]}}