{"id":77630,"date":"2015-11-21T02:35:32","date_gmt":"2015-11-21T04:35:32","guid":{"rendered":"http:\/\/www.notibras.com\/site\/?p=77630"},"modified":"2015-11-23T02:38:25","modified_gmt":"2015-11-23T04:38:25","slug":"zumbi-dos-palmares-nao-e-heroi-extraido-dos-livros-didaticos","status":"publish","type":"post","link":"https:\/\/www.notibras.com\/site\/zumbi-dos-palmares-nao-e-heroi-extraido-dos-livros-didaticos\/","title":{"rendered":"Zumbi dos Palmares n\u00e3o \u00e9 her\u00f3i extra\u00eddo dos livros did\u00e1ticos"},"content":{"rendered":"<p>Desde o dia 21 de mar\u00e7o de 1997 o &#8220;Pante\u00e3o da P\u00e1tria e da Liberdade&#8221;, localizado na pra\u00e7a dos Tr\u00eas Poderes, em Bras\u00edlia, passou a abrigar um nome diferente na galeria dos her\u00f3is nacionais: Zumbi dos Palmares.<\/p>\n<p>O nome \u00e9 composto de uma express\u00e3o de origem quimbundo, &#8220;nzumbi&#8221;, que significa &#8220;esp\u00edrito imortal&#8221;, acrescida de uma refer\u00eancia ao maior quilombo brasileiro, Palmares. Localizado em Alagoas, entre 1595 a 1695 o quilombo chegou a abrigar cerca de 30 mil negros fugidos do escravismo.<\/p>\n<p>Chefe guerreiro assassinado no dia 20 de novembro de 1695, Zumbi tornou-se s\u00edmbolo das lutas dos negros por dignidade e igualdade \u2013conforme consta na biografia exibida no Pante\u00e3o dos Her\u00f3is Nacionais.<\/p>\n<p>A saga e a bravura dos quilombolas palmarinos inspiraram um escritor baiano, Edison Carneiro, a publicar, em 1947, um livro intitulado &#8220;O Quilombo dos Palmares&#8221;, que estimulou uma entidade negra ga\u00facha a propor a institui\u00e7\u00e3o do Dia Nacional da Consci\u00eancia Negra. Em 20 de novembro de 1971, o &#8220;Grupo Palmares&#8221;, liderado pelo escritor Oliveira Silveira, realizava em Porto Alegre o primeiro ato p\u00fablico em homenagem \u00e0 luta e \u00e0 mem\u00f3ria de Zumbi dos Palmares.<\/p>\n<p>Anos depois, em 1978, entidades negras de todo o pa\u00eds reuniam-se em Salvador e aprovavam uma delibera\u00e7\u00e3o do Movimento Negro Unificado para lutarem para o reconhecimento de Zumbi como her\u00f3i nacional e pela institui\u00e7\u00e3o do dia 20 de novembro como o Dia Nacional da Consci\u00eancia Negra.<\/p>\n<p>Como podemos observar, Zumbi dos Palmares n\u00e3o \u00e9 her\u00f3i extra\u00eddo dos livros did\u00e1ticos ou do invent\u00e1rio da historiografia oficial, mas constru\u00eddo na luta pol\u00edtica pela afirma\u00e7\u00e3o da dignidade da popula\u00e7\u00e3o negra e pela supera\u00e7\u00e3o do racismo e de todas as formas de discrimina\u00e7\u00e3o e de exclus\u00e3o.<\/p>\n<p>Neste ano de 2015, mais de mil munic\u00edpios de todo o pa\u00eds, dentre os quais S\u00e3o Paulo, Guarulhos e Santo Andr\u00e9, al\u00e9m dos Estados do Rio de Janeiro, Rio Grande do Sul, Mato Grosso e Alagoas, entre outros, estar\u00e3o celebrando a mem\u00f3ria do her\u00f3i nacional guardando o dia 20 de novembro como feriado c\u00edvico.<\/p>\n<p>&#8220;O mais poss\u00edvel novo quilombo de Zumbi&#8221;, como diz Caetano Veloso na m\u00fasica &#8220;Sampa&#8221;, paulatinamente vai ganhando a mente e o cora\u00e7\u00e3o de todos os brasileiros.<\/p>\n<p><strong>H\u00e9dio Silva Jr.<\/strong><\/p>\n","protected":false},"excerpt":{"rendered":"<p>Desde o dia 21 de mar\u00e7o de 1997 o &#8220;Pante\u00e3o da P\u00e1tria e da Liberdade&#8221;, localizado na pra\u00e7a dos Tr\u00eas Poderes, em Bras\u00edlia, passou a abrigar um nome diferente na galeria dos her\u00f3is nacionais: Zumbi dos Palmares. O nome \u00e9 composto de uma express\u00e3o de origem quimbundo, &#8220;nzumbi&#8221;, que significa &#8220;esp\u00edrito imortal&#8221;, acrescida de uma [&hellip;]<\/p>\n","protected":false},"author":2,"featured_media":77631,"comment_status":"open","ping_status":"closed","sticky":false,"template":"","format":"standard","meta":{"_acf_changed":false,"footnotes":""},"categories":[25],"tags":[],"class_list":["post-77630","post","type-post","status-publish","format-standard","has-post-thumbnail","hentry","category-opina-ai"],"acf":[],"yoast_head":"<!-- This site is optimized with the Yoast SEO plugin v27.5 - https:\/\/yoast.com\/product\/yoast-seo-wordpress\/ -->\n<title>Zumbi dos Palmares n\u00e3o \u00e9 her\u00f3i extra\u00eddo dos livros did\u00e1ticos - Notibras<\/title>\n<meta name=\"robots\" content=\"index, follow, max-snippet:-1, max-image-preview:large, max-video-preview:-1\" \/>\n<link rel=\"canonical\" href=\"https:\/\/www.notibras.com\/site\/zumbi-dos-palmares-nao-e-heroi-extraido-dos-livros-didaticos\/\" \/>\n<meta property=\"og:locale\" content=\"pt_BR\" \/>\n<meta property=\"og:type\" content=\"article\" \/>\n<meta property=\"og:title\" content=\"Zumbi dos Palmares n\u00e3o \u00e9 her\u00f3i extra\u00eddo dos livros did\u00e1ticos - Notibras\" \/>\n<meta property=\"og:description\" content=\"Desde o dia 21 de mar\u00e7o de 1997 o &#8220;Pante\u00e3o da P\u00e1tria e da Liberdade&#8221;, localizado na pra\u00e7a dos Tr\u00eas Poderes, em Bras\u00edlia, passou a abrigar um nome diferente na galeria dos her\u00f3is nacionais: Zumbi dos Palmares. O nome \u00e9 composto de uma express\u00e3o de origem quimbundo, &#8220;nzumbi&#8221;, que significa &#8220;esp\u00edrito imortal&#8221;, acrescida de uma [&hellip;]\" \/>\n<meta property=\"og:url\" content=\"https:\/\/www.notibras.com\/site\/zumbi-dos-palmares-nao-e-heroi-extraido-dos-livros-didaticos\/\" \/>\n<meta property=\"og:site_name\" content=\"Notibras\" \/>\n<meta property=\"article:publisher\" content=\"https:\/\/www.facebook.com\/notibras\/\" \/>\n<meta property=\"article:published_time\" content=\"2015-11-21T04:35:32+00:00\" \/>\n<meta property=\"article:modified_time\" content=\"2015-11-23T04:38:25+00:00\" \/>\n<meta property=\"og:image\" content=\"https:\/\/www.notibras.com\/site\/wp-content\/uploads\/2015\/11\/ZumbiPalmares01_des.jpg\" \/>\n\t<meta property=\"og:image:width\" content=\"610\" \/>\n\t<meta property=\"og:image:height\" content=\"400\" \/>\n\t<meta property=\"og:image:type\" content=\"image\/jpeg\" \/>\n<meta name=\"author\" content=\"Reda\u00e7\u00e3o\" \/>\n<meta name=\"twitter:card\" content=\"summary_large_image\" \/>\n<meta name=\"twitter:creator\" content=\"@Notibras\" \/>\n<meta name=\"twitter:site\" content=\"@Notibras\" \/>\n<meta name=\"twitter:label1\" content=\"Escrito por\" \/>\n\t<meta name=\"twitter:data1\" content=\"Reda\u00e7\u00e3o\" \/>\n\t<meta name=\"twitter:label2\" content=\"Est. tempo de leitura\" \/>\n\t<meta name=\"twitter:data2\" content=\"2 minutos\" \/>\n<script type=\"application\/ld+json\" class=\"yoast-schema-graph\">{\"@context\":\"https:\\\/\\\/schema.org\",\"@graph\":[{\"@type\":\"Article\",\"@id\":\"https:\\\/\\\/www.notibras.com\\\/site\\\/zumbi-dos-palmares-nao-e-heroi-extraido-dos-livros-didaticos\\\/#article\",\"isPartOf\":{\"@id\":\"https:\\\/\\\/www.notibras.com\\\/site\\\/zumbi-dos-palmares-nao-e-heroi-extraido-dos-livros-didaticos\\\/\"},\"author\":{\"name\":\"Reda\u00e7\u00e3o\",\"@id\":\"https:\\\/\\\/www.notibras.com\\\/site\\\/#\\\/schema\\\/person\\\/36ab0979449956132d3e5b517ea76ac8\"},\"headline\":\"Zumbi dos Palmares n\u00e3o \u00e9 her\u00f3i extra\u00eddo dos livros did\u00e1ticos\",\"datePublished\":\"2015-11-21T04:35:32+00:00\",\"dateModified\":\"2015-11-23T04:38:25+00:00\",\"mainEntityOfPage\":{\"@id\":\"https:\\\/\\\/www.notibras.com\\\/site\\\/zumbi-dos-palmares-nao-e-heroi-extraido-dos-livros-didaticos\\\/\"},\"wordCount\":403,\"commentCount\":0,\"publisher\":{\"@id\":\"https:\\\/\\\/www.notibras.com\\\/site\\\/#organization\"},\"image\":{\"@id\":\"https:\\\/\\\/www.notibras.com\\\/site\\\/zumbi-dos-palmares-nao-e-heroi-extraido-dos-livros-didaticos\\\/#primaryimage\"},\"thumbnailUrl\":\"https:\\\/\\\/www.notibras.com\\\/site\\\/wp-content\\\/uploads\\\/2015\\\/11\\\/ZumbiPalmares01_des.jpg\",\"articleSection\":[\"Opina a\u00ed\"],\"inLanguage\":\"pt-BR\",\"potentialAction\":[{\"@type\":\"CommentAction\",\"name\":\"Comment\",\"target\":[\"https:\\\/\\\/www.notibras.com\\\/site\\\/zumbi-dos-palmares-nao-e-heroi-extraido-dos-livros-didaticos\\\/#respond\"]}]},{\"@type\":\"WebPage\",\"@id\":\"https:\\\/\\\/www.notibras.com\\\/site\\\/zumbi-dos-palmares-nao-e-heroi-extraido-dos-livros-didaticos\\\/\",\"url\":\"https:\\\/\\\/www.notibras.com\\\/site\\\/zumbi-dos-palmares-nao-e-heroi-extraido-dos-livros-didaticos\\\/\",\"name\":\"Zumbi dos Palmares n\u00e3o \u00e9 her\u00f3i extra\u00eddo dos livros did\u00e1ticos - Notibras\",\"isPartOf\":{\"@id\":\"https:\\\/\\\/www.notibras.com\\\/site\\\/#website\"},\"primaryImageOfPage\":{\"@id\":\"https:\\\/\\\/www.notibras.com\\\/site\\\/zumbi-dos-palmares-nao-e-heroi-extraido-dos-livros-didaticos\\\/#primaryimage\"},\"image\":{\"@id\":\"https:\\\/\\\/www.notibras.com\\\/site\\\/zumbi-dos-palmares-nao-e-heroi-extraido-dos-livros-didaticos\\\/#primaryimage\"},\"thumbnailUrl\":\"https:\\\/\\\/www.notibras.com\\\/site\\\/wp-content\\\/uploads\\\/2015\\\/11\\\/ZumbiPalmares01_des.jpg\",\"datePublished\":\"2015-11-21T04:35:32+00:00\",\"dateModified\":\"2015-11-23T04:38:25+00:00\",\"breadcrumb\":{\"@id\":\"https:\\\/\\\/www.notibras.com\\\/site\\\/zumbi-dos-palmares-nao-e-heroi-extraido-dos-livros-didaticos\\\/#breadcrumb\"},\"inLanguage\":\"pt-BR\",\"potentialAction\":[{\"@type\":\"ReadAction\",\"target\":[\"https:\\\/\\\/www.notibras.com\\\/site\\\/zumbi-dos-palmares-nao-e-heroi-extraido-dos-livros-didaticos\\\/\"]}]},{\"@type\":\"ImageObject\",\"inLanguage\":\"pt-BR\",\"@id\":\"https:\\\/\\\/www.notibras.com\\\/site\\\/zumbi-dos-palmares-nao-e-heroi-extraido-dos-livros-didaticos\\\/#primaryimage\",\"url\":\"https:\\\/\\\/www.notibras.com\\\/site\\\/wp-content\\\/uploads\\\/2015\\\/11\\\/ZumbiPalmares01_des.jpg\",\"contentUrl\":\"https:\\\/\\\/www.notibras.com\\\/site\\\/wp-content\\\/uploads\\\/2015\\\/11\\\/ZumbiPalmares01_des.jpg\",\"width\":610,\"height\":400},{\"@type\":\"BreadcrumbList\",\"@id\":\"https:\\\/\\\/www.notibras.com\\\/site\\\/zumbi-dos-palmares-nao-e-heroi-extraido-dos-livros-didaticos\\\/#breadcrumb\",\"itemListElement\":[{\"@type\":\"ListItem\",\"position\":1,\"name\":\"In\u00edcio\",\"item\":\"https:\\\/\\\/www.notibras.com\\\/site\\\/\"},{\"@type\":\"ListItem\",\"position\":2,\"name\":\"Zumbi dos Palmares n\u00e3o \u00e9 her\u00f3i extra\u00eddo dos livros did\u00e1ticos\"}]},{\"@type\":\"WebSite\",\"@id\":\"https:\\\/\\\/www.notibras.com\\\/site\\\/#website\",\"url\":\"https:\\\/\\\/www.notibras.com\\\/site\\\/\",\"name\":\"Notibras\",\"description\":\"Not\u00edcias de Bras\u00edlia, do Brasil e do Mundo\",\"publisher\":{\"@id\":\"https:\\\/\\\/www.notibras.com\\\/site\\\/#organization\"},\"potentialAction\":[{\"@type\":\"SearchAction\",\"target\":{\"@type\":\"EntryPoint\",\"urlTemplate\":\"https:\\\/\\\/www.notibras.com\\\/site\\\/?s={search_term_string}\"},\"query-input\":{\"@type\":\"PropertyValueSpecification\",\"valueRequired\":true,\"valueName\":\"search_term_string\"}}],\"inLanguage\":\"pt-BR\"},{\"@type\":\"Organization\",\"@id\":\"https:\\\/\\\/www.notibras.com\\\/site\\\/#organization\",\"name\":\"Grupo Notibras de Comunica\u00e7\u00e3o\",\"url\":\"https:\\\/\\\/www.notibras.com\\\/site\\\/\",\"logo\":{\"@type\":\"ImageObject\",\"inLanguage\":\"pt-BR\",\"@id\":\"https:\\\/\\\/www.notibras.com\\\/site\\\/#\\\/schema\\\/logo\\\/image\\\/\",\"url\":\"https:\\\/\\\/www.notibras.com\\\/site\\\/wp-content\\\/uploads\\\/2023\\\/01\\\/notibras23.png\",\"contentUrl\":\"https:\\\/\\\/www.notibras.com\\\/site\\\/wp-content\\\/uploads\\\/2023\\\/01\\\/notibras23.png\",\"width\":350,\"height\":87,\"caption\":\"Grupo Notibras de Comunica\u00e7\u00e3o\"},\"image\":{\"@id\":\"https:\\\/\\\/www.notibras.com\\\/site\\\/#\\\/schema\\\/logo\\\/image\\\/\"},\"sameAs\":[\"https:\\\/\\\/www.facebook.com\\\/notibras\\\/\",\"https:\\\/\\\/x.com\\\/Notibras\",\"https:\\\/\\\/www.instagram.com\\\/notibras\\\/\"]},{\"@type\":\"Person\",\"@id\":\"https:\\\/\\\/www.notibras.com\\\/site\\\/#\\\/schema\\\/person\\\/36ab0979449956132d3e5b517ea76ac8\",\"name\":\"Reda\u00e7\u00e3o\",\"image\":{\"@type\":\"ImageObject\",\"inLanguage\":\"pt-BR\",\"@id\":\"https:\\\/\\\/secure.gravatar.com\\\/avatar\\\/e0a867bdedb85fd243eadf09663511f96fc81e0720a4a42581f334ad4303aa6b?s=96&d=mm&r=g\",\"url\":\"https:\\\/\\\/secure.gravatar.com\\\/avatar\\\/e0a867bdedb85fd243eadf09663511f96fc81e0720a4a42581f334ad4303aa6b?s=96&d=mm&r=g\",\"contentUrl\":\"https:\\\/\\\/secure.gravatar.com\\\/avatar\\\/e0a867bdedb85fd243eadf09663511f96fc81e0720a4a42581f334ad4303aa6b?s=96&d=mm&r=g\",\"caption\":\"Reda\u00e7\u00e3o\"}}]}<\/script>\n<!-- \/ Yoast SEO plugin. -->","yoast_head_json":{"title":"Zumbi dos Palmares n\u00e3o \u00e9 her\u00f3i extra\u00eddo dos livros did\u00e1ticos - Notibras","robots":{"index":"index","follow":"follow","max-snippet":"max-snippet:-1","max-image-preview":"max-image-preview:large","max-video-preview":"max-video-preview:-1"},"canonical":"https:\/\/www.notibras.com\/site\/zumbi-dos-palmares-nao-e-heroi-extraido-dos-livros-didaticos\/","og_locale":"pt_BR","og_type":"article","og_title":"Zumbi dos Palmares n\u00e3o \u00e9 her\u00f3i extra\u00eddo dos livros did\u00e1ticos - Notibras","og_description":"Desde o dia 21 de mar\u00e7o de 1997 o &#8220;Pante\u00e3o da P\u00e1tria e da Liberdade&#8221;, localizado na pra\u00e7a dos Tr\u00eas Poderes, em Bras\u00edlia, passou a abrigar um nome diferente na galeria dos her\u00f3is nacionais: Zumbi dos Palmares. O nome \u00e9 composto de uma express\u00e3o de origem quimbundo, &#8220;nzumbi&#8221;, que significa &#8220;esp\u00edrito imortal&#8221;, acrescida de uma [&hellip;]","og_url":"https:\/\/www.notibras.com\/site\/zumbi-dos-palmares-nao-e-heroi-extraido-dos-livros-didaticos\/","og_site_name":"Notibras","article_publisher":"https:\/\/www.facebook.com\/notibras\/","article_published_time":"2015-11-21T04:35:32+00:00","article_modified_time":"2015-11-23T04:38:25+00:00","og_image":[{"width":610,"height":400,"url":"https:\/\/www.notibras.com\/site\/wp-content\/uploads\/2015\/11\/ZumbiPalmares01_des.jpg","type":"image\/jpeg"}],"author":"Reda\u00e7\u00e3o","twitter_card":"summary_large_image","twitter_creator":"@Notibras","twitter_site":"@Notibras","twitter_misc":{"Escrito por":"Reda\u00e7\u00e3o","Est. tempo de leitura":"2 minutos"},"schema":{"@context":"https:\/\/schema.org","@graph":[{"@type":"Article","@id":"https:\/\/www.notibras.com\/site\/zumbi-dos-palmares-nao-e-heroi-extraido-dos-livros-didaticos\/#article","isPartOf":{"@id":"https:\/\/www.notibras.com\/site\/zumbi-dos-palmares-nao-e-heroi-extraido-dos-livros-didaticos\/"},"author":{"name":"Reda\u00e7\u00e3o","@id":"https:\/\/www.notibras.com\/site\/#\/schema\/person\/36ab0979449956132d3e5b517ea76ac8"},"headline":"Zumbi dos Palmares n\u00e3o \u00e9 her\u00f3i extra\u00eddo dos livros did\u00e1ticos","datePublished":"2015-11-21T04:35:32+00:00","dateModified":"2015-11-23T04:38:25+00:00","mainEntityOfPage":{"@id":"https:\/\/www.notibras.com\/site\/zumbi-dos-palmares-nao-e-heroi-extraido-dos-livros-didaticos\/"},"wordCount":403,"commentCount":0,"publisher":{"@id":"https:\/\/www.notibras.com\/site\/#organization"},"image":{"@id":"https:\/\/www.notibras.com\/site\/zumbi-dos-palmares-nao-e-heroi-extraido-dos-livros-didaticos\/#primaryimage"},"thumbnailUrl":"https:\/\/www.notibras.com\/site\/wp-content\/uploads\/2015\/11\/ZumbiPalmares01_des.jpg","articleSection":["Opina a\u00ed"],"inLanguage":"pt-BR","potentialAction":[{"@type":"CommentAction","name":"Comment","target":["https:\/\/www.notibras.com\/site\/zumbi-dos-palmares-nao-e-heroi-extraido-dos-livros-didaticos\/#respond"]}]},{"@type":"WebPage","@id":"https:\/\/www.notibras.com\/site\/zumbi-dos-palmares-nao-e-heroi-extraido-dos-livros-didaticos\/","url":"https:\/\/www.notibras.com\/site\/zumbi-dos-palmares-nao-e-heroi-extraido-dos-livros-didaticos\/","name":"Zumbi dos Palmares n\u00e3o \u00e9 her\u00f3i extra\u00eddo dos livros did\u00e1ticos - Notibras","isPartOf":{"@id":"https:\/\/www.notibras.com\/site\/#website"},"primaryImageOfPage":{"@id":"https:\/\/www.notibras.com\/site\/zumbi-dos-palmares-nao-e-heroi-extraido-dos-livros-didaticos\/#primaryimage"},"image":{"@id":"https:\/\/www.notibras.com\/site\/zumbi-dos-palmares-nao-e-heroi-extraido-dos-livros-didaticos\/#primaryimage"},"thumbnailUrl":"https:\/\/www.notibras.com\/site\/wp-content\/uploads\/2015\/11\/ZumbiPalmares01_des.jpg","datePublished":"2015-11-21T04:35:32+00:00","dateModified":"2015-11-23T04:38:25+00:00","breadcrumb":{"@id":"https:\/\/www.notibras.com\/site\/zumbi-dos-palmares-nao-e-heroi-extraido-dos-livros-didaticos\/#breadcrumb"},"inLanguage":"pt-BR","potentialAction":[{"@type":"ReadAction","target":["https:\/\/www.notibras.com\/site\/zumbi-dos-palmares-nao-e-heroi-extraido-dos-livros-didaticos\/"]}]},{"@type":"ImageObject","inLanguage":"pt-BR","@id":"https:\/\/www.notibras.com\/site\/zumbi-dos-palmares-nao-e-heroi-extraido-dos-livros-didaticos\/#primaryimage","url":"https:\/\/www.notibras.com\/site\/wp-content\/uploads\/2015\/11\/ZumbiPalmares01_des.jpg","contentUrl":"https:\/\/www.notibras.com\/site\/wp-content\/uploads\/2015\/11\/ZumbiPalmares01_des.jpg","width":610,"height":400},{"@type":"BreadcrumbList","@id":"https:\/\/www.notibras.com\/site\/zumbi-dos-palmares-nao-e-heroi-extraido-dos-livros-didaticos\/#breadcrumb","itemListElement":[{"@type":"ListItem","position":1,"name":"In\u00edcio","item":"https:\/\/www.notibras.com\/site\/"},{"@type":"ListItem","position":2,"name":"Zumbi dos Palmares n\u00e3o \u00e9 her\u00f3i extra\u00eddo dos livros did\u00e1ticos"}]},{"@type":"WebSite","@id":"https:\/\/www.notibras.com\/site\/#website","url":"https:\/\/www.notibras.com\/site\/","name":"Notibras","description":"Not\u00edcias de Bras\u00edlia, do Brasil e do Mundo","publisher":{"@id":"https:\/\/www.notibras.com\/site\/#organization"},"potentialAction":[{"@type":"SearchAction","target":{"@type":"EntryPoint","urlTemplate":"https:\/\/www.notibras.com\/site\/?s={search_term_string}"},"query-input":{"@type":"PropertyValueSpecification","valueRequired":true,"valueName":"search_term_string"}}],"inLanguage":"pt-BR"},{"@type":"Organization","@id":"https:\/\/www.notibras.com\/site\/#organization","name":"Grupo Notibras de Comunica\u00e7\u00e3o","url":"https:\/\/www.notibras.com\/site\/","logo":{"@type":"ImageObject","inLanguage":"pt-BR","@id":"https:\/\/www.notibras.com\/site\/#\/schema\/logo\/image\/","url":"https:\/\/www.notibras.com\/site\/wp-content\/uploads\/2023\/01\/notibras23.png","contentUrl":"https:\/\/www.notibras.com\/site\/wp-content\/uploads\/2023\/01\/notibras23.png","width":350,"height":87,"caption":"Grupo Notibras de Comunica\u00e7\u00e3o"},"image":{"@id":"https:\/\/www.notibras.com\/site\/#\/schema\/logo\/image\/"},"sameAs":["https:\/\/www.facebook.com\/notibras\/","https:\/\/x.com\/Notibras","https:\/\/www.instagram.com\/notibras\/"]},{"@type":"Person","@id":"https:\/\/www.notibras.com\/site\/#\/schema\/person\/36ab0979449956132d3e5b517ea76ac8","name":"Reda\u00e7\u00e3o","image":{"@type":"ImageObject","inLanguage":"pt-BR","@id":"https:\/\/secure.gravatar.com\/avatar\/e0a867bdedb85fd243eadf09663511f96fc81e0720a4a42581f334ad4303aa6b?s=96&d=mm&r=g","url":"https:\/\/secure.gravatar.com\/avatar\/e0a867bdedb85fd243eadf09663511f96fc81e0720a4a42581f334ad4303aa6b?s=96&d=mm&r=g","contentUrl":"https:\/\/secure.gravatar.com\/avatar\/e0a867bdedb85fd243eadf09663511f96fc81e0720a4a42581f334ad4303aa6b?s=96&d=mm&r=g","caption":"Reda\u00e7\u00e3o"}}]}},"amp_enabled":true,"_links":{"self":[{"href":"https:\/\/www.notibras.com\/site\/wp-json\/wp\/v2\/posts\/77630","targetHints":{"allow":["GET"]}}],"collection":[{"href":"https:\/\/www.notibras.com\/site\/wp-json\/wp\/v2\/posts"}],"about":[{"href":"https:\/\/www.notibras.com\/site\/wp-json\/wp\/v2\/types\/post"}],"author":[{"embeddable":true,"href":"https:\/\/www.notibras.com\/site\/wp-json\/wp\/v2\/users\/2"}],"replies":[{"embeddable":true,"href":"https:\/\/www.notibras.com\/site\/wp-json\/wp\/v2\/comments?post=77630"}],"version-history":[{"count":1,"href":"https:\/\/www.notibras.com\/site\/wp-json\/wp\/v2\/posts\/77630\/revisions"}],"predecessor-version":[{"id":77632,"href":"https:\/\/www.notibras.com\/site\/wp-json\/wp\/v2\/posts\/77630\/revisions\/77632"}],"wp:featuredmedia":[{"embeddable":true,"href":"https:\/\/www.notibras.com\/site\/wp-json\/wp\/v2\/media\/77631"}],"wp:attachment":[{"href":"https:\/\/www.notibras.com\/site\/wp-json\/wp\/v2\/media?parent=77630"}],"wp:term":[{"taxonomy":"category","embeddable":true,"href":"https:\/\/www.notibras.com\/site\/wp-json\/wp\/v2\/categories?post=77630"},{"taxonomy":"post_tag","embeddable":true,"href":"https:\/\/www.notibras.com\/site\/wp-json\/wp\/v2\/tags?post=77630"}],"curies":[{"name":"wp","href":"https:\/\/api.w.org\/{rel}","templated":true}]}}