{"id":77676,"date":"2015-11-23T13:05:00","date_gmt":"2015-11-23T15:05:00","guid":{"rendered":"http:\/\/www.notibras.com\/site\/?p=77676"},"modified":"2015-11-24T09:39:04","modified_gmt":"2015-11-24T11:39:04","slug":"distritais-escondem-toma-la-da-ca-e-jogam-povo-contra-rollemberg","status":"publish","type":"post","link":"https:\/\/www.notibras.com\/site\/distritais-escondem-toma-la-da-ca-e-jogam-povo-contra-rollemberg\/","title":{"rendered":"C\u00e2mara esconde a t\u00e1tica do toma-l\u00e1-d\u00e1-c\u00e1 e joga o povo contra Rollemberg"},"content":{"rendered":"<p>A subjetividade pode ser encontrada largamente em campanhas publicit\u00e1rias. \u00c9 muito comum ao pensamento latino imaginar algo al\u00e9m daquilo que \u00e9 apresentado ou proposto pelas pe\u00e7as e an\u00fancios de institui\u00e7\u00f5es, empresas e produtos.<\/p>\n<p>Ao contr\u00e1rio do anglo-sax\u00e3o que tem a compreens\u00e3o restrita ao que est\u00e1 vendo ou ouvindo \u2013 dizem que utilizam apenas o lado esquerdo do c\u00e9rebro nesses casos -, o Brasil tem uma rela\u00e7\u00e3o \u00edntima com a subjetividade produzida pelos publicit\u00e1rios nacionais que s\u00e3o reconhecidos em todo o mundo.<\/p>\n<p>Essa t\u00e9cnica consagrada de difundir ideias resvala no deboche, na cr\u00edtica, no humor. Mas n\u00e3o s\u00f3. Alguns grupos que exercem algum poder n\u00e3o poupam a oportunidade de atacar fazendo uso da ferramenta.<\/p>\n<p>Agora a C\u00e2mara Legislativa do Distrito Federal deflagrou uma campanha que traz o t\u00edtulo \u201cA C\u00c2MARA EST\u00c1 DO (sic) SEU LADO. SEMPRE\u201d. Em seguida, um subt\u00edtulo como complemento: \u201cN\u00c3O APROVOU O AUMENTO DO IPTU, DA TLP E DA CIP\u201d. E conclui: \u201cSe n\u00e3o \u00e9 bom para voc\u00ea, a C\u00e2mara n\u00e3o aprova.\u201d<\/p>\n<p>Um banner eletr\u00f4nico com esse conte\u00fado pode ser encontrado em diversos blogs na internet. Mas onde est\u00e1 a subjetividade? Depende das reais inten\u00e7\u00f5es dos deputados distritais respons\u00e1veis por autorizar a campanha que ataca o Governo do Distrito Federal.<br \/>\nMais que isso. Quando a CLDF fundamenta a desaprova\u00e7\u00e3o da corre\u00e7\u00e3o dos impostos como um desejo da popula\u00e7\u00e3o, est\u00e1 utilizando verba publicit\u00e1ria para angariar votos. E s\u00f3.<\/p>\n<p>O assunto que deveria receber um tratamento mais s\u00e9rio \u00e9 usado de forma demag\u00f3gica. O GDF ainda n\u00e3o produziu a sua campanha-resposta que talvez venha com o t\u00edtulo: \u201cO GDF TENTOU, MAS A C\u00c2MARA IMPEDIU A COMPRA DE REM\u00c9DIOS E O PAGAMENTO DE SAL\u00c1RIOS\u201d. E o subt\u00edtulo: \u201cSe precisar de hospital, procure um distrital\u201d.<\/p>\n<p>No pa\u00eds da fantasia, produzir publicidade \u00e9 mesmo uma festa para muitos setores. Quando essa ferramenta chega ao poder, que n\u00e3o mede despesas para criar factoides, que ven\u00e7a quem melhor conta meias verdades. Ainda que o texto n\u00e3o seja exatamente uma obra liter\u00e1ria.<\/p>\n","protected":false},"excerpt":{"rendered":"<p>A subjetividade pode ser encontrada largamente em campanhas publicit\u00e1rias. \u00c9 muito comum ao pensamento latino imaginar algo al\u00e9m daquilo que \u00e9 apresentado ou proposto pelas pe\u00e7as e an\u00fancios de institui\u00e7\u00f5es, empresas e produtos. Ao contr\u00e1rio do anglo-sax\u00e3o que tem a compreens\u00e3o restrita ao que est\u00e1 vendo ou ouvindo \u2013 dizem que utilizam apenas o lado [&hellip;]<\/p>\n","protected":false},"author":2,"featured_media":77677,"comment_status":"open","ping_status":"closed","sticky":false,"template":"","format":"standard","meta":{"_acf_changed":false,"footnotes":""},"categories":[49],"tags":[],"class_list":["post-77676","post","type-post","status-publish","format-standard","has-post-thumbnail","hentry","category-max"],"acf":[],"yoast_head":"<!-- This site is optimized with the Yoast SEO plugin v27.2 - https:\/\/yoast.com\/product\/yoast-seo-wordpress\/ -->\n<title>C\u00e2mara esconde a t\u00e1tica do toma-l\u00e1-d\u00e1-c\u00e1 e joga o povo contra Rollemberg - Notibras<\/title>\n<meta name=\"robots\" content=\"index, follow, max-snippet:-1, max-image-preview:large, max-video-preview:-1\" \/>\n<link rel=\"canonical\" href=\"https:\/\/www.notibras.com\/site\/distritais-escondem-toma-la-da-ca-e-jogam-povo-contra-rollemberg\/\" \/>\n<meta property=\"og:locale\" content=\"pt_BR\" \/>\n<meta property=\"og:type\" content=\"article\" \/>\n<meta property=\"og:title\" content=\"C\u00e2mara esconde a t\u00e1tica do toma-l\u00e1-d\u00e1-c\u00e1 e joga o povo contra Rollemberg - Notibras\" \/>\n<meta property=\"og:description\" content=\"A subjetividade pode ser encontrada largamente em campanhas publicit\u00e1rias. \u00c9 muito comum ao pensamento latino imaginar algo al\u00e9m daquilo que \u00e9 apresentado ou proposto pelas pe\u00e7as e an\u00fancios de institui\u00e7\u00f5es, empresas e produtos. Ao contr\u00e1rio do anglo-sax\u00e3o que tem a compreens\u00e3o restrita ao que est\u00e1 vendo ou ouvindo \u2013 dizem que utilizam apenas o lado [&hellip;]\" \/>\n<meta property=\"og:url\" content=\"https:\/\/www.notibras.com\/site\/distritais-escondem-toma-la-da-ca-e-jogam-povo-contra-rollemberg\/\" \/>\n<meta property=\"og:site_name\" content=\"Notibras\" \/>\n<meta property=\"article:publisher\" content=\"https:\/\/www.facebook.com\/notibras\/\" \/>\n<meta property=\"article:published_time\" content=\"2015-11-23T15:05:00+00:00\" \/>\n<meta property=\"article:modified_time\" content=\"2015-11-24T11:39:04+00:00\" \/>\n<meta property=\"og:image\" content=\"https:\/\/www.notibras.com\/site\/wp-content\/uploads\/2015\/11\/spdf.jpg\" \/>\n\t<meta property=\"og:image:width\" content=\"565\" \/>\n\t<meta property=\"og:image:height\" content=\"422\" \/>\n\t<meta property=\"og:image:type\" content=\"image\/jpeg\" \/>\n<meta name=\"author\" content=\"Reda\u00e7\u00e3o\" \/>\n<meta name=\"twitter:card\" content=\"summary_large_image\" \/>\n<meta name=\"twitter:creator\" content=\"@Notibras\" \/>\n<meta name=\"twitter:site\" content=\"@Notibras\" \/>\n<meta name=\"twitter:label1\" content=\"Escrito por\" \/>\n\t<meta name=\"twitter:data1\" content=\"Reda\u00e7\u00e3o\" \/>\n\t<meta name=\"twitter:label2\" content=\"Est. tempo de leitura\" \/>\n\t<meta name=\"twitter:data2\" content=\"2 minutos\" \/>\n<script type=\"application\/ld+json\" class=\"yoast-schema-graph\">{\"@context\":\"https:\/\/schema.org\",\"@graph\":[{\"@type\":\"Article\",\"@id\":\"https:\/\/www.notibras.com\/site\/distritais-escondem-toma-la-da-ca-e-jogam-povo-contra-rollemberg\/#article\",\"isPartOf\":{\"@id\":\"https:\/\/www.notibras.com\/site\/distritais-escondem-toma-la-da-ca-e-jogam-povo-contra-rollemberg\/\"},\"author\":{\"name\":\"Reda\u00e7\u00e3o\",\"@id\":\"https:\/\/www.notibras.com\/site\/#\/schema\/person\/36ab0979449956132d3e5b517ea76ac8\"},\"headline\":\"C\u00e2mara esconde a t\u00e1tica do toma-l\u00e1-d\u00e1-c\u00e1 e joga o povo contra Rollemberg\",\"datePublished\":\"2015-11-23T15:05:00+00:00\",\"dateModified\":\"2015-11-24T11:39:04+00:00\",\"mainEntityOfPage\":{\"@id\":\"https:\/\/www.notibras.com\/site\/distritais-escondem-toma-la-da-ca-e-jogam-povo-contra-rollemberg\/\"},\"wordCount\":381,\"commentCount\":0,\"publisher\":{\"@id\":\"https:\/\/www.notibras.com\/site\/#organization\"},\"image\":{\"@id\":\"https:\/\/www.notibras.com\/site\/distritais-escondem-toma-la-da-ca-e-jogam-povo-contra-rollemberg\/#primaryimage\"},\"thumbnailUrl\":\"https:\/\/www.notibras.com\/site\/wp-content\/uploads\/2015\/11\/spdf.jpg\",\"articleSection\":[\"Max de Quental\"],\"inLanguage\":\"pt-BR\",\"potentialAction\":[{\"@type\":\"CommentAction\",\"name\":\"Comment\",\"target\":[\"https:\/\/www.notibras.com\/site\/distritais-escondem-toma-la-da-ca-e-jogam-povo-contra-rollemberg\/#respond\"]}]},{\"@type\":\"WebPage\",\"@id\":\"https:\/\/www.notibras.com\/site\/distritais-escondem-toma-la-da-ca-e-jogam-povo-contra-rollemberg\/\",\"url\":\"https:\/\/www.notibras.com\/site\/distritais-escondem-toma-la-da-ca-e-jogam-povo-contra-rollemberg\/\",\"name\":\"C\u00e2mara esconde a t\u00e1tica do toma-l\u00e1-d\u00e1-c\u00e1 e joga o povo contra Rollemberg - Notibras\",\"isPartOf\":{\"@id\":\"https:\/\/www.notibras.com\/site\/#website\"},\"primaryImageOfPage\":{\"@id\":\"https:\/\/www.notibras.com\/site\/distritais-escondem-toma-la-da-ca-e-jogam-povo-contra-rollemberg\/#primaryimage\"},\"image\":{\"@id\":\"https:\/\/www.notibras.com\/site\/distritais-escondem-toma-la-da-ca-e-jogam-povo-contra-rollemberg\/#primaryimage\"},\"thumbnailUrl\":\"https:\/\/www.notibras.com\/site\/wp-content\/uploads\/2015\/11\/spdf.jpg\",\"datePublished\":\"2015-11-23T15:05:00+00:00\",\"dateModified\":\"2015-11-24T11:39:04+00:00\",\"breadcrumb\":{\"@id\":\"https:\/\/www.notibras.com\/site\/distritais-escondem-toma-la-da-ca-e-jogam-povo-contra-rollemberg\/#breadcrumb\"},\"inLanguage\":\"pt-BR\",\"potentialAction\":[{\"@type\":\"ReadAction\",\"target\":[\"https:\/\/www.notibras.com\/site\/distritais-escondem-toma-la-da-ca-e-jogam-povo-contra-rollemberg\/\"]}]},{\"@type\":\"ImageObject\",\"inLanguage\":\"pt-BR\",\"@id\":\"https:\/\/www.notibras.com\/site\/distritais-escondem-toma-la-da-ca-e-jogam-povo-contra-rollemberg\/#primaryimage\",\"url\":\"https:\/\/www.notibras.com\/site\/wp-content\/uploads\/2015\/11\/spdf.jpg\",\"contentUrl\":\"https:\/\/www.notibras.com\/site\/wp-content\/uploads\/2015\/11\/spdf.jpg\",\"width\":565,\"height\":422},{\"@type\":\"BreadcrumbList\",\"@id\":\"https:\/\/www.notibras.com\/site\/distritais-escondem-toma-la-da-ca-e-jogam-povo-contra-rollemberg\/#breadcrumb\",\"itemListElement\":[{\"@type\":\"ListItem\",\"position\":1,\"name\":\"In\u00edcio\",\"item\":\"https:\/\/www.notibras.com\/site\/\"},{\"@type\":\"ListItem\",\"position\":2,\"name\":\"C\u00e2mara esconde a t\u00e1tica do toma-l\u00e1-d\u00e1-c\u00e1 e joga o povo contra Rollemberg\"}]},{\"@type\":\"WebSite\",\"@id\":\"https:\/\/www.notibras.com\/site\/#website\",\"url\":\"https:\/\/www.notibras.com\/site\/\",\"name\":\"Notibras\",\"description\":\"Not\u00edcias de Bras\u00edlia, do Brasil e do Mundo\",\"publisher\":{\"@id\":\"https:\/\/www.notibras.com\/site\/#organization\"},\"potentialAction\":[{\"@type\":\"SearchAction\",\"target\":{\"@type\":\"EntryPoint\",\"urlTemplate\":\"https:\/\/www.notibras.com\/site\/?s={search_term_string}\"},\"query-input\":{\"@type\":\"PropertyValueSpecification\",\"valueRequired\":true,\"valueName\":\"search_term_string\"}}],\"inLanguage\":\"pt-BR\"},{\"@type\":\"Organization\",\"@id\":\"https:\/\/www.notibras.com\/site\/#organization\",\"name\":\"Grupo Notibras de Comunica\u00e7\u00e3o\",\"url\":\"https:\/\/www.notibras.com\/site\/\",\"logo\":{\"@type\":\"ImageObject\",\"inLanguage\":\"pt-BR\",\"@id\":\"https:\/\/www.notibras.com\/site\/#\/schema\/logo\/image\/\",\"url\":\"https:\/\/www.notibras.com\/site\/wp-content\/uploads\/2023\/01\/notibras23.png\",\"contentUrl\":\"https:\/\/www.notibras.com\/site\/wp-content\/uploads\/2023\/01\/notibras23.png\",\"width\":350,\"height\":87,\"caption\":\"Grupo Notibras de Comunica\u00e7\u00e3o\"},\"image\":{\"@id\":\"https:\/\/www.notibras.com\/site\/#\/schema\/logo\/image\/\"},\"sameAs\":[\"https:\/\/www.facebook.com\/notibras\/\",\"https:\/\/x.com\/Notibras\",\"https:\/\/www.instagram.com\/notibras\/\"]},{\"@type\":\"Person\",\"@id\":\"https:\/\/www.notibras.com\/site\/#\/schema\/person\/36ab0979449956132d3e5b517ea76ac8\",\"name\":\"Reda\u00e7\u00e3o\",\"image\":{\"@type\":\"ImageObject\",\"inLanguage\":\"pt-BR\",\"@id\":\"https:\/\/secure.gravatar.com\/avatar\/e0a867bdedb85fd243eadf09663511f96fc81e0720a4a42581f334ad4303aa6b?s=96&d=mm&r=g\",\"url\":\"https:\/\/secure.gravatar.com\/avatar\/e0a867bdedb85fd243eadf09663511f96fc81e0720a4a42581f334ad4303aa6b?s=96&d=mm&r=g\",\"contentUrl\":\"https:\/\/secure.gravatar.com\/avatar\/e0a867bdedb85fd243eadf09663511f96fc81e0720a4a42581f334ad4303aa6b?s=96&d=mm&r=g\",\"caption\":\"Reda\u00e7\u00e3o\"}}]}<\/script>\n<!-- \/ Yoast SEO plugin. -->","yoast_head_json":{"title":"C\u00e2mara esconde a t\u00e1tica do toma-l\u00e1-d\u00e1-c\u00e1 e joga o povo contra Rollemberg - Notibras","robots":{"index":"index","follow":"follow","max-snippet":"max-snippet:-1","max-image-preview":"max-image-preview:large","max-video-preview":"max-video-preview:-1"},"canonical":"https:\/\/www.notibras.com\/site\/distritais-escondem-toma-la-da-ca-e-jogam-povo-contra-rollemberg\/","og_locale":"pt_BR","og_type":"article","og_title":"C\u00e2mara esconde a t\u00e1tica do toma-l\u00e1-d\u00e1-c\u00e1 e joga o povo contra Rollemberg - Notibras","og_description":"A subjetividade pode ser encontrada largamente em campanhas publicit\u00e1rias. \u00c9 muito comum ao pensamento latino imaginar algo al\u00e9m daquilo que \u00e9 apresentado ou proposto pelas pe\u00e7as e an\u00fancios de institui\u00e7\u00f5es, empresas e produtos. Ao contr\u00e1rio do anglo-sax\u00e3o que tem a compreens\u00e3o restrita ao que est\u00e1 vendo ou ouvindo \u2013 dizem que utilizam apenas o lado [&hellip;]","og_url":"https:\/\/www.notibras.com\/site\/distritais-escondem-toma-la-da-ca-e-jogam-povo-contra-rollemberg\/","og_site_name":"Notibras","article_publisher":"https:\/\/www.facebook.com\/notibras\/","article_published_time":"2015-11-23T15:05:00+00:00","article_modified_time":"2015-11-24T11:39:04+00:00","og_image":[{"width":565,"height":422,"url":"https:\/\/www.notibras.com\/site\/wp-content\/uploads\/2015\/11\/spdf.jpg","type":"image\/jpeg"}],"author":"Reda\u00e7\u00e3o","twitter_card":"summary_large_image","twitter_creator":"@Notibras","twitter_site":"@Notibras","twitter_misc":{"Escrito por":"Reda\u00e7\u00e3o","Est. tempo de leitura":"2 minutos"},"schema":{"@context":"https:\/\/schema.org","@graph":[{"@type":"Article","@id":"https:\/\/www.notibras.com\/site\/distritais-escondem-toma-la-da-ca-e-jogam-povo-contra-rollemberg\/#article","isPartOf":{"@id":"https:\/\/www.notibras.com\/site\/distritais-escondem-toma-la-da-ca-e-jogam-povo-contra-rollemberg\/"},"author":{"name":"Reda\u00e7\u00e3o","@id":"https:\/\/www.notibras.com\/site\/#\/schema\/person\/36ab0979449956132d3e5b517ea76ac8"},"headline":"C\u00e2mara esconde a t\u00e1tica do toma-l\u00e1-d\u00e1-c\u00e1 e joga o povo contra Rollemberg","datePublished":"2015-11-23T15:05:00+00:00","dateModified":"2015-11-24T11:39:04+00:00","mainEntityOfPage":{"@id":"https:\/\/www.notibras.com\/site\/distritais-escondem-toma-la-da-ca-e-jogam-povo-contra-rollemberg\/"},"wordCount":381,"commentCount":0,"publisher":{"@id":"https:\/\/www.notibras.com\/site\/#organization"},"image":{"@id":"https:\/\/www.notibras.com\/site\/distritais-escondem-toma-la-da-ca-e-jogam-povo-contra-rollemberg\/#primaryimage"},"thumbnailUrl":"https:\/\/www.notibras.com\/site\/wp-content\/uploads\/2015\/11\/spdf.jpg","articleSection":["Max de Quental"],"inLanguage":"pt-BR","potentialAction":[{"@type":"CommentAction","name":"Comment","target":["https:\/\/www.notibras.com\/site\/distritais-escondem-toma-la-da-ca-e-jogam-povo-contra-rollemberg\/#respond"]}]},{"@type":"WebPage","@id":"https:\/\/www.notibras.com\/site\/distritais-escondem-toma-la-da-ca-e-jogam-povo-contra-rollemberg\/","url":"https:\/\/www.notibras.com\/site\/distritais-escondem-toma-la-da-ca-e-jogam-povo-contra-rollemberg\/","name":"C\u00e2mara esconde a t\u00e1tica do toma-l\u00e1-d\u00e1-c\u00e1 e joga o povo contra Rollemberg - Notibras","isPartOf":{"@id":"https:\/\/www.notibras.com\/site\/#website"},"primaryImageOfPage":{"@id":"https:\/\/www.notibras.com\/site\/distritais-escondem-toma-la-da-ca-e-jogam-povo-contra-rollemberg\/#primaryimage"},"image":{"@id":"https:\/\/www.notibras.com\/site\/distritais-escondem-toma-la-da-ca-e-jogam-povo-contra-rollemberg\/#primaryimage"},"thumbnailUrl":"https:\/\/www.notibras.com\/site\/wp-content\/uploads\/2015\/11\/spdf.jpg","datePublished":"2015-11-23T15:05:00+00:00","dateModified":"2015-11-24T11:39:04+00:00","breadcrumb":{"@id":"https:\/\/www.notibras.com\/site\/distritais-escondem-toma-la-da-ca-e-jogam-povo-contra-rollemberg\/#breadcrumb"},"inLanguage":"pt-BR","potentialAction":[{"@type":"ReadAction","target":["https:\/\/www.notibras.com\/site\/distritais-escondem-toma-la-da-ca-e-jogam-povo-contra-rollemberg\/"]}]},{"@type":"ImageObject","inLanguage":"pt-BR","@id":"https:\/\/www.notibras.com\/site\/distritais-escondem-toma-la-da-ca-e-jogam-povo-contra-rollemberg\/#primaryimage","url":"https:\/\/www.notibras.com\/site\/wp-content\/uploads\/2015\/11\/spdf.jpg","contentUrl":"https:\/\/www.notibras.com\/site\/wp-content\/uploads\/2015\/11\/spdf.jpg","width":565,"height":422},{"@type":"BreadcrumbList","@id":"https:\/\/www.notibras.com\/site\/distritais-escondem-toma-la-da-ca-e-jogam-povo-contra-rollemberg\/#breadcrumb","itemListElement":[{"@type":"ListItem","position":1,"name":"In\u00edcio","item":"https:\/\/www.notibras.com\/site\/"},{"@type":"ListItem","position":2,"name":"C\u00e2mara esconde a t\u00e1tica do toma-l\u00e1-d\u00e1-c\u00e1 e joga o povo contra Rollemberg"}]},{"@type":"WebSite","@id":"https:\/\/www.notibras.com\/site\/#website","url":"https:\/\/www.notibras.com\/site\/","name":"Notibras","description":"Not\u00edcias de Bras\u00edlia, do Brasil e do Mundo","publisher":{"@id":"https:\/\/www.notibras.com\/site\/#organization"},"potentialAction":[{"@type":"SearchAction","target":{"@type":"EntryPoint","urlTemplate":"https:\/\/www.notibras.com\/site\/?s={search_term_string}"},"query-input":{"@type":"PropertyValueSpecification","valueRequired":true,"valueName":"search_term_string"}}],"inLanguage":"pt-BR"},{"@type":"Organization","@id":"https:\/\/www.notibras.com\/site\/#organization","name":"Grupo Notibras de Comunica\u00e7\u00e3o","url":"https:\/\/www.notibras.com\/site\/","logo":{"@type":"ImageObject","inLanguage":"pt-BR","@id":"https:\/\/www.notibras.com\/site\/#\/schema\/logo\/image\/","url":"https:\/\/www.notibras.com\/site\/wp-content\/uploads\/2023\/01\/notibras23.png","contentUrl":"https:\/\/www.notibras.com\/site\/wp-content\/uploads\/2023\/01\/notibras23.png","width":350,"height":87,"caption":"Grupo Notibras de Comunica\u00e7\u00e3o"},"image":{"@id":"https:\/\/www.notibras.com\/site\/#\/schema\/logo\/image\/"},"sameAs":["https:\/\/www.facebook.com\/notibras\/","https:\/\/x.com\/Notibras","https:\/\/www.instagram.com\/notibras\/"]},{"@type":"Person","@id":"https:\/\/www.notibras.com\/site\/#\/schema\/person\/36ab0979449956132d3e5b517ea76ac8","name":"Reda\u00e7\u00e3o","image":{"@type":"ImageObject","inLanguage":"pt-BR","@id":"https:\/\/secure.gravatar.com\/avatar\/e0a867bdedb85fd243eadf09663511f96fc81e0720a4a42581f334ad4303aa6b?s=96&d=mm&r=g","url":"https:\/\/secure.gravatar.com\/avatar\/e0a867bdedb85fd243eadf09663511f96fc81e0720a4a42581f334ad4303aa6b?s=96&d=mm&r=g","contentUrl":"https:\/\/secure.gravatar.com\/avatar\/e0a867bdedb85fd243eadf09663511f96fc81e0720a4a42581f334ad4303aa6b?s=96&d=mm&r=g","caption":"Reda\u00e7\u00e3o"}}]}},"amp_enabled":true,"_links":{"self":[{"href":"https:\/\/www.notibras.com\/site\/wp-json\/wp\/v2\/posts\/77676","targetHints":{"allow":["GET"]}}],"collection":[{"href":"https:\/\/www.notibras.com\/site\/wp-json\/wp\/v2\/posts"}],"about":[{"href":"https:\/\/www.notibras.com\/site\/wp-json\/wp\/v2\/types\/post"}],"author":[{"embeddable":true,"href":"https:\/\/www.notibras.com\/site\/wp-json\/wp\/v2\/users\/2"}],"replies":[{"embeddable":true,"href":"https:\/\/www.notibras.com\/site\/wp-json\/wp\/v2\/comments?post=77676"}],"version-history":[{"count":3,"href":"https:\/\/www.notibras.com\/site\/wp-json\/wp\/v2\/posts\/77676\/revisions"}],"predecessor-version":[{"id":77877,"href":"https:\/\/www.notibras.com\/site\/wp-json\/wp\/v2\/posts\/77676\/revisions\/77877"}],"wp:featuredmedia":[{"embeddable":true,"href":"https:\/\/www.notibras.com\/site\/wp-json\/wp\/v2\/media\/77677"}],"wp:attachment":[{"href":"https:\/\/www.notibras.com\/site\/wp-json\/wp\/v2\/media?parent=77676"}],"wp:term":[{"taxonomy":"category","embeddable":true,"href":"https:\/\/www.notibras.com\/site\/wp-json\/wp\/v2\/categories?post=77676"},{"taxonomy":"post_tag","embeddable":true,"href":"https:\/\/www.notibras.com\/site\/wp-json\/wp\/v2\/tags?post=77676"}],"curies":[{"name":"wp","href":"https:\/\/api.w.org\/{rel}","templated":true}]}}