{"id":77721,"date":"2015-11-23T17:36:39","date_gmt":"2015-11-23T19:36:39","guid":{"rendered":"http:\/\/www.notibras.com\/site\/?p=77721"},"modified":"2015-11-23T17:36:39","modified_gmt":"2015-11-23T19:36:39","slug":"micos-nas-arvores-e-o-canto-do-sabia-deixam-natureza-harmonica","status":"publish","type":"post","link":"https:\/\/www.notibras.com\/site\/micos-nas-arvores-e-o-canto-do-sabia-deixam-natureza-harmonica\/","title":{"rendered":"Micos nas \u00e1rvores e o canto do sabi\u00e1 deixam natureza harm\u00f4nica"},"content":{"rendered":"<p>\u201cCanta, canta, minha gente, deixa a tristeza pra l\u00e1&#8230;\u201d.\u00a0Creio que \u00e9 mais ou menos isso que diz o samba.<\/p>\n<p>L\u00e1 em casa, no S\u00edtio Harmonia \u2013 Parceria com a Natureza, eu diria algo parecido:\u00a0Canta, canta sabi\u00e1, vem j\u00e1 \u201cpraqui\u201d acalentar, j\u00e1 que em minha janela, teu ninho fizeste, sem me consultar.<\/p>\n<p>E est\u00e1 l\u00e1, o novo ninho, com um filhote, na janelinha do banheiro voltada para o leste, onde o Sol insiste em aparecer, incansavelmente, ao menos nos \u00faltimos 22 anos, tempo em que moro l\u00e1.<\/p>\n<p>Pois que, Nobre Sabi\u00e1, fiques, continues e apoderas-te deste espa\u00e7o. \u00c9 todo teu e de todas as aves gentis, canoras ou n\u00e3o, a que permitas da tua casa aproximar.<\/p>\n<p>As araras canind\u00e9, aquelas com cores azuis e amarelas, antes, sequer, apareciam; os papagaios, ent\u00e3o, tem nem que se falar!!!<\/p>\n<p>Ah, e os tucanos, aqueles de bicos longos, tamb\u00e9m. Vez por outra est\u00e3o pousados, nos altos das \u00e1rvores, a nos visitar. Antes n\u00e3o, sequer apareciam pra comer um coquinho do mato que fosse.<\/p>\n<p>E os miquinhos, vez por outra s\u00e3o denunciados com uma voz estridente e repetitiva: bem-te-vi; bem-te-vi; bem-te-vi!!!<\/p>\n<p>E esses camaradas, pouco \u201cse lixando\u201d para as aves que os denunciam, saltitam de galho em galho, sempre \u00e0 procura de um inseto, fruto, folha, ou at\u00e9 mesmo seiva j\u00e1 endurecida, de \u00e1rvores que os alimenta.<\/p>\n<p>Tem gente, at\u00e9, que leva frutas, inclusive morangos, e os deposita no ch\u00e3o, na estrada de terra, a se deliciar com esses seres t\u00e3o mimosos, quando encostam para os frutos devorar. Rapidinho!!!<\/p>\n<p>Ah, l\u00e1 no S\u00edtio, onde canta o sabi\u00e1, cantam os can\u00e1rios e os bem-te-vis; fazem suas casas o jo\u00e3o-de-barro; cantam, enfim, os p\u00e1ssaros pretos e, mesmo, quem diria, bem baixinho, quase impercept\u00edvel, o alma-de-gato, com suas cores que mais parece um tijolo a voar.<\/p>\n<p>Por\u00e9m, do jeito que a civiliza\u00e7\u00e3o do concreto avan\u00e7a; os grileiros e loteadores; o avan\u00e7o desenfreado do agroneg\u00f3cio; sei n\u00e3o. Sei n\u00e3o se a Natureza por muito tempo vai aguentar as investidas tresloucadas que j\u00e1 mostram as brutais mudan\u00e7as clim\u00e1ticas.<\/p>\n<p>\u00c9 assim, no S\u00edtio Harmonia, onde se dorme e se acorda ao som de Natureza; na cidade, uma pequena diferen\u00e7a: dorme-se e acorda-se com barulhoooooo, de cidade!!!<\/p>\n<p>Enquanto a civiliza\u00e7\u00e3o n\u00e3o chegar ao S\u00edtio, que assim seja; permane\u00e7a a Natureza! Am\u00e9m!!!<\/p>\n<p><strong>Hamed Aawar<\/strong><\/p>\n","protected":false},"excerpt":{"rendered":"<p>\u201cCanta, canta, minha gente, deixa a tristeza pra l\u00e1&#8230;\u201d.\u00a0Creio que \u00e9 mais ou menos isso que diz o samba. L\u00e1 em casa, no S\u00edtio Harmonia \u2013 Parceria com a Natureza, eu diria algo parecido:\u00a0Canta, canta sabi\u00e1, vem j\u00e1 \u201cpraqui\u201d acalentar, j\u00e1 que em minha janela, teu ninho fizeste, sem me consultar. E est\u00e1 l\u00e1, o [&hellip;]<\/p>\n","protected":false},"author":2,"featured_media":77722,"comment_status":"open","ping_status":"closed","sticky":false,"template":"","format":"standard","meta":{"_acf_changed":false,"footnotes":""},"categories":[25],"tags":[],"class_list":["post-77721","post","type-post","status-publish","format-standard","has-post-thumbnail","hentry","category-opina-ai"],"acf":[],"yoast_head":"<!-- This site is optimized with the Yoast SEO plugin v27.2 - https:\/\/yoast.com\/product\/yoast-seo-wordpress\/ -->\n<title>Micos nas \u00e1rvores e o canto do sabi\u00e1 deixam natureza harm\u00f4nica - Notibras<\/title>\n<meta name=\"robots\" content=\"index, follow, max-snippet:-1, max-image-preview:large, max-video-preview:-1\" \/>\n<link rel=\"canonical\" href=\"https:\/\/www.notibras.com\/site\/micos-nas-arvores-e-o-canto-do-sabia-deixam-natureza-harmonica\/\" \/>\n<meta property=\"og:locale\" content=\"pt_BR\" \/>\n<meta property=\"og:type\" content=\"article\" \/>\n<meta property=\"og:title\" content=\"Micos nas \u00e1rvores e o canto do sabi\u00e1 deixam natureza harm\u00f4nica - Notibras\" \/>\n<meta property=\"og:description\" content=\"\u201cCanta, canta, minha gente, deixa a tristeza pra l\u00e1&#8230;\u201d.\u00a0Creio que \u00e9 mais ou menos isso que diz o samba. L\u00e1 em casa, no S\u00edtio Harmonia \u2013 Parceria com a Natureza, eu diria algo parecido:\u00a0Canta, canta sabi\u00e1, vem j\u00e1 \u201cpraqui\u201d acalentar, j\u00e1 que em minha janela, teu ninho fizeste, sem me consultar. E est\u00e1 l\u00e1, o [&hellip;]\" \/>\n<meta property=\"og:url\" content=\"https:\/\/www.notibras.com\/site\/micos-nas-arvores-e-o-canto-do-sabia-deixam-natureza-harmonica\/\" \/>\n<meta property=\"og:site_name\" content=\"Notibras\" \/>\n<meta property=\"article:publisher\" content=\"https:\/\/www.facebook.com\/notibras\/\" \/>\n<meta property=\"article:published_time\" content=\"2015-11-23T19:36:39+00:00\" \/>\n<meta property=\"og:image\" content=\"https:\/\/www.notibras.com\/site\/wp-content\/uploads\/2015\/11\/mico.jpg\" \/>\n\t<meta property=\"og:image:width\" content=\"640\" \/>\n\t<meta property=\"og:image:height\" content=\"427\" \/>\n\t<meta property=\"og:image:type\" content=\"image\/jpeg\" \/>\n<meta name=\"author\" content=\"Reda\u00e7\u00e3o\" \/>\n<meta name=\"twitter:card\" content=\"summary_large_image\" \/>\n<meta name=\"twitter:creator\" content=\"@Notibras\" \/>\n<meta name=\"twitter:site\" content=\"@Notibras\" \/>\n<meta name=\"twitter:label1\" content=\"Escrito por\" \/>\n\t<meta name=\"twitter:data1\" content=\"Reda\u00e7\u00e3o\" \/>\n\t<meta name=\"twitter:label2\" content=\"Est. tempo de leitura\" \/>\n\t<meta name=\"twitter:data2\" content=\"2 minutos\" \/>\n<script type=\"application\/ld+json\" class=\"yoast-schema-graph\">{\"@context\":\"https:\/\/schema.org\",\"@graph\":[{\"@type\":\"Article\",\"@id\":\"https:\/\/www.notibras.com\/site\/micos-nas-arvores-e-o-canto-do-sabia-deixam-natureza-harmonica\/#article\",\"isPartOf\":{\"@id\":\"https:\/\/www.notibras.com\/site\/micos-nas-arvores-e-o-canto-do-sabia-deixam-natureza-harmonica\/\"},\"author\":{\"name\":\"Reda\u00e7\u00e3o\",\"@id\":\"https:\/\/www.notibras.com\/site\/#\/schema\/person\/36ab0979449956132d3e5b517ea76ac8\"},\"headline\":\"Micos nas \u00e1rvores e o canto do sabi\u00e1 deixam natureza harm\u00f4nica\",\"datePublished\":\"2015-11-23T19:36:39+00:00\",\"mainEntityOfPage\":{\"@id\":\"https:\/\/www.notibras.com\/site\/micos-nas-arvores-e-o-canto-do-sabia-deixam-natureza-harmonica\/\"},\"wordCount\":419,\"commentCount\":0,\"publisher\":{\"@id\":\"https:\/\/www.notibras.com\/site\/#organization\"},\"image\":{\"@id\":\"https:\/\/www.notibras.com\/site\/micos-nas-arvores-e-o-canto-do-sabia-deixam-natureza-harmonica\/#primaryimage\"},\"thumbnailUrl\":\"https:\/\/www.notibras.com\/site\/wp-content\/uploads\/2015\/11\/mico.jpg\",\"articleSection\":[\"Opina a\u00ed\"],\"inLanguage\":\"pt-BR\",\"potentialAction\":[{\"@type\":\"CommentAction\",\"name\":\"Comment\",\"target\":[\"https:\/\/www.notibras.com\/site\/micos-nas-arvores-e-o-canto-do-sabia-deixam-natureza-harmonica\/#respond\"]}]},{\"@type\":\"WebPage\",\"@id\":\"https:\/\/www.notibras.com\/site\/micos-nas-arvores-e-o-canto-do-sabia-deixam-natureza-harmonica\/\",\"url\":\"https:\/\/www.notibras.com\/site\/micos-nas-arvores-e-o-canto-do-sabia-deixam-natureza-harmonica\/\",\"name\":\"Micos nas \u00e1rvores e o canto do sabi\u00e1 deixam natureza harm\u00f4nica - Notibras\",\"isPartOf\":{\"@id\":\"https:\/\/www.notibras.com\/site\/#website\"},\"primaryImageOfPage\":{\"@id\":\"https:\/\/www.notibras.com\/site\/micos-nas-arvores-e-o-canto-do-sabia-deixam-natureza-harmonica\/#primaryimage\"},\"image\":{\"@id\":\"https:\/\/www.notibras.com\/site\/micos-nas-arvores-e-o-canto-do-sabia-deixam-natureza-harmonica\/#primaryimage\"},\"thumbnailUrl\":\"https:\/\/www.notibras.com\/site\/wp-content\/uploads\/2015\/11\/mico.jpg\",\"datePublished\":\"2015-11-23T19:36:39+00:00\",\"breadcrumb\":{\"@id\":\"https:\/\/www.notibras.com\/site\/micos-nas-arvores-e-o-canto-do-sabia-deixam-natureza-harmonica\/#breadcrumb\"},\"inLanguage\":\"pt-BR\",\"potentialAction\":[{\"@type\":\"ReadAction\",\"target\":[\"https:\/\/www.notibras.com\/site\/micos-nas-arvores-e-o-canto-do-sabia-deixam-natureza-harmonica\/\"]}]},{\"@type\":\"ImageObject\",\"inLanguage\":\"pt-BR\",\"@id\":\"https:\/\/www.notibras.com\/site\/micos-nas-arvores-e-o-canto-do-sabia-deixam-natureza-harmonica\/#primaryimage\",\"url\":\"https:\/\/www.notibras.com\/site\/wp-content\/uploads\/2015\/11\/mico.jpg\",\"contentUrl\":\"https:\/\/www.notibras.com\/site\/wp-content\/uploads\/2015\/11\/mico.jpg\",\"width\":640,\"height\":427},{\"@type\":\"BreadcrumbList\",\"@id\":\"https:\/\/www.notibras.com\/site\/micos-nas-arvores-e-o-canto-do-sabia-deixam-natureza-harmonica\/#breadcrumb\",\"itemListElement\":[{\"@type\":\"ListItem\",\"position\":1,\"name\":\"In\u00edcio\",\"item\":\"https:\/\/www.notibras.com\/site\/\"},{\"@type\":\"ListItem\",\"position\":2,\"name\":\"Micos nas \u00e1rvores e o canto do sabi\u00e1 deixam natureza harm\u00f4nica\"}]},{\"@type\":\"WebSite\",\"@id\":\"https:\/\/www.notibras.com\/site\/#website\",\"url\":\"https:\/\/www.notibras.com\/site\/\",\"name\":\"Notibras\",\"description\":\"Not\u00edcias de Bras\u00edlia, do Brasil e do Mundo\",\"publisher\":{\"@id\":\"https:\/\/www.notibras.com\/site\/#organization\"},\"potentialAction\":[{\"@type\":\"SearchAction\",\"target\":{\"@type\":\"EntryPoint\",\"urlTemplate\":\"https:\/\/www.notibras.com\/site\/?s={search_term_string}\"},\"query-input\":{\"@type\":\"PropertyValueSpecification\",\"valueRequired\":true,\"valueName\":\"search_term_string\"}}],\"inLanguage\":\"pt-BR\"},{\"@type\":\"Organization\",\"@id\":\"https:\/\/www.notibras.com\/site\/#organization\",\"name\":\"Grupo Notibras de Comunica\u00e7\u00e3o\",\"url\":\"https:\/\/www.notibras.com\/site\/\",\"logo\":{\"@type\":\"ImageObject\",\"inLanguage\":\"pt-BR\",\"@id\":\"https:\/\/www.notibras.com\/site\/#\/schema\/logo\/image\/\",\"url\":\"https:\/\/www.notibras.com\/site\/wp-content\/uploads\/2023\/01\/notibras23.png\",\"contentUrl\":\"https:\/\/www.notibras.com\/site\/wp-content\/uploads\/2023\/01\/notibras23.png\",\"width\":350,\"height\":87,\"caption\":\"Grupo Notibras de Comunica\u00e7\u00e3o\"},\"image\":{\"@id\":\"https:\/\/www.notibras.com\/site\/#\/schema\/logo\/image\/\"},\"sameAs\":[\"https:\/\/www.facebook.com\/notibras\/\",\"https:\/\/x.com\/Notibras\",\"https:\/\/www.instagram.com\/notibras\/\"]},{\"@type\":\"Person\",\"@id\":\"https:\/\/www.notibras.com\/site\/#\/schema\/person\/36ab0979449956132d3e5b517ea76ac8\",\"name\":\"Reda\u00e7\u00e3o\",\"image\":{\"@type\":\"ImageObject\",\"inLanguage\":\"pt-BR\",\"@id\":\"https:\/\/secure.gravatar.com\/avatar\/e0a867bdedb85fd243eadf09663511f96fc81e0720a4a42581f334ad4303aa6b?s=96&d=mm&r=g\",\"url\":\"https:\/\/secure.gravatar.com\/avatar\/e0a867bdedb85fd243eadf09663511f96fc81e0720a4a42581f334ad4303aa6b?s=96&d=mm&r=g\",\"contentUrl\":\"https:\/\/secure.gravatar.com\/avatar\/e0a867bdedb85fd243eadf09663511f96fc81e0720a4a42581f334ad4303aa6b?s=96&d=mm&r=g\",\"caption\":\"Reda\u00e7\u00e3o\"}}]}<\/script>\n<!-- \/ Yoast SEO plugin. -->","yoast_head_json":{"title":"Micos nas \u00e1rvores e o canto do sabi\u00e1 deixam natureza harm\u00f4nica - Notibras","robots":{"index":"index","follow":"follow","max-snippet":"max-snippet:-1","max-image-preview":"max-image-preview:large","max-video-preview":"max-video-preview:-1"},"canonical":"https:\/\/www.notibras.com\/site\/micos-nas-arvores-e-o-canto-do-sabia-deixam-natureza-harmonica\/","og_locale":"pt_BR","og_type":"article","og_title":"Micos nas \u00e1rvores e o canto do sabi\u00e1 deixam natureza harm\u00f4nica - Notibras","og_description":"\u201cCanta, canta, minha gente, deixa a tristeza pra l\u00e1&#8230;\u201d.\u00a0Creio que \u00e9 mais ou menos isso que diz o samba. L\u00e1 em casa, no S\u00edtio Harmonia \u2013 Parceria com a Natureza, eu diria algo parecido:\u00a0Canta, canta sabi\u00e1, vem j\u00e1 \u201cpraqui\u201d acalentar, j\u00e1 que em minha janela, teu ninho fizeste, sem me consultar. E est\u00e1 l\u00e1, o [&hellip;]","og_url":"https:\/\/www.notibras.com\/site\/micos-nas-arvores-e-o-canto-do-sabia-deixam-natureza-harmonica\/","og_site_name":"Notibras","article_publisher":"https:\/\/www.facebook.com\/notibras\/","article_published_time":"2015-11-23T19:36:39+00:00","og_image":[{"width":640,"height":427,"url":"https:\/\/www.notibras.com\/site\/wp-content\/uploads\/2015\/11\/mico.jpg","type":"image\/jpeg"}],"author":"Reda\u00e7\u00e3o","twitter_card":"summary_large_image","twitter_creator":"@Notibras","twitter_site":"@Notibras","twitter_misc":{"Escrito por":"Reda\u00e7\u00e3o","Est. tempo de leitura":"2 minutos"},"schema":{"@context":"https:\/\/schema.org","@graph":[{"@type":"Article","@id":"https:\/\/www.notibras.com\/site\/micos-nas-arvores-e-o-canto-do-sabia-deixam-natureza-harmonica\/#article","isPartOf":{"@id":"https:\/\/www.notibras.com\/site\/micos-nas-arvores-e-o-canto-do-sabia-deixam-natureza-harmonica\/"},"author":{"name":"Reda\u00e7\u00e3o","@id":"https:\/\/www.notibras.com\/site\/#\/schema\/person\/36ab0979449956132d3e5b517ea76ac8"},"headline":"Micos nas \u00e1rvores e o canto do sabi\u00e1 deixam natureza harm\u00f4nica","datePublished":"2015-11-23T19:36:39+00:00","mainEntityOfPage":{"@id":"https:\/\/www.notibras.com\/site\/micos-nas-arvores-e-o-canto-do-sabia-deixam-natureza-harmonica\/"},"wordCount":419,"commentCount":0,"publisher":{"@id":"https:\/\/www.notibras.com\/site\/#organization"},"image":{"@id":"https:\/\/www.notibras.com\/site\/micos-nas-arvores-e-o-canto-do-sabia-deixam-natureza-harmonica\/#primaryimage"},"thumbnailUrl":"https:\/\/www.notibras.com\/site\/wp-content\/uploads\/2015\/11\/mico.jpg","articleSection":["Opina a\u00ed"],"inLanguage":"pt-BR","potentialAction":[{"@type":"CommentAction","name":"Comment","target":["https:\/\/www.notibras.com\/site\/micos-nas-arvores-e-o-canto-do-sabia-deixam-natureza-harmonica\/#respond"]}]},{"@type":"WebPage","@id":"https:\/\/www.notibras.com\/site\/micos-nas-arvores-e-o-canto-do-sabia-deixam-natureza-harmonica\/","url":"https:\/\/www.notibras.com\/site\/micos-nas-arvores-e-o-canto-do-sabia-deixam-natureza-harmonica\/","name":"Micos nas \u00e1rvores e o canto do sabi\u00e1 deixam natureza harm\u00f4nica - Notibras","isPartOf":{"@id":"https:\/\/www.notibras.com\/site\/#website"},"primaryImageOfPage":{"@id":"https:\/\/www.notibras.com\/site\/micos-nas-arvores-e-o-canto-do-sabia-deixam-natureza-harmonica\/#primaryimage"},"image":{"@id":"https:\/\/www.notibras.com\/site\/micos-nas-arvores-e-o-canto-do-sabia-deixam-natureza-harmonica\/#primaryimage"},"thumbnailUrl":"https:\/\/www.notibras.com\/site\/wp-content\/uploads\/2015\/11\/mico.jpg","datePublished":"2015-11-23T19:36:39+00:00","breadcrumb":{"@id":"https:\/\/www.notibras.com\/site\/micos-nas-arvores-e-o-canto-do-sabia-deixam-natureza-harmonica\/#breadcrumb"},"inLanguage":"pt-BR","potentialAction":[{"@type":"ReadAction","target":["https:\/\/www.notibras.com\/site\/micos-nas-arvores-e-o-canto-do-sabia-deixam-natureza-harmonica\/"]}]},{"@type":"ImageObject","inLanguage":"pt-BR","@id":"https:\/\/www.notibras.com\/site\/micos-nas-arvores-e-o-canto-do-sabia-deixam-natureza-harmonica\/#primaryimage","url":"https:\/\/www.notibras.com\/site\/wp-content\/uploads\/2015\/11\/mico.jpg","contentUrl":"https:\/\/www.notibras.com\/site\/wp-content\/uploads\/2015\/11\/mico.jpg","width":640,"height":427},{"@type":"BreadcrumbList","@id":"https:\/\/www.notibras.com\/site\/micos-nas-arvores-e-o-canto-do-sabia-deixam-natureza-harmonica\/#breadcrumb","itemListElement":[{"@type":"ListItem","position":1,"name":"In\u00edcio","item":"https:\/\/www.notibras.com\/site\/"},{"@type":"ListItem","position":2,"name":"Micos nas \u00e1rvores e o canto do sabi\u00e1 deixam natureza harm\u00f4nica"}]},{"@type":"WebSite","@id":"https:\/\/www.notibras.com\/site\/#website","url":"https:\/\/www.notibras.com\/site\/","name":"Notibras","description":"Not\u00edcias de Bras\u00edlia, do Brasil e do Mundo","publisher":{"@id":"https:\/\/www.notibras.com\/site\/#organization"},"potentialAction":[{"@type":"SearchAction","target":{"@type":"EntryPoint","urlTemplate":"https:\/\/www.notibras.com\/site\/?s={search_term_string}"},"query-input":{"@type":"PropertyValueSpecification","valueRequired":true,"valueName":"search_term_string"}}],"inLanguage":"pt-BR"},{"@type":"Organization","@id":"https:\/\/www.notibras.com\/site\/#organization","name":"Grupo Notibras de Comunica\u00e7\u00e3o","url":"https:\/\/www.notibras.com\/site\/","logo":{"@type":"ImageObject","inLanguage":"pt-BR","@id":"https:\/\/www.notibras.com\/site\/#\/schema\/logo\/image\/","url":"https:\/\/www.notibras.com\/site\/wp-content\/uploads\/2023\/01\/notibras23.png","contentUrl":"https:\/\/www.notibras.com\/site\/wp-content\/uploads\/2023\/01\/notibras23.png","width":350,"height":87,"caption":"Grupo Notibras de Comunica\u00e7\u00e3o"},"image":{"@id":"https:\/\/www.notibras.com\/site\/#\/schema\/logo\/image\/"},"sameAs":["https:\/\/www.facebook.com\/notibras\/","https:\/\/x.com\/Notibras","https:\/\/www.instagram.com\/notibras\/"]},{"@type":"Person","@id":"https:\/\/www.notibras.com\/site\/#\/schema\/person\/36ab0979449956132d3e5b517ea76ac8","name":"Reda\u00e7\u00e3o","image":{"@type":"ImageObject","inLanguage":"pt-BR","@id":"https:\/\/secure.gravatar.com\/avatar\/e0a867bdedb85fd243eadf09663511f96fc81e0720a4a42581f334ad4303aa6b?s=96&d=mm&r=g","url":"https:\/\/secure.gravatar.com\/avatar\/e0a867bdedb85fd243eadf09663511f96fc81e0720a4a42581f334ad4303aa6b?s=96&d=mm&r=g","contentUrl":"https:\/\/secure.gravatar.com\/avatar\/e0a867bdedb85fd243eadf09663511f96fc81e0720a4a42581f334ad4303aa6b?s=96&d=mm&r=g","caption":"Reda\u00e7\u00e3o"}}]}},"amp_enabled":true,"_links":{"self":[{"href":"https:\/\/www.notibras.com\/site\/wp-json\/wp\/v2\/posts\/77721","targetHints":{"allow":["GET"]}}],"collection":[{"href":"https:\/\/www.notibras.com\/site\/wp-json\/wp\/v2\/posts"}],"about":[{"href":"https:\/\/www.notibras.com\/site\/wp-json\/wp\/v2\/types\/post"}],"author":[{"embeddable":true,"href":"https:\/\/www.notibras.com\/site\/wp-json\/wp\/v2\/users\/2"}],"replies":[{"embeddable":true,"href":"https:\/\/www.notibras.com\/site\/wp-json\/wp\/v2\/comments?post=77721"}],"version-history":[{"count":1,"href":"https:\/\/www.notibras.com\/site\/wp-json\/wp\/v2\/posts\/77721\/revisions"}],"predecessor-version":[{"id":77723,"href":"https:\/\/www.notibras.com\/site\/wp-json\/wp\/v2\/posts\/77721\/revisions\/77723"}],"wp:featuredmedia":[{"embeddable":true,"href":"https:\/\/www.notibras.com\/site\/wp-json\/wp\/v2\/media\/77722"}],"wp:attachment":[{"href":"https:\/\/www.notibras.com\/site\/wp-json\/wp\/v2\/media?parent=77721"}],"wp:term":[{"taxonomy":"category","embeddable":true,"href":"https:\/\/www.notibras.com\/site\/wp-json\/wp\/v2\/categories?post=77721"},{"taxonomy":"post_tag","embeddable":true,"href":"https:\/\/www.notibras.com\/site\/wp-json\/wp\/v2\/tags?post=77721"}],"curies":[{"name":"wp","href":"https:\/\/api.w.org\/{rel}","templated":true}]}}