{"id":7783,"date":"2014-04-28T17:40:04","date_gmt":"2014-04-28T20:40:04","guid":{"rendered":"http:\/\/www.notibras.com\/site\/?p=7783"},"modified":"2014-04-28T22:03:59","modified_gmt":"2014-04-29T01:03:59","slug":"sem-capital-de-giro-e-no-sufoco-empresas-comecam-a-dar-calote","status":"publish","type":"post","link":"https:\/\/www.notibras.com\/site\/sem-capital-de-giro-e-no-sufoco-empresas-comecam-a-dar-calote\/","title":{"rendered":"Sem capital de giro, e no sufoco, empresas d\u00e3o calote"},"content":{"rendered":"<p>As empresas tiveram mais dificuldades em fazer os pagamentos em dia no per\u00edodo de janeiro a mar\u00e7o deste ano. Comparado a igual per\u00edodo de 2013, o Indicador Serasa Experian de Inadimpl\u00eancia das Empresas mostra que as d\u00edvidas em atraso cresceram 7,4%.<\/p>\n<p>No primeiro trimestre do ano passado, a taxa tinha ficado praticamente est\u00e1vel, com varia\u00e7\u00e3o de 0,1%. Considerando apenas o m\u00eas de mar\u00e7o, houve eleva\u00e7\u00e3o de 3,3%, em rela\u00e7\u00e3o ao m\u00eas anterior.<\/p>\n<p>Para os economistas da Serasa Experian, essa situa\u00e7\u00e3o foi provocada pelo \u201cencarecimento do custo do capital de giro, determinado pelas sucessivas eleva\u00e7\u00f5es da taxa b\u00e1sica de juros (taxa Selic), [e tamb\u00e9m pelo] ambiente de baixo crescimento econ\u00f4mico combinado com infla\u00e7\u00e3o em alta\u201d.<\/p>\n<p>Em mar\u00e7o, a taxa de inadimpl\u00eancia foi puxada, principalmente, pelos cheques sem fundos, que cresceram 11,4%, embora o valor m\u00e9dio tenha ca\u00eddo 22,4%, passando de R$ 2.804,93 para R$ 2.177,20. Os t\u00edtulos protestados avan\u00e7aram 3,5%, com o valor m\u00e9dio em alta de 9% (de R$ 1.941,69 para R$ 2.116,63).<\/p>\n<p>As d\u00edvidas n\u00e3o banc\u00e1rias (com cart\u00f5es de cr\u00e9dito, financeiras, lojas em geral e prestadoras de servi\u00e7os como telefonia e fornecimento de energia el\u00e9trica e \u00e1gua) tiveram eleva\u00e7\u00e3o de 2,6%. Nesse caso, o valor m\u00e9dio teve aumento de 6,1% (de R$ 802,95 para R$ 851,90). J\u00e1 as d\u00edvidas com bancos ficaram est\u00e1veis, com queda de 1,6% no valor m\u00e9dio (de R$ 5.147,80 para R$ 5.062,91).<\/p>\n<div class=\"node-info\"><strong>Marli Moreira, ABr<\/strong><\/div>\n","protected":false},"excerpt":{"rendered":"<p>As empresas tiveram mais dificuldades em fazer os pagamentos em dia no per\u00edodo de janeiro a mar\u00e7o deste ano. Comparado a igual per\u00edodo de 2013, o Indicador Serasa Experian de Inadimpl\u00eancia das Empresas mostra que as d\u00edvidas em atraso cresceram 7,4%. No primeiro trimestre do ano passado, a taxa tinha ficado praticamente est\u00e1vel, com varia\u00e7\u00e3o [&hellip;]<\/p>\n","protected":false},"author":2,"featured_media":7784,"comment_status":"open","ping_status":"closed","sticky":false,"template":"","format":"standard","meta":{"_acf_changed":false,"footnotes":""},"categories":[16],"tags":[],"class_list":["post-7783","post","type-post","status-publish","format-standard","has-post-thumbnail","hentry","category-brasil"],"acf":[],"yoast_head":"<!-- This site is optimized with the Yoast SEO plugin v27.2 - https:\/\/yoast.com\/product\/yoast-seo-wordpress\/ -->\n<title>Sem capital de giro, e no sufoco, empresas d\u00e3o calote - Notibras<\/title>\n<meta name=\"robots\" content=\"index, follow, max-snippet:-1, max-image-preview:large, max-video-preview:-1\" \/>\n<link rel=\"canonical\" href=\"https:\/\/www.notibras.com\/site\/sem-capital-de-giro-e-no-sufoco-empresas-comecam-a-dar-calote\/\" \/>\n<meta property=\"og:locale\" content=\"pt_BR\" \/>\n<meta property=\"og:type\" content=\"article\" \/>\n<meta property=\"og:title\" content=\"Sem capital de giro, e no sufoco, empresas d\u00e3o calote - Notibras\" \/>\n<meta property=\"og:description\" content=\"As empresas tiveram mais dificuldades em fazer os pagamentos em dia no per\u00edodo de janeiro a mar\u00e7o deste ano. Comparado a igual per\u00edodo de 2013, o Indicador Serasa Experian de Inadimpl\u00eancia das Empresas mostra que as d\u00edvidas em atraso cresceram 7,4%. No primeiro trimestre do ano passado, a taxa tinha ficado praticamente est\u00e1vel, com varia\u00e7\u00e3o [&hellip;]\" \/>\n<meta property=\"og:url\" content=\"https:\/\/www.notibras.com\/site\/sem-capital-de-giro-e-no-sufoco-empresas-comecam-a-dar-calote\/\" \/>\n<meta property=\"og:site_name\" content=\"Notibras\" \/>\n<meta property=\"article:publisher\" content=\"https:\/\/www.facebook.com\/notibras\/\" \/>\n<meta property=\"article:published_time\" content=\"2014-04-28T20:40:04+00:00\" \/>\n<meta property=\"article:modified_time\" content=\"2014-04-29T01:03:59+00:00\" \/>\n<meta property=\"og:image\" content=\"https:\/\/www.notibras.com\/site\/wp-content\/uploads\/2014\/04\/economia.jpg\" \/>\n\t<meta property=\"og:image:width\" content=\"500\" \/>\n\t<meta property=\"og:image:height\" content=\"400\" \/>\n\t<meta property=\"og:image:type\" content=\"image\/jpeg\" \/>\n<meta name=\"author\" content=\"Reda\u00e7\u00e3o\" \/>\n<meta name=\"twitter:card\" content=\"summary_large_image\" \/>\n<meta name=\"twitter:creator\" content=\"@Notibras\" \/>\n<meta name=\"twitter:site\" content=\"@Notibras\" \/>\n<meta name=\"twitter:label1\" content=\"Escrito por\" \/>\n\t<meta name=\"twitter:data1\" content=\"Reda\u00e7\u00e3o\" \/>\n\t<meta name=\"twitter:label2\" content=\"Est. tempo de leitura\" \/>\n\t<meta name=\"twitter:data2\" content=\"1 minuto\" \/>\n<script type=\"application\/ld+json\" class=\"yoast-schema-graph\">{\"@context\":\"https:\/\/schema.org\",\"@graph\":[{\"@type\":\"Article\",\"@id\":\"https:\/\/www.notibras.com\/site\/sem-capital-de-giro-e-no-sufoco-empresas-comecam-a-dar-calote\/#article\",\"isPartOf\":{\"@id\":\"https:\/\/www.notibras.com\/site\/sem-capital-de-giro-e-no-sufoco-empresas-comecam-a-dar-calote\/\"},\"author\":{\"name\":\"Reda\u00e7\u00e3o\",\"@id\":\"https:\/\/www.notibras.com\/site\/#\/schema\/person\/36ab0979449956132d3e5b517ea76ac8\"},\"headline\":\"Sem capital de giro, e no sufoco, empresas d\u00e3o calote\",\"datePublished\":\"2014-04-28T20:40:04+00:00\",\"dateModified\":\"2014-04-29T01:03:59+00:00\",\"mainEntityOfPage\":{\"@id\":\"https:\/\/www.notibras.com\/site\/sem-capital-de-giro-e-no-sufoco-empresas-comecam-a-dar-calote\/\"},\"wordCount\":259,\"commentCount\":0,\"publisher\":{\"@id\":\"https:\/\/www.notibras.com\/site\/#organization\"},\"image\":{\"@id\":\"https:\/\/www.notibras.com\/site\/sem-capital-de-giro-e-no-sufoco-empresas-comecam-a-dar-calote\/#primaryimage\"},\"thumbnailUrl\":\"https:\/\/www.notibras.com\/site\/wp-content\/uploads\/2014\/04\/economia.jpg\",\"articleSection\":[\"Brasil\"],\"inLanguage\":\"pt-BR\",\"potentialAction\":[{\"@type\":\"CommentAction\",\"name\":\"Comment\",\"target\":[\"https:\/\/www.notibras.com\/site\/sem-capital-de-giro-e-no-sufoco-empresas-comecam-a-dar-calote\/#respond\"]}]},{\"@type\":\"WebPage\",\"@id\":\"https:\/\/www.notibras.com\/site\/sem-capital-de-giro-e-no-sufoco-empresas-comecam-a-dar-calote\/\",\"url\":\"https:\/\/www.notibras.com\/site\/sem-capital-de-giro-e-no-sufoco-empresas-comecam-a-dar-calote\/\",\"name\":\"Sem capital de giro, e no sufoco, empresas d\u00e3o calote - Notibras\",\"isPartOf\":{\"@id\":\"https:\/\/www.notibras.com\/site\/#website\"},\"primaryImageOfPage\":{\"@id\":\"https:\/\/www.notibras.com\/site\/sem-capital-de-giro-e-no-sufoco-empresas-comecam-a-dar-calote\/#primaryimage\"},\"image\":{\"@id\":\"https:\/\/www.notibras.com\/site\/sem-capital-de-giro-e-no-sufoco-empresas-comecam-a-dar-calote\/#primaryimage\"},\"thumbnailUrl\":\"https:\/\/www.notibras.com\/site\/wp-content\/uploads\/2014\/04\/economia.jpg\",\"datePublished\":\"2014-04-28T20:40:04+00:00\",\"dateModified\":\"2014-04-29T01:03:59+00:00\",\"breadcrumb\":{\"@id\":\"https:\/\/www.notibras.com\/site\/sem-capital-de-giro-e-no-sufoco-empresas-comecam-a-dar-calote\/#breadcrumb\"},\"inLanguage\":\"pt-BR\",\"potentialAction\":[{\"@type\":\"ReadAction\",\"target\":[\"https:\/\/www.notibras.com\/site\/sem-capital-de-giro-e-no-sufoco-empresas-comecam-a-dar-calote\/\"]}]},{\"@type\":\"ImageObject\",\"inLanguage\":\"pt-BR\",\"@id\":\"https:\/\/www.notibras.com\/site\/sem-capital-de-giro-e-no-sufoco-empresas-comecam-a-dar-calote\/#primaryimage\",\"url\":\"https:\/\/www.notibras.com\/site\/wp-content\/uploads\/2014\/04\/economia.jpg\",\"contentUrl\":\"https:\/\/www.notibras.com\/site\/wp-content\/uploads\/2014\/04\/economia.jpg\",\"width\":500,\"height\":400},{\"@type\":\"BreadcrumbList\",\"@id\":\"https:\/\/www.notibras.com\/site\/sem-capital-de-giro-e-no-sufoco-empresas-comecam-a-dar-calote\/#breadcrumb\",\"itemListElement\":[{\"@type\":\"ListItem\",\"position\":1,\"name\":\"In\u00edcio\",\"item\":\"https:\/\/www.notibras.com\/site\/\"},{\"@type\":\"ListItem\",\"position\":2,\"name\":\"Sem capital de giro, e no sufoco, empresas d\u00e3o calote\"}]},{\"@type\":\"WebSite\",\"@id\":\"https:\/\/www.notibras.com\/site\/#website\",\"url\":\"https:\/\/www.notibras.com\/site\/\",\"name\":\"Notibras\",\"description\":\"Not\u00edcias de Bras\u00edlia, do Brasil e do Mundo\",\"publisher\":{\"@id\":\"https:\/\/www.notibras.com\/site\/#organization\"},\"potentialAction\":[{\"@type\":\"SearchAction\",\"target\":{\"@type\":\"EntryPoint\",\"urlTemplate\":\"https:\/\/www.notibras.com\/site\/?s={search_term_string}\"},\"query-input\":{\"@type\":\"PropertyValueSpecification\",\"valueRequired\":true,\"valueName\":\"search_term_string\"}}],\"inLanguage\":\"pt-BR\"},{\"@type\":\"Organization\",\"@id\":\"https:\/\/www.notibras.com\/site\/#organization\",\"name\":\"Grupo Notibras de Comunica\u00e7\u00e3o\",\"url\":\"https:\/\/www.notibras.com\/site\/\",\"logo\":{\"@type\":\"ImageObject\",\"inLanguage\":\"pt-BR\",\"@id\":\"https:\/\/www.notibras.com\/site\/#\/schema\/logo\/image\/\",\"url\":\"https:\/\/www.notibras.com\/site\/wp-content\/uploads\/2023\/01\/notibras23.png\",\"contentUrl\":\"https:\/\/www.notibras.com\/site\/wp-content\/uploads\/2023\/01\/notibras23.png\",\"width\":350,\"height\":87,\"caption\":\"Grupo Notibras de Comunica\u00e7\u00e3o\"},\"image\":{\"@id\":\"https:\/\/www.notibras.com\/site\/#\/schema\/logo\/image\/\"},\"sameAs\":[\"https:\/\/www.facebook.com\/notibras\/\",\"https:\/\/x.com\/Notibras\",\"https:\/\/www.instagram.com\/notibras\/\"]},{\"@type\":\"Person\",\"@id\":\"https:\/\/www.notibras.com\/site\/#\/schema\/person\/36ab0979449956132d3e5b517ea76ac8\",\"name\":\"Reda\u00e7\u00e3o\",\"image\":{\"@type\":\"ImageObject\",\"inLanguage\":\"pt-BR\",\"@id\":\"https:\/\/secure.gravatar.com\/avatar\/e0a867bdedb85fd243eadf09663511f96fc81e0720a4a42581f334ad4303aa6b?s=96&d=mm&r=g\",\"url\":\"https:\/\/secure.gravatar.com\/avatar\/e0a867bdedb85fd243eadf09663511f96fc81e0720a4a42581f334ad4303aa6b?s=96&d=mm&r=g\",\"contentUrl\":\"https:\/\/secure.gravatar.com\/avatar\/e0a867bdedb85fd243eadf09663511f96fc81e0720a4a42581f334ad4303aa6b?s=96&d=mm&r=g\",\"caption\":\"Reda\u00e7\u00e3o\"}}]}<\/script>\n<!-- \/ Yoast SEO plugin. -->","yoast_head_json":{"title":"Sem capital de giro, e no sufoco, empresas d\u00e3o calote - Notibras","robots":{"index":"index","follow":"follow","max-snippet":"max-snippet:-1","max-image-preview":"max-image-preview:large","max-video-preview":"max-video-preview:-1"},"canonical":"https:\/\/www.notibras.com\/site\/sem-capital-de-giro-e-no-sufoco-empresas-comecam-a-dar-calote\/","og_locale":"pt_BR","og_type":"article","og_title":"Sem capital de giro, e no sufoco, empresas d\u00e3o calote - Notibras","og_description":"As empresas tiveram mais dificuldades em fazer os pagamentos em dia no per\u00edodo de janeiro a mar\u00e7o deste ano. Comparado a igual per\u00edodo de 2013, o Indicador Serasa Experian de Inadimpl\u00eancia das Empresas mostra que as d\u00edvidas em atraso cresceram 7,4%. No primeiro trimestre do ano passado, a taxa tinha ficado praticamente est\u00e1vel, com varia\u00e7\u00e3o [&hellip;]","og_url":"https:\/\/www.notibras.com\/site\/sem-capital-de-giro-e-no-sufoco-empresas-comecam-a-dar-calote\/","og_site_name":"Notibras","article_publisher":"https:\/\/www.facebook.com\/notibras\/","article_published_time":"2014-04-28T20:40:04+00:00","article_modified_time":"2014-04-29T01:03:59+00:00","og_image":[{"width":500,"height":400,"url":"https:\/\/www.notibras.com\/site\/wp-content\/uploads\/2014\/04\/economia.jpg","type":"image\/jpeg"}],"author":"Reda\u00e7\u00e3o","twitter_card":"summary_large_image","twitter_creator":"@Notibras","twitter_site":"@Notibras","twitter_misc":{"Escrito por":"Reda\u00e7\u00e3o","Est. tempo de leitura":"1 minuto"},"schema":{"@context":"https:\/\/schema.org","@graph":[{"@type":"Article","@id":"https:\/\/www.notibras.com\/site\/sem-capital-de-giro-e-no-sufoco-empresas-comecam-a-dar-calote\/#article","isPartOf":{"@id":"https:\/\/www.notibras.com\/site\/sem-capital-de-giro-e-no-sufoco-empresas-comecam-a-dar-calote\/"},"author":{"name":"Reda\u00e7\u00e3o","@id":"https:\/\/www.notibras.com\/site\/#\/schema\/person\/36ab0979449956132d3e5b517ea76ac8"},"headline":"Sem capital de giro, e no sufoco, empresas d\u00e3o calote","datePublished":"2014-04-28T20:40:04+00:00","dateModified":"2014-04-29T01:03:59+00:00","mainEntityOfPage":{"@id":"https:\/\/www.notibras.com\/site\/sem-capital-de-giro-e-no-sufoco-empresas-comecam-a-dar-calote\/"},"wordCount":259,"commentCount":0,"publisher":{"@id":"https:\/\/www.notibras.com\/site\/#organization"},"image":{"@id":"https:\/\/www.notibras.com\/site\/sem-capital-de-giro-e-no-sufoco-empresas-comecam-a-dar-calote\/#primaryimage"},"thumbnailUrl":"https:\/\/www.notibras.com\/site\/wp-content\/uploads\/2014\/04\/economia.jpg","articleSection":["Brasil"],"inLanguage":"pt-BR","potentialAction":[{"@type":"CommentAction","name":"Comment","target":["https:\/\/www.notibras.com\/site\/sem-capital-de-giro-e-no-sufoco-empresas-comecam-a-dar-calote\/#respond"]}]},{"@type":"WebPage","@id":"https:\/\/www.notibras.com\/site\/sem-capital-de-giro-e-no-sufoco-empresas-comecam-a-dar-calote\/","url":"https:\/\/www.notibras.com\/site\/sem-capital-de-giro-e-no-sufoco-empresas-comecam-a-dar-calote\/","name":"Sem capital de giro, e no sufoco, empresas d\u00e3o calote - Notibras","isPartOf":{"@id":"https:\/\/www.notibras.com\/site\/#website"},"primaryImageOfPage":{"@id":"https:\/\/www.notibras.com\/site\/sem-capital-de-giro-e-no-sufoco-empresas-comecam-a-dar-calote\/#primaryimage"},"image":{"@id":"https:\/\/www.notibras.com\/site\/sem-capital-de-giro-e-no-sufoco-empresas-comecam-a-dar-calote\/#primaryimage"},"thumbnailUrl":"https:\/\/www.notibras.com\/site\/wp-content\/uploads\/2014\/04\/economia.jpg","datePublished":"2014-04-28T20:40:04+00:00","dateModified":"2014-04-29T01:03:59+00:00","breadcrumb":{"@id":"https:\/\/www.notibras.com\/site\/sem-capital-de-giro-e-no-sufoco-empresas-comecam-a-dar-calote\/#breadcrumb"},"inLanguage":"pt-BR","potentialAction":[{"@type":"ReadAction","target":["https:\/\/www.notibras.com\/site\/sem-capital-de-giro-e-no-sufoco-empresas-comecam-a-dar-calote\/"]}]},{"@type":"ImageObject","inLanguage":"pt-BR","@id":"https:\/\/www.notibras.com\/site\/sem-capital-de-giro-e-no-sufoco-empresas-comecam-a-dar-calote\/#primaryimage","url":"https:\/\/www.notibras.com\/site\/wp-content\/uploads\/2014\/04\/economia.jpg","contentUrl":"https:\/\/www.notibras.com\/site\/wp-content\/uploads\/2014\/04\/economia.jpg","width":500,"height":400},{"@type":"BreadcrumbList","@id":"https:\/\/www.notibras.com\/site\/sem-capital-de-giro-e-no-sufoco-empresas-comecam-a-dar-calote\/#breadcrumb","itemListElement":[{"@type":"ListItem","position":1,"name":"In\u00edcio","item":"https:\/\/www.notibras.com\/site\/"},{"@type":"ListItem","position":2,"name":"Sem capital de giro, e no sufoco, empresas d\u00e3o calote"}]},{"@type":"WebSite","@id":"https:\/\/www.notibras.com\/site\/#website","url":"https:\/\/www.notibras.com\/site\/","name":"Notibras","description":"Not\u00edcias de Bras\u00edlia, do Brasil e do Mundo","publisher":{"@id":"https:\/\/www.notibras.com\/site\/#organization"},"potentialAction":[{"@type":"SearchAction","target":{"@type":"EntryPoint","urlTemplate":"https:\/\/www.notibras.com\/site\/?s={search_term_string}"},"query-input":{"@type":"PropertyValueSpecification","valueRequired":true,"valueName":"search_term_string"}}],"inLanguage":"pt-BR"},{"@type":"Organization","@id":"https:\/\/www.notibras.com\/site\/#organization","name":"Grupo Notibras de Comunica\u00e7\u00e3o","url":"https:\/\/www.notibras.com\/site\/","logo":{"@type":"ImageObject","inLanguage":"pt-BR","@id":"https:\/\/www.notibras.com\/site\/#\/schema\/logo\/image\/","url":"https:\/\/www.notibras.com\/site\/wp-content\/uploads\/2023\/01\/notibras23.png","contentUrl":"https:\/\/www.notibras.com\/site\/wp-content\/uploads\/2023\/01\/notibras23.png","width":350,"height":87,"caption":"Grupo Notibras de Comunica\u00e7\u00e3o"},"image":{"@id":"https:\/\/www.notibras.com\/site\/#\/schema\/logo\/image\/"},"sameAs":["https:\/\/www.facebook.com\/notibras\/","https:\/\/x.com\/Notibras","https:\/\/www.instagram.com\/notibras\/"]},{"@type":"Person","@id":"https:\/\/www.notibras.com\/site\/#\/schema\/person\/36ab0979449956132d3e5b517ea76ac8","name":"Reda\u00e7\u00e3o","image":{"@type":"ImageObject","inLanguage":"pt-BR","@id":"https:\/\/secure.gravatar.com\/avatar\/e0a867bdedb85fd243eadf09663511f96fc81e0720a4a42581f334ad4303aa6b?s=96&d=mm&r=g","url":"https:\/\/secure.gravatar.com\/avatar\/e0a867bdedb85fd243eadf09663511f96fc81e0720a4a42581f334ad4303aa6b?s=96&d=mm&r=g","contentUrl":"https:\/\/secure.gravatar.com\/avatar\/e0a867bdedb85fd243eadf09663511f96fc81e0720a4a42581f334ad4303aa6b?s=96&d=mm&r=g","caption":"Reda\u00e7\u00e3o"}}]}},"amp_enabled":true,"_links":{"self":[{"href":"https:\/\/www.notibras.com\/site\/wp-json\/wp\/v2\/posts\/7783","targetHints":{"allow":["GET"]}}],"collection":[{"href":"https:\/\/www.notibras.com\/site\/wp-json\/wp\/v2\/posts"}],"about":[{"href":"https:\/\/www.notibras.com\/site\/wp-json\/wp\/v2\/types\/post"}],"author":[{"embeddable":true,"href":"https:\/\/www.notibras.com\/site\/wp-json\/wp\/v2\/users\/2"}],"replies":[{"embeddable":true,"href":"https:\/\/www.notibras.com\/site\/wp-json\/wp\/v2\/comments?post=7783"}],"version-history":[{"count":0,"href":"https:\/\/www.notibras.com\/site\/wp-json\/wp\/v2\/posts\/7783\/revisions"}],"wp:featuredmedia":[{"embeddable":true,"href":"https:\/\/www.notibras.com\/site\/wp-json\/wp\/v2\/media\/7784"}],"wp:attachment":[{"href":"https:\/\/www.notibras.com\/site\/wp-json\/wp\/v2\/media?parent=7783"}],"wp:term":[{"taxonomy":"category","embeddable":true,"href":"https:\/\/www.notibras.com\/site\/wp-json\/wp\/v2\/categories?post=7783"},{"taxonomy":"post_tag","embeddable":true,"href":"https:\/\/www.notibras.com\/site\/wp-json\/wp\/v2\/tags?post=7783"}],"curies":[{"name":"wp","href":"https:\/\/api.w.org\/{rel}","templated":true}]}}