{"id":7795,"date":"2014-04-28T22:01:53","date_gmt":"2014-04-29T01:01:53","guid":{"rendered":"http:\/\/www.notibras.com\/site\/?p=7795"},"modified":"2014-04-29T15:46:05","modified_gmt":"2014-04-29T18:46:05","slug":"huck-pega-carona-no-racismo-para-faturar-e-e-bombardeado-com-criticas","status":"publish","type":"post","link":"https:\/\/www.notibras.com\/site\/huck-pega-carona-no-racismo-para-faturar-e-e-bombardeado-com-criticas\/","title":{"rendered":"Huck pega carona no racismo para faturar e recebe cr\u00edticas"},"content":{"rendered":"<p>Por meio de sua grife \u201cUse Huck\u201d, o apresentador Luciano Huck lan\u00e7ou camisetas contra o racismo. Com o slogan \u201c#somostodosmacacos\u201d da campanha instaurada ap\u00f3s o racismo contra o lateral do Barcelona Daniel Alves no \u00faltimo domingo \u2013 o jogador comeu, de forma ir\u00f4nica, uma banana atirada por um torcedor -, a empresa do global acabou por criar uma pol\u00eamica na internet.<\/p>\n<p class=\"text\">A p\u00e1gina da grife no Facebook divulgou o modelo da camiseta, vendida a R$ 69 no site da loja, mas sofreu uma rea\u00e7\u00e3o contr\u00e1ria dos consumidores. A maioria dos internautas comentou\u00a0na foto com ironias \u00e0 atitude da empresa\u00a0comandada pelo apresentador.<\/p>\n<p class=\"text\">\u201cConcordo! Mas da\u00ed a faturar em cima? Belo exemplo\u201d, ironizou o internauta Emerson Luiz. Outros seguiram a opini\u00e3o de Braga: \u201cacho que uma convoca\u00e7\u00e3o para uma passeata democrata com o casal global e v\u00e1rios outros famosos seria mais conveniente do que tirar benef\u00edcio para si pr\u00f3prio vendendo camisas\u201d, afirmou Luciana Leite.<\/p>\n<p class=\"text\">Apesar da rea\u00e7\u00e3o contr\u00e1ria, alguns f\u00e3s do apresentador sa\u00edram em defesa da atitude da empresa.\u00a0 \u201cAdorei, uma \u00f3tima ideia, lindas camisetas\u201d, escreveu Zilda Carvalho.<\/p>\n<p class=\"text\">Outro fator criticado por internautas foi a aus\u00eancia de modelos negros nas fotos de divulga\u00e7\u00e3o das camisetas. Nas imagens com a estampa contra o racismo divulgadas pelo site, h\u00e1 dois modelos, um masculino e outro feminino. Ambos, contudo, s\u00e3o brancos.<\/p>\n<p class=\"text\">\u201cGrande campanha de combate ao racismo de um site que n\u00e3o tem modelos negras ou negros\u201d, ironizou Henrique Kopittke. \u201cNo site s\u00f3 tem modelos brancos, est\u00e1 bem bonita essa diversidade mesmo\u201d, criticou Andr\u00e9 Braga.<\/p>\n","protected":false},"excerpt":{"rendered":"<p>Por meio de sua grife \u201cUse Huck\u201d, o apresentador Luciano Huck lan\u00e7ou camisetas contra o racismo. Com o slogan \u201c#somostodosmacacos\u201d da campanha instaurada ap\u00f3s o racismo contra o lateral do Barcelona Daniel Alves no \u00faltimo domingo \u2013 o jogador comeu, de forma ir\u00f4nica, uma banana atirada por um torcedor -, a empresa do global acabou [&hellip;]<\/p>\n","protected":false},"author":2,"featured_media":7796,"comment_status":"open","ping_status":"closed","sticky":false,"template":"","format":"standard","meta":{"_acf_changed":false,"footnotes":""},"categories":[16],"tags":[],"class_list":["post-7795","post","type-post","status-publish","format-standard","has-post-thumbnail","hentry","category-brasil"],"acf":[],"yoast_head":"<!-- This site is optimized with the Yoast SEO plugin v27.2 - https:\/\/yoast.com\/product\/yoast-seo-wordpress\/ -->\n<title>Huck pega carona no racismo para faturar e recebe cr\u00edticas - Notibras<\/title>\n<meta name=\"robots\" content=\"index, follow, max-snippet:-1, max-image-preview:large, max-video-preview:-1\" \/>\n<link rel=\"canonical\" href=\"https:\/\/www.notibras.com\/site\/huck-pega-carona-no-racismo-para-faturar-e-e-bombardeado-com-criticas\/\" \/>\n<meta property=\"og:locale\" content=\"pt_BR\" \/>\n<meta property=\"og:type\" content=\"article\" \/>\n<meta property=\"og:title\" content=\"Huck pega carona no racismo para faturar e recebe cr\u00edticas - Notibras\" \/>\n<meta property=\"og:description\" content=\"Por meio de sua grife \u201cUse Huck\u201d, o apresentador Luciano Huck lan\u00e7ou camisetas contra o racismo. Com o slogan \u201c#somostodosmacacos\u201d da campanha instaurada ap\u00f3s o racismo contra o lateral do Barcelona Daniel Alves no \u00faltimo domingo \u2013 o jogador comeu, de forma ir\u00f4nica, uma banana atirada por um torcedor -, a empresa do global acabou [&hellip;]\" \/>\n<meta property=\"og:url\" content=\"https:\/\/www.notibras.com\/site\/huck-pega-carona-no-racismo-para-faturar-e-e-bombardeado-com-criticas\/\" \/>\n<meta property=\"og:site_name\" content=\"Notibras\" \/>\n<meta property=\"article:publisher\" content=\"https:\/\/www.facebook.com\/notibras\/\" \/>\n<meta property=\"article:published_time\" content=\"2014-04-29T01:01:53+00:00\" \/>\n<meta property=\"article:modified_time\" content=\"2014-04-29T18:46:05+00:00\" \/>\n<meta property=\"og:image\" content=\"https:\/\/www.notibras.com\/site\/wp-content\/uploads\/2014\/04\/camisahuckestamparep.jpg\" \/>\n\t<meta property=\"og:image:width\" content=\"480\" \/>\n\t<meta property=\"og:image:height\" content=\"640\" \/>\n\t<meta property=\"og:image:type\" content=\"image\/jpeg\" \/>\n<meta name=\"author\" content=\"Reda\u00e7\u00e3o\" \/>\n<meta name=\"twitter:card\" content=\"summary_large_image\" \/>\n<meta name=\"twitter:creator\" content=\"@Notibras\" \/>\n<meta name=\"twitter:site\" content=\"@Notibras\" \/>\n<meta name=\"twitter:label1\" content=\"Escrito por\" \/>\n\t<meta name=\"twitter:data1\" content=\"Reda\u00e7\u00e3o\" \/>\n\t<meta name=\"twitter:label2\" content=\"Est. tempo de leitura\" \/>\n\t<meta name=\"twitter:data2\" content=\"1 minuto\" \/>\n<script type=\"application\/ld+json\" class=\"yoast-schema-graph\">{\"@context\":\"https:\/\/schema.org\",\"@graph\":[{\"@type\":\"Article\",\"@id\":\"https:\/\/www.notibras.com\/site\/huck-pega-carona-no-racismo-para-faturar-e-e-bombardeado-com-criticas\/#article\",\"isPartOf\":{\"@id\":\"https:\/\/www.notibras.com\/site\/huck-pega-carona-no-racismo-para-faturar-e-e-bombardeado-com-criticas\/\"},\"author\":{\"name\":\"Reda\u00e7\u00e3o\",\"@id\":\"https:\/\/www.notibras.com\/site\/#\/schema\/person\/36ab0979449956132d3e5b517ea76ac8\"},\"headline\":\"Huck pega carona no racismo para faturar e recebe cr\u00edticas\",\"datePublished\":\"2014-04-29T01:01:53+00:00\",\"dateModified\":\"2014-04-29T18:46:05+00:00\",\"mainEntityOfPage\":{\"@id\":\"https:\/\/www.notibras.com\/site\/huck-pega-carona-no-racismo-para-faturar-e-e-bombardeado-com-criticas\/\"},\"wordCount\":280,\"commentCount\":0,\"publisher\":{\"@id\":\"https:\/\/www.notibras.com\/site\/#organization\"},\"image\":{\"@id\":\"https:\/\/www.notibras.com\/site\/huck-pega-carona-no-racismo-para-faturar-e-e-bombardeado-com-criticas\/#primaryimage\"},\"thumbnailUrl\":\"https:\/\/www.notibras.com\/site\/wp-content\/uploads\/2014\/04\/camisahuckestamparep.jpg\",\"articleSection\":[\"Brasil\"],\"inLanguage\":\"pt-BR\",\"potentialAction\":[{\"@type\":\"CommentAction\",\"name\":\"Comment\",\"target\":[\"https:\/\/www.notibras.com\/site\/huck-pega-carona-no-racismo-para-faturar-e-e-bombardeado-com-criticas\/#respond\"]}]},{\"@type\":\"WebPage\",\"@id\":\"https:\/\/www.notibras.com\/site\/huck-pega-carona-no-racismo-para-faturar-e-e-bombardeado-com-criticas\/\",\"url\":\"https:\/\/www.notibras.com\/site\/huck-pega-carona-no-racismo-para-faturar-e-e-bombardeado-com-criticas\/\",\"name\":\"Huck pega carona no racismo para faturar e recebe cr\u00edticas - Notibras\",\"isPartOf\":{\"@id\":\"https:\/\/www.notibras.com\/site\/#website\"},\"primaryImageOfPage\":{\"@id\":\"https:\/\/www.notibras.com\/site\/huck-pega-carona-no-racismo-para-faturar-e-e-bombardeado-com-criticas\/#primaryimage\"},\"image\":{\"@id\":\"https:\/\/www.notibras.com\/site\/huck-pega-carona-no-racismo-para-faturar-e-e-bombardeado-com-criticas\/#primaryimage\"},\"thumbnailUrl\":\"https:\/\/www.notibras.com\/site\/wp-content\/uploads\/2014\/04\/camisahuckestamparep.jpg\",\"datePublished\":\"2014-04-29T01:01:53+00:00\",\"dateModified\":\"2014-04-29T18:46:05+00:00\",\"breadcrumb\":{\"@id\":\"https:\/\/www.notibras.com\/site\/huck-pega-carona-no-racismo-para-faturar-e-e-bombardeado-com-criticas\/#breadcrumb\"},\"inLanguage\":\"pt-BR\",\"potentialAction\":[{\"@type\":\"ReadAction\",\"target\":[\"https:\/\/www.notibras.com\/site\/huck-pega-carona-no-racismo-para-faturar-e-e-bombardeado-com-criticas\/\"]}]},{\"@type\":\"ImageObject\",\"inLanguage\":\"pt-BR\",\"@id\":\"https:\/\/www.notibras.com\/site\/huck-pega-carona-no-racismo-para-faturar-e-e-bombardeado-com-criticas\/#primaryimage\",\"url\":\"https:\/\/www.notibras.com\/site\/wp-content\/uploads\/2014\/04\/camisahuckestamparep.jpg\",\"contentUrl\":\"https:\/\/www.notibras.com\/site\/wp-content\/uploads\/2014\/04\/camisahuckestamparep.jpg\",\"width\":480,\"height\":640},{\"@type\":\"BreadcrumbList\",\"@id\":\"https:\/\/www.notibras.com\/site\/huck-pega-carona-no-racismo-para-faturar-e-e-bombardeado-com-criticas\/#breadcrumb\",\"itemListElement\":[{\"@type\":\"ListItem\",\"position\":1,\"name\":\"In\u00edcio\",\"item\":\"https:\/\/www.notibras.com\/site\/\"},{\"@type\":\"ListItem\",\"position\":2,\"name\":\"Huck pega carona no racismo para faturar e recebe cr\u00edticas\"}]},{\"@type\":\"WebSite\",\"@id\":\"https:\/\/www.notibras.com\/site\/#website\",\"url\":\"https:\/\/www.notibras.com\/site\/\",\"name\":\"Notibras\",\"description\":\"Not\u00edcias de Bras\u00edlia, do Brasil e do Mundo\",\"publisher\":{\"@id\":\"https:\/\/www.notibras.com\/site\/#organization\"},\"potentialAction\":[{\"@type\":\"SearchAction\",\"target\":{\"@type\":\"EntryPoint\",\"urlTemplate\":\"https:\/\/www.notibras.com\/site\/?s={search_term_string}\"},\"query-input\":{\"@type\":\"PropertyValueSpecification\",\"valueRequired\":true,\"valueName\":\"search_term_string\"}}],\"inLanguage\":\"pt-BR\"},{\"@type\":\"Organization\",\"@id\":\"https:\/\/www.notibras.com\/site\/#organization\",\"name\":\"Grupo Notibras de Comunica\u00e7\u00e3o\",\"url\":\"https:\/\/www.notibras.com\/site\/\",\"logo\":{\"@type\":\"ImageObject\",\"inLanguage\":\"pt-BR\",\"@id\":\"https:\/\/www.notibras.com\/site\/#\/schema\/logo\/image\/\",\"url\":\"https:\/\/www.notibras.com\/site\/wp-content\/uploads\/2023\/01\/notibras23.png\",\"contentUrl\":\"https:\/\/www.notibras.com\/site\/wp-content\/uploads\/2023\/01\/notibras23.png\",\"width\":350,\"height\":87,\"caption\":\"Grupo Notibras de Comunica\u00e7\u00e3o\"},\"image\":{\"@id\":\"https:\/\/www.notibras.com\/site\/#\/schema\/logo\/image\/\"},\"sameAs\":[\"https:\/\/www.facebook.com\/notibras\/\",\"https:\/\/x.com\/Notibras\",\"https:\/\/www.instagram.com\/notibras\/\"]},{\"@type\":\"Person\",\"@id\":\"https:\/\/www.notibras.com\/site\/#\/schema\/person\/36ab0979449956132d3e5b517ea76ac8\",\"name\":\"Reda\u00e7\u00e3o\",\"image\":{\"@type\":\"ImageObject\",\"inLanguage\":\"pt-BR\",\"@id\":\"https:\/\/secure.gravatar.com\/avatar\/e0a867bdedb85fd243eadf09663511f96fc81e0720a4a42581f334ad4303aa6b?s=96&d=mm&r=g\",\"url\":\"https:\/\/secure.gravatar.com\/avatar\/e0a867bdedb85fd243eadf09663511f96fc81e0720a4a42581f334ad4303aa6b?s=96&d=mm&r=g\",\"contentUrl\":\"https:\/\/secure.gravatar.com\/avatar\/e0a867bdedb85fd243eadf09663511f96fc81e0720a4a42581f334ad4303aa6b?s=96&d=mm&r=g\",\"caption\":\"Reda\u00e7\u00e3o\"}}]}<\/script>\n<!-- \/ Yoast SEO plugin. -->","yoast_head_json":{"title":"Huck pega carona no racismo para faturar e recebe cr\u00edticas - Notibras","robots":{"index":"index","follow":"follow","max-snippet":"max-snippet:-1","max-image-preview":"max-image-preview:large","max-video-preview":"max-video-preview:-1"},"canonical":"https:\/\/www.notibras.com\/site\/huck-pega-carona-no-racismo-para-faturar-e-e-bombardeado-com-criticas\/","og_locale":"pt_BR","og_type":"article","og_title":"Huck pega carona no racismo para faturar e recebe cr\u00edticas - Notibras","og_description":"Por meio de sua grife \u201cUse Huck\u201d, o apresentador Luciano Huck lan\u00e7ou camisetas contra o racismo. Com o slogan \u201c#somostodosmacacos\u201d da campanha instaurada ap\u00f3s o racismo contra o lateral do Barcelona Daniel Alves no \u00faltimo domingo \u2013 o jogador comeu, de forma ir\u00f4nica, uma banana atirada por um torcedor -, a empresa do global acabou [&hellip;]","og_url":"https:\/\/www.notibras.com\/site\/huck-pega-carona-no-racismo-para-faturar-e-e-bombardeado-com-criticas\/","og_site_name":"Notibras","article_publisher":"https:\/\/www.facebook.com\/notibras\/","article_published_time":"2014-04-29T01:01:53+00:00","article_modified_time":"2014-04-29T18:46:05+00:00","og_image":[{"width":480,"height":640,"url":"https:\/\/www.notibras.com\/site\/wp-content\/uploads\/2014\/04\/camisahuckestamparep.jpg","type":"image\/jpeg"}],"author":"Reda\u00e7\u00e3o","twitter_card":"summary_large_image","twitter_creator":"@Notibras","twitter_site":"@Notibras","twitter_misc":{"Escrito por":"Reda\u00e7\u00e3o","Est. tempo de leitura":"1 minuto"},"schema":{"@context":"https:\/\/schema.org","@graph":[{"@type":"Article","@id":"https:\/\/www.notibras.com\/site\/huck-pega-carona-no-racismo-para-faturar-e-e-bombardeado-com-criticas\/#article","isPartOf":{"@id":"https:\/\/www.notibras.com\/site\/huck-pega-carona-no-racismo-para-faturar-e-e-bombardeado-com-criticas\/"},"author":{"name":"Reda\u00e7\u00e3o","@id":"https:\/\/www.notibras.com\/site\/#\/schema\/person\/36ab0979449956132d3e5b517ea76ac8"},"headline":"Huck pega carona no racismo para faturar e recebe cr\u00edticas","datePublished":"2014-04-29T01:01:53+00:00","dateModified":"2014-04-29T18:46:05+00:00","mainEntityOfPage":{"@id":"https:\/\/www.notibras.com\/site\/huck-pega-carona-no-racismo-para-faturar-e-e-bombardeado-com-criticas\/"},"wordCount":280,"commentCount":0,"publisher":{"@id":"https:\/\/www.notibras.com\/site\/#organization"},"image":{"@id":"https:\/\/www.notibras.com\/site\/huck-pega-carona-no-racismo-para-faturar-e-e-bombardeado-com-criticas\/#primaryimage"},"thumbnailUrl":"https:\/\/www.notibras.com\/site\/wp-content\/uploads\/2014\/04\/camisahuckestamparep.jpg","articleSection":["Brasil"],"inLanguage":"pt-BR","potentialAction":[{"@type":"CommentAction","name":"Comment","target":["https:\/\/www.notibras.com\/site\/huck-pega-carona-no-racismo-para-faturar-e-e-bombardeado-com-criticas\/#respond"]}]},{"@type":"WebPage","@id":"https:\/\/www.notibras.com\/site\/huck-pega-carona-no-racismo-para-faturar-e-e-bombardeado-com-criticas\/","url":"https:\/\/www.notibras.com\/site\/huck-pega-carona-no-racismo-para-faturar-e-e-bombardeado-com-criticas\/","name":"Huck pega carona no racismo para faturar e recebe cr\u00edticas - Notibras","isPartOf":{"@id":"https:\/\/www.notibras.com\/site\/#website"},"primaryImageOfPage":{"@id":"https:\/\/www.notibras.com\/site\/huck-pega-carona-no-racismo-para-faturar-e-e-bombardeado-com-criticas\/#primaryimage"},"image":{"@id":"https:\/\/www.notibras.com\/site\/huck-pega-carona-no-racismo-para-faturar-e-e-bombardeado-com-criticas\/#primaryimage"},"thumbnailUrl":"https:\/\/www.notibras.com\/site\/wp-content\/uploads\/2014\/04\/camisahuckestamparep.jpg","datePublished":"2014-04-29T01:01:53+00:00","dateModified":"2014-04-29T18:46:05+00:00","breadcrumb":{"@id":"https:\/\/www.notibras.com\/site\/huck-pega-carona-no-racismo-para-faturar-e-e-bombardeado-com-criticas\/#breadcrumb"},"inLanguage":"pt-BR","potentialAction":[{"@type":"ReadAction","target":["https:\/\/www.notibras.com\/site\/huck-pega-carona-no-racismo-para-faturar-e-e-bombardeado-com-criticas\/"]}]},{"@type":"ImageObject","inLanguage":"pt-BR","@id":"https:\/\/www.notibras.com\/site\/huck-pega-carona-no-racismo-para-faturar-e-e-bombardeado-com-criticas\/#primaryimage","url":"https:\/\/www.notibras.com\/site\/wp-content\/uploads\/2014\/04\/camisahuckestamparep.jpg","contentUrl":"https:\/\/www.notibras.com\/site\/wp-content\/uploads\/2014\/04\/camisahuckestamparep.jpg","width":480,"height":640},{"@type":"BreadcrumbList","@id":"https:\/\/www.notibras.com\/site\/huck-pega-carona-no-racismo-para-faturar-e-e-bombardeado-com-criticas\/#breadcrumb","itemListElement":[{"@type":"ListItem","position":1,"name":"In\u00edcio","item":"https:\/\/www.notibras.com\/site\/"},{"@type":"ListItem","position":2,"name":"Huck pega carona no racismo para faturar e recebe cr\u00edticas"}]},{"@type":"WebSite","@id":"https:\/\/www.notibras.com\/site\/#website","url":"https:\/\/www.notibras.com\/site\/","name":"Notibras","description":"Not\u00edcias de Bras\u00edlia, do Brasil e do Mundo","publisher":{"@id":"https:\/\/www.notibras.com\/site\/#organization"},"potentialAction":[{"@type":"SearchAction","target":{"@type":"EntryPoint","urlTemplate":"https:\/\/www.notibras.com\/site\/?s={search_term_string}"},"query-input":{"@type":"PropertyValueSpecification","valueRequired":true,"valueName":"search_term_string"}}],"inLanguage":"pt-BR"},{"@type":"Organization","@id":"https:\/\/www.notibras.com\/site\/#organization","name":"Grupo Notibras de Comunica\u00e7\u00e3o","url":"https:\/\/www.notibras.com\/site\/","logo":{"@type":"ImageObject","inLanguage":"pt-BR","@id":"https:\/\/www.notibras.com\/site\/#\/schema\/logo\/image\/","url":"https:\/\/www.notibras.com\/site\/wp-content\/uploads\/2023\/01\/notibras23.png","contentUrl":"https:\/\/www.notibras.com\/site\/wp-content\/uploads\/2023\/01\/notibras23.png","width":350,"height":87,"caption":"Grupo Notibras de Comunica\u00e7\u00e3o"},"image":{"@id":"https:\/\/www.notibras.com\/site\/#\/schema\/logo\/image\/"},"sameAs":["https:\/\/www.facebook.com\/notibras\/","https:\/\/x.com\/Notibras","https:\/\/www.instagram.com\/notibras\/"]},{"@type":"Person","@id":"https:\/\/www.notibras.com\/site\/#\/schema\/person\/36ab0979449956132d3e5b517ea76ac8","name":"Reda\u00e7\u00e3o","image":{"@type":"ImageObject","inLanguage":"pt-BR","@id":"https:\/\/secure.gravatar.com\/avatar\/e0a867bdedb85fd243eadf09663511f96fc81e0720a4a42581f334ad4303aa6b?s=96&d=mm&r=g","url":"https:\/\/secure.gravatar.com\/avatar\/e0a867bdedb85fd243eadf09663511f96fc81e0720a4a42581f334ad4303aa6b?s=96&d=mm&r=g","contentUrl":"https:\/\/secure.gravatar.com\/avatar\/e0a867bdedb85fd243eadf09663511f96fc81e0720a4a42581f334ad4303aa6b?s=96&d=mm&r=g","caption":"Reda\u00e7\u00e3o"}}]}},"amp_enabled":true,"_links":{"self":[{"href":"https:\/\/www.notibras.com\/site\/wp-json\/wp\/v2\/posts\/7795","targetHints":{"allow":["GET"]}}],"collection":[{"href":"https:\/\/www.notibras.com\/site\/wp-json\/wp\/v2\/posts"}],"about":[{"href":"https:\/\/www.notibras.com\/site\/wp-json\/wp\/v2\/types\/post"}],"author":[{"embeddable":true,"href":"https:\/\/www.notibras.com\/site\/wp-json\/wp\/v2\/users\/2"}],"replies":[{"embeddable":true,"href":"https:\/\/www.notibras.com\/site\/wp-json\/wp\/v2\/comments?post=7795"}],"version-history":[{"count":0,"href":"https:\/\/www.notibras.com\/site\/wp-json\/wp\/v2\/posts\/7795\/revisions"}],"wp:featuredmedia":[{"embeddable":true,"href":"https:\/\/www.notibras.com\/site\/wp-json\/wp\/v2\/media\/7796"}],"wp:attachment":[{"href":"https:\/\/www.notibras.com\/site\/wp-json\/wp\/v2\/media?parent=7795"}],"wp:term":[{"taxonomy":"category","embeddable":true,"href":"https:\/\/www.notibras.com\/site\/wp-json\/wp\/v2\/categories?post=7795"},{"taxonomy":"post_tag","embeddable":true,"href":"https:\/\/www.notibras.com\/site\/wp-json\/wp\/v2\/tags?post=7795"}],"curies":[{"name":"wp","href":"https:\/\/api.w.org\/{rel}","templated":true}]}}