{"id":77982,"date":"2015-11-24T23:52:56","date_gmt":"2015-11-25T01:52:56","guid":{"rendered":"http:\/\/www.notibras.com\/site\/?p=77982"},"modified":"2015-11-25T14:56:07","modified_gmt":"2015-11-25T16:56:07","slug":"cade-vira-manchete-no-dia-em-que-a-gasolina-incendeia-brasilia","status":"publish","type":"post","link":"https:\/\/www.notibras.com\/site\/cade-vira-manchete-no-dia-em-que-a-gasolina-incendeia-brasilia\/","title":{"rendered":"Cade vira manchete no dia em que o combust\u00edvel incendeia Bras\u00edlia"},"content":{"rendered":"<p>V\u00e1rias podem ser as vis\u00f5es sobre os fatos. V\u00e1rias podem ser as interpreta\u00e7\u00f5es sobre o que h\u00e1 por tr\u00e1s dos fatos. Na manh\u00e3 desta ter\u00e7a-feira, 24, comandada pelo delegado federal Jo\u00e3o Pinho, foi deflagrada a a\u00e7\u00e3o de pris\u00e3o, busca e apreens\u00e3o de pessoas e provas, de uma opera\u00e7\u00e3o que recebeu o nome de Dubai. Faz sentido, envolve o disputado ouro negro, riqueza que at\u00e9 o Estado Isl\u00e2mico est\u00e1 em busca, ainda que tenha que degolar inocentes.<\/p>\n<p>A degola no Distrito Federal \u00e9 outra e envolve um mercado bilion\u00e1rio de combust\u00edveis veiculares: gasolina e \u00e1lcool, principalmente. De um lado, um grupo pioneiro que est\u00e1 no mercado desde 1964. De outro, diversas empresas concorrentes com hist\u00f3rico mais recente no mercado local.<\/p>\n<p>Pinho, o federal, afirma ter fundamentos suficientes para mandar prender e arrebentar cofres. A a\u00e7\u00e3o vem com o carimbo do Conselho Administrativo de Defesa Econ\u00f4mica \u2013 Cade, que pode determinar se um grupo tem ou n\u00e3o o monop\u00f3lio de um determinado mercado.<\/p>\n<p>\u00c9 o Cade, por exemplo, que vai dar o aval a uma das maiores transa\u00e7\u00f5es atuais em andamento que \u00e9 a compra, pela J&amp;F, do controle da Alpargatas \u2013 dona das marcas Havaianas, Osklen, Mizuno, Timberland e outras \u2013 vendida pela Camargo Corr\u00eaa. A compradora J&amp;F tem, entre outros neg\u00f3cios, a Friboi, que Lula desconhece. Hummm&#8230; A Camargo Corr\u00eaa \u00e9 pe\u00e7a nos autos da Opera\u00e7\u00e3o Lava-jato. Hummm&#8230;<\/p>\n<p>Mas deixando de lado uma das dez maiores opera\u00e7\u00f5es empresariais dos \u00faltimos tempos, em que os envolvidos parecem estar acima de qualquer suspeita, voltemos ao assunto do Distrito Federal que \u00e9 movido por um combust\u00edvel mais caro, segundo o federal, do que deveria ser.<\/p>\n<p>Dif\u00edcil \u00e9 entender porque n\u00e3o houve a determina\u00e7\u00e3o de ajuste dos pre\u00e7os, uma vez que havia cinco anos que a investiga\u00e7\u00e3o estava em pauta. Talvez porque os c\u00e1lculos definitivos de ajustes s\u00f3 foram feitos agora. Hummm&#8230;<\/p>\n<p>Independente das centenas de milhares de empregos diretos e indiretos que o grupo Cascol e outros agora investigados produziram ao longo das d\u00e9cadas, da grande contribui\u00e7\u00e3o aos cofres do GDF em impostos \u2013 \u00e9 a terceira maior receita do DF -, os acusados est\u00e3o diante de um arrebatador inimigo munido de m\u00edsseis legais, onde nem os governos unidos da Fran\u00e7a, Inglaterra, EUA e R\u00fassia podem intervir. Afinal, aqui \u00e9 Brasil.<\/p>\n<p>A menos que haja outra intelig\u00eancia ou contrainforma\u00e7\u00e3o, a vers\u00e3o que \u00e9 manchete tem tudo para virar fato. Quem tem o poder pode bisbilhotar o que bem entende. E quem investiga os \u00f3rg\u00e3os fiscalizadores? \u00c9 uma pergunta que merece ser respondida. Existem outras for\u00e7as, menos produtivas e at\u00e9 in\u00fateis, que chegam ao mercado produtivo de forma clandestina e dele querem benef\u00edcios sem nunca ter suado para construir conglomerados privados erguidos com persist\u00eancia e trabalho. Residem na classe pol\u00edtica, se locupletam de influ\u00eancia tempor\u00e1ria e infestam a burocracia legal com segundas e terceiras inten\u00e7\u00f5es. \u00c9 a classe pol\u00edtica que introduz gente de origem duvidosa no seio dos grandes neg\u00f3cios.<\/p>\n<p>Em Bras\u00edlia n\u00e3o \u00e9 diferente. Muitos, em tempo recorde, criam tamb\u00e9m conglomerados financeiros por meio de movimentos bolivarianos, mas disfar\u00e7am muito bem. Tem origem em sindicatos de categorias menos informadas. S\u00f3 n\u00e3o est\u00e3o isentos da lupa da imprensa que busca o teor verdadeiro das a\u00e7\u00f5es, ainda que sejam promovidas por institui\u00e7\u00f5es p\u00fablicas que det\u00eam o poder de selar grandes transa\u00e7\u00f5es, mandar prender e acontecer.<\/p>\n<p>O GDF vai devolver ao cidad\u00e3o os impostos que incidiram no sobrepre\u00e7o do combust\u00edvel? Quem vai responder? O deputado distrital sobre o qual recai a informa\u00e7\u00e3o de articulador da opera\u00e7\u00e3o tamb\u00e9m precisa ser investigado. O Cade vai aprovar a compra e venda entre a J&amp;F e a Camargo Corr\u00eaa, antes de decidir o caso Cascol? Hummm&#8230;<\/p>\n","protected":false},"excerpt":{"rendered":"<p>V\u00e1rias podem ser as vis\u00f5es sobre os fatos. V\u00e1rias podem ser as interpreta\u00e7\u00f5es sobre o que h\u00e1 por tr\u00e1s dos fatos. Na manh\u00e3 desta ter\u00e7a-feira, 24, comandada pelo delegado federal Jo\u00e3o Pinho, foi deflagrada a a\u00e7\u00e3o de pris\u00e3o, busca e apreens\u00e3o de pessoas e provas, de uma opera\u00e7\u00e3o que recebeu o nome de Dubai. Faz [&hellip;]<\/p>\n","protected":false},"author":2,"featured_media":77983,"comment_status":"open","ping_status":"closed","sticky":false,"template":"","format":"standard","meta":{"_acf_changed":false,"footnotes":""},"categories":[49],"tags":[],"class_list":["post-77982","post","type-post","status-publish","format-standard","has-post-thumbnail","hentry","category-max"],"acf":[],"yoast_head":"<!-- This site is optimized with the Yoast SEO plugin v27.2 - https:\/\/yoast.com\/product\/yoast-seo-wordpress\/ -->\n<title>Cade vira manchete no dia em que o combust\u00edvel incendeia Bras\u00edlia - Notibras<\/title>\n<meta name=\"robots\" content=\"index, follow, max-snippet:-1, max-image-preview:large, max-video-preview:-1\" \/>\n<link rel=\"canonical\" href=\"https:\/\/www.notibras.com\/site\/cade-vira-manchete-no-dia-em-que-a-gasolina-incendeia-brasilia\/\" \/>\n<meta property=\"og:locale\" content=\"pt_BR\" \/>\n<meta property=\"og:type\" content=\"article\" \/>\n<meta property=\"og:title\" content=\"Cade vira manchete no dia em que o combust\u00edvel incendeia Bras\u00edlia - Notibras\" \/>\n<meta property=\"og:description\" content=\"V\u00e1rias podem ser as vis\u00f5es sobre os fatos. V\u00e1rias podem ser as interpreta\u00e7\u00f5es sobre o que h\u00e1 por tr\u00e1s dos fatos. Na manh\u00e3 desta ter\u00e7a-feira, 24, comandada pelo delegado federal Jo\u00e3o Pinho, foi deflagrada a a\u00e7\u00e3o de pris\u00e3o, busca e apreens\u00e3o de pessoas e provas, de uma opera\u00e7\u00e3o que recebeu o nome de Dubai. Faz [&hellip;]\" \/>\n<meta property=\"og:url\" content=\"https:\/\/www.notibras.com\/site\/cade-vira-manchete-no-dia-em-que-a-gasolina-incendeia-brasilia\/\" \/>\n<meta property=\"og:site_name\" content=\"Notibras\" \/>\n<meta property=\"article:publisher\" content=\"https:\/\/www.facebook.com\/notibras\/\" \/>\n<meta property=\"article:published_time\" content=\"2015-11-25T01:52:56+00:00\" \/>\n<meta property=\"article:modified_time\" content=\"2015-11-25T16:56:07+00:00\" \/>\n<meta property=\"og:image\" content=\"https:\/\/www.notibras.com\/site\/wp-content\/uploads\/2015\/11\/143112511.jpeg\" \/>\n\t<meta property=\"og:image:width\" content=\"635\" \/>\n\t<meta property=\"og:image:height\" content=\"458\" \/>\n\t<meta property=\"og:image:type\" content=\"image\/jpeg\" \/>\n<meta name=\"author\" content=\"Reda\u00e7\u00e3o\" \/>\n<meta name=\"twitter:card\" content=\"summary_large_image\" \/>\n<meta name=\"twitter:creator\" content=\"@Notibras\" \/>\n<meta name=\"twitter:site\" content=\"@Notibras\" \/>\n<meta name=\"twitter:label1\" content=\"Escrito por\" \/>\n\t<meta name=\"twitter:data1\" content=\"Reda\u00e7\u00e3o\" \/>\n\t<meta name=\"twitter:label2\" content=\"Est. tempo de leitura\" \/>\n\t<meta name=\"twitter:data2\" content=\"3 minutos\" \/>\n<script type=\"application\/ld+json\" class=\"yoast-schema-graph\">{\"@context\":\"https:\/\/schema.org\",\"@graph\":[{\"@type\":\"Article\",\"@id\":\"https:\/\/www.notibras.com\/site\/cade-vira-manchete-no-dia-em-que-a-gasolina-incendeia-brasilia\/#article\",\"isPartOf\":{\"@id\":\"https:\/\/www.notibras.com\/site\/cade-vira-manchete-no-dia-em-que-a-gasolina-incendeia-brasilia\/\"},\"author\":{\"name\":\"Reda\u00e7\u00e3o\",\"@id\":\"https:\/\/www.notibras.com\/site\/#\/schema\/person\/36ab0979449956132d3e5b517ea76ac8\"},\"headline\":\"Cade vira manchete no dia em que o combust\u00edvel incendeia Bras\u00edlia\",\"datePublished\":\"2015-11-25T01:52:56+00:00\",\"dateModified\":\"2015-11-25T16:56:07+00:00\",\"mainEntityOfPage\":{\"@id\":\"https:\/\/www.notibras.com\/site\/cade-vira-manchete-no-dia-em-que-a-gasolina-incendeia-brasilia\/\"},\"wordCount\":678,\"commentCount\":0,\"publisher\":{\"@id\":\"https:\/\/www.notibras.com\/site\/#organization\"},\"image\":{\"@id\":\"https:\/\/www.notibras.com\/site\/cade-vira-manchete-no-dia-em-que-a-gasolina-incendeia-brasilia\/#primaryimage\"},\"thumbnailUrl\":\"https:\/\/www.notibras.com\/site\/wp-content\/uploads\/2015\/11\/143112511.jpeg\",\"articleSection\":[\"Max de Quental\"],\"inLanguage\":\"pt-BR\",\"potentialAction\":[{\"@type\":\"CommentAction\",\"name\":\"Comment\",\"target\":[\"https:\/\/www.notibras.com\/site\/cade-vira-manchete-no-dia-em-que-a-gasolina-incendeia-brasilia\/#respond\"]}]},{\"@type\":\"WebPage\",\"@id\":\"https:\/\/www.notibras.com\/site\/cade-vira-manchete-no-dia-em-que-a-gasolina-incendeia-brasilia\/\",\"url\":\"https:\/\/www.notibras.com\/site\/cade-vira-manchete-no-dia-em-que-a-gasolina-incendeia-brasilia\/\",\"name\":\"Cade vira manchete no dia em que o combust\u00edvel incendeia Bras\u00edlia - Notibras\",\"isPartOf\":{\"@id\":\"https:\/\/www.notibras.com\/site\/#website\"},\"primaryImageOfPage\":{\"@id\":\"https:\/\/www.notibras.com\/site\/cade-vira-manchete-no-dia-em-que-a-gasolina-incendeia-brasilia\/#primaryimage\"},\"image\":{\"@id\":\"https:\/\/www.notibras.com\/site\/cade-vira-manchete-no-dia-em-que-a-gasolina-incendeia-brasilia\/#primaryimage\"},\"thumbnailUrl\":\"https:\/\/www.notibras.com\/site\/wp-content\/uploads\/2015\/11\/143112511.jpeg\",\"datePublished\":\"2015-11-25T01:52:56+00:00\",\"dateModified\":\"2015-11-25T16:56:07+00:00\",\"breadcrumb\":{\"@id\":\"https:\/\/www.notibras.com\/site\/cade-vira-manchete-no-dia-em-que-a-gasolina-incendeia-brasilia\/#breadcrumb\"},\"inLanguage\":\"pt-BR\",\"potentialAction\":[{\"@type\":\"ReadAction\",\"target\":[\"https:\/\/www.notibras.com\/site\/cade-vira-manchete-no-dia-em-que-a-gasolina-incendeia-brasilia\/\"]}]},{\"@type\":\"ImageObject\",\"inLanguage\":\"pt-BR\",\"@id\":\"https:\/\/www.notibras.com\/site\/cade-vira-manchete-no-dia-em-que-a-gasolina-incendeia-brasilia\/#primaryimage\",\"url\":\"https:\/\/www.notibras.com\/site\/wp-content\/uploads\/2015\/11\/143112511.jpeg\",\"contentUrl\":\"https:\/\/www.notibras.com\/site\/wp-content\/uploads\/2015\/11\/143112511.jpeg\",\"width\":635,\"height\":458},{\"@type\":\"BreadcrumbList\",\"@id\":\"https:\/\/www.notibras.com\/site\/cade-vira-manchete-no-dia-em-que-a-gasolina-incendeia-brasilia\/#breadcrumb\",\"itemListElement\":[{\"@type\":\"ListItem\",\"position\":1,\"name\":\"In\u00edcio\",\"item\":\"https:\/\/www.notibras.com\/site\/\"},{\"@type\":\"ListItem\",\"position\":2,\"name\":\"Cade vira manchete no dia em que o combust\u00edvel incendeia Bras\u00edlia\"}]},{\"@type\":\"WebSite\",\"@id\":\"https:\/\/www.notibras.com\/site\/#website\",\"url\":\"https:\/\/www.notibras.com\/site\/\",\"name\":\"Notibras\",\"description\":\"Not\u00edcias de Bras\u00edlia, do Brasil e do Mundo\",\"publisher\":{\"@id\":\"https:\/\/www.notibras.com\/site\/#organization\"},\"potentialAction\":[{\"@type\":\"SearchAction\",\"target\":{\"@type\":\"EntryPoint\",\"urlTemplate\":\"https:\/\/www.notibras.com\/site\/?s={search_term_string}\"},\"query-input\":{\"@type\":\"PropertyValueSpecification\",\"valueRequired\":true,\"valueName\":\"search_term_string\"}}],\"inLanguage\":\"pt-BR\"},{\"@type\":\"Organization\",\"@id\":\"https:\/\/www.notibras.com\/site\/#organization\",\"name\":\"Grupo Notibras de Comunica\u00e7\u00e3o\",\"url\":\"https:\/\/www.notibras.com\/site\/\",\"logo\":{\"@type\":\"ImageObject\",\"inLanguage\":\"pt-BR\",\"@id\":\"https:\/\/www.notibras.com\/site\/#\/schema\/logo\/image\/\",\"url\":\"https:\/\/www.notibras.com\/site\/wp-content\/uploads\/2023\/01\/notibras23.png\",\"contentUrl\":\"https:\/\/www.notibras.com\/site\/wp-content\/uploads\/2023\/01\/notibras23.png\",\"width\":350,\"height\":87,\"caption\":\"Grupo Notibras de Comunica\u00e7\u00e3o\"},\"image\":{\"@id\":\"https:\/\/www.notibras.com\/site\/#\/schema\/logo\/image\/\"},\"sameAs\":[\"https:\/\/www.facebook.com\/notibras\/\",\"https:\/\/x.com\/Notibras\",\"https:\/\/www.instagram.com\/notibras\/\"]},{\"@type\":\"Person\",\"@id\":\"https:\/\/www.notibras.com\/site\/#\/schema\/person\/36ab0979449956132d3e5b517ea76ac8\",\"name\":\"Reda\u00e7\u00e3o\",\"image\":{\"@type\":\"ImageObject\",\"inLanguage\":\"pt-BR\",\"@id\":\"https:\/\/secure.gravatar.com\/avatar\/e0a867bdedb85fd243eadf09663511f96fc81e0720a4a42581f334ad4303aa6b?s=96&d=mm&r=g\",\"url\":\"https:\/\/secure.gravatar.com\/avatar\/e0a867bdedb85fd243eadf09663511f96fc81e0720a4a42581f334ad4303aa6b?s=96&d=mm&r=g\",\"contentUrl\":\"https:\/\/secure.gravatar.com\/avatar\/e0a867bdedb85fd243eadf09663511f96fc81e0720a4a42581f334ad4303aa6b?s=96&d=mm&r=g\",\"caption\":\"Reda\u00e7\u00e3o\"}}]}<\/script>\n<!-- \/ Yoast SEO plugin. -->","yoast_head_json":{"title":"Cade vira manchete no dia em que o combust\u00edvel incendeia Bras\u00edlia - Notibras","robots":{"index":"index","follow":"follow","max-snippet":"max-snippet:-1","max-image-preview":"max-image-preview:large","max-video-preview":"max-video-preview:-1"},"canonical":"https:\/\/www.notibras.com\/site\/cade-vira-manchete-no-dia-em-que-a-gasolina-incendeia-brasilia\/","og_locale":"pt_BR","og_type":"article","og_title":"Cade vira manchete no dia em que o combust\u00edvel incendeia Bras\u00edlia - Notibras","og_description":"V\u00e1rias podem ser as vis\u00f5es sobre os fatos. V\u00e1rias podem ser as interpreta\u00e7\u00f5es sobre o que h\u00e1 por tr\u00e1s dos fatos. Na manh\u00e3 desta ter\u00e7a-feira, 24, comandada pelo delegado federal Jo\u00e3o Pinho, foi deflagrada a a\u00e7\u00e3o de pris\u00e3o, busca e apreens\u00e3o de pessoas e provas, de uma opera\u00e7\u00e3o que recebeu o nome de Dubai. Faz [&hellip;]","og_url":"https:\/\/www.notibras.com\/site\/cade-vira-manchete-no-dia-em-que-a-gasolina-incendeia-brasilia\/","og_site_name":"Notibras","article_publisher":"https:\/\/www.facebook.com\/notibras\/","article_published_time":"2015-11-25T01:52:56+00:00","article_modified_time":"2015-11-25T16:56:07+00:00","og_image":[{"width":635,"height":458,"url":"https:\/\/www.notibras.com\/site\/wp-content\/uploads\/2015\/11\/143112511.jpeg","type":"image\/jpeg"}],"author":"Reda\u00e7\u00e3o","twitter_card":"summary_large_image","twitter_creator":"@Notibras","twitter_site":"@Notibras","twitter_misc":{"Escrito por":"Reda\u00e7\u00e3o","Est. tempo de leitura":"3 minutos"},"schema":{"@context":"https:\/\/schema.org","@graph":[{"@type":"Article","@id":"https:\/\/www.notibras.com\/site\/cade-vira-manchete-no-dia-em-que-a-gasolina-incendeia-brasilia\/#article","isPartOf":{"@id":"https:\/\/www.notibras.com\/site\/cade-vira-manchete-no-dia-em-que-a-gasolina-incendeia-brasilia\/"},"author":{"name":"Reda\u00e7\u00e3o","@id":"https:\/\/www.notibras.com\/site\/#\/schema\/person\/36ab0979449956132d3e5b517ea76ac8"},"headline":"Cade vira manchete no dia em que o combust\u00edvel incendeia Bras\u00edlia","datePublished":"2015-11-25T01:52:56+00:00","dateModified":"2015-11-25T16:56:07+00:00","mainEntityOfPage":{"@id":"https:\/\/www.notibras.com\/site\/cade-vira-manchete-no-dia-em-que-a-gasolina-incendeia-brasilia\/"},"wordCount":678,"commentCount":0,"publisher":{"@id":"https:\/\/www.notibras.com\/site\/#organization"},"image":{"@id":"https:\/\/www.notibras.com\/site\/cade-vira-manchete-no-dia-em-que-a-gasolina-incendeia-brasilia\/#primaryimage"},"thumbnailUrl":"https:\/\/www.notibras.com\/site\/wp-content\/uploads\/2015\/11\/143112511.jpeg","articleSection":["Max de Quental"],"inLanguage":"pt-BR","potentialAction":[{"@type":"CommentAction","name":"Comment","target":["https:\/\/www.notibras.com\/site\/cade-vira-manchete-no-dia-em-que-a-gasolina-incendeia-brasilia\/#respond"]}]},{"@type":"WebPage","@id":"https:\/\/www.notibras.com\/site\/cade-vira-manchete-no-dia-em-que-a-gasolina-incendeia-brasilia\/","url":"https:\/\/www.notibras.com\/site\/cade-vira-manchete-no-dia-em-que-a-gasolina-incendeia-brasilia\/","name":"Cade vira manchete no dia em que o combust\u00edvel incendeia Bras\u00edlia - Notibras","isPartOf":{"@id":"https:\/\/www.notibras.com\/site\/#website"},"primaryImageOfPage":{"@id":"https:\/\/www.notibras.com\/site\/cade-vira-manchete-no-dia-em-que-a-gasolina-incendeia-brasilia\/#primaryimage"},"image":{"@id":"https:\/\/www.notibras.com\/site\/cade-vira-manchete-no-dia-em-que-a-gasolina-incendeia-brasilia\/#primaryimage"},"thumbnailUrl":"https:\/\/www.notibras.com\/site\/wp-content\/uploads\/2015\/11\/143112511.jpeg","datePublished":"2015-11-25T01:52:56+00:00","dateModified":"2015-11-25T16:56:07+00:00","breadcrumb":{"@id":"https:\/\/www.notibras.com\/site\/cade-vira-manchete-no-dia-em-que-a-gasolina-incendeia-brasilia\/#breadcrumb"},"inLanguage":"pt-BR","potentialAction":[{"@type":"ReadAction","target":["https:\/\/www.notibras.com\/site\/cade-vira-manchete-no-dia-em-que-a-gasolina-incendeia-brasilia\/"]}]},{"@type":"ImageObject","inLanguage":"pt-BR","@id":"https:\/\/www.notibras.com\/site\/cade-vira-manchete-no-dia-em-que-a-gasolina-incendeia-brasilia\/#primaryimage","url":"https:\/\/www.notibras.com\/site\/wp-content\/uploads\/2015\/11\/143112511.jpeg","contentUrl":"https:\/\/www.notibras.com\/site\/wp-content\/uploads\/2015\/11\/143112511.jpeg","width":635,"height":458},{"@type":"BreadcrumbList","@id":"https:\/\/www.notibras.com\/site\/cade-vira-manchete-no-dia-em-que-a-gasolina-incendeia-brasilia\/#breadcrumb","itemListElement":[{"@type":"ListItem","position":1,"name":"In\u00edcio","item":"https:\/\/www.notibras.com\/site\/"},{"@type":"ListItem","position":2,"name":"Cade vira manchete no dia em que o combust\u00edvel incendeia Bras\u00edlia"}]},{"@type":"WebSite","@id":"https:\/\/www.notibras.com\/site\/#website","url":"https:\/\/www.notibras.com\/site\/","name":"Notibras","description":"Not\u00edcias de Bras\u00edlia, do Brasil e do Mundo","publisher":{"@id":"https:\/\/www.notibras.com\/site\/#organization"},"potentialAction":[{"@type":"SearchAction","target":{"@type":"EntryPoint","urlTemplate":"https:\/\/www.notibras.com\/site\/?s={search_term_string}"},"query-input":{"@type":"PropertyValueSpecification","valueRequired":true,"valueName":"search_term_string"}}],"inLanguage":"pt-BR"},{"@type":"Organization","@id":"https:\/\/www.notibras.com\/site\/#organization","name":"Grupo Notibras de Comunica\u00e7\u00e3o","url":"https:\/\/www.notibras.com\/site\/","logo":{"@type":"ImageObject","inLanguage":"pt-BR","@id":"https:\/\/www.notibras.com\/site\/#\/schema\/logo\/image\/","url":"https:\/\/www.notibras.com\/site\/wp-content\/uploads\/2023\/01\/notibras23.png","contentUrl":"https:\/\/www.notibras.com\/site\/wp-content\/uploads\/2023\/01\/notibras23.png","width":350,"height":87,"caption":"Grupo Notibras de Comunica\u00e7\u00e3o"},"image":{"@id":"https:\/\/www.notibras.com\/site\/#\/schema\/logo\/image\/"},"sameAs":["https:\/\/www.facebook.com\/notibras\/","https:\/\/x.com\/Notibras","https:\/\/www.instagram.com\/notibras\/"]},{"@type":"Person","@id":"https:\/\/www.notibras.com\/site\/#\/schema\/person\/36ab0979449956132d3e5b517ea76ac8","name":"Reda\u00e7\u00e3o","image":{"@type":"ImageObject","inLanguage":"pt-BR","@id":"https:\/\/secure.gravatar.com\/avatar\/e0a867bdedb85fd243eadf09663511f96fc81e0720a4a42581f334ad4303aa6b?s=96&d=mm&r=g","url":"https:\/\/secure.gravatar.com\/avatar\/e0a867bdedb85fd243eadf09663511f96fc81e0720a4a42581f334ad4303aa6b?s=96&d=mm&r=g","contentUrl":"https:\/\/secure.gravatar.com\/avatar\/e0a867bdedb85fd243eadf09663511f96fc81e0720a4a42581f334ad4303aa6b?s=96&d=mm&r=g","caption":"Reda\u00e7\u00e3o"}}]}},"amp_enabled":true,"_links":{"self":[{"href":"https:\/\/www.notibras.com\/site\/wp-json\/wp\/v2\/posts\/77982","targetHints":{"allow":["GET"]}}],"collection":[{"href":"https:\/\/www.notibras.com\/site\/wp-json\/wp\/v2\/posts"}],"about":[{"href":"https:\/\/www.notibras.com\/site\/wp-json\/wp\/v2\/types\/post"}],"author":[{"embeddable":true,"href":"https:\/\/www.notibras.com\/site\/wp-json\/wp\/v2\/users\/2"}],"replies":[{"embeddable":true,"href":"https:\/\/www.notibras.com\/site\/wp-json\/wp\/v2\/comments?post=77982"}],"version-history":[{"count":2,"href":"https:\/\/www.notibras.com\/site\/wp-json\/wp\/v2\/posts\/77982\/revisions"}],"predecessor-version":[{"id":77985,"href":"https:\/\/www.notibras.com\/site\/wp-json\/wp\/v2\/posts\/77982\/revisions\/77985"}],"wp:featuredmedia":[{"embeddable":true,"href":"https:\/\/www.notibras.com\/site\/wp-json\/wp\/v2\/media\/77983"}],"wp:attachment":[{"href":"https:\/\/www.notibras.com\/site\/wp-json\/wp\/v2\/media?parent=77982"}],"wp:term":[{"taxonomy":"category","embeddable":true,"href":"https:\/\/www.notibras.com\/site\/wp-json\/wp\/v2\/categories?post=77982"},{"taxonomy":"post_tag","embeddable":true,"href":"https:\/\/www.notibras.com\/site\/wp-json\/wp\/v2\/tags?post=77982"}],"curies":[{"name":"wp","href":"https:\/\/api.w.org\/{rel}","templated":true}]}}