{"id":7808,"date":"2014-04-29T13:46:05","date_gmt":"2014-04-29T16:46:05","guid":{"rendered":"http:\/\/www.notibras.com\/site\/?p=7808"},"modified":"2014-04-29T21:16:10","modified_gmt":"2014-04-30T00:16:10","slug":"dilma-leva-tombo-em-nova-pesquisa-e-2o-turno-vira-uma-incognita","status":"publish","type":"post","link":"https:\/\/www.notibras.com\/site\/dilma-leva-tombo-em-nova-pesquisa-e-2o-turno-vira-uma-incognita\/","title":{"rendered":"Dilma leva tombo em nova pesquisa; teremos 2\u00ba turno?"},"content":{"rendered":"<p>Uma pesquisa do Instituto MDA, contratada pela Confedera\u00e7\u00e3o Nacional dos Transportes (CNT) e\u00a0divulgada nesta ter\u00e7a-feira, aponta perda de inten\u00e7\u00e3o de votos da a presidente Dilma Rousseff, pr\u00e9-candidata \u00e0 reelei\u00e7\u00e3o, e arrancada dos concorrentes A\u00e9cio Neves (PSDB) e Eduardo Campos (PSB). Contra a tend\u00eancia das pesquisas recentes, o\u00a0cen\u00e1rio aponta para uma indefini\u00e7\u00e3o no primeiro turno e a possibilidade da realiza\u00e7\u00e3o de um segundo.<\/p>\n<p class=\"text\">Em cen\u00e1rio com os tr\u00eas candidatos, 37% dos entrevistados votariam em Dilma; 21,6% em A\u00e9cio; e 11,8%, em Eduardo Campos. A inten\u00e7\u00e3o de votos \u00e0 presidente caiu em rela\u00e7\u00e3o \u00e0 pesquisa CNT\/MDA de fevereiro deste ano, quando ela liderava as inten\u00e7\u00f5es de votos em 43,7%. \u00c0 \u00e9poca, A\u00e9cio somava 17% da prefer\u00eancia do eleitorado e Campos, 9,9%.<\/p>\n<p class=\"text\">Na leitura da CNT, cresce a possibilidade de segundo turno diante do cen\u00e1rio negativo para Dilma. Ainda assim, fosse\u00a0o pleito para um eventual 2\u00ba turno, Dilma venceria em todos os cen\u00e1rios de disputa.<\/p>\n<p class=\"text\">Se enfrentasse A\u00e9cio, Dilma venceria o tucano com 39,2% dos votos ante 29,3%. J\u00e1 em cen\u00e1rio de embate entre a presidente e Eduardo Campos \u2013 que forma chapa com Marina Silva \u2013, Dilma venceria com 41% contra 24% dos votos ao pessebista. Sem Dilma, a pesquisa aponta vit\u00f3ria de A\u00e9cio sobre Campos por 31,3% a 20,1%.<\/p>\n<p class=\"text\">A sondagem ouviu 2.002 pessoas em 137 munic\u00edpios brasileiros entre os dias 21 e 25 de abril. A margem de erro \u00e9 de 2,2 pontos percentuais.<\/p>\n<p class=\"text\">O Instituto MDA mediu ainda o crit\u00e9rio de limite de voto, isto \u00e9, quem votaria apenas em um candidato e quem n\u00e3o votaria de jeito nenhum em um candidato. Dilma tem a maior fidelidade de votantes: 23,2% votaria apenas em Dilma (A\u00e9cio tem 11,9% de fideliza\u00e7\u00e3o e Campos, 6,1%).<\/p>\n<p class=\"text\">Por outro lado, a presidente tamb\u00e9m lidera o ranking de rejei\u00e7\u00e3o de votantes: 43,1% dos respondentes n\u00e3o votariam em Dilma em nenhuma possibilidade. A\u00e9cio tem 32,4% de rejei\u00e7\u00e3o e Campos, 29,9%.<\/p>\n<p class=\"text\">A nova pesquisa CNT\/MDA indica ainda o que marqueteiros e interlocutores j\u00e1 sabem: Eduardo Campos \u00e9 o pr\u00e9-candidato menos conhecido da popula\u00e7\u00e3o: 29,2% dos entrevistados disseram n\u00e3o conhecer o pernambucano. A\u00e9cio \u00e9 desconhecido para 16,6% do eleitorado. H\u00e1 quatro anos no poder, Dilma s\u00f3 \u00e9 desconhecida por 0,8% dos respondentes.<\/p>\n<p class=\"text\">A sondagem do Instituto MDA, contratado pela CNT, indica tend\u00eancia de queda na aprova\u00e7\u00e3o do governo Dilma Rousseff. Dentre os entrevistados, 32,9% avaliam a gest\u00e3o atual como positiva. O percentual era de 36,4% em fevereiro e 39% em novembro. O desempenho pessoal de Dilma \u00e9 aprovado por 47,9% e desagrada a 46,1% dos entrevistados.<\/p>\n<p class=\"text\">J\u00e1 a avalia\u00e7\u00e3o negativa do governo Dilma entre o eleitorado \u00e9 de 30,6% e apresenta tend\u00eancia de crescimento. Em fevereiro, 24,8% dos respondentes n\u00e3o aprovavam o governo Dilma e, em novembro, o percentual era de 22,7%.<\/p>\n<p class=\"text\">A tend\u00eancia de queda analisada pela pesquisa CNT\/MDA est\u00e1 em sintonia com a pesquisa do Instituto Ibope contratada pela Confedera\u00e7\u00e3o Nacional da Ind\u00fastria. A \u00faltima sondagem mostrou uma queda de aprova\u00e7\u00e3o do governo Dilma de 43% para 36%.<\/p>\n","protected":false},"excerpt":{"rendered":"<p>Uma pesquisa do Instituto MDA, contratada pela Confedera\u00e7\u00e3o Nacional dos Transportes (CNT) e\u00a0divulgada nesta ter\u00e7a-feira, aponta perda de inten\u00e7\u00e3o de votos da a presidente Dilma Rousseff, pr\u00e9-candidata \u00e0 reelei\u00e7\u00e3o, e arrancada dos concorrentes A\u00e9cio Neves (PSDB) e Eduardo Campos (PSB). Contra a tend\u00eancia das pesquisas recentes, o\u00a0cen\u00e1rio aponta para uma indefini\u00e7\u00e3o no primeiro turno e [&hellip;]<\/p>\n","protected":false},"author":2,"featured_media":7809,"comment_status":"open","ping_status":"closed","sticky":false,"template":"","format":"standard","meta":{"_acf_changed":false,"footnotes":""},"categories":[16],"tags":[],"class_list":["post-7808","post","type-post","status-publish","format-standard","has-post-thumbnail","hentry","category-brasil"],"acf":[],"yoast_head":"<!-- This site is optimized with the Yoast SEO plugin v27.2 - https:\/\/yoast.com\/product\/yoast-seo-wordpress\/ -->\n<title>Dilma leva tombo em nova pesquisa; teremos 2\u00ba turno? - Notibras<\/title>\n<meta name=\"robots\" content=\"index, follow, max-snippet:-1, max-image-preview:large, max-video-preview:-1\" \/>\n<link rel=\"canonical\" href=\"https:\/\/www.notibras.com\/site\/dilma-leva-tombo-em-nova-pesquisa-e-2o-turno-vira-uma-incognita\/\" \/>\n<meta property=\"og:locale\" content=\"pt_BR\" \/>\n<meta property=\"og:type\" content=\"article\" \/>\n<meta property=\"og:title\" content=\"Dilma leva tombo em nova pesquisa; teremos 2\u00ba turno? - Notibras\" \/>\n<meta property=\"og:description\" content=\"Uma pesquisa do Instituto MDA, contratada pela Confedera\u00e7\u00e3o Nacional dos Transportes (CNT) e\u00a0divulgada nesta ter\u00e7a-feira, aponta perda de inten\u00e7\u00e3o de votos da a presidente Dilma Rousseff, pr\u00e9-candidata \u00e0 reelei\u00e7\u00e3o, e arrancada dos concorrentes A\u00e9cio Neves (PSDB) e Eduardo Campos (PSB). Contra a tend\u00eancia das pesquisas recentes, o\u00a0cen\u00e1rio aponta para uma indefini\u00e7\u00e3o no primeiro turno e [&hellip;]\" \/>\n<meta property=\"og:url\" content=\"https:\/\/www.notibras.com\/site\/dilma-leva-tombo-em-nova-pesquisa-e-2o-turno-vira-uma-incognita\/\" \/>\n<meta property=\"og:site_name\" content=\"Notibras\" \/>\n<meta property=\"article:publisher\" content=\"https:\/\/www.facebook.com\/notibras\/\" \/>\n<meta property=\"article:published_time\" content=\"2014-04-29T16:46:05+00:00\" \/>\n<meta property=\"article:modified_time\" content=\"2014-04-30T00:16:10+00:00\" \/>\n<meta property=\"og:image\" content=\"https:\/\/www.notibras.com\/site\/wp-content\/uploads\/2014\/04\/dilma-rousseff10-620x450.jpg\" \/>\n\t<meta property=\"og:image:width\" content=\"620\" \/>\n\t<meta property=\"og:image:height\" content=\"450\" \/>\n\t<meta property=\"og:image:type\" content=\"image\/jpeg\" \/>\n<meta name=\"author\" content=\"Reda\u00e7\u00e3o\" \/>\n<meta name=\"twitter:card\" content=\"summary_large_image\" \/>\n<meta name=\"twitter:creator\" content=\"@Notibras\" \/>\n<meta name=\"twitter:site\" content=\"@Notibras\" \/>\n<meta name=\"twitter:label1\" content=\"Escrito por\" \/>\n\t<meta name=\"twitter:data1\" content=\"Reda\u00e7\u00e3o\" \/>\n\t<meta name=\"twitter:label2\" content=\"Est. tempo de leitura\" \/>\n\t<meta name=\"twitter:data2\" content=\"2 minutos\" \/>\n<script type=\"application\/ld+json\" class=\"yoast-schema-graph\">{\"@context\":\"https:\/\/schema.org\",\"@graph\":[{\"@type\":\"Article\",\"@id\":\"https:\/\/www.notibras.com\/site\/dilma-leva-tombo-em-nova-pesquisa-e-2o-turno-vira-uma-incognita\/#article\",\"isPartOf\":{\"@id\":\"https:\/\/www.notibras.com\/site\/dilma-leva-tombo-em-nova-pesquisa-e-2o-turno-vira-uma-incognita\/\"},\"author\":{\"name\":\"Reda\u00e7\u00e3o\",\"@id\":\"https:\/\/www.notibras.com\/site\/#\/schema\/person\/36ab0979449956132d3e5b517ea76ac8\"},\"headline\":\"Dilma leva tombo em nova pesquisa; teremos 2\u00ba turno?\",\"datePublished\":\"2014-04-29T16:46:05+00:00\",\"dateModified\":\"2014-04-30T00:16:10+00:00\",\"mainEntityOfPage\":{\"@id\":\"https:\/\/www.notibras.com\/site\/dilma-leva-tombo-em-nova-pesquisa-e-2o-turno-vira-uma-incognita\/\"},\"wordCount\":504,\"commentCount\":0,\"publisher\":{\"@id\":\"https:\/\/www.notibras.com\/site\/#organization\"},\"image\":{\"@id\":\"https:\/\/www.notibras.com\/site\/dilma-leva-tombo-em-nova-pesquisa-e-2o-turno-vira-uma-incognita\/#primaryimage\"},\"thumbnailUrl\":\"https:\/\/www.notibras.com\/site\/wp-content\/uploads\/2014\/04\/dilma-rousseff10-620x450.jpg\",\"articleSection\":[\"Brasil\"],\"inLanguage\":\"pt-BR\",\"potentialAction\":[{\"@type\":\"CommentAction\",\"name\":\"Comment\",\"target\":[\"https:\/\/www.notibras.com\/site\/dilma-leva-tombo-em-nova-pesquisa-e-2o-turno-vira-uma-incognita\/#respond\"]}]},{\"@type\":\"WebPage\",\"@id\":\"https:\/\/www.notibras.com\/site\/dilma-leva-tombo-em-nova-pesquisa-e-2o-turno-vira-uma-incognita\/\",\"url\":\"https:\/\/www.notibras.com\/site\/dilma-leva-tombo-em-nova-pesquisa-e-2o-turno-vira-uma-incognita\/\",\"name\":\"Dilma leva tombo em nova pesquisa; teremos 2\u00ba turno? - Notibras\",\"isPartOf\":{\"@id\":\"https:\/\/www.notibras.com\/site\/#website\"},\"primaryImageOfPage\":{\"@id\":\"https:\/\/www.notibras.com\/site\/dilma-leva-tombo-em-nova-pesquisa-e-2o-turno-vira-uma-incognita\/#primaryimage\"},\"image\":{\"@id\":\"https:\/\/www.notibras.com\/site\/dilma-leva-tombo-em-nova-pesquisa-e-2o-turno-vira-uma-incognita\/#primaryimage\"},\"thumbnailUrl\":\"https:\/\/www.notibras.com\/site\/wp-content\/uploads\/2014\/04\/dilma-rousseff10-620x450.jpg\",\"datePublished\":\"2014-04-29T16:46:05+00:00\",\"dateModified\":\"2014-04-30T00:16:10+00:00\",\"breadcrumb\":{\"@id\":\"https:\/\/www.notibras.com\/site\/dilma-leva-tombo-em-nova-pesquisa-e-2o-turno-vira-uma-incognita\/#breadcrumb\"},\"inLanguage\":\"pt-BR\",\"potentialAction\":[{\"@type\":\"ReadAction\",\"target\":[\"https:\/\/www.notibras.com\/site\/dilma-leva-tombo-em-nova-pesquisa-e-2o-turno-vira-uma-incognita\/\"]}]},{\"@type\":\"ImageObject\",\"inLanguage\":\"pt-BR\",\"@id\":\"https:\/\/www.notibras.com\/site\/dilma-leva-tombo-em-nova-pesquisa-e-2o-turno-vira-uma-incognita\/#primaryimage\",\"url\":\"https:\/\/www.notibras.com\/site\/wp-content\/uploads\/2014\/04\/dilma-rousseff10-620x450.jpg\",\"contentUrl\":\"https:\/\/www.notibras.com\/site\/wp-content\/uploads\/2014\/04\/dilma-rousseff10-620x450.jpg\",\"width\":620,\"height\":450},{\"@type\":\"BreadcrumbList\",\"@id\":\"https:\/\/www.notibras.com\/site\/dilma-leva-tombo-em-nova-pesquisa-e-2o-turno-vira-uma-incognita\/#breadcrumb\",\"itemListElement\":[{\"@type\":\"ListItem\",\"position\":1,\"name\":\"In\u00edcio\",\"item\":\"https:\/\/www.notibras.com\/site\/\"},{\"@type\":\"ListItem\",\"position\":2,\"name\":\"Dilma leva tombo em nova pesquisa; teremos 2\u00ba turno?\"}]},{\"@type\":\"WebSite\",\"@id\":\"https:\/\/www.notibras.com\/site\/#website\",\"url\":\"https:\/\/www.notibras.com\/site\/\",\"name\":\"Notibras\",\"description\":\"Not\u00edcias de Bras\u00edlia, do Brasil e do Mundo\",\"publisher\":{\"@id\":\"https:\/\/www.notibras.com\/site\/#organization\"},\"potentialAction\":[{\"@type\":\"SearchAction\",\"target\":{\"@type\":\"EntryPoint\",\"urlTemplate\":\"https:\/\/www.notibras.com\/site\/?s={search_term_string}\"},\"query-input\":{\"@type\":\"PropertyValueSpecification\",\"valueRequired\":true,\"valueName\":\"search_term_string\"}}],\"inLanguage\":\"pt-BR\"},{\"@type\":\"Organization\",\"@id\":\"https:\/\/www.notibras.com\/site\/#organization\",\"name\":\"Grupo Notibras de Comunica\u00e7\u00e3o\",\"url\":\"https:\/\/www.notibras.com\/site\/\",\"logo\":{\"@type\":\"ImageObject\",\"inLanguage\":\"pt-BR\",\"@id\":\"https:\/\/www.notibras.com\/site\/#\/schema\/logo\/image\/\",\"url\":\"https:\/\/www.notibras.com\/site\/wp-content\/uploads\/2023\/01\/notibras23.png\",\"contentUrl\":\"https:\/\/www.notibras.com\/site\/wp-content\/uploads\/2023\/01\/notibras23.png\",\"width\":350,\"height\":87,\"caption\":\"Grupo Notibras de Comunica\u00e7\u00e3o\"},\"image\":{\"@id\":\"https:\/\/www.notibras.com\/site\/#\/schema\/logo\/image\/\"},\"sameAs\":[\"https:\/\/www.facebook.com\/notibras\/\",\"https:\/\/x.com\/Notibras\",\"https:\/\/www.instagram.com\/notibras\/\"]},{\"@type\":\"Person\",\"@id\":\"https:\/\/www.notibras.com\/site\/#\/schema\/person\/36ab0979449956132d3e5b517ea76ac8\",\"name\":\"Reda\u00e7\u00e3o\",\"image\":{\"@type\":\"ImageObject\",\"inLanguage\":\"pt-BR\",\"@id\":\"https:\/\/secure.gravatar.com\/avatar\/e0a867bdedb85fd243eadf09663511f96fc81e0720a4a42581f334ad4303aa6b?s=96&d=mm&r=g\",\"url\":\"https:\/\/secure.gravatar.com\/avatar\/e0a867bdedb85fd243eadf09663511f96fc81e0720a4a42581f334ad4303aa6b?s=96&d=mm&r=g\",\"contentUrl\":\"https:\/\/secure.gravatar.com\/avatar\/e0a867bdedb85fd243eadf09663511f96fc81e0720a4a42581f334ad4303aa6b?s=96&d=mm&r=g\",\"caption\":\"Reda\u00e7\u00e3o\"}}]}<\/script>\n<!-- \/ Yoast SEO plugin. -->","yoast_head_json":{"title":"Dilma leva tombo em nova pesquisa; teremos 2\u00ba turno? - Notibras","robots":{"index":"index","follow":"follow","max-snippet":"max-snippet:-1","max-image-preview":"max-image-preview:large","max-video-preview":"max-video-preview:-1"},"canonical":"https:\/\/www.notibras.com\/site\/dilma-leva-tombo-em-nova-pesquisa-e-2o-turno-vira-uma-incognita\/","og_locale":"pt_BR","og_type":"article","og_title":"Dilma leva tombo em nova pesquisa; teremos 2\u00ba turno? - Notibras","og_description":"Uma pesquisa do Instituto MDA, contratada pela Confedera\u00e7\u00e3o Nacional dos Transportes (CNT) e\u00a0divulgada nesta ter\u00e7a-feira, aponta perda de inten\u00e7\u00e3o de votos da a presidente Dilma Rousseff, pr\u00e9-candidata \u00e0 reelei\u00e7\u00e3o, e arrancada dos concorrentes A\u00e9cio Neves (PSDB) e Eduardo Campos (PSB). Contra a tend\u00eancia das pesquisas recentes, o\u00a0cen\u00e1rio aponta para uma indefini\u00e7\u00e3o no primeiro turno e [&hellip;]","og_url":"https:\/\/www.notibras.com\/site\/dilma-leva-tombo-em-nova-pesquisa-e-2o-turno-vira-uma-incognita\/","og_site_name":"Notibras","article_publisher":"https:\/\/www.facebook.com\/notibras\/","article_published_time":"2014-04-29T16:46:05+00:00","article_modified_time":"2014-04-30T00:16:10+00:00","og_image":[{"width":620,"height":450,"url":"https:\/\/www.notibras.com\/site\/wp-content\/uploads\/2014\/04\/dilma-rousseff10-620x450.jpg","type":"image\/jpeg"}],"author":"Reda\u00e7\u00e3o","twitter_card":"summary_large_image","twitter_creator":"@Notibras","twitter_site":"@Notibras","twitter_misc":{"Escrito por":"Reda\u00e7\u00e3o","Est. tempo de leitura":"2 minutos"},"schema":{"@context":"https:\/\/schema.org","@graph":[{"@type":"Article","@id":"https:\/\/www.notibras.com\/site\/dilma-leva-tombo-em-nova-pesquisa-e-2o-turno-vira-uma-incognita\/#article","isPartOf":{"@id":"https:\/\/www.notibras.com\/site\/dilma-leva-tombo-em-nova-pesquisa-e-2o-turno-vira-uma-incognita\/"},"author":{"name":"Reda\u00e7\u00e3o","@id":"https:\/\/www.notibras.com\/site\/#\/schema\/person\/36ab0979449956132d3e5b517ea76ac8"},"headline":"Dilma leva tombo em nova pesquisa; teremos 2\u00ba turno?","datePublished":"2014-04-29T16:46:05+00:00","dateModified":"2014-04-30T00:16:10+00:00","mainEntityOfPage":{"@id":"https:\/\/www.notibras.com\/site\/dilma-leva-tombo-em-nova-pesquisa-e-2o-turno-vira-uma-incognita\/"},"wordCount":504,"commentCount":0,"publisher":{"@id":"https:\/\/www.notibras.com\/site\/#organization"},"image":{"@id":"https:\/\/www.notibras.com\/site\/dilma-leva-tombo-em-nova-pesquisa-e-2o-turno-vira-uma-incognita\/#primaryimage"},"thumbnailUrl":"https:\/\/www.notibras.com\/site\/wp-content\/uploads\/2014\/04\/dilma-rousseff10-620x450.jpg","articleSection":["Brasil"],"inLanguage":"pt-BR","potentialAction":[{"@type":"CommentAction","name":"Comment","target":["https:\/\/www.notibras.com\/site\/dilma-leva-tombo-em-nova-pesquisa-e-2o-turno-vira-uma-incognita\/#respond"]}]},{"@type":"WebPage","@id":"https:\/\/www.notibras.com\/site\/dilma-leva-tombo-em-nova-pesquisa-e-2o-turno-vira-uma-incognita\/","url":"https:\/\/www.notibras.com\/site\/dilma-leva-tombo-em-nova-pesquisa-e-2o-turno-vira-uma-incognita\/","name":"Dilma leva tombo em nova pesquisa; teremos 2\u00ba turno? - Notibras","isPartOf":{"@id":"https:\/\/www.notibras.com\/site\/#website"},"primaryImageOfPage":{"@id":"https:\/\/www.notibras.com\/site\/dilma-leva-tombo-em-nova-pesquisa-e-2o-turno-vira-uma-incognita\/#primaryimage"},"image":{"@id":"https:\/\/www.notibras.com\/site\/dilma-leva-tombo-em-nova-pesquisa-e-2o-turno-vira-uma-incognita\/#primaryimage"},"thumbnailUrl":"https:\/\/www.notibras.com\/site\/wp-content\/uploads\/2014\/04\/dilma-rousseff10-620x450.jpg","datePublished":"2014-04-29T16:46:05+00:00","dateModified":"2014-04-30T00:16:10+00:00","breadcrumb":{"@id":"https:\/\/www.notibras.com\/site\/dilma-leva-tombo-em-nova-pesquisa-e-2o-turno-vira-uma-incognita\/#breadcrumb"},"inLanguage":"pt-BR","potentialAction":[{"@type":"ReadAction","target":["https:\/\/www.notibras.com\/site\/dilma-leva-tombo-em-nova-pesquisa-e-2o-turno-vira-uma-incognita\/"]}]},{"@type":"ImageObject","inLanguage":"pt-BR","@id":"https:\/\/www.notibras.com\/site\/dilma-leva-tombo-em-nova-pesquisa-e-2o-turno-vira-uma-incognita\/#primaryimage","url":"https:\/\/www.notibras.com\/site\/wp-content\/uploads\/2014\/04\/dilma-rousseff10-620x450.jpg","contentUrl":"https:\/\/www.notibras.com\/site\/wp-content\/uploads\/2014\/04\/dilma-rousseff10-620x450.jpg","width":620,"height":450},{"@type":"BreadcrumbList","@id":"https:\/\/www.notibras.com\/site\/dilma-leva-tombo-em-nova-pesquisa-e-2o-turno-vira-uma-incognita\/#breadcrumb","itemListElement":[{"@type":"ListItem","position":1,"name":"In\u00edcio","item":"https:\/\/www.notibras.com\/site\/"},{"@type":"ListItem","position":2,"name":"Dilma leva tombo em nova pesquisa; teremos 2\u00ba turno?"}]},{"@type":"WebSite","@id":"https:\/\/www.notibras.com\/site\/#website","url":"https:\/\/www.notibras.com\/site\/","name":"Notibras","description":"Not\u00edcias de Bras\u00edlia, do Brasil e do Mundo","publisher":{"@id":"https:\/\/www.notibras.com\/site\/#organization"},"potentialAction":[{"@type":"SearchAction","target":{"@type":"EntryPoint","urlTemplate":"https:\/\/www.notibras.com\/site\/?s={search_term_string}"},"query-input":{"@type":"PropertyValueSpecification","valueRequired":true,"valueName":"search_term_string"}}],"inLanguage":"pt-BR"},{"@type":"Organization","@id":"https:\/\/www.notibras.com\/site\/#organization","name":"Grupo Notibras de Comunica\u00e7\u00e3o","url":"https:\/\/www.notibras.com\/site\/","logo":{"@type":"ImageObject","inLanguage":"pt-BR","@id":"https:\/\/www.notibras.com\/site\/#\/schema\/logo\/image\/","url":"https:\/\/www.notibras.com\/site\/wp-content\/uploads\/2023\/01\/notibras23.png","contentUrl":"https:\/\/www.notibras.com\/site\/wp-content\/uploads\/2023\/01\/notibras23.png","width":350,"height":87,"caption":"Grupo Notibras de Comunica\u00e7\u00e3o"},"image":{"@id":"https:\/\/www.notibras.com\/site\/#\/schema\/logo\/image\/"},"sameAs":["https:\/\/www.facebook.com\/notibras\/","https:\/\/x.com\/Notibras","https:\/\/www.instagram.com\/notibras\/"]},{"@type":"Person","@id":"https:\/\/www.notibras.com\/site\/#\/schema\/person\/36ab0979449956132d3e5b517ea76ac8","name":"Reda\u00e7\u00e3o","image":{"@type":"ImageObject","inLanguage":"pt-BR","@id":"https:\/\/secure.gravatar.com\/avatar\/e0a867bdedb85fd243eadf09663511f96fc81e0720a4a42581f334ad4303aa6b?s=96&d=mm&r=g","url":"https:\/\/secure.gravatar.com\/avatar\/e0a867bdedb85fd243eadf09663511f96fc81e0720a4a42581f334ad4303aa6b?s=96&d=mm&r=g","contentUrl":"https:\/\/secure.gravatar.com\/avatar\/e0a867bdedb85fd243eadf09663511f96fc81e0720a4a42581f334ad4303aa6b?s=96&d=mm&r=g","caption":"Reda\u00e7\u00e3o"}}]}},"amp_enabled":true,"_links":{"self":[{"href":"https:\/\/www.notibras.com\/site\/wp-json\/wp\/v2\/posts\/7808","targetHints":{"allow":["GET"]}}],"collection":[{"href":"https:\/\/www.notibras.com\/site\/wp-json\/wp\/v2\/posts"}],"about":[{"href":"https:\/\/www.notibras.com\/site\/wp-json\/wp\/v2\/types\/post"}],"author":[{"embeddable":true,"href":"https:\/\/www.notibras.com\/site\/wp-json\/wp\/v2\/users\/2"}],"replies":[{"embeddable":true,"href":"https:\/\/www.notibras.com\/site\/wp-json\/wp\/v2\/comments?post=7808"}],"version-history":[{"count":0,"href":"https:\/\/www.notibras.com\/site\/wp-json\/wp\/v2\/posts\/7808\/revisions"}],"wp:featuredmedia":[{"embeddable":true,"href":"https:\/\/www.notibras.com\/site\/wp-json\/wp\/v2\/media\/7809"}],"wp:attachment":[{"href":"https:\/\/www.notibras.com\/site\/wp-json\/wp\/v2\/media?parent=7808"}],"wp:term":[{"taxonomy":"category","embeddable":true,"href":"https:\/\/www.notibras.com\/site\/wp-json\/wp\/v2\/categories?post=7808"},{"taxonomy":"post_tag","embeddable":true,"href":"https:\/\/www.notibras.com\/site\/wp-json\/wp\/v2\/tags?post=7808"}],"curies":[{"name":"wp","href":"https:\/\/api.w.org\/{rel}","templated":true}]}}