{"id":78325,"date":"2015-11-26T22:10:42","date_gmt":"2015-11-27T00:10:42","guid":{"rendered":"http:\/\/www.notibras.com\/site\/?p=78325"},"modified":"2015-11-28T10:18:01","modified_gmt":"2015-11-28T12:18:01","slug":"espelho-espelho-meu-existe-tem-novacap-mais-bonita-do-que-eu","status":"publish","type":"post","link":"https:\/\/www.notibras.com\/site\/espelho-espelho-meu-existe-tem-novacap-mais-bonita-do-que-eu\/","title":{"rendered":"Espelho, espelho meu, existe uma Novacap mais bonita do que eu?"},"content":{"rendered":"<p>N\u00e3o adianta tentar arrancar o cora\u00e7\u00e3o da Branca de Neve nem quebrar o espelho que afirma ser ela a mais bela. No castelo da loba residem os sete an\u00f5es: Sabich\u00e3o (s\u00f3 comparece agora por fone, foi banido do pal\u00e1cio pela Branca de Neve), T\u00edmido, Atchim, Feliz, Mudo, Soneca e Zangado.<\/p>\n<p>Vamos deixar os demais para outra oportunidade, mas o assunto tem a ver com o Zangado, que vive de bra\u00e7os cruzados e olhar repreensivo, como quem tem autonomia para fazer apenas o que bem entende.<\/p>\n<p>O seu castelo \u00e9 respons\u00e1vel pelas obras estruturantes da capital. Tem nome: Companhia Urbanizadora da Nova Capital \u2013 Novacap. Zangado tamb\u00e9m tem nome: Hermes Ricardo Matias de Paula.<\/p>\n<p>Empurrado para o conto de fadas por Cristovam Buarque, o senador que adora a \u00c1frica e detesta o Distrito Federal, Hermes de Paula \u00e9 conhecido por n\u00e3o parar em castelo algum. Passou como um foguete pela administra\u00e7\u00e3o de Taguatinga, de 20 de maio a 8 de julho de 1996. Em seguida, mais breve ainda, ficou pouco mais de dois meses na administra\u00e7\u00e3o de Sobradinho: de 5 de mar\u00e7o a 11 de maio de 1997. Ainda assim, o senador africano emplacou Hermes de Paula no Governo do Distrito Federal.<\/p>\n<p>A Novacap \u00e9 respons\u00e1vel por dar respostas ao cidad\u00e3o brasiliense quando n\u00e3o h\u00e1 podas de \u00e1rvores, cal\u00e7adas, asfalto sem buracos, meios-fios, mil necessidades p\u00fablicas. A popula\u00e7\u00e3o n\u00e3o entende bem o que faz a Novacap e muito menos o que n\u00e3o faz e deveria fazer.<\/p>\n<p>O secret\u00e1rio de Buarque, sempre de bra\u00e7os cruzados, tem autonomia para n\u00e3o fazer o que bem entende. Enquanto isso o Distrito Federal penaliza os eleitores de Rollemberg e da Branca de Neve.<\/p>\n<p>O problema mais grave reside na economia local, quando construtoras que deveriam gerar empregos, n\u00e3o podem contratar porque n\u00e3o h\u00e1 investimentos p\u00fablicos em obras que deveriam ser permanentes.<\/p>\n<p>Rollemberg j\u00e1 percebeu que agradar o senador africano n\u00e3o traz dividendos e pune Zangado e o deixa falando sozinho. Mas quem sofre \u00e9 o cidad\u00e3o.<\/p>\n<p>Uma manobra inteligente seria a Branca de Neve ignorar as orienta\u00e7\u00f5es do Feliz \u2013 o \u00fanico que ri do cen\u00e1rio e \u00e9 flagrado nos bons restaurantes em bravatas \u2013 e repensar se a ajuda na campanha eleitoral, que ele diz ter feito, tem mesmo esse pre\u00e7o.<\/p>\n<p>A Novacap tem papel fundamental na qualidade de vida do brasiliense. Sua coirm\u00e3, a Terracap, usa como apelo publicit\u00e1rio o argumento de que os recursos arrecadados com os leil\u00f5es retornam ao contribuinte em obras de infraestrutura. Ou seja, muito dinheiro deveria chegar a Novacap para essas obras. Mas n\u00e3o chega desde que Rollemberg assumiu o governo e o senador africano emplacou seu Zangado na empresa.<\/p>\n<p>J\u00e1 que a Branca de Neve tem o amor do espelho, ent\u00e3o que distribua um para cada an\u00e3o. Talvez eles n\u00e3o tenham a mesma resposta e descubram que existem pessoas mais bonitas que eles.<\/p>\n","protected":false},"excerpt":{"rendered":"<p>N\u00e3o adianta tentar arrancar o cora\u00e7\u00e3o da Branca de Neve nem quebrar o espelho que afirma ser ela a mais bela. No castelo da loba residem os sete an\u00f5es: Sabich\u00e3o (s\u00f3 comparece agora por fone, foi banido do pal\u00e1cio pela Branca de Neve), T\u00edmido, Atchim, Feliz, Mudo, Soneca e Zangado. Vamos deixar os demais para [&hellip;]<\/p>\n","protected":false},"author":2,"featured_media":78326,"comment_status":"open","ping_status":"closed","sticky":false,"template":"","format":"standard","meta":{"_acf_changed":false,"footnotes":""},"categories":[49],"tags":[],"class_list":["post-78325","post","type-post","status-publish","format-standard","has-post-thumbnail","hentry","category-max"],"acf":[],"yoast_head":"<!-- This site is optimized with the Yoast SEO plugin v27.2 - https:\/\/yoast.com\/product\/yoast-seo-wordpress\/ -->\n<title>Espelho, espelho meu, existe uma Novacap mais bonita do que eu? - Notibras<\/title>\n<meta name=\"robots\" content=\"index, follow, max-snippet:-1, max-image-preview:large, max-video-preview:-1\" \/>\n<link rel=\"canonical\" href=\"https:\/\/www.notibras.com\/site\/espelho-espelho-meu-existe-tem-novacap-mais-bonita-do-que-eu\/\" \/>\n<meta property=\"og:locale\" content=\"pt_BR\" \/>\n<meta property=\"og:type\" content=\"article\" \/>\n<meta property=\"og:title\" content=\"Espelho, espelho meu, existe uma Novacap mais bonita do que eu? - Notibras\" \/>\n<meta property=\"og:description\" content=\"N\u00e3o adianta tentar arrancar o cora\u00e7\u00e3o da Branca de Neve nem quebrar o espelho que afirma ser ela a mais bela. No castelo da loba residem os sete an\u00f5es: Sabich\u00e3o (s\u00f3 comparece agora por fone, foi banido do pal\u00e1cio pela Branca de Neve), T\u00edmido, Atchim, Feliz, Mudo, Soneca e Zangado. Vamos deixar os demais para [&hellip;]\" \/>\n<meta property=\"og:url\" content=\"https:\/\/www.notibras.com\/site\/espelho-espelho-meu-existe-tem-novacap-mais-bonita-do-que-eu\/\" \/>\n<meta property=\"og:site_name\" content=\"Notibras\" \/>\n<meta property=\"article:publisher\" content=\"https:\/\/www.facebook.com\/notibras\/\" \/>\n<meta property=\"article:published_time\" content=\"2015-11-27T00:10:42+00:00\" \/>\n<meta property=\"article:modified_time\" content=\"2015-11-28T12:18:01+00:00\" \/>\n<meta property=\"og:image\" content=\"https:\/\/www.notibras.com\/site\/wp-content\/uploads\/2015\/11\/novacap.jpg\" \/>\n\t<meta property=\"og:image:width\" content=\"600\" \/>\n\t<meta property=\"og:image:height\" content=\"450\" \/>\n\t<meta property=\"og:image:type\" content=\"image\/jpeg\" \/>\n<meta name=\"author\" content=\"Reda\u00e7\u00e3o\" \/>\n<meta name=\"twitter:card\" content=\"summary_large_image\" \/>\n<meta name=\"twitter:creator\" content=\"@Notibras\" \/>\n<meta name=\"twitter:site\" content=\"@Notibras\" \/>\n<meta name=\"twitter:label1\" content=\"Escrito por\" \/>\n\t<meta name=\"twitter:data1\" content=\"Reda\u00e7\u00e3o\" \/>\n\t<meta name=\"twitter:label2\" content=\"Est. tempo de leitura\" \/>\n\t<meta name=\"twitter:data2\" content=\"2 minutos\" \/>\n<script type=\"application\/ld+json\" class=\"yoast-schema-graph\">{\"@context\":\"https:\/\/schema.org\",\"@graph\":[{\"@type\":\"Article\",\"@id\":\"https:\/\/www.notibras.com\/site\/espelho-espelho-meu-existe-tem-novacap-mais-bonita-do-que-eu\/#article\",\"isPartOf\":{\"@id\":\"https:\/\/www.notibras.com\/site\/espelho-espelho-meu-existe-tem-novacap-mais-bonita-do-que-eu\/\"},\"author\":{\"name\":\"Reda\u00e7\u00e3o\",\"@id\":\"https:\/\/www.notibras.com\/site\/#\/schema\/person\/36ab0979449956132d3e5b517ea76ac8\"},\"headline\":\"Espelho, espelho meu, existe uma Novacap mais bonita do que eu?\",\"datePublished\":\"2015-11-27T00:10:42+00:00\",\"dateModified\":\"2015-11-28T12:18:01+00:00\",\"mainEntityOfPage\":{\"@id\":\"https:\/\/www.notibras.com\/site\/espelho-espelho-meu-existe-tem-novacap-mais-bonita-do-que-eu\/\"},\"wordCount\":510,\"commentCount\":0,\"publisher\":{\"@id\":\"https:\/\/www.notibras.com\/site\/#organization\"},\"image\":{\"@id\":\"https:\/\/www.notibras.com\/site\/espelho-espelho-meu-existe-tem-novacap-mais-bonita-do-que-eu\/#primaryimage\"},\"thumbnailUrl\":\"https:\/\/www.notibras.com\/site\/wp-content\/uploads\/2015\/11\/novacap.jpg\",\"articleSection\":[\"Max de Quental\"],\"inLanguage\":\"pt-BR\",\"potentialAction\":[{\"@type\":\"CommentAction\",\"name\":\"Comment\",\"target\":[\"https:\/\/www.notibras.com\/site\/espelho-espelho-meu-existe-tem-novacap-mais-bonita-do-que-eu\/#respond\"]}]},{\"@type\":\"WebPage\",\"@id\":\"https:\/\/www.notibras.com\/site\/espelho-espelho-meu-existe-tem-novacap-mais-bonita-do-que-eu\/\",\"url\":\"https:\/\/www.notibras.com\/site\/espelho-espelho-meu-existe-tem-novacap-mais-bonita-do-que-eu\/\",\"name\":\"Espelho, espelho meu, existe uma Novacap mais bonita do que eu? - Notibras\",\"isPartOf\":{\"@id\":\"https:\/\/www.notibras.com\/site\/#website\"},\"primaryImageOfPage\":{\"@id\":\"https:\/\/www.notibras.com\/site\/espelho-espelho-meu-existe-tem-novacap-mais-bonita-do-que-eu\/#primaryimage\"},\"image\":{\"@id\":\"https:\/\/www.notibras.com\/site\/espelho-espelho-meu-existe-tem-novacap-mais-bonita-do-que-eu\/#primaryimage\"},\"thumbnailUrl\":\"https:\/\/www.notibras.com\/site\/wp-content\/uploads\/2015\/11\/novacap.jpg\",\"datePublished\":\"2015-11-27T00:10:42+00:00\",\"dateModified\":\"2015-11-28T12:18:01+00:00\",\"breadcrumb\":{\"@id\":\"https:\/\/www.notibras.com\/site\/espelho-espelho-meu-existe-tem-novacap-mais-bonita-do-que-eu\/#breadcrumb\"},\"inLanguage\":\"pt-BR\",\"potentialAction\":[{\"@type\":\"ReadAction\",\"target\":[\"https:\/\/www.notibras.com\/site\/espelho-espelho-meu-existe-tem-novacap-mais-bonita-do-que-eu\/\"]}]},{\"@type\":\"ImageObject\",\"inLanguage\":\"pt-BR\",\"@id\":\"https:\/\/www.notibras.com\/site\/espelho-espelho-meu-existe-tem-novacap-mais-bonita-do-que-eu\/#primaryimage\",\"url\":\"https:\/\/www.notibras.com\/site\/wp-content\/uploads\/2015\/11\/novacap.jpg\",\"contentUrl\":\"https:\/\/www.notibras.com\/site\/wp-content\/uploads\/2015\/11\/novacap.jpg\",\"width\":600,\"height\":450},{\"@type\":\"BreadcrumbList\",\"@id\":\"https:\/\/www.notibras.com\/site\/espelho-espelho-meu-existe-tem-novacap-mais-bonita-do-que-eu\/#breadcrumb\",\"itemListElement\":[{\"@type\":\"ListItem\",\"position\":1,\"name\":\"In\u00edcio\",\"item\":\"https:\/\/www.notibras.com\/site\/\"},{\"@type\":\"ListItem\",\"position\":2,\"name\":\"Espelho, espelho meu, existe uma Novacap mais bonita do que eu?\"}]},{\"@type\":\"WebSite\",\"@id\":\"https:\/\/www.notibras.com\/site\/#website\",\"url\":\"https:\/\/www.notibras.com\/site\/\",\"name\":\"Notibras\",\"description\":\"Not\u00edcias de Bras\u00edlia, do Brasil e do Mundo\",\"publisher\":{\"@id\":\"https:\/\/www.notibras.com\/site\/#organization\"},\"potentialAction\":[{\"@type\":\"SearchAction\",\"target\":{\"@type\":\"EntryPoint\",\"urlTemplate\":\"https:\/\/www.notibras.com\/site\/?s={search_term_string}\"},\"query-input\":{\"@type\":\"PropertyValueSpecification\",\"valueRequired\":true,\"valueName\":\"search_term_string\"}}],\"inLanguage\":\"pt-BR\"},{\"@type\":\"Organization\",\"@id\":\"https:\/\/www.notibras.com\/site\/#organization\",\"name\":\"Grupo Notibras de Comunica\u00e7\u00e3o\",\"url\":\"https:\/\/www.notibras.com\/site\/\",\"logo\":{\"@type\":\"ImageObject\",\"inLanguage\":\"pt-BR\",\"@id\":\"https:\/\/www.notibras.com\/site\/#\/schema\/logo\/image\/\",\"url\":\"https:\/\/www.notibras.com\/site\/wp-content\/uploads\/2023\/01\/notibras23.png\",\"contentUrl\":\"https:\/\/www.notibras.com\/site\/wp-content\/uploads\/2023\/01\/notibras23.png\",\"width\":350,\"height\":87,\"caption\":\"Grupo Notibras de Comunica\u00e7\u00e3o\"},\"image\":{\"@id\":\"https:\/\/www.notibras.com\/site\/#\/schema\/logo\/image\/\"},\"sameAs\":[\"https:\/\/www.facebook.com\/notibras\/\",\"https:\/\/x.com\/Notibras\",\"https:\/\/www.instagram.com\/notibras\/\"]},{\"@type\":\"Person\",\"@id\":\"https:\/\/www.notibras.com\/site\/#\/schema\/person\/36ab0979449956132d3e5b517ea76ac8\",\"name\":\"Reda\u00e7\u00e3o\",\"image\":{\"@type\":\"ImageObject\",\"inLanguage\":\"pt-BR\",\"@id\":\"https:\/\/secure.gravatar.com\/avatar\/e0a867bdedb85fd243eadf09663511f96fc81e0720a4a42581f334ad4303aa6b?s=96&d=mm&r=g\",\"url\":\"https:\/\/secure.gravatar.com\/avatar\/e0a867bdedb85fd243eadf09663511f96fc81e0720a4a42581f334ad4303aa6b?s=96&d=mm&r=g\",\"contentUrl\":\"https:\/\/secure.gravatar.com\/avatar\/e0a867bdedb85fd243eadf09663511f96fc81e0720a4a42581f334ad4303aa6b?s=96&d=mm&r=g\",\"caption\":\"Reda\u00e7\u00e3o\"}}]}<\/script>\n<!-- \/ Yoast SEO plugin. -->","yoast_head_json":{"title":"Espelho, espelho meu, existe uma Novacap mais bonita do que eu? - Notibras","robots":{"index":"index","follow":"follow","max-snippet":"max-snippet:-1","max-image-preview":"max-image-preview:large","max-video-preview":"max-video-preview:-1"},"canonical":"https:\/\/www.notibras.com\/site\/espelho-espelho-meu-existe-tem-novacap-mais-bonita-do-que-eu\/","og_locale":"pt_BR","og_type":"article","og_title":"Espelho, espelho meu, existe uma Novacap mais bonita do que eu? - Notibras","og_description":"N\u00e3o adianta tentar arrancar o cora\u00e7\u00e3o da Branca de Neve nem quebrar o espelho que afirma ser ela a mais bela. No castelo da loba residem os sete an\u00f5es: Sabich\u00e3o (s\u00f3 comparece agora por fone, foi banido do pal\u00e1cio pela Branca de Neve), T\u00edmido, Atchim, Feliz, Mudo, Soneca e Zangado. Vamos deixar os demais para [&hellip;]","og_url":"https:\/\/www.notibras.com\/site\/espelho-espelho-meu-existe-tem-novacap-mais-bonita-do-que-eu\/","og_site_name":"Notibras","article_publisher":"https:\/\/www.facebook.com\/notibras\/","article_published_time":"2015-11-27T00:10:42+00:00","article_modified_time":"2015-11-28T12:18:01+00:00","og_image":[{"width":600,"height":450,"url":"https:\/\/www.notibras.com\/site\/wp-content\/uploads\/2015\/11\/novacap.jpg","type":"image\/jpeg"}],"author":"Reda\u00e7\u00e3o","twitter_card":"summary_large_image","twitter_creator":"@Notibras","twitter_site":"@Notibras","twitter_misc":{"Escrito por":"Reda\u00e7\u00e3o","Est. tempo de leitura":"2 minutos"},"schema":{"@context":"https:\/\/schema.org","@graph":[{"@type":"Article","@id":"https:\/\/www.notibras.com\/site\/espelho-espelho-meu-existe-tem-novacap-mais-bonita-do-que-eu\/#article","isPartOf":{"@id":"https:\/\/www.notibras.com\/site\/espelho-espelho-meu-existe-tem-novacap-mais-bonita-do-que-eu\/"},"author":{"name":"Reda\u00e7\u00e3o","@id":"https:\/\/www.notibras.com\/site\/#\/schema\/person\/36ab0979449956132d3e5b517ea76ac8"},"headline":"Espelho, espelho meu, existe uma Novacap mais bonita do que eu?","datePublished":"2015-11-27T00:10:42+00:00","dateModified":"2015-11-28T12:18:01+00:00","mainEntityOfPage":{"@id":"https:\/\/www.notibras.com\/site\/espelho-espelho-meu-existe-tem-novacap-mais-bonita-do-que-eu\/"},"wordCount":510,"commentCount":0,"publisher":{"@id":"https:\/\/www.notibras.com\/site\/#organization"},"image":{"@id":"https:\/\/www.notibras.com\/site\/espelho-espelho-meu-existe-tem-novacap-mais-bonita-do-que-eu\/#primaryimage"},"thumbnailUrl":"https:\/\/www.notibras.com\/site\/wp-content\/uploads\/2015\/11\/novacap.jpg","articleSection":["Max de Quental"],"inLanguage":"pt-BR","potentialAction":[{"@type":"CommentAction","name":"Comment","target":["https:\/\/www.notibras.com\/site\/espelho-espelho-meu-existe-tem-novacap-mais-bonita-do-que-eu\/#respond"]}]},{"@type":"WebPage","@id":"https:\/\/www.notibras.com\/site\/espelho-espelho-meu-existe-tem-novacap-mais-bonita-do-que-eu\/","url":"https:\/\/www.notibras.com\/site\/espelho-espelho-meu-existe-tem-novacap-mais-bonita-do-que-eu\/","name":"Espelho, espelho meu, existe uma Novacap mais bonita do que eu? - Notibras","isPartOf":{"@id":"https:\/\/www.notibras.com\/site\/#website"},"primaryImageOfPage":{"@id":"https:\/\/www.notibras.com\/site\/espelho-espelho-meu-existe-tem-novacap-mais-bonita-do-que-eu\/#primaryimage"},"image":{"@id":"https:\/\/www.notibras.com\/site\/espelho-espelho-meu-existe-tem-novacap-mais-bonita-do-que-eu\/#primaryimage"},"thumbnailUrl":"https:\/\/www.notibras.com\/site\/wp-content\/uploads\/2015\/11\/novacap.jpg","datePublished":"2015-11-27T00:10:42+00:00","dateModified":"2015-11-28T12:18:01+00:00","breadcrumb":{"@id":"https:\/\/www.notibras.com\/site\/espelho-espelho-meu-existe-tem-novacap-mais-bonita-do-que-eu\/#breadcrumb"},"inLanguage":"pt-BR","potentialAction":[{"@type":"ReadAction","target":["https:\/\/www.notibras.com\/site\/espelho-espelho-meu-existe-tem-novacap-mais-bonita-do-que-eu\/"]}]},{"@type":"ImageObject","inLanguage":"pt-BR","@id":"https:\/\/www.notibras.com\/site\/espelho-espelho-meu-existe-tem-novacap-mais-bonita-do-que-eu\/#primaryimage","url":"https:\/\/www.notibras.com\/site\/wp-content\/uploads\/2015\/11\/novacap.jpg","contentUrl":"https:\/\/www.notibras.com\/site\/wp-content\/uploads\/2015\/11\/novacap.jpg","width":600,"height":450},{"@type":"BreadcrumbList","@id":"https:\/\/www.notibras.com\/site\/espelho-espelho-meu-existe-tem-novacap-mais-bonita-do-que-eu\/#breadcrumb","itemListElement":[{"@type":"ListItem","position":1,"name":"In\u00edcio","item":"https:\/\/www.notibras.com\/site\/"},{"@type":"ListItem","position":2,"name":"Espelho, espelho meu, existe uma Novacap mais bonita do que eu?"}]},{"@type":"WebSite","@id":"https:\/\/www.notibras.com\/site\/#website","url":"https:\/\/www.notibras.com\/site\/","name":"Notibras","description":"Not\u00edcias de Bras\u00edlia, do Brasil e do Mundo","publisher":{"@id":"https:\/\/www.notibras.com\/site\/#organization"},"potentialAction":[{"@type":"SearchAction","target":{"@type":"EntryPoint","urlTemplate":"https:\/\/www.notibras.com\/site\/?s={search_term_string}"},"query-input":{"@type":"PropertyValueSpecification","valueRequired":true,"valueName":"search_term_string"}}],"inLanguage":"pt-BR"},{"@type":"Organization","@id":"https:\/\/www.notibras.com\/site\/#organization","name":"Grupo Notibras de Comunica\u00e7\u00e3o","url":"https:\/\/www.notibras.com\/site\/","logo":{"@type":"ImageObject","inLanguage":"pt-BR","@id":"https:\/\/www.notibras.com\/site\/#\/schema\/logo\/image\/","url":"https:\/\/www.notibras.com\/site\/wp-content\/uploads\/2023\/01\/notibras23.png","contentUrl":"https:\/\/www.notibras.com\/site\/wp-content\/uploads\/2023\/01\/notibras23.png","width":350,"height":87,"caption":"Grupo Notibras de Comunica\u00e7\u00e3o"},"image":{"@id":"https:\/\/www.notibras.com\/site\/#\/schema\/logo\/image\/"},"sameAs":["https:\/\/www.facebook.com\/notibras\/","https:\/\/x.com\/Notibras","https:\/\/www.instagram.com\/notibras\/"]},{"@type":"Person","@id":"https:\/\/www.notibras.com\/site\/#\/schema\/person\/36ab0979449956132d3e5b517ea76ac8","name":"Reda\u00e7\u00e3o","image":{"@type":"ImageObject","inLanguage":"pt-BR","@id":"https:\/\/secure.gravatar.com\/avatar\/e0a867bdedb85fd243eadf09663511f96fc81e0720a4a42581f334ad4303aa6b?s=96&d=mm&r=g","url":"https:\/\/secure.gravatar.com\/avatar\/e0a867bdedb85fd243eadf09663511f96fc81e0720a4a42581f334ad4303aa6b?s=96&d=mm&r=g","contentUrl":"https:\/\/secure.gravatar.com\/avatar\/e0a867bdedb85fd243eadf09663511f96fc81e0720a4a42581f334ad4303aa6b?s=96&d=mm&r=g","caption":"Reda\u00e7\u00e3o"}}]}},"amp_enabled":true,"_links":{"self":[{"href":"https:\/\/www.notibras.com\/site\/wp-json\/wp\/v2\/posts\/78325","targetHints":{"allow":["GET"]}}],"collection":[{"href":"https:\/\/www.notibras.com\/site\/wp-json\/wp\/v2\/posts"}],"about":[{"href":"https:\/\/www.notibras.com\/site\/wp-json\/wp\/v2\/types\/post"}],"author":[{"embeddable":true,"href":"https:\/\/www.notibras.com\/site\/wp-json\/wp\/v2\/users\/2"}],"replies":[{"embeddable":true,"href":"https:\/\/www.notibras.com\/site\/wp-json\/wp\/v2\/comments?post=78325"}],"version-history":[{"count":2,"href":"https:\/\/www.notibras.com\/site\/wp-json\/wp\/v2\/posts\/78325\/revisions"}],"predecessor-version":[{"id":78328,"href":"https:\/\/www.notibras.com\/site\/wp-json\/wp\/v2\/posts\/78325\/revisions\/78328"}],"wp:featuredmedia":[{"embeddable":true,"href":"https:\/\/www.notibras.com\/site\/wp-json\/wp\/v2\/media\/78326"}],"wp:attachment":[{"href":"https:\/\/www.notibras.com\/site\/wp-json\/wp\/v2\/media?parent=78325"}],"wp:term":[{"taxonomy":"category","embeddable":true,"href":"https:\/\/www.notibras.com\/site\/wp-json\/wp\/v2\/categories?post=78325"},{"taxonomy":"post_tag","embeddable":true,"href":"https:\/\/www.notibras.com\/site\/wp-json\/wp\/v2\/tags?post=78325"}],"curies":[{"name":"wp","href":"https:\/\/api.w.org\/{rel}","templated":true}]}}