{"id":78431,"date":"2015-11-27T17:14:18","date_gmt":"2015-11-27T19:14:18","guid":{"rendered":"http:\/\/www.notibras.com\/site\/?p=78431"},"modified":"2015-11-28T20:27:33","modified_gmt":"2015-11-28T22:27:33","slug":"supremo-monta-o-cadafalso-e-espera-por-cunha-em-fevereiro","status":"publish","type":"post","link":"https:\/\/www.notibras.com\/site\/supremo-monta-o-cadafalso-e-espera-por-cunha-em-fevereiro\/","title":{"rendered":"Supremo monta cadafalso com forca e espera por Eduardo Cunha em fevereiro"},"content":{"rendered":"<p>O deputado Eduardo Cunha, presidente da C\u00e2mara dos Deputados, est\u00e1 rolando ladeira abaixo, em ritmo bem acelerado. Acuado por den\u00fancias de contas ilegais no exterior, que teriam sido abastecidas com dinheiro roubado na Petrobras, dia ap\u00f3s dia, ele perde prestigio entre seus pares. Est\u00e1 a caminho de ficar isolado.<\/p>\n<p>A oposi\u00e7\u00e3o (PSDB, DEM e PPS), que no in\u00edcio o sustentava, quer agora coloc\u00e1-lo fora do comando da C\u00e2mara. Esse seu afastamento, e mesmo a cassa\u00e7\u00e3o do seu mandato, \u00e9 quest\u00e3o de tempo. Isso certamente n\u00e3o acontecer\u00e1 neste ano, j\u00e1 que faltam apenas tr\u00eas semanas para o in\u00edcio do recesso parlamentar (18 de dezembro).<\/p>\n<p>Manobras regimentais o ajudar\u00e3o a levar seu julgamento no Conselho de \u00c9tica para fevereiro do pr\u00f3ximo ano. Essas manobras est\u00e3o contando com o apoio do PMDB e PT. Em troca, Eduardo Cunha segura o andamento do pedido de impeachment contra a presidente Dilma Rousseff, formulado pelos juristas H\u00e9lio Bicudo e Reale Junior, para frusta\u00e7\u00e3o da oposi\u00e7\u00e3o.<\/p>\n<p>A partir de fevereiro, com o reinicio das atividades do Congresso Nacional, a vida de Cunha vai entrar numa fase terr\u00edvel para ele. Chegar\u00e1 o momento em que o Conselho de \u00c9tica vai decidir sobre a cassa\u00e7\u00e3o do seu mandato. Ter\u00e1 esse enfrentamento com o seu prestigio em baixa junto aos deputados. E o pior \u00e9 que o Supremo Tribunal Federal iniciar\u00e1, talvez j\u00e1 em fevereiro, o julgamento dos dois processos em que Cunha est\u00e1 envolvido por desvios praticados na Petrobras.<\/p>\n<p>Seu julgamento ser\u00e1 feito no plen\u00e1rio do Supremo, com a participa\u00e7\u00e3o dos 11 ministros. Pelas comprova\u00e7\u00f5es apresentadas pela Procuradoria-geral da Rep\u00fablica, dificilmente Cunha deixar\u00e1 de ser punido duramente, inclusive com a decreta\u00e7\u00e3o da sua pris\u00e3o. Essa \u00e9 a expectativa dos meios pol\u00edticos aqui em Bras\u00edlia.<\/p>\n","protected":false},"excerpt":{"rendered":"<p>O deputado Eduardo Cunha, presidente da C\u00e2mara dos Deputados, est\u00e1 rolando ladeira abaixo, em ritmo bem acelerado. Acuado por den\u00fancias de contas ilegais no exterior, que teriam sido abastecidas com dinheiro roubado na Petrobras, dia ap\u00f3s dia, ele perde prestigio entre seus pares. Est\u00e1 a caminho de ficar isolado. A oposi\u00e7\u00e3o (PSDB, DEM e PPS), [&hellip;]<\/p>\n","protected":false},"author":2,"featured_media":78432,"comment_status":"open","ping_status":"closed","sticky":false,"template":"","format":"standard","meta":{"_acf_changed":false,"footnotes":""},"categories":[42],"tags":[],"class_list":["post-78431","post","type-post","status-publish","format-standard","has-post-thumbnail","hentry","category-coletti"],"acf":[],"yoast_head":"<!-- This site is optimized with the Yoast SEO plugin v27.2 - https:\/\/yoast.com\/product\/yoast-seo-wordpress\/ -->\n<title>Supremo monta cadafalso com forca e espera por Eduardo Cunha em fevereiro - Notibras<\/title>\n<meta name=\"robots\" content=\"index, follow, max-snippet:-1, max-image-preview:large, max-video-preview:-1\" \/>\n<link rel=\"canonical\" href=\"https:\/\/www.notibras.com\/site\/supremo-monta-o-cadafalso-e-espera-por-cunha-em-fevereiro\/\" \/>\n<meta property=\"og:locale\" content=\"pt_BR\" \/>\n<meta property=\"og:type\" content=\"article\" \/>\n<meta property=\"og:title\" content=\"Supremo monta cadafalso com forca e espera por Eduardo Cunha em fevereiro - Notibras\" \/>\n<meta property=\"og:description\" content=\"O deputado Eduardo Cunha, presidente da C\u00e2mara dos Deputados, est\u00e1 rolando ladeira abaixo, em ritmo bem acelerado. Acuado por den\u00fancias de contas ilegais no exterior, que teriam sido abastecidas com dinheiro roubado na Petrobras, dia ap\u00f3s dia, ele perde prestigio entre seus pares. Est\u00e1 a caminho de ficar isolado. A oposi\u00e7\u00e3o (PSDB, DEM e PPS), [&hellip;]\" \/>\n<meta property=\"og:url\" content=\"https:\/\/www.notibras.com\/site\/supremo-monta-o-cadafalso-e-espera-por-cunha-em-fevereiro\/\" \/>\n<meta property=\"og:site_name\" content=\"Notibras\" \/>\n<meta property=\"article:publisher\" content=\"https:\/\/www.facebook.com\/notibras\/\" \/>\n<meta property=\"article:published_time\" content=\"2015-11-27T19:14:18+00:00\" \/>\n<meta property=\"article:modified_time\" content=\"2015-11-28T22:27:33+00:00\" \/>\n<meta property=\"og:image\" content=\"https:\/\/www.notibras.com\/site\/wp-content\/uploads\/2015\/11\/cunha-2.jpg\" \/>\n\t<meta property=\"og:image:width\" content=\"597\" \/>\n\t<meta property=\"og:image:height\" content=\"336\" \/>\n\t<meta property=\"og:image:type\" content=\"image\/jpeg\" \/>\n<meta name=\"author\" content=\"Reda\u00e7\u00e3o\" \/>\n<meta name=\"twitter:card\" content=\"summary_large_image\" \/>\n<meta name=\"twitter:creator\" content=\"@Notibras\" \/>\n<meta name=\"twitter:site\" content=\"@Notibras\" \/>\n<meta name=\"twitter:label1\" content=\"Escrito por\" \/>\n\t<meta name=\"twitter:data1\" content=\"Reda\u00e7\u00e3o\" \/>\n\t<meta name=\"twitter:label2\" content=\"Est. tempo de leitura\" \/>\n\t<meta name=\"twitter:data2\" content=\"2 minutos\" \/>\n<script type=\"application\/ld+json\" class=\"yoast-schema-graph\">{\"@context\":\"https:\/\/schema.org\",\"@graph\":[{\"@type\":\"Article\",\"@id\":\"https:\/\/www.notibras.com\/site\/supremo-monta-o-cadafalso-e-espera-por-cunha-em-fevereiro\/#article\",\"isPartOf\":{\"@id\":\"https:\/\/www.notibras.com\/site\/supremo-monta-o-cadafalso-e-espera-por-cunha-em-fevereiro\/\"},\"author\":{\"name\":\"Reda\u00e7\u00e3o\",\"@id\":\"https:\/\/www.notibras.com\/site\/#\/schema\/person\/36ab0979449956132d3e5b517ea76ac8\"},\"headline\":\"Supremo monta cadafalso com forca e espera por Eduardo Cunha em fevereiro\",\"datePublished\":\"2015-11-27T19:14:18+00:00\",\"dateModified\":\"2015-11-28T22:27:33+00:00\",\"mainEntityOfPage\":{\"@id\":\"https:\/\/www.notibras.com\/site\/supremo-monta-o-cadafalso-e-espera-por-cunha-em-fevereiro\/\"},\"wordCount\":320,\"commentCount\":0,\"publisher\":{\"@id\":\"https:\/\/www.notibras.com\/site\/#organization\"},\"image\":{\"@id\":\"https:\/\/www.notibras.com\/site\/supremo-monta-o-cadafalso-e-espera-por-cunha-em-fevereiro\/#primaryimage\"},\"thumbnailUrl\":\"https:\/\/www.notibras.com\/site\/wp-content\/uploads\/2015\/11\/cunha-2.jpg\",\"articleSection\":[\"Cl\u00e1udio Coletti\"],\"inLanguage\":\"pt-BR\",\"potentialAction\":[{\"@type\":\"CommentAction\",\"name\":\"Comment\",\"target\":[\"https:\/\/www.notibras.com\/site\/supremo-monta-o-cadafalso-e-espera-por-cunha-em-fevereiro\/#respond\"]}]},{\"@type\":\"WebPage\",\"@id\":\"https:\/\/www.notibras.com\/site\/supremo-monta-o-cadafalso-e-espera-por-cunha-em-fevereiro\/\",\"url\":\"https:\/\/www.notibras.com\/site\/supremo-monta-o-cadafalso-e-espera-por-cunha-em-fevereiro\/\",\"name\":\"Supremo monta cadafalso com forca e espera por Eduardo Cunha em fevereiro - Notibras\",\"isPartOf\":{\"@id\":\"https:\/\/www.notibras.com\/site\/#website\"},\"primaryImageOfPage\":{\"@id\":\"https:\/\/www.notibras.com\/site\/supremo-monta-o-cadafalso-e-espera-por-cunha-em-fevereiro\/#primaryimage\"},\"image\":{\"@id\":\"https:\/\/www.notibras.com\/site\/supremo-monta-o-cadafalso-e-espera-por-cunha-em-fevereiro\/#primaryimage\"},\"thumbnailUrl\":\"https:\/\/www.notibras.com\/site\/wp-content\/uploads\/2015\/11\/cunha-2.jpg\",\"datePublished\":\"2015-11-27T19:14:18+00:00\",\"dateModified\":\"2015-11-28T22:27:33+00:00\",\"breadcrumb\":{\"@id\":\"https:\/\/www.notibras.com\/site\/supremo-monta-o-cadafalso-e-espera-por-cunha-em-fevereiro\/#breadcrumb\"},\"inLanguage\":\"pt-BR\",\"potentialAction\":[{\"@type\":\"ReadAction\",\"target\":[\"https:\/\/www.notibras.com\/site\/supremo-monta-o-cadafalso-e-espera-por-cunha-em-fevereiro\/\"]}]},{\"@type\":\"ImageObject\",\"inLanguage\":\"pt-BR\",\"@id\":\"https:\/\/www.notibras.com\/site\/supremo-monta-o-cadafalso-e-espera-por-cunha-em-fevereiro\/#primaryimage\",\"url\":\"https:\/\/www.notibras.com\/site\/wp-content\/uploads\/2015\/11\/cunha-2.jpg\",\"contentUrl\":\"https:\/\/www.notibras.com\/site\/wp-content\/uploads\/2015\/11\/cunha-2.jpg\",\"width\":597,\"height\":336},{\"@type\":\"BreadcrumbList\",\"@id\":\"https:\/\/www.notibras.com\/site\/supremo-monta-o-cadafalso-e-espera-por-cunha-em-fevereiro\/#breadcrumb\",\"itemListElement\":[{\"@type\":\"ListItem\",\"position\":1,\"name\":\"In\u00edcio\",\"item\":\"https:\/\/www.notibras.com\/site\/\"},{\"@type\":\"ListItem\",\"position\":2,\"name\":\"Supremo monta cadafalso com forca e espera por Eduardo Cunha em fevereiro\"}]},{\"@type\":\"WebSite\",\"@id\":\"https:\/\/www.notibras.com\/site\/#website\",\"url\":\"https:\/\/www.notibras.com\/site\/\",\"name\":\"Notibras\",\"description\":\"Not\u00edcias de Bras\u00edlia, do Brasil e do Mundo\",\"publisher\":{\"@id\":\"https:\/\/www.notibras.com\/site\/#organization\"},\"potentialAction\":[{\"@type\":\"SearchAction\",\"target\":{\"@type\":\"EntryPoint\",\"urlTemplate\":\"https:\/\/www.notibras.com\/site\/?s={search_term_string}\"},\"query-input\":{\"@type\":\"PropertyValueSpecification\",\"valueRequired\":true,\"valueName\":\"search_term_string\"}}],\"inLanguage\":\"pt-BR\"},{\"@type\":\"Organization\",\"@id\":\"https:\/\/www.notibras.com\/site\/#organization\",\"name\":\"Grupo Notibras de Comunica\u00e7\u00e3o\",\"url\":\"https:\/\/www.notibras.com\/site\/\",\"logo\":{\"@type\":\"ImageObject\",\"inLanguage\":\"pt-BR\",\"@id\":\"https:\/\/www.notibras.com\/site\/#\/schema\/logo\/image\/\",\"url\":\"https:\/\/www.notibras.com\/site\/wp-content\/uploads\/2023\/01\/notibras23.png\",\"contentUrl\":\"https:\/\/www.notibras.com\/site\/wp-content\/uploads\/2023\/01\/notibras23.png\",\"width\":350,\"height\":87,\"caption\":\"Grupo Notibras de Comunica\u00e7\u00e3o\"},\"image\":{\"@id\":\"https:\/\/www.notibras.com\/site\/#\/schema\/logo\/image\/\"},\"sameAs\":[\"https:\/\/www.facebook.com\/notibras\/\",\"https:\/\/x.com\/Notibras\",\"https:\/\/www.instagram.com\/notibras\/\"]},{\"@type\":\"Person\",\"@id\":\"https:\/\/www.notibras.com\/site\/#\/schema\/person\/36ab0979449956132d3e5b517ea76ac8\",\"name\":\"Reda\u00e7\u00e3o\",\"image\":{\"@type\":\"ImageObject\",\"inLanguage\":\"pt-BR\",\"@id\":\"https:\/\/secure.gravatar.com\/avatar\/e0a867bdedb85fd243eadf09663511f96fc81e0720a4a42581f334ad4303aa6b?s=96&d=mm&r=g\",\"url\":\"https:\/\/secure.gravatar.com\/avatar\/e0a867bdedb85fd243eadf09663511f96fc81e0720a4a42581f334ad4303aa6b?s=96&d=mm&r=g\",\"contentUrl\":\"https:\/\/secure.gravatar.com\/avatar\/e0a867bdedb85fd243eadf09663511f96fc81e0720a4a42581f334ad4303aa6b?s=96&d=mm&r=g\",\"caption\":\"Reda\u00e7\u00e3o\"}}]}<\/script>\n<!-- \/ Yoast SEO plugin. -->","yoast_head_json":{"title":"Supremo monta cadafalso com forca e espera por Eduardo Cunha em fevereiro - Notibras","robots":{"index":"index","follow":"follow","max-snippet":"max-snippet:-1","max-image-preview":"max-image-preview:large","max-video-preview":"max-video-preview:-1"},"canonical":"https:\/\/www.notibras.com\/site\/supremo-monta-o-cadafalso-e-espera-por-cunha-em-fevereiro\/","og_locale":"pt_BR","og_type":"article","og_title":"Supremo monta cadafalso com forca e espera por Eduardo Cunha em fevereiro - Notibras","og_description":"O deputado Eduardo Cunha, presidente da C\u00e2mara dos Deputados, est\u00e1 rolando ladeira abaixo, em ritmo bem acelerado. Acuado por den\u00fancias de contas ilegais no exterior, que teriam sido abastecidas com dinheiro roubado na Petrobras, dia ap\u00f3s dia, ele perde prestigio entre seus pares. Est\u00e1 a caminho de ficar isolado. A oposi\u00e7\u00e3o (PSDB, DEM e PPS), [&hellip;]","og_url":"https:\/\/www.notibras.com\/site\/supremo-monta-o-cadafalso-e-espera-por-cunha-em-fevereiro\/","og_site_name":"Notibras","article_publisher":"https:\/\/www.facebook.com\/notibras\/","article_published_time":"2015-11-27T19:14:18+00:00","article_modified_time":"2015-11-28T22:27:33+00:00","og_image":[{"width":597,"height":336,"url":"https:\/\/www.notibras.com\/site\/wp-content\/uploads\/2015\/11\/cunha-2.jpg","type":"image\/jpeg"}],"author":"Reda\u00e7\u00e3o","twitter_card":"summary_large_image","twitter_creator":"@Notibras","twitter_site":"@Notibras","twitter_misc":{"Escrito por":"Reda\u00e7\u00e3o","Est. tempo de leitura":"2 minutos"},"schema":{"@context":"https:\/\/schema.org","@graph":[{"@type":"Article","@id":"https:\/\/www.notibras.com\/site\/supremo-monta-o-cadafalso-e-espera-por-cunha-em-fevereiro\/#article","isPartOf":{"@id":"https:\/\/www.notibras.com\/site\/supremo-monta-o-cadafalso-e-espera-por-cunha-em-fevereiro\/"},"author":{"name":"Reda\u00e7\u00e3o","@id":"https:\/\/www.notibras.com\/site\/#\/schema\/person\/36ab0979449956132d3e5b517ea76ac8"},"headline":"Supremo monta cadafalso com forca e espera por Eduardo Cunha em fevereiro","datePublished":"2015-11-27T19:14:18+00:00","dateModified":"2015-11-28T22:27:33+00:00","mainEntityOfPage":{"@id":"https:\/\/www.notibras.com\/site\/supremo-monta-o-cadafalso-e-espera-por-cunha-em-fevereiro\/"},"wordCount":320,"commentCount":0,"publisher":{"@id":"https:\/\/www.notibras.com\/site\/#organization"},"image":{"@id":"https:\/\/www.notibras.com\/site\/supremo-monta-o-cadafalso-e-espera-por-cunha-em-fevereiro\/#primaryimage"},"thumbnailUrl":"https:\/\/www.notibras.com\/site\/wp-content\/uploads\/2015\/11\/cunha-2.jpg","articleSection":["Cl\u00e1udio Coletti"],"inLanguage":"pt-BR","potentialAction":[{"@type":"CommentAction","name":"Comment","target":["https:\/\/www.notibras.com\/site\/supremo-monta-o-cadafalso-e-espera-por-cunha-em-fevereiro\/#respond"]}]},{"@type":"WebPage","@id":"https:\/\/www.notibras.com\/site\/supremo-monta-o-cadafalso-e-espera-por-cunha-em-fevereiro\/","url":"https:\/\/www.notibras.com\/site\/supremo-monta-o-cadafalso-e-espera-por-cunha-em-fevereiro\/","name":"Supremo monta cadafalso com forca e espera por Eduardo Cunha em fevereiro - Notibras","isPartOf":{"@id":"https:\/\/www.notibras.com\/site\/#website"},"primaryImageOfPage":{"@id":"https:\/\/www.notibras.com\/site\/supremo-monta-o-cadafalso-e-espera-por-cunha-em-fevereiro\/#primaryimage"},"image":{"@id":"https:\/\/www.notibras.com\/site\/supremo-monta-o-cadafalso-e-espera-por-cunha-em-fevereiro\/#primaryimage"},"thumbnailUrl":"https:\/\/www.notibras.com\/site\/wp-content\/uploads\/2015\/11\/cunha-2.jpg","datePublished":"2015-11-27T19:14:18+00:00","dateModified":"2015-11-28T22:27:33+00:00","breadcrumb":{"@id":"https:\/\/www.notibras.com\/site\/supremo-monta-o-cadafalso-e-espera-por-cunha-em-fevereiro\/#breadcrumb"},"inLanguage":"pt-BR","potentialAction":[{"@type":"ReadAction","target":["https:\/\/www.notibras.com\/site\/supremo-monta-o-cadafalso-e-espera-por-cunha-em-fevereiro\/"]}]},{"@type":"ImageObject","inLanguage":"pt-BR","@id":"https:\/\/www.notibras.com\/site\/supremo-monta-o-cadafalso-e-espera-por-cunha-em-fevereiro\/#primaryimage","url":"https:\/\/www.notibras.com\/site\/wp-content\/uploads\/2015\/11\/cunha-2.jpg","contentUrl":"https:\/\/www.notibras.com\/site\/wp-content\/uploads\/2015\/11\/cunha-2.jpg","width":597,"height":336},{"@type":"BreadcrumbList","@id":"https:\/\/www.notibras.com\/site\/supremo-monta-o-cadafalso-e-espera-por-cunha-em-fevereiro\/#breadcrumb","itemListElement":[{"@type":"ListItem","position":1,"name":"In\u00edcio","item":"https:\/\/www.notibras.com\/site\/"},{"@type":"ListItem","position":2,"name":"Supremo monta cadafalso com forca e espera por Eduardo Cunha em fevereiro"}]},{"@type":"WebSite","@id":"https:\/\/www.notibras.com\/site\/#website","url":"https:\/\/www.notibras.com\/site\/","name":"Notibras","description":"Not\u00edcias de Bras\u00edlia, do Brasil e do Mundo","publisher":{"@id":"https:\/\/www.notibras.com\/site\/#organization"},"potentialAction":[{"@type":"SearchAction","target":{"@type":"EntryPoint","urlTemplate":"https:\/\/www.notibras.com\/site\/?s={search_term_string}"},"query-input":{"@type":"PropertyValueSpecification","valueRequired":true,"valueName":"search_term_string"}}],"inLanguage":"pt-BR"},{"@type":"Organization","@id":"https:\/\/www.notibras.com\/site\/#organization","name":"Grupo Notibras de Comunica\u00e7\u00e3o","url":"https:\/\/www.notibras.com\/site\/","logo":{"@type":"ImageObject","inLanguage":"pt-BR","@id":"https:\/\/www.notibras.com\/site\/#\/schema\/logo\/image\/","url":"https:\/\/www.notibras.com\/site\/wp-content\/uploads\/2023\/01\/notibras23.png","contentUrl":"https:\/\/www.notibras.com\/site\/wp-content\/uploads\/2023\/01\/notibras23.png","width":350,"height":87,"caption":"Grupo Notibras de Comunica\u00e7\u00e3o"},"image":{"@id":"https:\/\/www.notibras.com\/site\/#\/schema\/logo\/image\/"},"sameAs":["https:\/\/www.facebook.com\/notibras\/","https:\/\/x.com\/Notibras","https:\/\/www.instagram.com\/notibras\/"]},{"@type":"Person","@id":"https:\/\/www.notibras.com\/site\/#\/schema\/person\/36ab0979449956132d3e5b517ea76ac8","name":"Reda\u00e7\u00e3o","image":{"@type":"ImageObject","inLanguage":"pt-BR","@id":"https:\/\/secure.gravatar.com\/avatar\/e0a867bdedb85fd243eadf09663511f96fc81e0720a4a42581f334ad4303aa6b?s=96&d=mm&r=g","url":"https:\/\/secure.gravatar.com\/avatar\/e0a867bdedb85fd243eadf09663511f96fc81e0720a4a42581f334ad4303aa6b?s=96&d=mm&r=g","contentUrl":"https:\/\/secure.gravatar.com\/avatar\/e0a867bdedb85fd243eadf09663511f96fc81e0720a4a42581f334ad4303aa6b?s=96&d=mm&r=g","caption":"Reda\u00e7\u00e3o"}}]}},"amp_enabled":true,"_links":{"self":[{"href":"https:\/\/www.notibras.com\/site\/wp-json\/wp\/v2\/posts\/78431","targetHints":{"allow":["GET"]}}],"collection":[{"href":"https:\/\/www.notibras.com\/site\/wp-json\/wp\/v2\/posts"}],"about":[{"href":"https:\/\/www.notibras.com\/site\/wp-json\/wp\/v2\/types\/post"}],"author":[{"embeddable":true,"href":"https:\/\/www.notibras.com\/site\/wp-json\/wp\/v2\/users\/2"}],"replies":[{"embeddable":true,"href":"https:\/\/www.notibras.com\/site\/wp-json\/wp\/v2\/comments?post=78431"}],"version-history":[{"count":2,"href":"https:\/\/www.notibras.com\/site\/wp-json\/wp\/v2\/posts\/78431\/revisions"}],"predecessor-version":[{"id":78605,"href":"https:\/\/www.notibras.com\/site\/wp-json\/wp\/v2\/posts\/78431\/revisions\/78605"}],"wp:featuredmedia":[{"embeddable":true,"href":"https:\/\/www.notibras.com\/site\/wp-json\/wp\/v2\/media\/78432"}],"wp:attachment":[{"href":"https:\/\/www.notibras.com\/site\/wp-json\/wp\/v2\/media?parent=78431"}],"wp:term":[{"taxonomy":"category","embeddable":true,"href":"https:\/\/www.notibras.com\/site\/wp-json\/wp\/v2\/categories?post=78431"},{"taxonomy":"post_tag","embeddable":true,"href":"https:\/\/www.notibras.com\/site\/wp-json\/wp\/v2\/tags?post=78431"}],"curies":[{"name":"wp","href":"https:\/\/api.w.org\/{rel}","templated":true}]}}