{"id":78855,"date":"2015-11-30T12:52:56","date_gmt":"2015-11-30T14:52:56","guid":{"rendered":"http:\/\/www.notibras.com\/site\/?p=78855"},"modified":"2015-12-01T11:31:28","modified_gmt":"2015-12-01T13:31:28","slug":"cunha-pisa-na-lama-sem-sapatos-e-sera-abatido-como-um-bode-velho","status":"publish","type":"post","link":"https:\/\/www.notibras.com\/site\/cunha-pisa-na-lama-sem-sapatos-e-sera-abatido-como-um-bode-velho\/","title":{"rendered":"Cunha pisa na lama sem sapatos e ser\u00e1 abatido como um bode velho"},"content":{"rendered":"<p>O \u201cgato\u201d eleitoral feito por este governo continua tendo desdobramentos antag\u00f4nicos. Temos um grito rouco ecoando dos guetos do Congresso Nacional. Na verdade \u00e9 um berro desesperado do bode que est\u00e1 na antessala da Lava Jato. Eduardo Cunha, o deputado vendedor de carne mo\u00edda para a \u00c1frica \u2013 e que diz ter ficado milion\u00e1rio com isso -, soltou que j\u00e1 tem sua decis\u00e3o para os pedidos de impeachment da presidente Dilma Rousseff.<\/p>\n<p>Cunha alertou aos agregados palacianos que pode prorrogar por mais 60 dias as CPIs do BNDES e Fundos de Pens\u00e3o, e ainda, criar na C\u00e2mara as CPIs do Carf e do Futebol \u2013 a exemplo das que correm no Senado. Blefe?! Chantagem?! Na verdade um berro desesperado de quem precisa se salvar das barras do abatedouro que lhe espera: as celas da Lava Jato em Curitiba.<\/p>\n<p>Saber tudo o que h\u00e1 de verdade ou de fantasia em torno do presidente da C\u00e2mara \u00e9, neste momento, uma necessidade institucional e um direito de todo cidad\u00e3o. Se Cunha resiste com desfa\u00e7atez desmedida, abusa da falta de vergonha e da hipocrisia. Seu cinismo \u00e9 Black Friday.<\/p>\n<p>Cunha foi eleito presidente da C\u00e2mara em fevereiro, entrou atirando e hoje berra. Ele \u00e9 o bode da Dilma. O governo e a oposi\u00e7\u00e3o acham que podem fazer acordos com Eduardo Cunha. Vejo ai nada al\u00e9m do que um caso de contamina\u00e7\u00e3o volunt\u00e1ria de reputa\u00e7\u00f5es. A entrada rasante, mesmo voadora, na roda de Renan Calheiros e Delc\u00eddio do Amaral, mostra que havia macumba na encruzilhada que liga a Lava Jato e os doutores da pol\u00edtica nacional.<\/p>\n<p>Nisso tudo, uma coisa \u00e9 certa: nem a oposi\u00e7\u00e3o e muito menos o Planalto, controlam o Minist\u00e9rio P\u00fablico e a Lava Jato. Se controlassem, ela j\u00e1 teria acabado h\u00e1 muitos meses. N\u00e3o h\u00e1 mais como segurar o impeachment \u2013 se ele n\u00e3o vier agora, ser\u00e1 nas urnas em 2018 -, muito menos evitar a ida de Cunha para fazer companhia a Delc\u00eddio e outros, mesmo que o bode continue a berrar na antessala da Papuda. Desde abril de 2014, Eduardo Cunha sabia que a Lava Jato chegaria a ele. Blefar faz parte do jogo pol\u00edtico.<\/p>\n<p>As coisas at\u00e9 que poderiam ter ido bem para a presidente Dilma, pois Eduardo Cunha estava parado, e A\u00e9cio Neves, calado. Contudo, seu governo parece ter entrado num processo de autocombust\u00e3o com a pris\u00e3o do senador Delc\u00eddio do Amaral. A partir da\u00ed, seu \u201cbunker\u201d come\u00e7ou a ruir. Nem mesmo o lulopetismo ir\u00e1 salv\u00e1-la.<\/p>\n<p>Nem sei se ela dar\u00e1 ouvidos aos berros do bode. Acho que n\u00e3o, mas s\u00f3 o rtempo para mostrar. Um governo sem lideran\u00e7a parlamentar nem sistema operacional fabrica crises a partir do nada. Um sujeito pode estar doente e pendurado na quitanda da esquina, mas n\u00e3o precisa aparecer na rua sem o sapato de um dos p\u00e9s.<\/p>\n<p>Cunha est\u00e1 sem os dois sapatos que lhe protegeria da lama em que se meteu. O bode apenas berra, mesmo sabendo que ser\u00e1 abatido.<\/p>\n","protected":false},"excerpt":{"rendered":"<p>O \u201cgato\u201d eleitoral feito por este governo continua tendo desdobramentos antag\u00f4nicos. Temos um grito rouco ecoando dos guetos do Congresso Nacional. Na verdade \u00e9 um berro desesperado do bode que est\u00e1 na antessala da Lava Jato. Eduardo Cunha, o deputado vendedor de carne mo\u00edda para a \u00c1frica \u2013 e que diz ter ficado milion\u00e1rio com [&hellip;]<\/p>\n","protected":false},"author":2,"featured_media":78856,"comment_status":"open","ping_status":"closed","sticky":false,"template":"","format":"standard","meta":{"_acf_changed":false,"footnotes":""},"categories":[62],"tags":[],"class_list":["post-78855","post","type-post","status-publish","format-standard","has-post-thumbnail","hentry","category-joao-moura"],"acf":[],"yoast_head":"<!-- This site is optimized with the Yoast SEO plugin v27.2 - https:\/\/yoast.com\/product\/yoast-seo-wordpress\/ -->\n<title>Cunha pisa na lama sem sapatos e ser\u00e1 abatido como um bode velho - Notibras<\/title>\n<meta name=\"robots\" content=\"index, follow, max-snippet:-1, max-image-preview:large, max-video-preview:-1\" \/>\n<link rel=\"canonical\" href=\"https:\/\/www.notibras.com\/site\/cunha-pisa-na-lama-sem-sapatos-e-sera-abatido-como-um-bode-velho\/\" \/>\n<meta property=\"og:locale\" content=\"pt_BR\" \/>\n<meta property=\"og:type\" content=\"article\" \/>\n<meta property=\"og:title\" content=\"Cunha pisa na lama sem sapatos e ser\u00e1 abatido como um bode velho - Notibras\" \/>\n<meta property=\"og:description\" content=\"O \u201cgato\u201d eleitoral feito por este governo continua tendo desdobramentos antag\u00f4nicos. Temos um grito rouco ecoando dos guetos do Congresso Nacional. Na verdade \u00e9 um berro desesperado do bode que est\u00e1 na antessala da Lava Jato. Eduardo Cunha, o deputado vendedor de carne mo\u00edda para a \u00c1frica \u2013 e que diz ter ficado milion\u00e1rio com [&hellip;]\" \/>\n<meta property=\"og:url\" content=\"https:\/\/www.notibras.com\/site\/cunha-pisa-na-lama-sem-sapatos-e-sera-abatido-como-um-bode-velho\/\" \/>\n<meta property=\"og:site_name\" content=\"Notibras\" \/>\n<meta property=\"article:publisher\" content=\"https:\/\/www.facebook.com\/notibras\/\" \/>\n<meta property=\"article:published_time\" content=\"2015-11-30T14:52:56+00:00\" \/>\n<meta property=\"article:modified_time\" content=\"2015-12-01T13:31:28+00:00\" \/>\n<meta property=\"og:image\" content=\"https:\/\/www.notibras.com\/site\/wp-content\/uploads\/2015\/11\/bode.jpg\" \/>\n\t<meta property=\"og:image:width\" content=\"620\" \/>\n\t<meta property=\"og:image:height\" content=\"420\" \/>\n\t<meta property=\"og:image:type\" content=\"image\/jpeg\" \/>\n<meta name=\"author\" content=\"Reda\u00e7\u00e3o\" \/>\n<meta name=\"twitter:card\" content=\"summary_large_image\" \/>\n<meta name=\"twitter:creator\" content=\"@Notibras\" \/>\n<meta name=\"twitter:site\" content=\"@Notibras\" \/>\n<meta name=\"twitter:label1\" content=\"Escrito por\" \/>\n\t<meta name=\"twitter:data1\" content=\"Reda\u00e7\u00e3o\" \/>\n\t<meta name=\"twitter:label2\" content=\"Est. tempo de leitura\" \/>\n\t<meta name=\"twitter:data2\" content=\"3 minutos\" \/>\n<script type=\"application\/ld+json\" class=\"yoast-schema-graph\">{\"@context\":\"https:\/\/schema.org\",\"@graph\":[{\"@type\":\"Article\",\"@id\":\"https:\/\/www.notibras.com\/site\/cunha-pisa-na-lama-sem-sapatos-e-sera-abatido-como-um-bode-velho\/#article\",\"isPartOf\":{\"@id\":\"https:\/\/www.notibras.com\/site\/cunha-pisa-na-lama-sem-sapatos-e-sera-abatido-como-um-bode-velho\/\"},\"author\":{\"name\":\"Reda\u00e7\u00e3o\",\"@id\":\"https:\/\/www.notibras.com\/site\/#\/schema\/person\/36ab0979449956132d3e5b517ea76ac8\"},\"headline\":\"Cunha pisa na lama sem sapatos e ser\u00e1 abatido como um bode velho\",\"datePublished\":\"2015-11-30T14:52:56+00:00\",\"dateModified\":\"2015-12-01T13:31:28+00:00\",\"mainEntityOfPage\":{\"@id\":\"https:\/\/www.notibras.com\/site\/cunha-pisa-na-lama-sem-sapatos-e-sera-abatido-como-um-bode-velho\/\"},\"wordCount\":526,\"commentCount\":0,\"publisher\":{\"@id\":\"https:\/\/www.notibras.com\/site\/#organization\"},\"image\":{\"@id\":\"https:\/\/www.notibras.com\/site\/cunha-pisa-na-lama-sem-sapatos-e-sera-abatido-como-um-bode-velho\/#primaryimage\"},\"thumbnailUrl\":\"https:\/\/www.notibras.com\/site\/wp-content\/uploads\/2015\/11\/bode.jpg\",\"articleSection\":[\"Jo\u00e3o Moura\"],\"inLanguage\":\"pt-BR\",\"potentialAction\":[{\"@type\":\"CommentAction\",\"name\":\"Comment\",\"target\":[\"https:\/\/www.notibras.com\/site\/cunha-pisa-na-lama-sem-sapatos-e-sera-abatido-como-um-bode-velho\/#respond\"]}]},{\"@type\":\"WebPage\",\"@id\":\"https:\/\/www.notibras.com\/site\/cunha-pisa-na-lama-sem-sapatos-e-sera-abatido-como-um-bode-velho\/\",\"url\":\"https:\/\/www.notibras.com\/site\/cunha-pisa-na-lama-sem-sapatos-e-sera-abatido-como-um-bode-velho\/\",\"name\":\"Cunha pisa na lama sem sapatos e ser\u00e1 abatido como um bode velho - Notibras\",\"isPartOf\":{\"@id\":\"https:\/\/www.notibras.com\/site\/#website\"},\"primaryImageOfPage\":{\"@id\":\"https:\/\/www.notibras.com\/site\/cunha-pisa-na-lama-sem-sapatos-e-sera-abatido-como-um-bode-velho\/#primaryimage\"},\"image\":{\"@id\":\"https:\/\/www.notibras.com\/site\/cunha-pisa-na-lama-sem-sapatos-e-sera-abatido-como-um-bode-velho\/#primaryimage\"},\"thumbnailUrl\":\"https:\/\/www.notibras.com\/site\/wp-content\/uploads\/2015\/11\/bode.jpg\",\"datePublished\":\"2015-11-30T14:52:56+00:00\",\"dateModified\":\"2015-12-01T13:31:28+00:00\",\"breadcrumb\":{\"@id\":\"https:\/\/www.notibras.com\/site\/cunha-pisa-na-lama-sem-sapatos-e-sera-abatido-como-um-bode-velho\/#breadcrumb\"},\"inLanguage\":\"pt-BR\",\"potentialAction\":[{\"@type\":\"ReadAction\",\"target\":[\"https:\/\/www.notibras.com\/site\/cunha-pisa-na-lama-sem-sapatos-e-sera-abatido-como-um-bode-velho\/\"]}]},{\"@type\":\"ImageObject\",\"inLanguage\":\"pt-BR\",\"@id\":\"https:\/\/www.notibras.com\/site\/cunha-pisa-na-lama-sem-sapatos-e-sera-abatido-como-um-bode-velho\/#primaryimage\",\"url\":\"https:\/\/www.notibras.com\/site\/wp-content\/uploads\/2015\/11\/bode.jpg\",\"contentUrl\":\"https:\/\/www.notibras.com\/site\/wp-content\/uploads\/2015\/11\/bode.jpg\",\"width\":620,\"height\":420},{\"@type\":\"BreadcrumbList\",\"@id\":\"https:\/\/www.notibras.com\/site\/cunha-pisa-na-lama-sem-sapatos-e-sera-abatido-como-um-bode-velho\/#breadcrumb\",\"itemListElement\":[{\"@type\":\"ListItem\",\"position\":1,\"name\":\"In\u00edcio\",\"item\":\"https:\/\/www.notibras.com\/site\/\"},{\"@type\":\"ListItem\",\"position\":2,\"name\":\"Cunha pisa na lama sem sapatos e ser\u00e1 abatido como um bode velho\"}]},{\"@type\":\"WebSite\",\"@id\":\"https:\/\/www.notibras.com\/site\/#website\",\"url\":\"https:\/\/www.notibras.com\/site\/\",\"name\":\"Notibras\",\"description\":\"Not\u00edcias de Bras\u00edlia, do Brasil e do Mundo\",\"publisher\":{\"@id\":\"https:\/\/www.notibras.com\/site\/#organization\"},\"potentialAction\":[{\"@type\":\"SearchAction\",\"target\":{\"@type\":\"EntryPoint\",\"urlTemplate\":\"https:\/\/www.notibras.com\/site\/?s={search_term_string}\"},\"query-input\":{\"@type\":\"PropertyValueSpecification\",\"valueRequired\":true,\"valueName\":\"search_term_string\"}}],\"inLanguage\":\"pt-BR\"},{\"@type\":\"Organization\",\"@id\":\"https:\/\/www.notibras.com\/site\/#organization\",\"name\":\"Grupo Notibras de Comunica\u00e7\u00e3o\",\"url\":\"https:\/\/www.notibras.com\/site\/\",\"logo\":{\"@type\":\"ImageObject\",\"inLanguage\":\"pt-BR\",\"@id\":\"https:\/\/www.notibras.com\/site\/#\/schema\/logo\/image\/\",\"url\":\"https:\/\/www.notibras.com\/site\/wp-content\/uploads\/2023\/01\/notibras23.png\",\"contentUrl\":\"https:\/\/www.notibras.com\/site\/wp-content\/uploads\/2023\/01\/notibras23.png\",\"width\":350,\"height\":87,\"caption\":\"Grupo Notibras de Comunica\u00e7\u00e3o\"},\"image\":{\"@id\":\"https:\/\/www.notibras.com\/site\/#\/schema\/logo\/image\/\"},\"sameAs\":[\"https:\/\/www.facebook.com\/notibras\/\",\"https:\/\/x.com\/Notibras\",\"https:\/\/www.instagram.com\/notibras\/\"]},{\"@type\":\"Person\",\"@id\":\"https:\/\/www.notibras.com\/site\/#\/schema\/person\/36ab0979449956132d3e5b517ea76ac8\",\"name\":\"Reda\u00e7\u00e3o\",\"image\":{\"@type\":\"ImageObject\",\"inLanguage\":\"pt-BR\",\"@id\":\"https:\/\/secure.gravatar.com\/avatar\/e0a867bdedb85fd243eadf09663511f96fc81e0720a4a42581f334ad4303aa6b?s=96&d=mm&r=g\",\"url\":\"https:\/\/secure.gravatar.com\/avatar\/e0a867bdedb85fd243eadf09663511f96fc81e0720a4a42581f334ad4303aa6b?s=96&d=mm&r=g\",\"contentUrl\":\"https:\/\/secure.gravatar.com\/avatar\/e0a867bdedb85fd243eadf09663511f96fc81e0720a4a42581f334ad4303aa6b?s=96&d=mm&r=g\",\"caption\":\"Reda\u00e7\u00e3o\"}}]}<\/script>\n<!-- \/ Yoast SEO plugin. -->","yoast_head_json":{"title":"Cunha pisa na lama sem sapatos e ser\u00e1 abatido como um bode velho - Notibras","robots":{"index":"index","follow":"follow","max-snippet":"max-snippet:-1","max-image-preview":"max-image-preview:large","max-video-preview":"max-video-preview:-1"},"canonical":"https:\/\/www.notibras.com\/site\/cunha-pisa-na-lama-sem-sapatos-e-sera-abatido-como-um-bode-velho\/","og_locale":"pt_BR","og_type":"article","og_title":"Cunha pisa na lama sem sapatos e ser\u00e1 abatido como um bode velho - Notibras","og_description":"O \u201cgato\u201d eleitoral feito por este governo continua tendo desdobramentos antag\u00f4nicos. Temos um grito rouco ecoando dos guetos do Congresso Nacional. Na verdade \u00e9 um berro desesperado do bode que est\u00e1 na antessala da Lava Jato. Eduardo Cunha, o deputado vendedor de carne mo\u00edda para a \u00c1frica \u2013 e que diz ter ficado milion\u00e1rio com [&hellip;]","og_url":"https:\/\/www.notibras.com\/site\/cunha-pisa-na-lama-sem-sapatos-e-sera-abatido-como-um-bode-velho\/","og_site_name":"Notibras","article_publisher":"https:\/\/www.facebook.com\/notibras\/","article_published_time":"2015-11-30T14:52:56+00:00","article_modified_time":"2015-12-01T13:31:28+00:00","og_image":[{"width":620,"height":420,"url":"https:\/\/www.notibras.com\/site\/wp-content\/uploads\/2015\/11\/bode.jpg","type":"image\/jpeg"}],"author":"Reda\u00e7\u00e3o","twitter_card":"summary_large_image","twitter_creator":"@Notibras","twitter_site":"@Notibras","twitter_misc":{"Escrito por":"Reda\u00e7\u00e3o","Est. tempo de leitura":"3 minutos"},"schema":{"@context":"https:\/\/schema.org","@graph":[{"@type":"Article","@id":"https:\/\/www.notibras.com\/site\/cunha-pisa-na-lama-sem-sapatos-e-sera-abatido-como-um-bode-velho\/#article","isPartOf":{"@id":"https:\/\/www.notibras.com\/site\/cunha-pisa-na-lama-sem-sapatos-e-sera-abatido-como-um-bode-velho\/"},"author":{"name":"Reda\u00e7\u00e3o","@id":"https:\/\/www.notibras.com\/site\/#\/schema\/person\/36ab0979449956132d3e5b517ea76ac8"},"headline":"Cunha pisa na lama sem sapatos e ser\u00e1 abatido como um bode velho","datePublished":"2015-11-30T14:52:56+00:00","dateModified":"2015-12-01T13:31:28+00:00","mainEntityOfPage":{"@id":"https:\/\/www.notibras.com\/site\/cunha-pisa-na-lama-sem-sapatos-e-sera-abatido-como-um-bode-velho\/"},"wordCount":526,"commentCount":0,"publisher":{"@id":"https:\/\/www.notibras.com\/site\/#organization"},"image":{"@id":"https:\/\/www.notibras.com\/site\/cunha-pisa-na-lama-sem-sapatos-e-sera-abatido-como-um-bode-velho\/#primaryimage"},"thumbnailUrl":"https:\/\/www.notibras.com\/site\/wp-content\/uploads\/2015\/11\/bode.jpg","articleSection":["Jo\u00e3o Moura"],"inLanguage":"pt-BR","potentialAction":[{"@type":"CommentAction","name":"Comment","target":["https:\/\/www.notibras.com\/site\/cunha-pisa-na-lama-sem-sapatos-e-sera-abatido-como-um-bode-velho\/#respond"]}]},{"@type":"WebPage","@id":"https:\/\/www.notibras.com\/site\/cunha-pisa-na-lama-sem-sapatos-e-sera-abatido-como-um-bode-velho\/","url":"https:\/\/www.notibras.com\/site\/cunha-pisa-na-lama-sem-sapatos-e-sera-abatido-como-um-bode-velho\/","name":"Cunha pisa na lama sem sapatos e ser\u00e1 abatido como um bode velho - Notibras","isPartOf":{"@id":"https:\/\/www.notibras.com\/site\/#website"},"primaryImageOfPage":{"@id":"https:\/\/www.notibras.com\/site\/cunha-pisa-na-lama-sem-sapatos-e-sera-abatido-como-um-bode-velho\/#primaryimage"},"image":{"@id":"https:\/\/www.notibras.com\/site\/cunha-pisa-na-lama-sem-sapatos-e-sera-abatido-como-um-bode-velho\/#primaryimage"},"thumbnailUrl":"https:\/\/www.notibras.com\/site\/wp-content\/uploads\/2015\/11\/bode.jpg","datePublished":"2015-11-30T14:52:56+00:00","dateModified":"2015-12-01T13:31:28+00:00","breadcrumb":{"@id":"https:\/\/www.notibras.com\/site\/cunha-pisa-na-lama-sem-sapatos-e-sera-abatido-como-um-bode-velho\/#breadcrumb"},"inLanguage":"pt-BR","potentialAction":[{"@type":"ReadAction","target":["https:\/\/www.notibras.com\/site\/cunha-pisa-na-lama-sem-sapatos-e-sera-abatido-como-um-bode-velho\/"]}]},{"@type":"ImageObject","inLanguage":"pt-BR","@id":"https:\/\/www.notibras.com\/site\/cunha-pisa-na-lama-sem-sapatos-e-sera-abatido-como-um-bode-velho\/#primaryimage","url":"https:\/\/www.notibras.com\/site\/wp-content\/uploads\/2015\/11\/bode.jpg","contentUrl":"https:\/\/www.notibras.com\/site\/wp-content\/uploads\/2015\/11\/bode.jpg","width":620,"height":420},{"@type":"BreadcrumbList","@id":"https:\/\/www.notibras.com\/site\/cunha-pisa-na-lama-sem-sapatos-e-sera-abatido-como-um-bode-velho\/#breadcrumb","itemListElement":[{"@type":"ListItem","position":1,"name":"In\u00edcio","item":"https:\/\/www.notibras.com\/site\/"},{"@type":"ListItem","position":2,"name":"Cunha pisa na lama sem sapatos e ser\u00e1 abatido como um bode velho"}]},{"@type":"WebSite","@id":"https:\/\/www.notibras.com\/site\/#website","url":"https:\/\/www.notibras.com\/site\/","name":"Notibras","description":"Not\u00edcias de Bras\u00edlia, do Brasil e do Mundo","publisher":{"@id":"https:\/\/www.notibras.com\/site\/#organization"},"potentialAction":[{"@type":"SearchAction","target":{"@type":"EntryPoint","urlTemplate":"https:\/\/www.notibras.com\/site\/?s={search_term_string}"},"query-input":{"@type":"PropertyValueSpecification","valueRequired":true,"valueName":"search_term_string"}}],"inLanguage":"pt-BR"},{"@type":"Organization","@id":"https:\/\/www.notibras.com\/site\/#organization","name":"Grupo Notibras de Comunica\u00e7\u00e3o","url":"https:\/\/www.notibras.com\/site\/","logo":{"@type":"ImageObject","inLanguage":"pt-BR","@id":"https:\/\/www.notibras.com\/site\/#\/schema\/logo\/image\/","url":"https:\/\/www.notibras.com\/site\/wp-content\/uploads\/2023\/01\/notibras23.png","contentUrl":"https:\/\/www.notibras.com\/site\/wp-content\/uploads\/2023\/01\/notibras23.png","width":350,"height":87,"caption":"Grupo Notibras de Comunica\u00e7\u00e3o"},"image":{"@id":"https:\/\/www.notibras.com\/site\/#\/schema\/logo\/image\/"},"sameAs":["https:\/\/www.facebook.com\/notibras\/","https:\/\/x.com\/Notibras","https:\/\/www.instagram.com\/notibras\/"]},{"@type":"Person","@id":"https:\/\/www.notibras.com\/site\/#\/schema\/person\/36ab0979449956132d3e5b517ea76ac8","name":"Reda\u00e7\u00e3o","image":{"@type":"ImageObject","inLanguage":"pt-BR","@id":"https:\/\/secure.gravatar.com\/avatar\/e0a867bdedb85fd243eadf09663511f96fc81e0720a4a42581f334ad4303aa6b?s=96&d=mm&r=g","url":"https:\/\/secure.gravatar.com\/avatar\/e0a867bdedb85fd243eadf09663511f96fc81e0720a4a42581f334ad4303aa6b?s=96&d=mm&r=g","contentUrl":"https:\/\/secure.gravatar.com\/avatar\/e0a867bdedb85fd243eadf09663511f96fc81e0720a4a42581f334ad4303aa6b?s=96&d=mm&r=g","caption":"Reda\u00e7\u00e3o"}}]}},"amp_enabled":true,"_links":{"self":[{"href":"https:\/\/www.notibras.com\/site\/wp-json\/wp\/v2\/posts\/78855","targetHints":{"allow":["GET"]}}],"collection":[{"href":"https:\/\/www.notibras.com\/site\/wp-json\/wp\/v2\/posts"}],"about":[{"href":"https:\/\/www.notibras.com\/site\/wp-json\/wp\/v2\/types\/post"}],"author":[{"embeddable":true,"href":"https:\/\/www.notibras.com\/site\/wp-json\/wp\/v2\/users\/2"}],"replies":[{"embeddable":true,"href":"https:\/\/www.notibras.com\/site\/wp-json\/wp\/v2\/comments?post=78855"}],"version-history":[{"count":1,"href":"https:\/\/www.notibras.com\/site\/wp-json\/wp\/v2\/posts\/78855\/revisions"}],"predecessor-version":[{"id":78857,"href":"https:\/\/www.notibras.com\/site\/wp-json\/wp\/v2\/posts\/78855\/revisions\/78857"}],"wp:featuredmedia":[{"embeddable":true,"href":"https:\/\/www.notibras.com\/site\/wp-json\/wp\/v2\/media\/78856"}],"wp:attachment":[{"href":"https:\/\/www.notibras.com\/site\/wp-json\/wp\/v2\/media?parent=78855"}],"wp:term":[{"taxonomy":"category","embeddable":true,"href":"https:\/\/www.notibras.com\/site\/wp-json\/wp\/v2\/categories?post=78855"},{"taxonomy":"post_tag","embeddable":true,"href":"https:\/\/www.notibras.com\/site\/wp-json\/wp\/v2\/tags?post=78855"}],"curies":[{"name":"wp","href":"https:\/\/api.w.org\/{rel}","templated":true}]}}