{"id":7888,"date":"2014-04-30T06:33:20","date_gmt":"2014-04-30T09:33:20","guid":{"rendered":"http:\/\/www.notibras.com\/site\/?p=7888"},"modified":"2014-04-30T08:36:50","modified_gmt":"2014-04-30T11:36:50","slug":"acre-fretou-onibus-para-encher-sao-paulo-de-haitianos","status":"publish","type":"post","link":"https:\/\/www.notibras.com\/site\/acre-fretou-onibus-para-encher-sao-paulo-de-haitianos\/","title":{"rendered":"Acre fretou 50 \u00f4nibus para encher S\u00e3o Paulo de haitiano"},"content":{"rendered":"<p>O governo do Acre gastou R$ 1,6 milh\u00e3o para fretar 50 \u00f4nibus para enviar cerca de 2,2 mil imigrantes senegaleses, dominicanos e, principalmente, haitianos para S\u00e3o Paulo. As informa\u00e7\u00f5es s\u00e3o do jornal Folha de S. Paulo.<\/p>\n<p class=\"text\">De acordo com a Secretaria de Desenvolvimento Social do Acre, cada viagem transportou 44 estrangeiros, e custou R$ 32 mil. Segundo o jornal, 41 viagens haviam sido feitas para S\u00e3o Paulo at\u00e9 o \u00faltimo domingo.<\/p>\n<p class=\"text\">O secret\u00e1rio de Desenvolvimento Social do Acre, Ant\u00f4nio Torres, afirmou que os imigrantes s\u00e3o aconselhados a procurar S\u00e3o Paulo por conta da facilidade de acesso a outras cidades das regi\u00f5es Sul e Sudeste.<\/p>\n","protected":false},"excerpt":{"rendered":"<p>O governo do Acre gastou R$ 1,6 milh\u00e3o para fretar 50 \u00f4nibus para enviar cerca de 2,2 mil imigrantes senegaleses, dominicanos e, principalmente, haitianos para S\u00e3o Paulo. As informa\u00e7\u00f5es s\u00e3o do jornal Folha de S. Paulo. De acordo com a Secretaria de Desenvolvimento Social do Acre, cada viagem transportou 44 estrangeiros, e custou R$ 32 [&hellip;]<\/p>\n","protected":false},"author":2,"featured_media":7889,"comment_status":"open","ping_status":"closed","sticky":false,"template":"","format":"standard","meta":{"_acf_changed":false,"footnotes":""},"categories":[16],"tags":[],"class_list":["post-7888","post","type-post","status-publish","format-standard","has-post-thumbnail","hentry","category-brasil"],"acf":[],"yoast_head":"<!-- This site is optimized with the Yoast SEO plugin v27.2 - https:\/\/yoast.com\/product\/yoast-seo-wordpress\/ -->\n<title>Acre fretou 50 \u00f4nibus para encher S\u00e3o Paulo de haitiano - Notibras<\/title>\n<meta name=\"robots\" content=\"index, follow, max-snippet:-1, max-image-preview:large, max-video-preview:-1\" \/>\n<link rel=\"canonical\" href=\"https:\/\/www.notibras.com\/site\/acre-fretou-onibus-para-encher-sao-paulo-de-haitianos\/\" \/>\n<meta property=\"og:locale\" content=\"pt_BR\" \/>\n<meta property=\"og:type\" content=\"article\" \/>\n<meta property=\"og:title\" content=\"Acre fretou 50 \u00f4nibus para encher S\u00e3o Paulo de haitiano - Notibras\" \/>\n<meta property=\"og:description\" content=\"O governo do Acre gastou R$ 1,6 milh\u00e3o para fretar 50 \u00f4nibus para enviar cerca de 2,2 mil imigrantes senegaleses, dominicanos e, principalmente, haitianos para S\u00e3o Paulo. As informa\u00e7\u00f5es s\u00e3o do jornal Folha de S. Paulo. De acordo com a Secretaria de Desenvolvimento Social do Acre, cada viagem transportou 44 estrangeiros, e custou R$ 32 [&hellip;]\" \/>\n<meta property=\"og:url\" content=\"https:\/\/www.notibras.com\/site\/acre-fretou-onibus-para-encher-sao-paulo-de-haitianos\/\" \/>\n<meta property=\"og:site_name\" content=\"Notibras\" \/>\n<meta property=\"article:publisher\" content=\"https:\/\/www.facebook.com\/notibras\/\" \/>\n<meta property=\"article:published_time\" content=\"2014-04-30T09:33:20+00:00\" \/>\n<meta property=\"article:modified_time\" content=\"2014-04-30T11:36:50+00:00\" \/>\n<meta property=\"og:image\" content=\"https:\/\/www.notibras.com\/site\/wp-content\/uploads\/2014\/04\/br2.jpg\" \/>\n\t<meta property=\"og:image:width\" content=\"473\" \/>\n\t<meta property=\"og:image:height\" content=\"314\" \/>\n\t<meta property=\"og:image:type\" content=\"image\/jpeg\" \/>\n<meta name=\"author\" content=\"Reda\u00e7\u00e3o\" \/>\n<meta name=\"twitter:card\" content=\"summary_large_image\" \/>\n<meta name=\"twitter:creator\" content=\"@Notibras\" \/>\n<meta name=\"twitter:site\" content=\"@Notibras\" \/>\n<meta name=\"twitter:label1\" content=\"Escrito por\" \/>\n\t<meta name=\"twitter:data1\" content=\"Reda\u00e7\u00e3o\" \/>\n\t<meta name=\"twitter:label2\" content=\"Est. tempo de leitura\" \/>\n\t<meta name=\"twitter:data2\" content=\"1 minuto\" \/>\n<script type=\"application\/ld+json\" class=\"yoast-schema-graph\">{\"@context\":\"https:\/\/schema.org\",\"@graph\":[{\"@type\":\"Article\",\"@id\":\"https:\/\/www.notibras.com\/site\/acre-fretou-onibus-para-encher-sao-paulo-de-haitianos\/#article\",\"isPartOf\":{\"@id\":\"https:\/\/www.notibras.com\/site\/acre-fretou-onibus-para-encher-sao-paulo-de-haitianos\/\"},\"author\":{\"name\":\"Reda\u00e7\u00e3o\",\"@id\":\"https:\/\/www.notibras.com\/site\/#\/schema\/person\/36ab0979449956132d3e5b517ea76ac8\"},\"headline\":\"Acre fretou 50 \u00f4nibus para encher S\u00e3o Paulo de haitiano\",\"datePublished\":\"2014-04-30T09:33:20+00:00\",\"dateModified\":\"2014-04-30T11:36:50+00:00\",\"mainEntityOfPage\":{\"@id\":\"https:\/\/www.notibras.com\/site\/acre-fretou-onibus-para-encher-sao-paulo-de-haitianos\/\"},\"wordCount\":118,\"commentCount\":0,\"publisher\":{\"@id\":\"https:\/\/www.notibras.com\/site\/#organization\"},\"image\":{\"@id\":\"https:\/\/www.notibras.com\/site\/acre-fretou-onibus-para-encher-sao-paulo-de-haitianos\/#primaryimage\"},\"thumbnailUrl\":\"https:\/\/www.notibras.com\/site\/wp-content\/uploads\/2014\/04\/br2.jpg\",\"articleSection\":[\"Brasil\"],\"inLanguage\":\"pt-BR\",\"potentialAction\":[{\"@type\":\"CommentAction\",\"name\":\"Comment\",\"target\":[\"https:\/\/www.notibras.com\/site\/acre-fretou-onibus-para-encher-sao-paulo-de-haitianos\/#respond\"]}]},{\"@type\":\"WebPage\",\"@id\":\"https:\/\/www.notibras.com\/site\/acre-fretou-onibus-para-encher-sao-paulo-de-haitianos\/\",\"url\":\"https:\/\/www.notibras.com\/site\/acre-fretou-onibus-para-encher-sao-paulo-de-haitianos\/\",\"name\":\"Acre fretou 50 \u00f4nibus para encher S\u00e3o Paulo de haitiano - Notibras\",\"isPartOf\":{\"@id\":\"https:\/\/www.notibras.com\/site\/#website\"},\"primaryImageOfPage\":{\"@id\":\"https:\/\/www.notibras.com\/site\/acre-fretou-onibus-para-encher-sao-paulo-de-haitianos\/#primaryimage\"},\"image\":{\"@id\":\"https:\/\/www.notibras.com\/site\/acre-fretou-onibus-para-encher-sao-paulo-de-haitianos\/#primaryimage\"},\"thumbnailUrl\":\"https:\/\/www.notibras.com\/site\/wp-content\/uploads\/2014\/04\/br2.jpg\",\"datePublished\":\"2014-04-30T09:33:20+00:00\",\"dateModified\":\"2014-04-30T11:36:50+00:00\",\"breadcrumb\":{\"@id\":\"https:\/\/www.notibras.com\/site\/acre-fretou-onibus-para-encher-sao-paulo-de-haitianos\/#breadcrumb\"},\"inLanguage\":\"pt-BR\",\"potentialAction\":[{\"@type\":\"ReadAction\",\"target\":[\"https:\/\/www.notibras.com\/site\/acre-fretou-onibus-para-encher-sao-paulo-de-haitianos\/\"]}]},{\"@type\":\"ImageObject\",\"inLanguage\":\"pt-BR\",\"@id\":\"https:\/\/www.notibras.com\/site\/acre-fretou-onibus-para-encher-sao-paulo-de-haitianos\/#primaryimage\",\"url\":\"https:\/\/www.notibras.com\/site\/wp-content\/uploads\/2014\/04\/br2.jpg\",\"contentUrl\":\"https:\/\/www.notibras.com\/site\/wp-content\/uploads\/2014\/04\/br2.jpg\",\"width\":473,\"height\":314},{\"@type\":\"BreadcrumbList\",\"@id\":\"https:\/\/www.notibras.com\/site\/acre-fretou-onibus-para-encher-sao-paulo-de-haitianos\/#breadcrumb\",\"itemListElement\":[{\"@type\":\"ListItem\",\"position\":1,\"name\":\"In\u00edcio\",\"item\":\"https:\/\/www.notibras.com\/site\/\"},{\"@type\":\"ListItem\",\"position\":2,\"name\":\"Acre fretou 50 \u00f4nibus para encher S\u00e3o Paulo de haitiano\"}]},{\"@type\":\"WebSite\",\"@id\":\"https:\/\/www.notibras.com\/site\/#website\",\"url\":\"https:\/\/www.notibras.com\/site\/\",\"name\":\"Notibras\",\"description\":\"Not\u00edcias de Bras\u00edlia, do Brasil e do Mundo\",\"publisher\":{\"@id\":\"https:\/\/www.notibras.com\/site\/#organization\"},\"potentialAction\":[{\"@type\":\"SearchAction\",\"target\":{\"@type\":\"EntryPoint\",\"urlTemplate\":\"https:\/\/www.notibras.com\/site\/?s={search_term_string}\"},\"query-input\":{\"@type\":\"PropertyValueSpecification\",\"valueRequired\":true,\"valueName\":\"search_term_string\"}}],\"inLanguage\":\"pt-BR\"},{\"@type\":\"Organization\",\"@id\":\"https:\/\/www.notibras.com\/site\/#organization\",\"name\":\"Grupo Notibras de Comunica\u00e7\u00e3o\",\"url\":\"https:\/\/www.notibras.com\/site\/\",\"logo\":{\"@type\":\"ImageObject\",\"inLanguage\":\"pt-BR\",\"@id\":\"https:\/\/www.notibras.com\/site\/#\/schema\/logo\/image\/\",\"url\":\"https:\/\/www.notibras.com\/site\/wp-content\/uploads\/2023\/01\/notibras23.png\",\"contentUrl\":\"https:\/\/www.notibras.com\/site\/wp-content\/uploads\/2023\/01\/notibras23.png\",\"width\":350,\"height\":87,\"caption\":\"Grupo Notibras de Comunica\u00e7\u00e3o\"},\"image\":{\"@id\":\"https:\/\/www.notibras.com\/site\/#\/schema\/logo\/image\/\"},\"sameAs\":[\"https:\/\/www.facebook.com\/notibras\/\",\"https:\/\/x.com\/Notibras\",\"https:\/\/www.instagram.com\/notibras\/\"]},{\"@type\":\"Person\",\"@id\":\"https:\/\/www.notibras.com\/site\/#\/schema\/person\/36ab0979449956132d3e5b517ea76ac8\",\"name\":\"Reda\u00e7\u00e3o\",\"image\":{\"@type\":\"ImageObject\",\"inLanguage\":\"pt-BR\",\"@id\":\"https:\/\/secure.gravatar.com\/avatar\/e0a867bdedb85fd243eadf09663511f96fc81e0720a4a42581f334ad4303aa6b?s=96&d=mm&r=g\",\"url\":\"https:\/\/secure.gravatar.com\/avatar\/e0a867bdedb85fd243eadf09663511f96fc81e0720a4a42581f334ad4303aa6b?s=96&d=mm&r=g\",\"contentUrl\":\"https:\/\/secure.gravatar.com\/avatar\/e0a867bdedb85fd243eadf09663511f96fc81e0720a4a42581f334ad4303aa6b?s=96&d=mm&r=g\",\"caption\":\"Reda\u00e7\u00e3o\"}}]}<\/script>\n<!-- \/ Yoast SEO plugin. -->","yoast_head_json":{"title":"Acre fretou 50 \u00f4nibus para encher S\u00e3o Paulo de haitiano - Notibras","robots":{"index":"index","follow":"follow","max-snippet":"max-snippet:-1","max-image-preview":"max-image-preview:large","max-video-preview":"max-video-preview:-1"},"canonical":"https:\/\/www.notibras.com\/site\/acre-fretou-onibus-para-encher-sao-paulo-de-haitianos\/","og_locale":"pt_BR","og_type":"article","og_title":"Acre fretou 50 \u00f4nibus para encher S\u00e3o Paulo de haitiano - Notibras","og_description":"O governo do Acre gastou R$ 1,6 milh\u00e3o para fretar 50 \u00f4nibus para enviar cerca de 2,2 mil imigrantes senegaleses, dominicanos e, principalmente, haitianos para S\u00e3o Paulo. As informa\u00e7\u00f5es s\u00e3o do jornal Folha de S. Paulo. De acordo com a Secretaria de Desenvolvimento Social do Acre, cada viagem transportou 44 estrangeiros, e custou R$ 32 [&hellip;]","og_url":"https:\/\/www.notibras.com\/site\/acre-fretou-onibus-para-encher-sao-paulo-de-haitianos\/","og_site_name":"Notibras","article_publisher":"https:\/\/www.facebook.com\/notibras\/","article_published_time":"2014-04-30T09:33:20+00:00","article_modified_time":"2014-04-30T11:36:50+00:00","og_image":[{"width":473,"height":314,"url":"https:\/\/www.notibras.com\/site\/wp-content\/uploads\/2014\/04\/br2.jpg","type":"image\/jpeg"}],"author":"Reda\u00e7\u00e3o","twitter_card":"summary_large_image","twitter_creator":"@Notibras","twitter_site":"@Notibras","twitter_misc":{"Escrito por":"Reda\u00e7\u00e3o","Est. tempo de leitura":"1 minuto"},"schema":{"@context":"https:\/\/schema.org","@graph":[{"@type":"Article","@id":"https:\/\/www.notibras.com\/site\/acre-fretou-onibus-para-encher-sao-paulo-de-haitianos\/#article","isPartOf":{"@id":"https:\/\/www.notibras.com\/site\/acre-fretou-onibus-para-encher-sao-paulo-de-haitianos\/"},"author":{"name":"Reda\u00e7\u00e3o","@id":"https:\/\/www.notibras.com\/site\/#\/schema\/person\/36ab0979449956132d3e5b517ea76ac8"},"headline":"Acre fretou 50 \u00f4nibus para encher S\u00e3o Paulo de haitiano","datePublished":"2014-04-30T09:33:20+00:00","dateModified":"2014-04-30T11:36:50+00:00","mainEntityOfPage":{"@id":"https:\/\/www.notibras.com\/site\/acre-fretou-onibus-para-encher-sao-paulo-de-haitianos\/"},"wordCount":118,"commentCount":0,"publisher":{"@id":"https:\/\/www.notibras.com\/site\/#organization"},"image":{"@id":"https:\/\/www.notibras.com\/site\/acre-fretou-onibus-para-encher-sao-paulo-de-haitianos\/#primaryimage"},"thumbnailUrl":"https:\/\/www.notibras.com\/site\/wp-content\/uploads\/2014\/04\/br2.jpg","articleSection":["Brasil"],"inLanguage":"pt-BR","potentialAction":[{"@type":"CommentAction","name":"Comment","target":["https:\/\/www.notibras.com\/site\/acre-fretou-onibus-para-encher-sao-paulo-de-haitianos\/#respond"]}]},{"@type":"WebPage","@id":"https:\/\/www.notibras.com\/site\/acre-fretou-onibus-para-encher-sao-paulo-de-haitianos\/","url":"https:\/\/www.notibras.com\/site\/acre-fretou-onibus-para-encher-sao-paulo-de-haitianos\/","name":"Acre fretou 50 \u00f4nibus para encher S\u00e3o Paulo de haitiano - Notibras","isPartOf":{"@id":"https:\/\/www.notibras.com\/site\/#website"},"primaryImageOfPage":{"@id":"https:\/\/www.notibras.com\/site\/acre-fretou-onibus-para-encher-sao-paulo-de-haitianos\/#primaryimage"},"image":{"@id":"https:\/\/www.notibras.com\/site\/acre-fretou-onibus-para-encher-sao-paulo-de-haitianos\/#primaryimage"},"thumbnailUrl":"https:\/\/www.notibras.com\/site\/wp-content\/uploads\/2014\/04\/br2.jpg","datePublished":"2014-04-30T09:33:20+00:00","dateModified":"2014-04-30T11:36:50+00:00","breadcrumb":{"@id":"https:\/\/www.notibras.com\/site\/acre-fretou-onibus-para-encher-sao-paulo-de-haitianos\/#breadcrumb"},"inLanguage":"pt-BR","potentialAction":[{"@type":"ReadAction","target":["https:\/\/www.notibras.com\/site\/acre-fretou-onibus-para-encher-sao-paulo-de-haitianos\/"]}]},{"@type":"ImageObject","inLanguage":"pt-BR","@id":"https:\/\/www.notibras.com\/site\/acre-fretou-onibus-para-encher-sao-paulo-de-haitianos\/#primaryimage","url":"https:\/\/www.notibras.com\/site\/wp-content\/uploads\/2014\/04\/br2.jpg","contentUrl":"https:\/\/www.notibras.com\/site\/wp-content\/uploads\/2014\/04\/br2.jpg","width":473,"height":314},{"@type":"BreadcrumbList","@id":"https:\/\/www.notibras.com\/site\/acre-fretou-onibus-para-encher-sao-paulo-de-haitianos\/#breadcrumb","itemListElement":[{"@type":"ListItem","position":1,"name":"In\u00edcio","item":"https:\/\/www.notibras.com\/site\/"},{"@type":"ListItem","position":2,"name":"Acre fretou 50 \u00f4nibus para encher S\u00e3o Paulo de haitiano"}]},{"@type":"WebSite","@id":"https:\/\/www.notibras.com\/site\/#website","url":"https:\/\/www.notibras.com\/site\/","name":"Notibras","description":"Not\u00edcias de Bras\u00edlia, do Brasil e do Mundo","publisher":{"@id":"https:\/\/www.notibras.com\/site\/#organization"},"potentialAction":[{"@type":"SearchAction","target":{"@type":"EntryPoint","urlTemplate":"https:\/\/www.notibras.com\/site\/?s={search_term_string}"},"query-input":{"@type":"PropertyValueSpecification","valueRequired":true,"valueName":"search_term_string"}}],"inLanguage":"pt-BR"},{"@type":"Organization","@id":"https:\/\/www.notibras.com\/site\/#organization","name":"Grupo Notibras de Comunica\u00e7\u00e3o","url":"https:\/\/www.notibras.com\/site\/","logo":{"@type":"ImageObject","inLanguage":"pt-BR","@id":"https:\/\/www.notibras.com\/site\/#\/schema\/logo\/image\/","url":"https:\/\/www.notibras.com\/site\/wp-content\/uploads\/2023\/01\/notibras23.png","contentUrl":"https:\/\/www.notibras.com\/site\/wp-content\/uploads\/2023\/01\/notibras23.png","width":350,"height":87,"caption":"Grupo Notibras de Comunica\u00e7\u00e3o"},"image":{"@id":"https:\/\/www.notibras.com\/site\/#\/schema\/logo\/image\/"},"sameAs":["https:\/\/www.facebook.com\/notibras\/","https:\/\/x.com\/Notibras","https:\/\/www.instagram.com\/notibras\/"]},{"@type":"Person","@id":"https:\/\/www.notibras.com\/site\/#\/schema\/person\/36ab0979449956132d3e5b517ea76ac8","name":"Reda\u00e7\u00e3o","image":{"@type":"ImageObject","inLanguage":"pt-BR","@id":"https:\/\/secure.gravatar.com\/avatar\/e0a867bdedb85fd243eadf09663511f96fc81e0720a4a42581f334ad4303aa6b?s=96&d=mm&r=g","url":"https:\/\/secure.gravatar.com\/avatar\/e0a867bdedb85fd243eadf09663511f96fc81e0720a4a42581f334ad4303aa6b?s=96&d=mm&r=g","contentUrl":"https:\/\/secure.gravatar.com\/avatar\/e0a867bdedb85fd243eadf09663511f96fc81e0720a4a42581f334ad4303aa6b?s=96&d=mm&r=g","caption":"Reda\u00e7\u00e3o"}}]}},"amp_enabled":true,"_links":{"self":[{"href":"https:\/\/www.notibras.com\/site\/wp-json\/wp\/v2\/posts\/7888","targetHints":{"allow":["GET"]}}],"collection":[{"href":"https:\/\/www.notibras.com\/site\/wp-json\/wp\/v2\/posts"}],"about":[{"href":"https:\/\/www.notibras.com\/site\/wp-json\/wp\/v2\/types\/post"}],"author":[{"embeddable":true,"href":"https:\/\/www.notibras.com\/site\/wp-json\/wp\/v2\/users\/2"}],"replies":[{"embeddable":true,"href":"https:\/\/www.notibras.com\/site\/wp-json\/wp\/v2\/comments?post=7888"}],"version-history":[{"count":0,"href":"https:\/\/www.notibras.com\/site\/wp-json\/wp\/v2\/posts\/7888\/revisions"}],"wp:featuredmedia":[{"embeddable":true,"href":"https:\/\/www.notibras.com\/site\/wp-json\/wp\/v2\/media\/7889"}],"wp:attachment":[{"href":"https:\/\/www.notibras.com\/site\/wp-json\/wp\/v2\/media?parent=7888"}],"wp:term":[{"taxonomy":"category","embeddable":true,"href":"https:\/\/www.notibras.com\/site\/wp-json\/wp\/v2\/categories?post=7888"},{"taxonomy":"post_tag","embeddable":true,"href":"https:\/\/www.notibras.com\/site\/wp-json\/wp\/v2\/tags?post=7888"}],"curies":[{"name":"wp","href":"https:\/\/api.w.org\/{rel}","templated":true}]}}