{"id":7899,"date":"2014-04-30T13:40:34","date_gmt":"2014-04-30T16:40:34","guid":{"rendered":"http:\/\/www.notibras.com\/site\/?p=7899"},"modified":"2014-04-30T16:51:47","modified_gmt":"2014-04-30T19:51:47","slug":"dilma-minimiza-racha-entre-aliados-e-mantem-candidatura-nem-que-seja-sozinha","status":"publish","type":"post","link":"https:\/\/www.notibras.com\/site\/dilma-minimiza-racha-entre-aliados-e-mantem-candidatura-nem-que-seja-sozinha\/","title":{"rendered":"Dilma ri de racha e mant\u00e9m candidatura mesmo que s\u00f3"},"content":{"rendered":"<p>A presidente Dilma Rousseff afirmou nesta quarta-feira, 30, que gostaria de ter a base aliada pr\u00f3xima quando sair candidata \u00e0 reelei\u00e7\u00e3o e que seguir\u00e1 mesmo sem apoio.<\/p>\n<p>Questionada sobre o movimento &#8220;Volta, Lula&#8221;, em entrevista a r\u00e1dios da Bahia, ela afirmou que se trata de uma situa\u00e7\u00e3o normal e que, em ano eleitoral, \u00e9 poss\u00edvel que ocorram &#8220;todas as hip\u00f3teses que se pode conceber&#8221;.<\/p>\n<p>Ao comentar a manifesta\u00e7\u00e3o de parlamentares do PR, nesta semana, que querem o ex-presidente Luiz In\u00e1cio Lula da Silva como candidato do PT, Dilma respondeu: &#8220;Se n\u00e3o tiver o apoio da base (quando eu for candidata), toco em frente&#8221;, afirmou.<\/p>\n<p>J\u00e1 na segunda-feira Dilma falou sobre o coro &#8220;Volta, Lula&#8221; e afirmou n\u00e3o se preocupar com a manifesta\u00e7\u00e3o de representantes da base.<\/p>\n<p>&#8211; Ningu\u00e9m vai me separar do Lula nem ele vai se separar de mim, disse.<\/p>\n<p>H\u00e1 duas semanas, em entrevista a blogueiros, Lula tamb\u00e9m afirmou que n\u00e3o sair\u00e1 candidato e reiterou seu apoio \u00e0 reelei\u00e7\u00e3o de Dilma.<\/p>\n<p>Ainda nesta manh\u00e3, Dilma participa da entrega de unidades habitacionais do programa &#8220;Minha Casa, Minha Vida&#8221;, em Cama\u00e7ari (BA). Nesta ter\u00e7a-feira, ela participou de eventos em Feira de Santana, no interior baiano.<\/p>\n","protected":false},"excerpt":{"rendered":"<p>A presidente Dilma Rousseff afirmou nesta quarta-feira, 30, que gostaria de ter a base aliada pr\u00f3xima quando sair candidata \u00e0 reelei\u00e7\u00e3o e que seguir\u00e1 mesmo sem apoio. Questionada sobre o movimento &#8220;Volta, Lula&#8221;, em entrevista a r\u00e1dios da Bahia, ela afirmou que se trata de uma situa\u00e7\u00e3o normal e que, em ano eleitoral, \u00e9 poss\u00edvel [&hellip;]<\/p>\n","protected":false},"author":2,"featured_media":7900,"comment_status":"open","ping_status":"closed","sticky":false,"template":"","format":"standard","meta":{"_acf_changed":false,"footnotes":""},"categories":[16],"tags":[],"class_list":["post-7899","post","type-post","status-publish","format-standard","has-post-thumbnail","hentry","category-brasil"],"acf":[],"yoast_head":"<!-- This site is optimized with the Yoast SEO plugin v27.2 - https:\/\/yoast.com\/product\/yoast-seo-wordpress\/ -->\n<title>Dilma ri de racha e mant\u00e9m candidatura mesmo que s\u00f3 - Notibras<\/title>\n<meta name=\"robots\" content=\"index, follow, max-snippet:-1, max-image-preview:large, max-video-preview:-1\" \/>\n<link rel=\"canonical\" href=\"https:\/\/www.notibras.com\/site\/dilma-minimiza-racha-entre-aliados-e-mantem-candidatura-nem-que-seja-sozinha\/\" \/>\n<meta property=\"og:locale\" content=\"pt_BR\" \/>\n<meta property=\"og:type\" content=\"article\" \/>\n<meta property=\"og:title\" content=\"Dilma ri de racha e mant\u00e9m candidatura mesmo que s\u00f3 - Notibras\" \/>\n<meta property=\"og:description\" content=\"A presidente Dilma Rousseff afirmou nesta quarta-feira, 30, que gostaria de ter a base aliada pr\u00f3xima quando sair candidata \u00e0 reelei\u00e7\u00e3o e que seguir\u00e1 mesmo sem apoio. Questionada sobre o movimento &#8220;Volta, Lula&#8221;, em entrevista a r\u00e1dios da Bahia, ela afirmou que se trata de uma situa\u00e7\u00e3o normal e que, em ano eleitoral, \u00e9 poss\u00edvel [&hellip;]\" \/>\n<meta property=\"og:url\" content=\"https:\/\/www.notibras.com\/site\/dilma-minimiza-racha-entre-aliados-e-mantem-candidatura-nem-que-seja-sozinha\/\" \/>\n<meta property=\"og:site_name\" content=\"Notibras\" \/>\n<meta property=\"article:publisher\" content=\"https:\/\/www.facebook.com\/notibras\/\" \/>\n<meta property=\"article:published_time\" content=\"2014-04-30T16:40:34+00:00\" \/>\n<meta property=\"article:modified_time\" content=\"2014-04-30T19:51:47+00:00\" \/>\n<meta property=\"og:image\" content=\"https:\/\/www.notibras.com\/site\/wp-content\/uploads\/2014\/04\/dil1.jpg\" \/>\n\t<meta property=\"og:image:width\" content=\"288\" \/>\n\t<meta property=\"og:image:height\" content=\"212\" \/>\n\t<meta property=\"og:image:type\" content=\"image\/jpeg\" \/>\n<meta name=\"author\" content=\"Reda\u00e7\u00e3o\" \/>\n<meta name=\"twitter:card\" content=\"summary_large_image\" \/>\n<meta name=\"twitter:creator\" content=\"@Notibras\" \/>\n<meta name=\"twitter:site\" content=\"@Notibras\" \/>\n<meta name=\"twitter:label1\" content=\"Escrito por\" \/>\n\t<meta name=\"twitter:data1\" content=\"Reda\u00e7\u00e3o\" \/>\n\t<meta name=\"twitter:label2\" content=\"Est. tempo de leitura\" \/>\n\t<meta name=\"twitter:data2\" content=\"1 minuto\" \/>\n<script type=\"application\/ld+json\" class=\"yoast-schema-graph\">{\"@context\":\"https:\/\/schema.org\",\"@graph\":[{\"@type\":\"Article\",\"@id\":\"https:\/\/www.notibras.com\/site\/dilma-minimiza-racha-entre-aliados-e-mantem-candidatura-nem-que-seja-sozinha\/#article\",\"isPartOf\":{\"@id\":\"https:\/\/www.notibras.com\/site\/dilma-minimiza-racha-entre-aliados-e-mantem-candidatura-nem-que-seja-sozinha\/\"},\"author\":{\"name\":\"Reda\u00e7\u00e3o\",\"@id\":\"https:\/\/www.notibras.com\/site\/#\/schema\/person\/36ab0979449956132d3e5b517ea76ac8\"},\"headline\":\"Dilma ri de racha e mant\u00e9m candidatura mesmo que s\u00f3\",\"datePublished\":\"2014-04-30T16:40:34+00:00\",\"dateModified\":\"2014-04-30T19:51:47+00:00\",\"mainEntityOfPage\":{\"@id\":\"https:\/\/www.notibras.com\/site\/dilma-minimiza-racha-entre-aliados-e-mantem-candidatura-nem-que-seja-sozinha\/\"},\"wordCount\":219,\"commentCount\":0,\"publisher\":{\"@id\":\"https:\/\/www.notibras.com\/site\/#organization\"},\"image\":{\"@id\":\"https:\/\/www.notibras.com\/site\/dilma-minimiza-racha-entre-aliados-e-mantem-candidatura-nem-que-seja-sozinha\/#primaryimage\"},\"thumbnailUrl\":\"https:\/\/www.notibras.com\/site\/wp-content\/uploads\/2014\/04\/dil1.jpg\",\"articleSection\":[\"Brasil\"],\"inLanguage\":\"pt-BR\",\"potentialAction\":[{\"@type\":\"CommentAction\",\"name\":\"Comment\",\"target\":[\"https:\/\/www.notibras.com\/site\/dilma-minimiza-racha-entre-aliados-e-mantem-candidatura-nem-que-seja-sozinha\/#respond\"]}]},{\"@type\":\"WebPage\",\"@id\":\"https:\/\/www.notibras.com\/site\/dilma-minimiza-racha-entre-aliados-e-mantem-candidatura-nem-que-seja-sozinha\/\",\"url\":\"https:\/\/www.notibras.com\/site\/dilma-minimiza-racha-entre-aliados-e-mantem-candidatura-nem-que-seja-sozinha\/\",\"name\":\"Dilma ri de racha e mant\u00e9m candidatura mesmo que s\u00f3 - Notibras\",\"isPartOf\":{\"@id\":\"https:\/\/www.notibras.com\/site\/#website\"},\"primaryImageOfPage\":{\"@id\":\"https:\/\/www.notibras.com\/site\/dilma-minimiza-racha-entre-aliados-e-mantem-candidatura-nem-que-seja-sozinha\/#primaryimage\"},\"image\":{\"@id\":\"https:\/\/www.notibras.com\/site\/dilma-minimiza-racha-entre-aliados-e-mantem-candidatura-nem-que-seja-sozinha\/#primaryimage\"},\"thumbnailUrl\":\"https:\/\/www.notibras.com\/site\/wp-content\/uploads\/2014\/04\/dil1.jpg\",\"datePublished\":\"2014-04-30T16:40:34+00:00\",\"dateModified\":\"2014-04-30T19:51:47+00:00\",\"breadcrumb\":{\"@id\":\"https:\/\/www.notibras.com\/site\/dilma-minimiza-racha-entre-aliados-e-mantem-candidatura-nem-que-seja-sozinha\/#breadcrumb\"},\"inLanguage\":\"pt-BR\",\"potentialAction\":[{\"@type\":\"ReadAction\",\"target\":[\"https:\/\/www.notibras.com\/site\/dilma-minimiza-racha-entre-aliados-e-mantem-candidatura-nem-que-seja-sozinha\/\"]}]},{\"@type\":\"ImageObject\",\"inLanguage\":\"pt-BR\",\"@id\":\"https:\/\/www.notibras.com\/site\/dilma-minimiza-racha-entre-aliados-e-mantem-candidatura-nem-que-seja-sozinha\/#primaryimage\",\"url\":\"https:\/\/www.notibras.com\/site\/wp-content\/uploads\/2014\/04\/dil1.jpg\",\"contentUrl\":\"https:\/\/www.notibras.com\/site\/wp-content\/uploads\/2014\/04\/dil1.jpg\",\"width\":288,\"height\":212},{\"@type\":\"BreadcrumbList\",\"@id\":\"https:\/\/www.notibras.com\/site\/dilma-minimiza-racha-entre-aliados-e-mantem-candidatura-nem-que-seja-sozinha\/#breadcrumb\",\"itemListElement\":[{\"@type\":\"ListItem\",\"position\":1,\"name\":\"In\u00edcio\",\"item\":\"https:\/\/www.notibras.com\/site\/\"},{\"@type\":\"ListItem\",\"position\":2,\"name\":\"Dilma ri de racha e mant\u00e9m candidatura mesmo que s\u00f3\"}]},{\"@type\":\"WebSite\",\"@id\":\"https:\/\/www.notibras.com\/site\/#website\",\"url\":\"https:\/\/www.notibras.com\/site\/\",\"name\":\"Notibras\",\"description\":\"Not\u00edcias de Bras\u00edlia, do Brasil e do Mundo\",\"publisher\":{\"@id\":\"https:\/\/www.notibras.com\/site\/#organization\"},\"potentialAction\":[{\"@type\":\"SearchAction\",\"target\":{\"@type\":\"EntryPoint\",\"urlTemplate\":\"https:\/\/www.notibras.com\/site\/?s={search_term_string}\"},\"query-input\":{\"@type\":\"PropertyValueSpecification\",\"valueRequired\":true,\"valueName\":\"search_term_string\"}}],\"inLanguage\":\"pt-BR\"},{\"@type\":\"Organization\",\"@id\":\"https:\/\/www.notibras.com\/site\/#organization\",\"name\":\"Grupo Notibras de Comunica\u00e7\u00e3o\",\"url\":\"https:\/\/www.notibras.com\/site\/\",\"logo\":{\"@type\":\"ImageObject\",\"inLanguage\":\"pt-BR\",\"@id\":\"https:\/\/www.notibras.com\/site\/#\/schema\/logo\/image\/\",\"url\":\"https:\/\/www.notibras.com\/site\/wp-content\/uploads\/2023\/01\/notibras23.png\",\"contentUrl\":\"https:\/\/www.notibras.com\/site\/wp-content\/uploads\/2023\/01\/notibras23.png\",\"width\":350,\"height\":87,\"caption\":\"Grupo Notibras de Comunica\u00e7\u00e3o\"},\"image\":{\"@id\":\"https:\/\/www.notibras.com\/site\/#\/schema\/logo\/image\/\"},\"sameAs\":[\"https:\/\/www.facebook.com\/notibras\/\",\"https:\/\/x.com\/Notibras\",\"https:\/\/www.instagram.com\/notibras\/\"]},{\"@type\":\"Person\",\"@id\":\"https:\/\/www.notibras.com\/site\/#\/schema\/person\/36ab0979449956132d3e5b517ea76ac8\",\"name\":\"Reda\u00e7\u00e3o\",\"image\":{\"@type\":\"ImageObject\",\"inLanguage\":\"pt-BR\",\"@id\":\"https:\/\/secure.gravatar.com\/avatar\/e0a867bdedb85fd243eadf09663511f96fc81e0720a4a42581f334ad4303aa6b?s=96&d=mm&r=g\",\"url\":\"https:\/\/secure.gravatar.com\/avatar\/e0a867bdedb85fd243eadf09663511f96fc81e0720a4a42581f334ad4303aa6b?s=96&d=mm&r=g\",\"contentUrl\":\"https:\/\/secure.gravatar.com\/avatar\/e0a867bdedb85fd243eadf09663511f96fc81e0720a4a42581f334ad4303aa6b?s=96&d=mm&r=g\",\"caption\":\"Reda\u00e7\u00e3o\"}}]}<\/script>\n<!-- \/ Yoast SEO plugin. -->","yoast_head_json":{"title":"Dilma ri de racha e mant\u00e9m candidatura mesmo que s\u00f3 - Notibras","robots":{"index":"index","follow":"follow","max-snippet":"max-snippet:-1","max-image-preview":"max-image-preview:large","max-video-preview":"max-video-preview:-1"},"canonical":"https:\/\/www.notibras.com\/site\/dilma-minimiza-racha-entre-aliados-e-mantem-candidatura-nem-que-seja-sozinha\/","og_locale":"pt_BR","og_type":"article","og_title":"Dilma ri de racha e mant\u00e9m candidatura mesmo que s\u00f3 - Notibras","og_description":"A presidente Dilma Rousseff afirmou nesta quarta-feira, 30, que gostaria de ter a base aliada pr\u00f3xima quando sair candidata \u00e0 reelei\u00e7\u00e3o e que seguir\u00e1 mesmo sem apoio. Questionada sobre o movimento &#8220;Volta, Lula&#8221;, em entrevista a r\u00e1dios da Bahia, ela afirmou que se trata de uma situa\u00e7\u00e3o normal e que, em ano eleitoral, \u00e9 poss\u00edvel [&hellip;]","og_url":"https:\/\/www.notibras.com\/site\/dilma-minimiza-racha-entre-aliados-e-mantem-candidatura-nem-que-seja-sozinha\/","og_site_name":"Notibras","article_publisher":"https:\/\/www.facebook.com\/notibras\/","article_published_time":"2014-04-30T16:40:34+00:00","article_modified_time":"2014-04-30T19:51:47+00:00","og_image":[{"width":288,"height":212,"url":"https:\/\/www.notibras.com\/site\/wp-content\/uploads\/2014\/04\/dil1.jpg","type":"image\/jpeg"}],"author":"Reda\u00e7\u00e3o","twitter_card":"summary_large_image","twitter_creator":"@Notibras","twitter_site":"@Notibras","twitter_misc":{"Escrito por":"Reda\u00e7\u00e3o","Est. tempo de leitura":"1 minuto"},"schema":{"@context":"https:\/\/schema.org","@graph":[{"@type":"Article","@id":"https:\/\/www.notibras.com\/site\/dilma-minimiza-racha-entre-aliados-e-mantem-candidatura-nem-que-seja-sozinha\/#article","isPartOf":{"@id":"https:\/\/www.notibras.com\/site\/dilma-minimiza-racha-entre-aliados-e-mantem-candidatura-nem-que-seja-sozinha\/"},"author":{"name":"Reda\u00e7\u00e3o","@id":"https:\/\/www.notibras.com\/site\/#\/schema\/person\/36ab0979449956132d3e5b517ea76ac8"},"headline":"Dilma ri de racha e mant\u00e9m candidatura mesmo que s\u00f3","datePublished":"2014-04-30T16:40:34+00:00","dateModified":"2014-04-30T19:51:47+00:00","mainEntityOfPage":{"@id":"https:\/\/www.notibras.com\/site\/dilma-minimiza-racha-entre-aliados-e-mantem-candidatura-nem-que-seja-sozinha\/"},"wordCount":219,"commentCount":0,"publisher":{"@id":"https:\/\/www.notibras.com\/site\/#organization"},"image":{"@id":"https:\/\/www.notibras.com\/site\/dilma-minimiza-racha-entre-aliados-e-mantem-candidatura-nem-que-seja-sozinha\/#primaryimage"},"thumbnailUrl":"https:\/\/www.notibras.com\/site\/wp-content\/uploads\/2014\/04\/dil1.jpg","articleSection":["Brasil"],"inLanguage":"pt-BR","potentialAction":[{"@type":"CommentAction","name":"Comment","target":["https:\/\/www.notibras.com\/site\/dilma-minimiza-racha-entre-aliados-e-mantem-candidatura-nem-que-seja-sozinha\/#respond"]}]},{"@type":"WebPage","@id":"https:\/\/www.notibras.com\/site\/dilma-minimiza-racha-entre-aliados-e-mantem-candidatura-nem-que-seja-sozinha\/","url":"https:\/\/www.notibras.com\/site\/dilma-minimiza-racha-entre-aliados-e-mantem-candidatura-nem-que-seja-sozinha\/","name":"Dilma ri de racha e mant\u00e9m candidatura mesmo que s\u00f3 - Notibras","isPartOf":{"@id":"https:\/\/www.notibras.com\/site\/#website"},"primaryImageOfPage":{"@id":"https:\/\/www.notibras.com\/site\/dilma-minimiza-racha-entre-aliados-e-mantem-candidatura-nem-que-seja-sozinha\/#primaryimage"},"image":{"@id":"https:\/\/www.notibras.com\/site\/dilma-minimiza-racha-entre-aliados-e-mantem-candidatura-nem-que-seja-sozinha\/#primaryimage"},"thumbnailUrl":"https:\/\/www.notibras.com\/site\/wp-content\/uploads\/2014\/04\/dil1.jpg","datePublished":"2014-04-30T16:40:34+00:00","dateModified":"2014-04-30T19:51:47+00:00","breadcrumb":{"@id":"https:\/\/www.notibras.com\/site\/dilma-minimiza-racha-entre-aliados-e-mantem-candidatura-nem-que-seja-sozinha\/#breadcrumb"},"inLanguage":"pt-BR","potentialAction":[{"@type":"ReadAction","target":["https:\/\/www.notibras.com\/site\/dilma-minimiza-racha-entre-aliados-e-mantem-candidatura-nem-que-seja-sozinha\/"]}]},{"@type":"ImageObject","inLanguage":"pt-BR","@id":"https:\/\/www.notibras.com\/site\/dilma-minimiza-racha-entre-aliados-e-mantem-candidatura-nem-que-seja-sozinha\/#primaryimage","url":"https:\/\/www.notibras.com\/site\/wp-content\/uploads\/2014\/04\/dil1.jpg","contentUrl":"https:\/\/www.notibras.com\/site\/wp-content\/uploads\/2014\/04\/dil1.jpg","width":288,"height":212},{"@type":"BreadcrumbList","@id":"https:\/\/www.notibras.com\/site\/dilma-minimiza-racha-entre-aliados-e-mantem-candidatura-nem-que-seja-sozinha\/#breadcrumb","itemListElement":[{"@type":"ListItem","position":1,"name":"In\u00edcio","item":"https:\/\/www.notibras.com\/site\/"},{"@type":"ListItem","position":2,"name":"Dilma ri de racha e mant\u00e9m candidatura mesmo que s\u00f3"}]},{"@type":"WebSite","@id":"https:\/\/www.notibras.com\/site\/#website","url":"https:\/\/www.notibras.com\/site\/","name":"Notibras","description":"Not\u00edcias de Bras\u00edlia, do Brasil e do Mundo","publisher":{"@id":"https:\/\/www.notibras.com\/site\/#organization"},"potentialAction":[{"@type":"SearchAction","target":{"@type":"EntryPoint","urlTemplate":"https:\/\/www.notibras.com\/site\/?s={search_term_string}"},"query-input":{"@type":"PropertyValueSpecification","valueRequired":true,"valueName":"search_term_string"}}],"inLanguage":"pt-BR"},{"@type":"Organization","@id":"https:\/\/www.notibras.com\/site\/#organization","name":"Grupo Notibras de Comunica\u00e7\u00e3o","url":"https:\/\/www.notibras.com\/site\/","logo":{"@type":"ImageObject","inLanguage":"pt-BR","@id":"https:\/\/www.notibras.com\/site\/#\/schema\/logo\/image\/","url":"https:\/\/www.notibras.com\/site\/wp-content\/uploads\/2023\/01\/notibras23.png","contentUrl":"https:\/\/www.notibras.com\/site\/wp-content\/uploads\/2023\/01\/notibras23.png","width":350,"height":87,"caption":"Grupo Notibras de Comunica\u00e7\u00e3o"},"image":{"@id":"https:\/\/www.notibras.com\/site\/#\/schema\/logo\/image\/"},"sameAs":["https:\/\/www.facebook.com\/notibras\/","https:\/\/x.com\/Notibras","https:\/\/www.instagram.com\/notibras\/"]},{"@type":"Person","@id":"https:\/\/www.notibras.com\/site\/#\/schema\/person\/36ab0979449956132d3e5b517ea76ac8","name":"Reda\u00e7\u00e3o","image":{"@type":"ImageObject","inLanguage":"pt-BR","@id":"https:\/\/secure.gravatar.com\/avatar\/e0a867bdedb85fd243eadf09663511f96fc81e0720a4a42581f334ad4303aa6b?s=96&d=mm&r=g","url":"https:\/\/secure.gravatar.com\/avatar\/e0a867bdedb85fd243eadf09663511f96fc81e0720a4a42581f334ad4303aa6b?s=96&d=mm&r=g","contentUrl":"https:\/\/secure.gravatar.com\/avatar\/e0a867bdedb85fd243eadf09663511f96fc81e0720a4a42581f334ad4303aa6b?s=96&d=mm&r=g","caption":"Reda\u00e7\u00e3o"}}]}},"amp_enabled":true,"_links":{"self":[{"href":"https:\/\/www.notibras.com\/site\/wp-json\/wp\/v2\/posts\/7899","targetHints":{"allow":["GET"]}}],"collection":[{"href":"https:\/\/www.notibras.com\/site\/wp-json\/wp\/v2\/posts"}],"about":[{"href":"https:\/\/www.notibras.com\/site\/wp-json\/wp\/v2\/types\/post"}],"author":[{"embeddable":true,"href":"https:\/\/www.notibras.com\/site\/wp-json\/wp\/v2\/users\/2"}],"replies":[{"embeddable":true,"href":"https:\/\/www.notibras.com\/site\/wp-json\/wp\/v2\/comments?post=7899"}],"version-history":[{"count":0,"href":"https:\/\/www.notibras.com\/site\/wp-json\/wp\/v2\/posts\/7899\/revisions"}],"wp:featuredmedia":[{"embeddable":true,"href":"https:\/\/www.notibras.com\/site\/wp-json\/wp\/v2\/media\/7900"}],"wp:attachment":[{"href":"https:\/\/www.notibras.com\/site\/wp-json\/wp\/v2\/media?parent=7899"}],"wp:term":[{"taxonomy":"category","embeddable":true,"href":"https:\/\/www.notibras.com\/site\/wp-json\/wp\/v2\/categories?post=7899"},{"taxonomy":"post_tag","embeddable":true,"href":"https:\/\/www.notibras.com\/site\/wp-json\/wp\/v2\/tags?post=7899"}],"curies":[{"name":"wp","href":"https:\/\/api.w.org\/{rel}","templated":true}]}}